{"id":40033,"date":"2021-05-05T02:50:33","date_gmt":"2021-05-05T02:50:33","guid":{"rendered":"https:\/\/www.bitacoracdmx.com\/?p=40033"},"modified":"2021-05-05T02:50:33","modified_gmt":"2021-05-05T02:50:33","slug":"busqueda-personal-autoconocimiento-empoderamiento-individual-y-la-grandeza-de-nuestro-pueblo-en-nahual","status":"publish","type":"post","link":"https:\/\/www.bitacoracdmx.com\/?p=40033","title":{"rendered":"B\u00fasqueda personal, autoconocimiento, empoderamiento individual y la grandeza de nuestro pueblo en NAHUAL."},"content":{"rendered":"<p>[fusion_builder_container hundred_percent=&#8221;no&#8221; equal_height_columns=&#8221;no&#8221; menu_anchor=&#8221;&#8221; hide_on_mobile=&#8221;small-visibility,medium-visibility,large-visibility&#8221; class=&#8221;&#8221; id=&#8221;&#8221; background_color=&#8221;&#8221; background_image=&#8221;&#8221; background_position=&#8221;center center&#8221; background_repeat=&#8221;no-repeat&#8221; fade=&#8221;no&#8221; background_parallax=&#8221;none&#8221; parallax_speed=&#8221;0.3&#8243; video_mp4=&#8221;&#8221; video_webm=&#8221;&#8221; video_ogv=&#8221;&#8221; video_url=&#8221;&#8221; video_aspect_ratio=&#8221;16:9&#8243; video_loop=&#8221;yes&#8221; video_mute=&#8221;yes&#8221; overlay_color=&#8221;&#8221; video_preview_image=&#8221;&#8221; border_size=&#8221;&#8221; border_color=&#8221;&#8221; border_style=&#8221;solid&#8221; padding_top=&#8221;&#8221; padding_bottom=&#8221;&#8221; padding_left=&#8221;&#8221; padding_right=&#8221;&#8221;][fusion_builder_row][fusion_builder_column type=&#8221;1_1&#8243; layout=&#8221;1_1&#8243; background_position=&#8221;left top&#8221; background_color=&#8221;&#8221; border_size=&#8221;&#8221; border_color=&#8221;&#8221; border_style=&#8221;solid&#8221; border_position=&#8221;all&#8221; spacing=&#8221;yes&#8221; background_image=&#8221;&#8221; background_repeat=&#8221;no-repeat&#8221; padding_top=&#8221;&#8221; padding_right=&#8221;&#8221; padding_bottom=&#8221;&#8221; padding_left=&#8221;&#8221; margin_top=&#8221;0px&#8221; margin_bottom=&#8221;0px&#8221; class=&#8221;&#8221; id=&#8221;&#8221; animation_type=&#8221;&#8221; animation_speed=&#8221;0.3&#8243; animation_direction=&#8221;left&#8221; hide_on_mobile=&#8221;small-visibility,medium-visibility,large-visibility&#8221; center_content=&#8221;no&#8221; last=&#8221;no&#8221; min_height=&#8221;&#8221; hover_type=&#8221;none&#8221; link=&#8221;&#8221;][fusion_text]<\/p>\n<p>REDACCI\u00d3N<\/p>\n<p class=\"x_gmail-MsoListParagraphCxSpFirst\"><span lang=\"ES-MX\">\u00b7 <\/span><b><span lang=\"ES-MX\">La propuesta, estrenada en 2019 en el Palacio de Bellas Artes, se cre\u00f3 para celebrar los 30 a\u00f1os de la VSS Compa\u00f1\u00eda de Danza A.C.<\/span><\/b><\/p>\n<p class=\"x_gmail-MsoListParagraphCxSpLast\"><span lang=\"ES-MX\">\u00b7 <\/span><b><span lang=\"ES-MX\">La coreograf\u00eda ofrece dos funciones: 14 y 15 de mayo en el Teatro de la Ciudad Esperanza Iris<\/span><\/b><\/p>\n<p class=\"x_MsoNormal\" style=\"text-align: left;\" align=\"center\"><span lang=\"ES-MX\">Con una obra esc\u00e9nica que invita al espectador hacia el autoconocimiento, empoderamiento y la grandeza de nuestro pueblo, se presenta este\u00a0<b>14 y 15 de mayo<\/b>\u00a0a las\u00a0<b>19:00 horas<\/b>\u00a0en el\u00a0<b>Teatro de la Ciudad Esperanza Iris<\/b>\u00a0de la\u00a0<b>Secretar\u00eda de Cultura<\/b>\u00a0<b>de la Ciudad de M\u00e9xico,\u00a0<\/b>a\u00a0 trav\u00e9s de<b>\u00a0<\/b>la historia del Nahual, basada en la creencia que persiste en comunidades y pueblos del territorio nacional; que cada persona al nacer tiene el esp\u00edritu de un animal que lo gu\u00eda y protege durante toda su vida e incluso despu\u00e9s de morir, y que a trav\u00e9s de un movimiento animalesco y cuerpos semidesnudos de ocho bailarines y dos actores, invitan al p\u00fablico a reflexionar, liberarse de dogmas y sembrar la elecci\u00f3n de un camino autoconsciente.<\/span><\/p>\n<p class=\"x_MsoNormal\" style=\"text-align: left;\"><span lang=\"ES-MX\">\u00a0<\/span><span lang=\"ES-MX\">Estrenada en 2019 en el Palacio de Bellas Artes para celebrar 30 a\u00f1os de la VSS Compa\u00f1\u00eda de Danza A.C., la propuesta de Vicente Silva Sanjin\u00e9s cuenta con la participaci\u00f3n de Sara Montero, Karla Rosales, Lucelen Carvajal, Karla Bohr Lugo, Antonio Soria, Tom\u00e1s Sebasti\u00e1n, Eztli Ukben, Vicente Silva, Ren\u00e9e Sabina y Antonio Saavedra.<\/span><\/p>\n<p class=\"x_MsoNormal\"><span lang=\"ES-MX\">La VSS Compa\u00f1\u00eda de Danza, que en sus inicios se denomin\u00f3 El Proyecto Ensamble Tiempo de Bailar fue fundado en 1989 en la Escuela Nacional de Estudios Profesionales (ENEP) Acatl\u00e1n de la Universidad Nacional Aut\u00f3noma de M\u00e9xico (UNAM) por Vicente Silva Sanjin\u00e9s, Blanca Estela Garza Acevedo y Jairo Astorga Ortiz y se convirti\u00f3 en una de las agrupaciones danc\u00edsticas nacionales m\u00e1s importantes en nuestro pa\u00eds, un referente en el movimiento esc\u00e9nico que se ha presentado en los principales recintos culturales de M\u00e9xico.<\/span><\/p>\n<p class=\"x_MsoNormal\"><span lang=\"ES-MX\">Desde su origen, el grupo siempre ha mostrado un fuerte compromiso social: cada una de sus obras plantea problem\u00e1ticas sociales, que ofrece una visi\u00f3n amplia y a menudo beligerante, a modo de exposici\u00f3n. La compa\u00f1\u00eda posee un estilo \u00fanico con un trabajo coreogr\u00e1fico multidisciplinario que incluye teatro, danza y \u00f3pera.<\/span><\/p>\n<p class=\"x_MsoNormal\"><b><i><span lang=\"ES-MX\">Nahual<\/span><\/i><\/b><span lang=\"ES-MX\">, coproducci\u00f3n con el Instituto Nacional de Bellas Artes y Literatura (INBAL), es un proyecto apoyado por el Sistema de Apoyos a la Creaci\u00f3n y a Proyectos Culturales (Fonca) en el programa M\u00e9xico en escena<\/span><\/p>\n<p class=\"x_MsoNormal\"><span lang=\"ES-MX\">La puesta en escena se presenta el\u00a0<b>viernes 14 y s\u00e1bado 15 de mayo a las 19:00 horas<\/b>\u00a0en el\u00a0<b>Teatro de la Ciudad Esperanza Iris<\/b>, localizado en la calle Donceles 36, colonia Centro Hist\u00f3rico, alcald\u00eda Cuauht\u00e9moc.<\/span><\/p>\n<p class=\"x_MsoNormal\"><span lang=\"ES-TRAD\">El aforo del recinto es del 30 por ciento y tanto el personal como el elenco, as\u00ed como los asistentes est\u00e1n obligados a atender las medidas sanitarias para prevenir el contagio y la propagaci\u00f3n de la Covid-19.<\/span><\/p>\n<p class=\"x_gmail-Normal1\"><span lang=\"ES-TRAD\">La venta de boletos est\u00e1 disponible en la taquilla del recinto y en Ticketmaster. La programaci\u00f3n del Sistema de Teatros se puede consultar en sus redes sociales en Facebook @TeatrosCdMexico, Twitter @TeatrosCdMexico y en Instagram @teatroscdmexico.<\/span><\/p>\n<p class=\"x_gmail-Normal1\"><span lang=\"ES-TRAD\">La oferta en l\u00ednea de la\u00a0Secretar\u00eda de Cultura de la Ciudad de M\u00e9xico\u00a0se puede conocer a trav\u00e9s de su p\u00e1gina oficial (<\/span><span lang=\"ES-MX\"><a href=\"https:\/\/cultura.cdmx.gob.mx\/\" target=\"_blank\" rel=\"noopener noreferrer\" data-auth=\"NotApplicable\" data-linkindex=\"2\"><span lang=\"ES-TRAD\">https:\/\/cultura.cdmx.gob.mx\/<\/span><\/a><\/span><span lang=\"ES-TRAD\">), sus redes sociales (<\/span><span lang=\"ES-MX\"><a href=\"https:\/\/www.facebook.com\/Cultura.Ciudad.de.Mexico\" target=\"_blank\" rel=\"noopener noreferrer\" data-auth=\"NotApplicable\" data-linkindex=\"3\"><span lang=\"ES-TRAD\">Facebook<\/span><\/a><\/span><span lang=\"ES-TRAD\">,\u00a0<\/span><span lang=\"ES-MX\"><a href=\"https:\/\/twitter.com\/CulturaCiudadMx\" target=\"_blank\" rel=\"noopener noreferrer\" data-auth=\"NotApplicable\" data-linkindex=\"4\"><span lang=\"ES-TRAD\">Twitter<\/span><\/a><\/span><span lang=\"ES-TRAD\">,\u00a0<\/span><span lang=\"ES-MX\"><a href=\"https:\/\/www.instagram.com\/culturaciudadmx\/?hl=es-la\" target=\"_blank\" rel=\"noopener noreferrer\" data-auth=\"NotApplicable\" data-linkindex=\"5\"><span lang=\"ES-TRAD\">Instagram<\/span><\/a><\/span><span lang=\"ES-TRAD\">\u00a0y\u00a0<\/span><span lang=\"ES-MX\"><a href=\"https:\/\/www.youtube.com\/user\/culturamadf\" target=\"_blank\" rel=\"noopener noreferrer\" data-auth=\"NotApplicable\" data-linkindex=\"6\"><span lang=\"ES-TRAD\">YouTube<\/span><\/a><\/span><span lang=\"ES-TRAD\">) y en la plataforma digital\u00a0<\/span><span lang=\"ES-MX\"><a href=\"http:\/\/www.capitalculturalennuestracasa.cdmx.gob.mx\/\" target=\"_blank\" rel=\"noopener noreferrer\" data-auth=\"NotApplicable\" data-linkindex=\"7\"><span lang=\"ES-TRAD\">Capital Cultural en Nuestra Casa<\/span><\/a><\/span><span lang=\"ES-TRAD\">.<\/span><\/p>\n<p class=\"x_MsoNormal\"><i><span lang=\"ES-MX\">Este programa es de car\u00e1cter p\u00fablico, no es patrocinado ni promovido por partido pol\u00edtico alguno y sus recursos provienen de los impuestos que pagan todos los contribuyentes. Est\u00e1 prohibido el uso de este programa con fines pol\u00edticos, electorales, de lucro y otros distintos a los establecidos.<\/span><\/i><\/p>\n<p class=\"x_MsoNormal\"><span lang=\"ES-MX\">\u00a0<\/span><\/p>\n<p>[\/fusion_text][fusion_gallery layout=&#8221;&#8221; picture_size=&#8221;&#8221; columns=&#8221;&#8221; column_spacing=&#8221;10&#8243; gallery_masonry_grid_ratio=&#8221;&#8221; gallery_masonry_width_double=&#8221;&#8221; hover_type=&#8221;&#8221; lightbox=&#8221;yes&#8221; lightbox_content=&#8221;&#8221; bordersize=&#8221;&#8221; bordercolor=&#8221;&#8221; border_radius=&#8221;&#8221; hide_on_mobile=&#8221;small-visibility,medium-visibility,large-visibility&#8221; class=&#8221;&#8221; id=&#8221;&#8221;][fusion_gallery_image image=&#8221;https:\/\/www.bitacoracdmx.com\/wp-content\/uploads\/2021\/05\/NAHUAL-ECARD-01-250&#215;300.jpg&#8221; image_id=&#8221;40034|medium&#8221; link=&#8221;&#8221; linktarget=&#8221;_self&#8221; \/][fusion_gallery_image image=&#8221;https:\/\/www.bitacoracdmx.com\/wp-content\/uploads\/2021\/05\/4-3-300&#215;200.jpg&#8221; image_id=&#8221;40035|medium&#8221; link=&#8221;&#8221; linktarget=&#8221;_self&#8221; \/][fusion_gallery_image image=&#8221;https:\/\/www.bitacoracdmx.com\/wp-content\/uploads\/2021\/05\/2-4-300&#215;200.jpg&#8221; image_id=&#8221;40036|medium&#8221; link=&#8221;&#8221; linktarget=&#8221;_self&#8221; \/][fusion_gallery_image image=&#8221;https:\/\/www.bitacoracdmx.com\/wp-content\/uploads\/2021\/05\/1-5-300&#215;200.jpg&#8221; image_id=&#8221;40037|medium&#8221; link=&#8221;&#8221; linktarget=&#8221;_self&#8221; \/][\/fusion_gallery][\/fusion_builder_column][\/fusion_builder_row][\/fusion_builder_container]<\/p>\n","protected":false},"excerpt":{"rendered":"<p>[fusion_builder_container hundred_percent=&#8221;no&#8221; equal_height_columns=&#8221;no&#8221; menu_anchor=&#8221;&#8221; hide_on_mobile=&#8221;small-visibility,medium-visibility,large-visibility&#8221; class=&#8221;&#8221; id=&#8221;&#8221; background_color=&#8221;&#8221; background_image=&#8221;&#8221; background_position=&#8221;center center&#8221; background_repeat=&#8221;no-repeat&#8221; fade=&#8221;no&#8221; background_parallax=&#8221;none&#8221; parallax_speed=&#8221;0.3&#8243; video_mp4=&#8221;&#8221; video_webm=&#8221;&#8221; video_ogv=&#8221;&#8221; video_url=&#8221;&#8221; video_aspect_ratio=&#8221;16:9&#8243; video_loop=&#8221;yes&#8221; video_mute=&#8221;yes&#8221; overlay_color=&#8221;&#8221; video_preview_image=&#8221;&#8221; border_size=&#8221;&#8221; border_color=&#8221;&#8221; border_style=&#8221;solid&#8221; padding_top=&#8221;&#8221; padding_bottom=&#8221;&#8221; padding_left=&#8221;&#8221; padding_right=&#8221;&#8221;][fusion_builder_row][fusion_builder_column type=&#8221;1_1&#8243; layout=&#8221;1_1&#8243; background_position=&#8221;left top&#8221; background_color=&#8221;&#8221; border_size=&#8221;&#8221; border_color=&#8221;&#8221; border_style=&#8221;solid&#8221; border_position=&#8221;all&#8221; spacing=&#8221;yes&#8221; background_image=&#8221;&#8221; background_repeat=&#8221;no-repeat&#8221; padding_top=&#8221;&#8221; padding_right=&#8221;&#8221; padding_bottom=&#8221;&#8221; padding_left=&#8221;&#8221; margin_top=&#8221;0px&#8221; margin_bottom=&#8221;0px&#8221; class=&#8221;&#8221; id=&#8221;&#8221; animation_type=&#8221;&#8221; animation_speed=&#8221;0.3&#8243; animation_direction=&#8221;left&#8221; hide_on_mobile=&#8221;small-visibility,medium-visibility,large-visibility&#8221; center_content=&#8221;no&#8221; last=&#8221;no&#8221; min_height=&#8221;&#8221; hover_type=&#8221;none&#8221; link=&#8221;&#8221;][fusion_text] REDACCI\u00d3N \u00b7 La propuesta, estrenada en 2019 en el Palacio de Bellas Artes, se cre\u00f3 para celebrar los 30 a\u00f1os de la VSS Compa\u00f1\u00eda de Danza A.C. \u00b7 La coreograf\u00eda ofrece dos funciones: 14 y 15 de mayo en el [&hellip;]<\/p>\n","protected":false},"author":1,"featured_media":40034,"comment_status":"open","ping_status":"open","sticky":false,"template":"","format":"standard","meta":{"footnotes":""},"categories":[9,14],"tags":[],"_links":{"self":[{"href":"https:\/\/www.bitacoracdmx.com\/index.php?rest_route=\/wp\/v2\/posts\/40033"}],"collection":[{"href":"https:\/\/www.bitacoracdmx.com\/index.php?rest_route=\/wp\/v2\/posts"}],"about":[{"href":"https:\/\/www.bitacoracdmx.com\/index.php?rest_route=\/wp\/v2\/types\/post"}],"author":[{"embeddable":true,"href":"https:\/\/www.bitacoracdmx.com\/index.php?rest_route=\/wp\/v2\/users\/1"}],"replies":[{"embeddable":true,"href":"https:\/\/www.bitacoracdmx.com\/index.php?rest_route=%2Fwp%2Fv2%2Fcomments&post=40033"}],"version-history":[{"count":1,"href":"https:\/\/www.bitacoracdmx.com\/index.php?rest_route=\/wp\/v2\/posts\/40033\/revisions"}],"predecessor-version":[{"id":40038,"href":"https:\/\/www.bitacoracdmx.com\/index.php?rest_route=\/wp\/v2\/posts\/40033\/revisions\/40038"}],"wp:featuredmedia":[{"embeddable":true,"href":"https:\/\/www.bitacoracdmx.com\/index.php?rest_route=\/wp\/v2\/media\/40034"}],"wp:attachment":[{"href":"https:\/\/www.bitacoracdmx.com\/index.php?rest_route=%2Fwp%2Fv2%2Fmedia&parent=40033"}],"wp:term":[{"taxonomy":"category","embeddable":true,"href":"https:\/\/www.bitacoracdmx.com\/index.php?rest_route=%2Fwp%2Fv2%2Fcategories&post=40033"},{"taxonomy":"post_tag","embeddable":true,"href":"https:\/\/www.bitacoracdmx.com\/index.php?rest_route=%2Fwp%2Fv2%2Ftags&post=40033"}],"curies":[{"name":"wp","href":"https:\/\/api.w.org\/{rel}","templated":true}]}}