{"id":40313,"date":"2021-05-31T01:06:47","date_gmt":"2021-05-31T01:06:47","guid":{"rendered":"https:\/\/www.bitacoracdmx.com\/?p=40313"},"modified":"2021-05-31T01:06:47","modified_gmt":"2021-05-31T01:06:47","slug":"abordaran-problematica-de-quienes-viven-vih-a-traves-de-la-obra-fierce-fiera-en-el-teatro-benito-juarez","status":"publish","type":"post","link":"https:\/\/www.bitacoracdmx.com\/?p=40313","title":{"rendered":"Abordar\u00e1n problem\u00e1tica de quienes viven VIH a trav\u00e9s de la obra FIERCE \/FIERA en el Teatro BENITO JU\u00c1REZ."},"content":{"rendered":"<p>[fusion_builder_container hundred_percent=&#8221;no&#8221; equal_height_columns=&#8221;no&#8221; menu_anchor=&#8221;&#8221; hide_on_mobile=&#8221;small-visibility,medium-visibility,large-visibility&#8221; class=&#8221;&#8221; id=&#8221;&#8221; background_color=&#8221;&#8221; background_image=&#8221;&#8221; background_position=&#8221;center center&#8221; background_repeat=&#8221;no-repeat&#8221; fade=&#8221;no&#8221; background_parallax=&#8221;none&#8221; parallax_speed=&#8221;0.3&#8243; video_mp4=&#8221;&#8221; video_webm=&#8221;&#8221; video_ogv=&#8221;&#8221; video_url=&#8221;&#8221; video_aspect_ratio=&#8221;16:9&#8243; video_loop=&#8221;yes&#8221; video_mute=&#8221;yes&#8221; overlay_color=&#8221;&#8221; video_preview_image=&#8221;&#8221; border_size=&#8221;&#8221; border_color=&#8221;&#8221; border_style=&#8221;solid&#8221; padding_top=&#8221;&#8221; padding_bottom=&#8221;&#8221; padding_left=&#8221;&#8221; padding_right=&#8221;&#8221;][fusion_builder_row][fusion_builder_column type=&#8221;1_1&#8243; layout=&#8221;1_1&#8243; background_position=&#8221;left top&#8221; background_color=&#8221;&#8221; border_size=&#8221;&#8221; border_color=&#8221;&#8221; border_style=&#8221;solid&#8221; border_position=&#8221;all&#8221; spacing=&#8221;yes&#8221; background_image=&#8221;&#8221; background_repeat=&#8221;no-repeat&#8221; padding_top=&#8221;&#8221; padding_right=&#8221;&#8221; padding_bottom=&#8221;&#8221; padding_left=&#8221;&#8221; margin_top=&#8221;0px&#8221; margin_bottom=&#8221;0px&#8221; class=&#8221;&#8221; id=&#8221;&#8221; animation_type=&#8221;&#8221; animation_speed=&#8221;0.3&#8243; animation_direction=&#8221;left&#8221; hide_on_mobile=&#8221;small-visibility,medium-visibility,large-visibility&#8221; center_content=&#8221;no&#8221; last=&#8221;no&#8221; min_height=&#8221;&#8221; hover_type=&#8221;none&#8221; link=&#8221;&#8221;][fusion_text]<\/p>\n<p>REDACCI\u00d3N<\/p>\n<ul type=\"disc\">\n<li class=\"x_MsoNormal\">El proyecto, que tendr\u00e1 funciones del 3 al 13 de junio, entrelaza lo documental, lo ficcional, la danza y el\u00a0<i>voguing\u00a0<\/i>para dar voz a las luchas que enfrentan las personas con VIH+.<\/li>\n<\/ul>\n<p class=\"x_MsoNormal\">En el marco del ciclo\u00a0<i>Entre Lenchas, Vestidas y Musculocas 2021<\/i>, del\u00a0<b>3 al 13 de junio<\/b>\u00a0se presentar\u00e1 en el\u00a0<b>Teatro Benito Ju\u00e1rez\u00a0<\/b>de la<b>\u00a0Secretar\u00eda de Cultura de la Ciudad de M\u00e9xico<\/b>, la<b>\u00a0<\/b>propuesta esc\u00e9nica<b><i>\u00a0<\/i><\/b><i>Fierce\/Fiera<\/i>, montaje escrito y dirigido por C\u00e9sar Enr\u00edquez y Myrna Moguel,\u00a0<a name=\"x_m_-915340306174877256__Hlk72075611\" data-linkindex=\"1\"><\/a>en el que se crea un discurso sobre la problem\u00e1tica que enfrentan en la actualidad y en su resiliencia las personas que viven con el Virus de Inmunodeficiencia Humana (VIH).<\/p>\n<p class=\"x_MsoNormal\">La producci\u00f3n de las compa\u00f1\u00edas\u00a0<i>C\u00e9sar Enr\u00edquez Cabaret<\/i>\u00a0y\u00a0<i>Trasl\u00edmite (Alternativa Esc\u00e9nica)<\/i>\u00a0se basa en historias reales que se entrelazan en lo documental, lo ficcional, la danza y el\u00a0<i>voguing\u00a0<\/i>(estilo de baile que subvierte los patrones de belleza, sexualidad y clase negados a algunas comunidades) para dar voz a las luchas que enfrentan las personas con VIH.<\/p>\n<p class=\"x_MsoNormal\">El proyecto visibiliza un tema tab\u00fa a partir de la dignidad y explora la catarsis, la discriminaci\u00f3n y la intolerancia, a trav\u00e9s de historias completamente humanas y cercanas al espectador.\u00a0<a name=\"x_m_-915340306174877256__Hlk72075500\" data-linkindex=\"2\"><\/a>La pieza cuenta con la participaci\u00f3n de integrantes de la comunidad LGBTTTI+ y de personas VIH positivas, con la finalidad de darle voz a los verdaderos protagonistas de estas historias resilientes, y as\u00ed en un acto puro de amor y comuni\u00f3n para convivir, sentir, bailar y transgredir sin estigmas.<\/p>\n<p class=\"x_MsoNormal\">En el escenario participan los actores C\u00e9sar Enr\u00edquez, Myrna Moguel, Bonita Giles y Omar Lozano, quienes plantean al p\u00fablico cuestionamientos como: \u00bfpodemos convertir nuestros miedos en alegr\u00edas?, \u00bfse puede danzar desde la desesperaci\u00f3n y volverla dignidad?, \u00bfc\u00f3mo es vivir hoy con VIH? y \u00bfc\u00f3mo podemos combatir el virus y el estigma?<\/p>\n<p class=\"x_MsoNormal\">El ciclo\u00a0<b>Entre lenchas, vestidas y musculocas,\u00a0<\/b>creado en 2017<b>,<\/b>\u00a0plantea, desde las artes esc\u00e9nicas, brindar un espacio para hablar sobre identidad, respeto, tolerancia y aceptaci\u00f3n para dar cabida a todas las voces y as\u00ed abrir las puertas al orgullo y la inclusi\u00f3n.<\/p>\n<p class=\"x_MsoNormal\"><b><i>Fierce \/Fiera\u00a0<\/i><\/b>se<b><i>\u00a0<\/i><\/b>presentar\u00e1 del 3 al 13 de junio, jueves, viernes y s\u00e1bados a las 19:00 y domingos a las 18:00 horas,\u00a0en el\u00a0<b>Teatro\u00a0<\/b><b>Benito Ju\u00e1rez\u00a0<\/b>(Villalong\u00edn 15, colonia Cuauht\u00e9moc, cerca del Metrob\u00fas Reforma).<\/p>\n<p class=\"x_MsoNormal\">El aforo del recinto es del 30 por ciento y tanto el personal como el elenco, as\u00ed como los asistentes est\u00e1n obligados a atender las medidas sanitarias para prevenir el contagio y la propagaci\u00f3n de la Covid-19.<\/p>\n<p class=\"x_MsoNormal\">La venta de boletos est\u00e1 disponible en la taquilla del recinto y en Ticketmaster. La programaci\u00f3n del Sistema de Teatros se puede consultar en sus redes sociales en Facebook @TeatrosCdMexico, Twitter @TeatrosCdMexico y en Instagram @teatroscdmexico.<\/p>\n<p class=\"x_MsoNormal\">La oferta en l\u00ednea de la Secretar\u00eda de Cultura de la Ciudad de M\u00e9xico se puede conocer a trav\u00e9s de su p\u00e1gina oficial (<span lang=\"EN-US\"><a href=\"https:\/\/cultura.cdmx.gob.mx\/\" target=\"_blank\" rel=\"noopener noreferrer\" data-auth=\"NotApplicable\" data-linkindex=\"3\"><span lang=\"ES\">https:\/\/cultura.cdmx.gob.mx\/<\/span><\/a><\/span>), sus redes sociales (<span lang=\"EN-US\"><a href=\"https:\/\/www.facebook.com\/Cultura.Ciudad.de.Mexico\" target=\"_blank\" rel=\"noopener noreferrer\" data-auth=\"NotApplicable\" data-linkindex=\"4\"><span lang=\"ES\">Facebook<\/span><\/a><\/span>,\u00a0<span lang=\"EN-US\"><a href=\"https:\/\/twitter.com\/CulturaCiudadMx\" target=\"_blank\" rel=\"noopener noreferrer\" data-auth=\"NotApplicable\" data-linkindex=\"5\"><span lang=\"ES\">Twitter<\/span><\/a><\/span>,\u00a0<span lang=\"EN-US\"><a href=\"https:\/\/www.instagram.com\/culturaciudadmx\/?hl=es-la\" target=\"_blank\" rel=\"noopener noreferrer\" data-auth=\"NotApplicable\" data-linkindex=\"6\"><span lang=\"ES\">Instagram<\/span><\/a><\/span>\u00a0y\u00a0<span lang=\"EN-US\"><a href=\"https:\/\/www.youtube.com\/user\/culturamadf\" target=\"_blank\" rel=\"noopener noreferrer\" data-auth=\"NotApplicable\" data-linkindex=\"7\"><span lang=\"ES\">YouTube<\/span><\/a><\/span>) y en la plataforma digital\u00a0<span lang=\"EN-US\"><a href=\"http:\/\/www.capitalculturalennuestracasa.cdmx.gob.mx\/\" target=\"_blank\" rel=\"noopener noreferrer\" data-auth=\"NotApplicable\" data-linkindex=\"8\"><span lang=\"ES\">Capital Cultural en Nuestra Casa<\/span><\/a><\/span>.<\/p>\n<p><i>Este programa es de car\u00e1cter p\u00fablico, no es patrocinado ni promovido por partido pol\u00edtico alguno y sus recursos provienen de los impuestos que pagan todos los contribuyentes. Est\u00e1 prohibido el uso de este programa con fines pol\u00edticos, electorales, de lucro y otros distintos a los establecidos<\/i><\/p>\n<p>[\/fusion_text][fusion_imageframe image_id=&#8221;40314|medium&#8221; max_width=&#8221;&#8221; style_type=&#8221;&#8221; blur=&#8221;&#8221; stylecolor=&#8221;&#8221; hover_type=&#8221;none&#8221; bordersize=&#8221;&#8221; bordercolor=&#8221;&#8221; borderradius=&#8221;&#8221; align=&#8221;none&#8221; lightbox=&#8221;no&#8221; gallery_id=&#8221;&#8221; lightbox_image=&#8221;&#8221; lightbox_image_id=&#8221;&#8221; alt=&#8221;&#8221; link=&#8221;&#8221; linktarget=&#8221;_self&#8221; hide_on_mobile=&#8221;small-visibility,medium-visibility,large-visibility&#8221; class=&#8221;&#8221; id=&#8221;&#8221; animation_type=&#8221;&#8221; animation_direction=&#8221;left&#8221; animation_speed=&#8221;0.3&#8243; animation_offset=&#8221;&#8221;]https:\/\/www.bitacoracdmx.com\/wp-content\/uploads\/2021\/05\/descargar-51-235&#215;300.png[\/fusion_imageframe][\/fusion_builder_column][\/fusion_builder_row][\/fusion_builder_container]<\/p>\n","protected":false},"excerpt":{"rendered":"<p>[fusion_builder_container hundred_percent=&#8221;no&#8221; equal_height_columns=&#8221;no&#8221; menu_anchor=&#8221;&#8221; hide_on_mobile=&#8221;small-visibility,medium-visibility,large-visibility&#8221; class=&#8221;&#8221; id=&#8221;&#8221; background_color=&#8221;&#8221; background_image=&#8221;&#8221; background_position=&#8221;center center&#8221; background_repeat=&#8221;no-repeat&#8221; fade=&#8221;no&#8221; background_parallax=&#8221;none&#8221; parallax_speed=&#8221;0.3&#8243; video_mp4=&#8221;&#8221; video_webm=&#8221;&#8221; video_ogv=&#8221;&#8221; video_url=&#8221;&#8221; video_aspect_ratio=&#8221;16:9&#8243; video_loop=&#8221;yes&#8221; video_mute=&#8221;yes&#8221; overlay_color=&#8221;&#8221; video_preview_image=&#8221;&#8221; border_size=&#8221;&#8221; border_color=&#8221;&#8221; border_style=&#8221;solid&#8221; padding_top=&#8221;&#8221; padding_bottom=&#8221;&#8221; padding_left=&#8221;&#8221; padding_right=&#8221;&#8221;][fusion_builder_row][fusion_builder_column type=&#8221;1_1&#8243; layout=&#8221;1_1&#8243; background_position=&#8221;left top&#8221; background_color=&#8221;&#8221; border_size=&#8221;&#8221; border_color=&#8221;&#8221; border_style=&#8221;solid&#8221; border_position=&#8221;all&#8221; spacing=&#8221;yes&#8221; background_image=&#8221;&#8221; background_repeat=&#8221;no-repeat&#8221; padding_top=&#8221;&#8221; padding_right=&#8221;&#8221; padding_bottom=&#8221;&#8221; padding_left=&#8221;&#8221; margin_top=&#8221;0px&#8221; margin_bottom=&#8221;0px&#8221; class=&#8221;&#8221; id=&#8221;&#8221; animation_type=&#8221;&#8221; animation_speed=&#8221;0.3&#8243; animation_direction=&#8221;left&#8221; hide_on_mobile=&#8221;small-visibility,medium-visibility,large-visibility&#8221; center_content=&#8221;no&#8221; last=&#8221;no&#8221; min_height=&#8221;&#8221; hover_type=&#8221;none&#8221; link=&#8221;&#8221;][fusion_text] REDACCI\u00d3N El proyecto, que tendr\u00e1 funciones del 3 al 13 de junio, entrelaza lo documental, lo ficcional, la danza y el\u00a0voguing\u00a0para dar voz a las luchas que enfrentan las personas con VIH+. En el marco del ciclo\u00a0Entre Lenchas, Vestidas y [&hellip;]<\/p>\n","protected":false},"author":1,"featured_media":40314,"comment_status":"open","ping_status":"open","sticky":false,"template":"","format":"standard","meta":{"footnotes":""},"categories":[9,14],"tags":[],"_links":{"self":[{"href":"https:\/\/www.bitacoracdmx.com\/index.php?rest_route=\/wp\/v2\/posts\/40313"}],"collection":[{"href":"https:\/\/www.bitacoracdmx.com\/index.php?rest_route=\/wp\/v2\/posts"}],"about":[{"href":"https:\/\/www.bitacoracdmx.com\/index.php?rest_route=\/wp\/v2\/types\/post"}],"author":[{"embeddable":true,"href":"https:\/\/www.bitacoracdmx.com\/index.php?rest_route=\/wp\/v2\/users\/1"}],"replies":[{"embeddable":true,"href":"https:\/\/www.bitacoracdmx.com\/index.php?rest_route=%2Fwp%2Fv2%2Fcomments&post=40313"}],"version-history":[{"count":1,"href":"https:\/\/www.bitacoracdmx.com\/index.php?rest_route=\/wp\/v2\/posts\/40313\/revisions"}],"predecessor-version":[{"id":40315,"href":"https:\/\/www.bitacoracdmx.com\/index.php?rest_route=\/wp\/v2\/posts\/40313\/revisions\/40315"}],"wp:featuredmedia":[{"embeddable":true,"href":"https:\/\/www.bitacoracdmx.com\/index.php?rest_route=\/wp\/v2\/media\/40314"}],"wp:attachment":[{"href":"https:\/\/www.bitacoracdmx.com\/index.php?rest_route=%2Fwp%2Fv2%2Fmedia&parent=40313"}],"wp:term":[{"taxonomy":"category","embeddable":true,"href":"https:\/\/www.bitacoracdmx.com\/index.php?rest_route=%2Fwp%2Fv2%2Fcategories&post=40313"},{"taxonomy":"post_tag","embeddable":true,"href":"https:\/\/www.bitacoracdmx.com\/index.php?rest_route=%2Fwp%2Fv2%2Ftags&post=40313"}],"curies":[{"name":"wp","href":"https:\/\/api.w.org\/{rel}","templated":true}]}}