{"id":40316,"date":"2021-05-31T01:14:02","date_gmt":"2021-05-31T01:14:02","guid":{"rendered":"https:\/\/www.bitacoracdmx.com\/?p=40316"},"modified":"2021-05-31T01:14:02","modified_gmt":"2021-05-31T01:14:02","slug":"rocio-banquells-y-la-santanera-de-fernando-olivares-festejaran-a-puerto-vallarta-con-show-gratuito-por-streaming","status":"publish","type":"post","link":"https:\/\/www.bitacoracdmx.com\/?p=40316","title":{"rendered":"ROC\u00cdO BANQUELLS y LA SANTANERA de FERNANDO OLIVARES festejar\u00e1n a Puerto Vallarta con show gratuito por streaming."},"content":{"rendered":"<p>[fusion_builder_container hundred_percent=&#8221;no&#8221; equal_height_columns=&#8221;no&#8221; menu_anchor=&#8221;&#8221; hide_on_mobile=&#8221;small-visibility,medium-visibility,large-visibility&#8221; class=&#8221;&#8221; id=&#8221;&#8221; background_color=&#8221;&#8221; background_image=&#8221;&#8221; background_position=&#8221;center center&#8221; background_repeat=&#8221;no-repeat&#8221; fade=&#8221;no&#8221; background_parallax=&#8221;none&#8221; parallax_speed=&#8221;0.3&#8243; video_mp4=&#8221;&#8221; video_webm=&#8221;&#8221; video_ogv=&#8221;&#8221; video_url=&#8221;&#8221; video_aspect_ratio=&#8221;16:9&#8243; video_loop=&#8221;yes&#8221; video_mute=&#8221;yes&#8221; overlay_color=&#8221;&#8221; video_preview_image=&#8221;&#8221; border_size=&#8221;&#8221; border_color=&#8221;&#8221; border_style=&#8221;solid&#8221; padding_top=&#8221;&#8221; padding_bottom=&#8221;&#8221; padding_left=&#8221;&#8221; padding_right=&#8221;&#8221;][fusion_builder_row][fusion_builder_column type=&#8221;1_1&#8243; layout=&#8221;1_1&#8243; background_position=&#8221;left top&#8221; background_color=&#8221;&#8221; border_size=&#8221;&#8221; border_color=&#8221;&#8221; border_style=&#8221;solid&#8221; border_position=&#8221;all&#8221; spacing=&#8221;yes&#8221; background_image=&#8221;&#8221; background_repeat=&#8221;no-repeat&#8221; padding_top=&#8221;&#8221; padding_right=&#8221;&#8221; padding_bottom=&#8221;&#8221; padding_left=&#8221;&#8221; margin_top=&#8221;0px&#8221; margin_bottom=&#8221;0px&#8221; class=&#8221;&#8221; id=&#8221;&#8221; animation_type=&#8221;&#8221; animation_speed=&#8221;0.3&#8243; animation_direction=&#8221;left&#8221; hide_on_mobile=&#8221;small-visibility,medium-visibility,large-visibility&#8221; center_content=&#8221;no&#8221; last=&#8221;no&#8221; min_height=&#8221;&#8221; hover_type=&#8221;none&#8221; link=&#8221;&#8221;][fusion_text]<\/p>\n<p>REDACCI\u00d3N<\/p>\n<p><b><i>*El espect\u00e1culo se llevar\u00e1 a cabo de forma gratuita este Lunes 31 de Mayo a partir de las 8 de la noche<\/i><\/b><\/p>\n<p><b><i>*Se podr\u00e1 accesar desde cualquier rinc\u00f3n de M\u00e9xico por medio del enlace\u00a0<a href=\"https:\/\/www.facebook.com\/GobVallarta\/live\/\" target=\"_blank\" rel=\"noopener noreferrer\" data-auth=\"NotApplicable\" data-linkindex=\"2\">https:\/\/www.facebook.com\/GobVallarta\/live\/<\/a><\/i><\/b><\/p>\n<p><b>En el marco de las de las actividades para celebrar el 103 aniversario como municipio y 53 a\u00f1os como ciudad de Puerto Vallarta, la Santanera de Fernando Olivares, as\u00ed como Roc\u00edo Banquells ofrecer\u00e1n un show totalmente gratis para las familias vallartenses y sus visitantes este lunes 31 de mayo. Esta actividad se podr\u00e1 disfrutar tambi\u00e9n desde la comodidad del hogar como un regalo muy especial \u00a0para gozar de todos los \u00e9xitos del talento convocado y, al mismo tiempo, conmemorar este aniversario.<\/b><\/p>\n<p><b>No es poca cosa esta efem\u00e9ride, pues Puerto Vallarta es actualmente la segunda zona econ\u00f3mica m\u00e1s importante del estado de Jalisco y el tercer puerto m\u00e1s destacado de M\u00e9xico. Adem\u00e1s recibe visitantes de todo el mundo y es por ello que el gobierno de la entidad consienta s su habitantes y a los turistas con un festejo musical en grande y que podr\u00e1 ser apreciado por todo M\u00e9xico gracias a que este espect\u00e1culo estar\u00e1 disponible este 31 de mayo a partir de las 20:00 horas \u00fanicamente accediendo en este enlace:\u00a0<a href=\"https:\/\/www.facebook.com\/GobVallarta\/live\/\" target=\"_blank\" rel=\"noopener noreferrer\" data-auth=\"NotApplicable\" data-linkindex=\"3\">https:\/\/www.facebook.com\/GobVallarta\/live\/<\/a><\/b><\/p>\n<p><b>Roc\u00edo Banquells estar\u00e1 acompa\u00f1ada por el grupo Nueva Imagen Santanera, con los cuales la cantante colabor\u00f3 en la realizaci\u00f3n de \u201cRecuerdos de Oro\u201d, una producci\u00f3n en la cual incursiona en el g\u00e9nero tropical. Actriz y cantante, Roc\u00edo Banquells es una de las artistas m\u00e1s reconocidas del pa\u00eds, gracias a temas como \u201cEse hombre no se toca\u201d y \u201cLuna m\u00e1gica\u201d, que se han convertido en himnos de la balada desde su lanzamiento hace casi 30 a\u00f1os, los cuales tambi\u00e9n interpretar\u00e1 en este concierto, pero con nuevos arreglos musicales al estilo de Nueva Imagen Santanera, ensamble que rinde homenaje a la agrupaci\u00f3n creada por el tabasque\u00f1o Carlos Colorado.<\/b><\/p>\n<p><b>Este concierto ser\u00e1 una noche para recordar los grandes temas de la Sonora Santanera, muchos de ellos interpretados originalmente por Sonia L\u00f3pez, ahora con la poderosa voz de Roc\u00edo Banquells. Cl\u00e1sicos como \u201cHechicera\u201d, \u201cEl nido\u201d, \u201cEnemigos\u201d y \u201cMi caprichito\u201d ser\u00e1n parte del programa. En m\u00e1s de cuatro d\u00e9cadas de trayectoria art\u00edstica Roc\u00edo ha logrado destacar en el teatro, las telenovelas y la m\u00fasica. Hasta el momento cuenta con casi 30 \u00e1lbumes en su discograf\u00eda, entre materiales de estudio y recopilaciones.<\/b><\/p>\n<p><b>Nueva Imagen Santanera de Fernando Olivares es una agrupaci\u00f3n conformada por 10 m\u00fasicos, que se fund\u00f3 en la d\u00e9cada de los 90 con la finalidad de rendir homenaje y conservar el legado de la Sonora Santanera de Carlos Colorado, as\u00ed como acercar a las nuevas generaciones a su m\u00fasica.<\/b><\/p>\n<p><b>\u201cRecuerdos de oro\u201d es un proyecto que Roc\u00edo Banquells realiz\u00f3 con la intenci\u00f3n de presentar un \u00e1lbum de tem\u00e1tica diferente a sus materiales anteriores, incursionando esta vez en el g\u00e9nero tropical y haciendo suyas las canciones de la Sonora Santanera que se hicieron famosas en la voz de Sonia L\u00f3pez.<\/b><\/p>\n<p><b>El concierto que protagonizar\u00e1n Roc\u00edo Banquells y Nueva Imagen Santanera en el marco del Mayo Fest se presentar\u00e1 este Lunes 31 de Mayo a las 8 de la noche, accesando totalmente gratis desde cualquier rinc\u00f3n de M\u00e9xico por medio del enlace\u00a0<a href=\"https:\/\/www.facebook.com\/GobVallarta\/live\/\" target=\"_blank\" rel=\"noopener noreferrer\" data-auth=\"NotApplicable\" data-linkindex=\"4\">https:\/\/www.facebook.com\/GobVallarta\/live\/<\/a>\u00a0para celebrar el 103 aniversario como municipio y 53 a\u00f1os como ciudad de Puerto Vallarta.\u00a0<\/b><\/p>\n<p>[\/fusion_text][fusion_gallery layout=&#8221;&#8221; picture_size=&#8221;&#8221; columns=&#8221;&#8221; column_spacing=&#8221;10&#8243; gallery_masonry_grid_ratio=&#8221;&#8221; gallery_masonry_width_double=&#8221;&#8221; hover_type=&#8221;&#8221; lightbox=&#8221;yes&#8221; lightbox_content=&#8221;&#8221; bordersize=&#8221;&#8221; bordercolor=&#8221;&#8221; border_radius=&#8221;&#8221; hide_on_mobile=&#8221;small-visibility,medium-visibility,large-visibility&#8221; class=&#8221;&#8221; id=&#8221;&#8221;][fusion_gallery_image image=&#8221;https:\/\/www.bitacoracdmx.com\/wp-content\/uploads\/2021\/05\/ROCIO-BANQUELLS-SANTANERA-MAYO-2021-CARTEL-211&#215;300.jpeg&#8221; image_id=&#8221;40317|medium&#8221; link=&#8221;&#8221; linktarget=&#8221;_self&#8221; \/][fusion_gallery_image image=&#8221;https:\/\/www.bitacoracdmx.com\/wp-content\/uploads\/2021\/05\/ROCIO-BANQUELLS-SANTANERA-FOTO-2021-300&#215;200.jpg&#8221; image_id=&#8221;40318|medium&#8221; link=&#8221;&#8221; linktarget=&#8221;_self&#8221; \/][\/fusion_gallery][\/fusion_builder_column][\/fusion_builder_row][\/fusion_builder_container]<\/p>\n","protected":false},"excerpt":{"rendered":"<p>[fusion_builder_container hundred_percent=&#8221;no&#8221; equal_height_columns=&#8221;no&#8221; menu_anchor=&#8221;&#8221; hide_on_mobile=&#8221;small-visibility,medium-visibility,large-visibility&#8221; class=&#8221;&#8221; id=&#8221;&#8221; background_color=&#8221;&#8221; background_image=&#8221;&#8221; background_position=&#8221;center center&#8221; background_repeat=&#8221;no-repeat&#8221; fade=&#8221;no&#8221; background_parallax=&#8221;none&#8221; parallax_speed=&#8221;0.3&#8243; video_mp4=&#8221;&#8221; video_webm=&#8221;&#8221; video_ogv=&#8221;&#8221; video_url=&#8221;&#8221; video_aspect_ratio=&#8221;16:9&#8243; video_loop=&#8221;yes&#8221; video_mute=&#8221;yes&#8221; overlay_color=&#8221;&#8221; video_preview_image=&#8221;&#8221; border_size=&#8221;&#8221; border_color=&#8221;&#8221; border_style=&#8221;solid&#8221; padding_top=&#8221;&#8221; padding_bottom=&#8221;&#8221; padding_left=&#8221;&#8221; padding_right=&#8221;&#8221;][fusion_builder_row][fusion_builder_column type=&#8221;1_1&#8243; layout=&#8221;1_1&#8243; background_position=&#8221;left top&#8221; background_color=&#8221;&#8221; border_size=&#8221;&#8221; border_color=&#8221;&#8221; border_style=&#8221;solid&#8221; border_position=&#8221;all&#8221; spacing=&#8221;yes&#8221; background_image=&#8221;&#8221; background_repeat=&#8221;no-repeat&#8221; padding_top=&#8221;&#8221; padding_right=&#8221;&#8221; padding_bottom=&#8221;&#8221; padding_left=&#8221;&#8221; margin_top=&#8221;0px&#8221; margin_bottom=&#8221;0px&#8221; class=&#8221;&#8221; id=&#8221;&#8221; animation_type=&#8221;&#8221; animation_speed=&#8221;0.3&#8243; animation_direction=&#8221;left&#8221; hide_on_mobile=&#8221;small-visibility,medium-visibility,large-visibility&#8221; center_content=&#8221;no&#8221; last=&#8221;no&#8221; min_height=&#8221;&#8221; hover_type=&#8221;none&#8221; link=&#8221;&#8221;][fusion_text] REDACCI\u00d3N *El espect\u00e1culo se llevar\u00e1 a cabo de forma gratuita este Lunes 31 de Mayo a partir de las 8 de la noche *Se podr\u00e1 accesar desde cualquier rinc\u00f3n de M\u00e9xico por medio del enlace\u00a0https:\/\/www.facebook.com\/GobVallarta\/live\/ En el marco de las [&hellip;]<\/p>\n","protected":false},"author":1,"featured_media":40317,"comment_status":"open","ping_status":"open","sticky":false,"template":"","format":"standard","meta":{"footnotes":""},"categories":[9,11],"tags":[],"_links":{"self":[{"href":"https:\/\/www.bitacoracdmx.com\/index.php?rest_route=\/wp\/v2\/posts\/40316"}],"collection":[{"href":"https:\/\/www.bitacoracdmx.com\/index.php?rest_route=\/wp\/v2\/posts"}],"about":[{"href":"https:\/\/www.bitacoracdmx.com\/index.php?rest_route=\/wp\/v2\/types\/post"}],"author":[{"embeddable":true,"href":"https:\/\/www.bitacoracdmx.com\/index.php?rest_route=\/wp\/v2\/users\/1"}],"replies":[{"embeddable":true,"href":"https:\/\/www.bitacoracdmx.com\/index.php?rest_route=%2Fwp%2Fv2%2Fcomments&post=40316"}],"version-history":[{"count":1,"href":"https:\/\/www.bitacoracdmx.com\/index.php?rest_route=\/wp\/v2\/posts\/40316\/revisions"}],"predecessor-version":[{"id":40319,"href":"https:\/\/www.bitacoracdmx.com\/index.php?rest_route=\/wp\/v2\/posts\/40316\/revisions\/40319"}],"wp:featuredmedia":[{"embeddable":true,"href":"https:\/\/www.bitacoracdmx.com\/index.php?rest_route=\/wp\/v2\/media\/40317"}],"wp:attachment":[{"href":"https:\/\/www.bitacoracdmx.com\/index.php?rest_route=%2Fwp%2Fv2%2Fmedia&parent=40316"}],"wp:term":[{"taxonomy":"category","embeddable":true,"href":"https:\/\/www.bitacoracdmx.com\/index.php?rest_route=%2Fwp%2Fv2%2Fcategories&post=40316"},{"taxonomy":"post_tag","embeddable":true,"href":"https:\/\/www.bitacoracdmx.com\/index.php?rest_route=%2Fwp%2Fv2%2Ftags&post=40316"}],"curies":[{"name":"wp","href":"https:\/\/api.w.org\/{rel}","templated":true}]}}