{"id":40343,"date":"2021-06-01T02:22:23","date_gmt":"2021-06-01T02:22:23","guid":{"rendered":"https:\/\/www.bitacoracdmx.com\/?p=40343"},"modified":"2021-06-01T02:22:23","modified_gmt":"2021-06-01T02:22:23","slug":"regresan-los-tan-esperados-conciertos-de-la-filarmonica-de-las-artes","status":"publish","type":"post","link":"https:\/\/www.bitacoracdmx.com\/?p=40343","title":{"rendered":"Regresan los tan esperados conciertos de la Filarm\u00f3nica de las Artes."},"content":{"rendered":"<p>[fusion_builder_container hundred_percent=&#8221;no&#8221; equal_height_columns=&#8221;no&#8221; menu_anchor=&#8221;&#8221; hide_on_mobile=&#8221;small-visibility,medium-visibility,large-visibility&#8221; class=&#8221;&#8221; id=&#8221;&#8221; background_color=&#8221;&#8221; background_image=&#8221;&#8221; background_position=&#8221;center center&#8221; background_repeat=&#8221;no-repeat&#8221; fade=&#8221;no&#8221; background_parallax=&#8221;none&#8221; parallax_speed=&#8221;0.3&#8243; video_mp4=&#8221;&#8221; video_webm=&#8221;&#8221; video_ogv=&#8221;&#8221; video_url=&#8221;&#8221; video_aspect_ratio=&#8221;16:9&#8243; video_loop=&#8221;yes&#8221; video_mute=&#8221;yes&#8221; overlay_color=&#8221;&#8221; video_preview_image=&#8221;&#8221; border_size=&#8221;&#8221; border_color=&#8221;&#8221; border_style=&#8221;solid&#8221; padding_top=&#8221;&#8221; padding_bottom=&#8221;&#8221; padding_left=&#8221;&#8221; padding_right=&#8221;&#8221;][fusion_builder_row][fusion_builder_column type=&#8221;1_1&#8243; layout=&#8221;1_1&#8243; background_position=&#8221;left top&#8221; background_color=&#8221;&#8221; border_size=&#8221;&#8221; border_color=&#8221;&#8221; border_style=&#8221;solid&#8221; border_position=&#8221;all&#8221; spacing=&#8221;yes&#8221; background_image=&#8221;&#8221; background_repeat=&#8221;no-repeat&#8221; padding_top=&#8221;&#8221; padding_right=&#8221;&#8221; padding_bottom=&#8221;&#8221; padding_left=&#8221;&#8221; margin_top=&#8221;0px&#8221; margin_bottom=&#8221;0px&#8221; class=&#8221;&#8221; id=&#8221;&#8221; animation_type=&#8221;&#8221; animation_speed=&#8221;0.3&#8243; animation_direction=&#8221;left&#8221; hide_on_mobile=&#8221;small-visibility,medium-visibility,large-visibility&#8221; center_content=&#8221;no&#8221; last=&#8221;no&#8221; min_height=&#8221;&#8221; hover_type=&#8221;none&#8221; link=&#8221;&#8221;][fusion_text]<\/p>\n<p>REDACCI\u00d3N<\/p>\n<p class=\"x_gmail-MsoListParagraphCxSpFirst\">\u00b7 El marat\u00f3n de conciertos \u201cLa Filarm\u00f3nica es para todos\u201d se llevar\u00e1 a cabo en el mes de junio<\/p>\n<p class=\"x_gmail-MsoListParagraphCxSpLast\">\u00b7 La Filarm\u00f3nica de las Artes se pone a mano con su p\u00fablico<\/p>\n<p class=\"x_MsoNormal\">Tras casi 14 meses abajo del escenario y varios intentos de regresar a \u00e9l con todas las medidas de seguridad sanitarias y disposici\u00f3n de aforo permitido, la\u00a0<b>Filarm\u00f3nica de las Artes,<\/b>\u00a0logra obtener el aval de las autoridades para llevar a cabo sus conciertos pospuestos desde noviembre 2020.<\/p>\n<p class=\"x_MsoNormal\">-Habr\u00e1 marat\u00f3n de m\u00fasica, comenta el director de la Orquesta, Enrique Abraham V\u00e9lez Godoy, &#8211; La paciencia es un \u00e1rbol de ra\u00edces amargas, pero de frutos muy dulces. El SarsCov2 (COVID-19) no se ha ido ni se ir\u00e1 en un buen tiempo, apenas estamos aprendiendo a vivir con \u00e9l y a adoptar las medidas sanitarias como parte de nuestra vida cotidiana, ah\u00ed vamos.<\/p>\n<p class=\"x_MsoNormal\">El marat\u00f3n de conciertos \u201cLa Filarm\u00f3nica es para todos\u201d se llevar\u00e1 a cabo en el Teatro \u00c1ngela Peralta y dar\u00e1 inicio con el\u00a0<b>Concierto de la Esperanza,<\/b>\u00a0con un muy emotivo repertorio, La Sinfon\u00eda n\u00fam. 9 \u201cDesde el Nuevo Mundo\u201d de Anton\u00edn Dvorak, que este a\u00f1o se conmemora el 180 aniversario de su nacimiento, el \u201cBolero\u201d de Maurice Ravel y para cerrar con broche de oro el llamado segundo himno nacional, creado por el compositor mexicano Jos\u00e9 Pablo Moncayo hace 80 a\u00f1os, el \u201cHuapango\u201d, como s\u00edmbolo de luz y esperanza, se presentar\u00e1 el s\u00e1bado 19 de junio a las 19:00 horas.<\/p>\n<p class=\"x_MsoNormal\">Celebrando el d\u00eda del padre y como segundo concierto,\u00a0<b>Las Cuatro Estaciones de Antonio Vivaldi<\/b>\u00a0a las 13:00 horas, estar\u00e1 a cargo de Antonio Camacho como solista y director invitado, perfecto para hacer planes, asistir a un concierto y disfrutar el domingo en familia.<\/p>\n<p class=\"x_MsoNormal\">El s\u00e1bado 26 y domingo 27 de junio a las 19:00 horas se celebrar\u00e1n los conciertos de Queen pospuestos, las personas que ya tienen los boletos<\/p>\n<p class=\"x_MsoNormal\">Los conciertos pospuestos de Queen sinf\u00f3nico, se llevar\u00e1n a cabo de la siguiente manera:<\/p>\n<p class=\"x_gmail-MsoListParagraphCxSpFirst\">&#8211;\u00a0\u00a0\u00a0\u00a0\u00a0\u00a0\u00a0el s\u00e1bado 26 de junio a las 19 horas, con formato h\u00edbrido (presencial y por streaming), los que tengan boletos fechados para el 14 de noviembre o 24 de abril.<\/p>\n<p class=\"x_gmail-MsoListParagraphCxSpLast\">&#8211;\u00a0\u00a0\u00a0\u00a0\u00a0\u00a0\u00a0el domingo 27 de junio a las 19 horas ser\u00e1n v\u00e1lidos los boletos fechados para el 25 de abril.<\/p>\n<p class=\"x_MsoNormal\">Ante la elevad\u00edsima solicitud del p\u00fablico, La Filarm\u00f3nica de las Artes est\u00e1 feliz de abrir una fecha m\u00e1s, para el concierto de Queen y ser\u00e1 el viernes 25 de junio a las 19:00 horas.<\/p>\n<p class=\"x_MsoNormal\"><span lang=\"ES-MX\">El elenco para Queen sinf\u00f3nico contar\u00e1<\/span><span lang=\"ES-TRAD\">\u00a0con las voces de Brenda Santabalbina, Larissa Urbina, Juan Pablo Ruiz, Daniel P\u00e1ez y Omar Olvera, adem\u00e1s de las instrumentistas Argentina Dur\u00e1n, Viry Vel\u00e1zquez, Bianka Roads, Tania Mora y Yoli Moreno, acompa\u00f1ando la gran interpretaci\u00f3n de Ruby Rex y Prudence como participaci\u00f3n especial, quien fue concursante de La Voz. La Direcci\u00f3n de Escena est\u00e1 a cargo de Omar Olvera y la Producci\u00f3n de Diego Careaga y David Dohi M\u00e1rquez<\/span><\/p>\n<p class=\"x_MsoNormal\">Con estos conciertos nos ponemos \u201ca mano\u201d con el p\u00fablico, quienes esperaron por mucho tiempo las reprogramaciones sorpresivas, y es a trav\u00e9s de este medio que les ofrecemos una disculpa y los esperamos con los brazos abiertos. Asever\u00f3 el director-<\/p>\n<p class=\"x_MsoNormal\">Todos los conciertos se llevar\u00e1n a cabo al aire libre en el Teatro \u00c1ngela Peralta ubicado en la calle Arist\u00f3teles S\/N en el coraz\u00f3n de la Alcald\u00eda Miguel Hidalgo, con un costo de $300, los boletos se pueden adquirir en\u00a0<span lang=\"ES-MX\"><a href=\"http:\/\/www.filarmonicadelasartes.com.mx\/\" target=\"_blank\" rel=\"noopener noreferrer\" data-auth=\"NotApplicable\" data-linkindex=\"0\"><span lang=\"ES\">www.filarmonicadelasartes.com.mx<\/span><\/a><\/span>\u00a0en donde adem\u00e1s, encontrar\u00e1n mayor \u00a0informaci\u00f3n al respecto. Para los que deseen ver el en vivo del concierto del 26 de junio de Queen sinf\u00f3nico por streaming podr\u00e1n adquirir los boletos a trav\u00e9s de la plataforma de\u00a0<a href=\"https:\/\/live.cinepolisklic.com\/\" target=\"_blank\" rel=\"noopener noreferrer\" data-auth=\"NotApplicable\" data-linkindex=\"1\">https:\/\/live.cinepolisklic.com<\/a><\/p>\n<p>[\/fusion_text][fusion_gallery layout=&#8221;&#8221; picture_size=&#8221;&#8221; columns=&#8221;&#8221; column_spacing=&#8221;10&#8243; gallery_masonry_grid_ratio=&#8221;&#8221; gallery_masonry_width_double=&#8221;&#8221; hover_type=&#8221;&#8221; lightbox=&#8221;yes&#8221; lightbox_content=&#8221;&#8221; bordersize=&#8221;&#8221; bordercolor=&#8221;&#8221; border_radius=&#8221;&#8221; hide_on_mobile=&#8221;small-visibility,medium-visibility,large-visibility&#8221; class=&#8221;&#8221; id=&#8221;&#8221;][fusion_gallery_image image=&#8221;https:\/\/www.bitacoracdmx.com\/wp-content\/uploads\/2021\/06\/descargar-55-201&#215;300.png&#8221; image_id=&#8221;40344|medium&#8221; link=&#8221;&#8221; linktarget=&#8221;_self&#8221; \/][fusion_gallery_image image=&#8221;https:\/\/www.bitacoracdmx.com\/wp-content\/uploads\/2021\/06\/descargar-54-195&#215;300.png&#8221; image_id=&#8221;40345|medium&#8221; link=&#8221;&#8221; linktarget=&#8221;_self&#8221; \/][fusion_gallery_image image=&#8221;https:\/\/www.bitacoracdmx.com\/wp-content\/uploads\/2021\/06\/descargar-53-195&#215;300.png&#8221; image_id=&#8221;40346|medium&#8221; link=&#8221;&#8221; linktarget=&#8221;_self&#8221; \/][\/fusion_gallery][\/fusion_builder_column][\/fusion_builder_row][\/fusion_builder_container]<\/p>\n","protected":false},"excerpt":{"rendered":"<p>[fusion_builder_container hundred_percent=&#8221;no&#8221; equal_height_columns=&#8221;no&#8221; menu_anchor=&#8221;&#8221; hide_on_mobile=&#8221;small-visibility,medium-visibility,large-visibility&#8221; class=&#8221;&#8221; id=&#8221;&#8221; background_color=&#8221;&#8221; background_image=&#8221;&#8221; background_position=&#8221;center center&#8221; background_repeat=&#8221;no-repeat&#8221; fade=&#8221;no&#8221; background_parallax=&#8221;none&#8221; parallax_speed=&#8221;0.3&#8243; video_mp4=&#8221;&#8221; video_webm=&#8221;&#8221; video_ogv=&#8221;&#8221; video_url=&#8221;&#8221; video_aspect_ratio=&#8221;16:9&#8243; video_loop=&#8221;yes&#8221; video_mute=&#8221;yes&#8221; overlay_color=&#8221;&#8221; video_preview_image=&#8221;&#8221; border_size=&#8221;&#8221; border_color=&#8221;&#8221; border_style=&#8221;solid&#8221; padding_top=&#8221;&#8221; padding_bottom=&#8221;&#8221; padding_left=&#8221;&#8221; padding_right=&#8221;&#8221;][fusion_builder_row][fusion_builder_column type=&#8221;1_1&#8243; layout=&#8221;1_1&#8243; background_position=&#8221;left top&#8221; background_color=&#8221;&#8221; border_size=&#8221;&#8221; border_color=&#8221;&#8221; border_style=&#8221;solid&#8221; border_position=&#8221;all&#8221; spacing=&#8221;yes&#8221; background_image=&#8221;&#8221; background_repeat=&#8221;no-repeat&#8221; padding_top=&#8221;&#8221; padding_right=&#8221;&#8221; padding_bottom=&#8221;&#8221; padding_left=&#8221;&#8221; margin_top=&#8221;0px&#8221; margin_bottom=&#8221;0px&#8221; class=&#8221;&#8221; id=&#8221;&#8221; animation_type=&#8221;&#8221; animation_speed=&#8221;0.3&#8243; animation_direction=&#8221;left&#8221; hide_on_mobile=&#8221;small-visibility,medium-visibility,large-visibility&#8221; center_content=&#8221;no&#8221; last=&#8221;no&#8221; min_height=&#8221;&#8221; hover_type=&#8221;none&#8221; link=&#8221;&#8221;][fusion_text] REDACCI\u00d3N \u00b7 El marat\u00f3n de conciertos \u201cLa Filarm\u00f3nica es para todos\u201d se llevar\u00e1 a cabo en el mes de junio \u00b7 La Filarm\u00f3nica de las Artes se pone a mano con su p\u00fablico Tras casi 14 meses abajo del escenario [&hellip;]<\/p>\n","protected":false},"author":1,"featured_media":40345,"comment_status":"open","ping_status":"open","sticky":false,"template":"","format":"standard","meta":{"footnotes":""},"categories":[9,11],"tags":[],"_links":{"self":[{"href":"https:\/\/www.bitacoracdmx.com\/index.php?rest_route=\/wp\/v2\/posts\/40343"}],"collection":[{"href":"https:\/\/www.bitacoracdmx.com\/index.php?rest_route=\/wp\/v2\/posts"}],"about":[{"href":"https:\/\/www.bitacoracdmx.com\/index.php?rest_route=\/wp\/v2\/types\/post"}],"author":[{"embeddable":true,"href":"https:\/\/www.bitacoracdmx.com\/index.php?rest_route=\/wp\/v2\/users\/1"}],"replies":[{"embeddable":true,"href":"https:\/\/www.bitacoracdmx.com\/index.php?rest_route=%2Fwp%2Fv2%2Fcomments&post=40343"}],"version-history":[{"count":1,"href":"https:\/\/www.bitacoracdmx.com\/index.php?rest_route=\/wp\/v2\/posts\/40343\/revisions"}],"predecessor-version":[{"id":40348,"href":"https:\/\/www.bitacoracdmx.com\/index.php?rest_route=\/wp\/v2\/posts\/40343\/revisions\/40348"}],"wp:featuredmedia":[{"embeddable":true,"href":"https:\/\/www.bitacoracdmx.com\/index.php?rest_route=\/wp\/v2\/media\/40345"}],"wp:attachment":[{"href":"https:\/\/www.bitacoracdmx.com\/index.php?rest_route=%2Fwp%2Fv2%2Fmedia&parent=40343"}],"wp:term":[{"taxonomy":"category","embeddable":true,"href":"https:\/\/www.bitacoracdmx.com\/index.php?rest_route=%2Fwp%2Fv2%2Fcategories&post=40343"},{"taxonomy":"post_tag","embeddable":true,"href":"https:\/\/www.bitacoracdmx.com\/index.php?rest_route=%2Fwp%2Fv2%2Ftags&post=40343"}],"curies":[{"name":"wp","href":"https:\/\/api.w.org\/{rel}","templated":true}]}}