{"id":40476,"date":"2021-06-10T00:05:28","date_gmt":"2021-06-10T00:05:28","guid":{"rendered":"https:\/\/www.bitacoracdmx.com\/?p=40476"},"modified":"2021-06-10T00:05:28","modified_gmt":"2021-06-10T00:05:28","slug":"el-reconocido-cantante-venezolano-eleazar-mora-triunfa-con-su-sencillo-tributo-a-los-inmigrantes-un-beso-y-una-flor-en-homenaje-a-nno-bravo","status":"publish","type":"post","link":"https:\/\/www.bitacoracdmx.com\/?p=40476","title":{"rendered":"El reconocido cantante venezolano ELEAZAR MORA triunfa con su sencillo tributo a los inmigrantes \u201cUN BESO Y UNA FLOR\u201d en homenaje a NNO BRAVO."},"content":{"rendered":"<p>[fusion_builder_container hundred_percent=&#8221;no&#8221; equal_height_columns=&#8221;no&#8221; menu_anchor=&#8221;&#8221; hide_on_mobile=&#8221;small-visibility,medium-visibility,large-visibility&#8221; class=&#8221;&#8221; id=&#8221;&#8221; background_color=&#8221;&#8221; background_image=&#8221;&#8221; background_position=&#8221;center center&#8221; background_repeat=&#8221;no-repeat&#8221; fade=&#8221;no&#8221; background_parallax=&#8221;none&#8221; parallax_speed=&#8221;0.3&#8243; video_mp4=&#8221;&#8221; video_webm=&#8221;&#8221; video_ogv=&#8221;&#8221; video_url=&#8221;&#8221; video_aspect_ratio=&#8221;16:9&#8243; video_loop=&#8221;yes&#8221; video_mute=&#8221;yes&#8221; overlay_color=&#8221;&#8221; video_preview_image=&#8221;&#8221; border_size=&#8221;&#8221; border_color=&#8221;&#8221; border_style=&#8221;solid&#8221; padding_top=&#8221;&#8221; padding_bottom=&#8221;&#8221; padding_left=&#8221;&#8221; padding_right=&#8221;&#8221;][fusion_builder_row][fusion_builder_column type=&#8221;1_1&#8243; layout=&#8221;1_1&#8243; background_position=&#8221;left top&#8221; background_color=&#8221;&#8221; border_size=&#8221;&#8221; border_color=&#8221;&#8221; border_style=&#8221;solid&#8221; border_position=&#8221;all&#8221; spacing=&#8221;yes&#8221; background_image=&#8221;&#8221; background_repeat=&#8221;no-repeat&#8221; padding_top=&#8221;&#8221; padding_right=&#8221;&#8221; padding_bottom=&#8221;&#8221; padding_left=&#8221;&#8221; margin_top=&#8221;0px&#8221; margin_bottom=&#8221;0px&#8221; class=&#8221;&#8221; id=&#8221;&#8221; animation_type=&#8221;&#8221; animation_speed=&#8221;0.3&#8243; animation_direction=&#8221;left&#8221; hide_on_mobile=&#8221;small-visibility,medium-visibility,large-visibility&#8221; center_content=&#8221;no&#8221; last=&#8221;no&#8221; min_height=&#8221;&#8221; hover_type=&#8221;none&#8221; link=&#8221;&#8221;][fusion_text]<\/p>\n<p>REDACCI\u00d3N<\/p>\n<p><b>\u201cDejar\u00e9 mi tierra por ti, dejar\u00e9 mis campos y me ir\u00e9 lejos de aqu\u00ed. Cruzar\u00e9 llorando el jard\u00edn y con tus recuerdos partir\u00e9 lejos de aqu\u00ed\u2026\u201d\u00a0 Con un sencillo y sentido videoclip, el cantante venezolano Eleazar Mora estren\u00f3 en d\u00edas pasados su nuevo sencillo \u201cUn beso y una flor\u201d, video que muy pronto super\u00f3 el mill\u00f3n de vistas en el canal de Youtube del artista.<\/b><\/p>\n<p><b>\u201cInmortalizada por uno de mis \u00eddolos, Nino Bravo, la canci\u00f3n \u201cUn beso y una flor\u201d es una de las composiciones en espa\u00f1ol m\u00e1s cantadas en los \u00faltimos cincuenta a\u00f1os. Su hermosa letra me inspir\u00f3 a honrar a quienes han\u00a0\u00a0 emigrado de su pa\u00eds natal. Por eso este video producido por One Movie, One Film muestra la historia de una joven violinista, representada por la talentosa Mar\u00eda Sof\u00eda Alvarado, que se prepara para desplegar su talento en otras\u00a0 tierras\u201d, comenta Mora.<\/b><\/p>\n<p><b>Conocido por su serie de tributos discogr\u00e1ficos a Javier Sol\u00eds, Sim\u00f3n D\u00edaz, as\u00ed como por los discos \u201cVenezuela habla cantando\u201d y &#8220;Bella Italia\u201d, entre otros, en su trayectoria como solista Eleazar Mora ha editado seis discos que le han merecido numerosos reconocimientos de la industria musical en todo el planeta.<\/b><\/p>\n<p><b>Incansable, el cantante nacido en Caracas, en enero de este 2021 gan\u00f3 Medalla de Plata en la categor\u00eda Mejor vocalista masculino de los Global Music Awards por el \u00e1lbum \u201cNino Bravo: una orquesta y una voz\u201d, adicionalmente en 2020 conquist\u00f3 el \u201cMara de Diamante\u201d, dos Premio Platino Video De Cristal en el Festival de Video Hispano por \u201cVivir\u201d y \u201cAm\u00e9rica\u201d, un Disco de Platino en el Festival de la Canci\u00f3n Latinoamericana de California por el single \u201cVivir\u201d, un Festivegas de Platino por el tema \u201cAm\u00e9rica\u201d, Medalla de Plata en los Global Music Awards por la canci\u00f3n \u201cGema\u201d y una nominaci\u00f3n en el 18th Independent Music Awards por el disco \u201cJavier Sol\u00eds, Una Orquesta y Una Voz\u201d.<\/b><\/p>\n<p><b>Mora, quien empez\u00f3 su carrera musical en sus a\u00f1os universitarios, retom\u00f3 su pasi\u00f3n luego de varios a\u00f1os dedicado a sus negocios como empresario. \u201cLa m\u00eda es una historia inspiradora. No tengo miedo al paso del tiempo, porque nunca es tarde para lograr los objetivos, uno de ellos, seguir cantando y enalteciendo a \u00edconos de este arte, para el disfrute de mi p\u00fablico amante de la buena m\u00fasica\u201d, afirma quien, actualmente, complementa su pasi\u00f3n con su formaci\u00f3n como alumno del Master of Arts in Music Business en el prestigioso Berklee College of Music de Boston.<\/b><\/p>\n<p><b>Adem\u00e1s de \u201cUn beso y una flor\u201d, tercer promocional del disco \u201cNino Bravo, una orquesta y una voz\u201d, su m\u00e1s reciente placa discogr\u00e1fica lanzada internacionalmente en octubre de 2020, el tenor interpreta grandes \u00e9xitos del recordado cantante espa\u00f1ol como \u201cLibre\u201d, \u201cNoelia\u201d, \u201cCambiar\u00e1s\u201d, \u201cTe Quiero\u201d, \u201cMis noches sin ti\u201d, \u201cCartas Amarillas\u201d, \u201c\u00bfTe acuerdas Mar\u00eda?\u201d, \u201cAm\u00e9rica\u201d, \u201cYo no s\u00e9 porqu\u00e9 esta melod\u00eda\u201d y \u201cVivir\u201d, que mantienen la frescura y magnetismo que cautiv\u00f3 al p\u00fablico hace ya m\u00e1s de cuarenta a\u00f1os.<\/b><\/p>\n<p><b>Con la participaci\u00f3n de m\u00e1s de 30 m\u00fasicos sinf\u00f3nicos, los arreglos, direcci\u00f3n y producci\u00f3n musical de este trabajo a cargo del maestro Pedro Mauricio Gonz\u00e1lez, quien tambi\u00e9n toc\u00f3 el piano y el bajo, se trata de uno de los discos m\u00e1s importantes de su trayectoria. Adem\u00e1s, Tom\u00e1s Cardona Rodr\u00edguez, en la grabaci\u00f3n; Keith Morrison, en el registro de voz, edici\u00f3n y mezcla, Manny P\u00e9rez en el coaching vocal y Michael Fuller en la masterizaci\u00f3n completan el equipo.<\/b><\/p>\n<p><b>\u201cUn beso y una flor\u201d est\u00e1 disponible en YouTube y en las principales plataformas digitales.<\/b><\/p>\n<p><b>S\u00cdGUELO Y ESC\u00daCHALO EN SUS REDES SOCIALES:<\/b><\/p>\n<p class=\"x_MsoNormal\"><b>Spotify:\u00a0<a href=\"https:\/\/open.spotify.com\/album\/3WujPb9GgQHH5egownUaLd?si=KmB_Z-xJQDWTL1qishtV5Q&amp;dl_branch=1\" target=\"_blank\" rel=\"noopener noreferrer\" data-auth=\"NotApplicable\" data-linkindex=\"3\">https:\/\/open.spotify.com\/album\/3WujPb9GgQHH5egownUaLd?si=KmB_Z-xJQDWTL1qishtV5Q&amp;dl_branch=1<\/a><\/b><\/p>\n<p class=\"x_MsoNormal\"><b>Youtube:\u00a0<a href=\"https:\/\/www.youtube.com\/watch?v=952QBLgMXsk\" target=\"_blank\" rel=\"noopener noreferrer\" data-auth=\"NotApplicable\" data-linkindex=\"4\">https:\/\/www.youtube.com\/watch?v=952QBLgMXsk<\/a><\/b><\/p>\n<p class=\"x_MsoNormal\"><b>Instagram:\u00a0<a href=\"https:\/\/www.instagram.com\/eleazarmora\/\" target=\"_blank\" rel=\"noopener noreferrer\" data-auth=\"NotApplicable\" data-linkindex=\"5\">https:\/\/www.instagram.com\/eleazarmora\/<\/a>\u00a0<\/b><\/p>\n<p>[\/fusion_text][fusion_imageframe image_id=&#8221;40477|medium&#8221; max_width=&#8221;&#8221; style_type=&#8221;&#8221; blur=&#8221;&#8221; stylecolor=&#8221;&#8221; hover_type=&#8221;none&#8221; bordersize=&#8221;&#8221; bordercolor=&#8221;&#8221; borderradius=&#8221;&#8221; align=&#8221;none&#8221; lightbox=&#8221;no&#8221; gallery_id=&#8221;&#8221; lightbox_image=&#8221;&#8221; lightbox_image_id=&#8221;&#8221; alt=&#8221;&#8221; link=&#8221;&#8221; linktarget=&#8221;_self&#8221; hide_on_mobile=&#8221;small-visibility,medium-visibility,large-visibility&#8221; class=&#8221;&#8221; id=&#8221;&#8221; animation_type=&#8221;&#8221; animation_direction=&#8221;left&#8221; animation_speed=&#8221;0.3&#8243; animation_offset=&#8221;&#8221;]https:\/\/www.bitacoracdmx.com\/wp-content\/uploads\/2021\/06\/ELEAZAR-MORA-JUN-2021-COVER-300&#215;300.jpg[\/fusion_imageframe][\/fusion_builder_column][\/fusion_builder_row][\/fusion_builder_container]<\/p>\n","protected":false},"excerpt":{"rendered":"<p>[fusion_builder_container hundred_percent=&#8221;no&#8221; equal_height_columns=&#8221;no&#8221; menu_anchor=&#8221;&#8221; hide_on_mobile=&#8221;small-visibility,medium-visibility,large-visibility&#8221; class=&#8221;&#8221; id=&#8221;&#8221; background_color=&#8221;&#8221; background_image=&#8221;&#8221; background_position=&#8221;center center&#8221; background_repeat=&#8221;no-repeat&#8221; fade=&#8221;no&#8221; background_parallax=&#8221;none&#8221; parallax_speed=&#8221;0.3&#8243; video_mp4=&#8221;&#8221; video_webm=&#8221;&#8221; video_ogv=&#8221;&#8221; video_url=&#8221;&#8221; video_aspect_ratio=&#8221;16:9&#8243; video_loop=&#8221;yes&#8221; video_mute=&#8221;yes&#8221; overlay_color=&#8221;&#8221; video_preview_image=&#8221;&#8221; border_size=&#8221;&#8221; border_color=&#8221;&#8221; border_style=&#8221;solid&#8221; padding_top=&#8221;&#8221; padding_bottom=&#8221;&#8221; padding_left=&#8221;&#8221; padding_right=&#8221;&#8221;][fusion_builder_row][fusion_builder_column type=&#8221;1_1&#8243; layout=&#8221;1_1&#8243; background_position=&#8221;left top&#8221; background_color=&#8221;&#8221; border_size=&#8221;&#8221; border_color=&#8221;&#8221; border_style=&#8221;solid&#8221; border_position=&#8221;all&#8221; spacing=&#8221;yes&#8221; background_image=&#8221;&#8221; background_repeat=&#8221;no-repeat&#8221; padding_top=&#8221;&#8221; padding_right=&#8221;&#8221; padding_bottom=&#8221;&#8221; padding_left=&#8221;&#8221; margin_top=&#8221;0px&#8221; margin_bottom=&#8221;0px&#8221; class=&#8221;&#8221; id=&#8221;&#8221; animation_type=&#8221;&#8221; animation_speed=&#8221;0.3&#8243; animation_direction=&#8221;left&#8221; hide_on_mobile=&#8221;small-visibility,medium-visibility,large-visibility&#8221; center_content=&#8221;no&#8221; last=&#8221;no&#8221; min_height=&#8221;&#8221; hover_type=&#8221;none&#8221; link=&#8221;&#8221;][fusion_text] REDACCI\u00d3N \u201cDejar\u00e9 mi tierra por ti, dejar\u00e9 mis campos y me ir\u00e9 lejos de aqu\u00ed. Cruzar\u00e9 llorando el jard\u00edn y con tus recuerdos partir\u00e9 lejos de aqu\u00ed\u2026\u201d\u00a0 Con un sencillo y sentido videoclip, el cantante venezolano Eleazar Mora estren\u00f3 en [&hellip;]<\/p>\n","protected":false},"author":1,"featured_media":40477,"comment_status":"open","ping_status":"open","sticky":false,"template":"","format":"standard","meta":{"footnotes":""},"categories":[9,11],"tags":[],"_links":{"self":[{"href":"https:\/\/www.bitacoracdmx.com\/index.php?rest_route=\/wp\/v2\/posts\/40476"}],"collection":[{"href":"https:\/\/www.bitacoracdmx.com\/index.php?rest_route=\/wp\/v2\/posts"}],"about":[{"href":"https:\/\/www.bitacoracdmx.com\/index.php?rest_route=\/wp\/v2\/types\/post"}],"author":[{"embeddable":true,"href":"https:\/\/www.bitacoracdmx.com\/index.php?rest_route=\/wp\/v2\/users\/1"}],"replies":[{"embeddable":true,"href":"https:\/\/www.bitacoracdmx.com\/index.php?rest_route=%2Fwp%2Fv2%2Fcomments&post=40476"}],"version-history":[{"count":1,"href":"https:\/\/www.bitacoracdmx.com\/index.php?rest_route=\/wp\/v2\/posts\/40476\/revisions"}],"predecessor-version":[{"id":40478,"href":"https:\/\/www.bitacoracdmx.com\/index.php?rest_route=\/wp\/v2\/posts\/40476\/revisions\/40478"}],"wp:featuredmedia":[{"embeddable":true,"href":"https:\/\/www.bitacoracdmx.com\/index.php?rest_route=\/wp\/v2\/media\/40477"}],"wp:attachment":[{"href":"https:\/\/www.bitacoracdmx.com\/index.php?rest_route=%2Fwp%2Fv2%2Fmedia&parent=40476"}],"wp:term":[{"taxonomy":"category","embeddable":true,"href":"https:\/\/www.bitacoracdmx.com\/index.php?rest_route=%2Fwp%2Fv2%2Fcategories&post=40476"},{"taxonomy":"post_tag","embeddable":true,"href":"https:\/\/www.bitacoracdmx.com\/index.php?rest_route=%2Fwp%2Fv2%2Ftags&post=40476"}],"curies":[{"name":"wp","href":"https:\/\/api.w.org\/{rel}","templated":true}]}}