{"id":40479,"date":"2021-06-10T00:10:52","date_gmt":"2021-06-10T00:10:52","guid":{"rendered":"https:\/\/www.bitacoracdmx.com\/?p=40479"},"modified":"2021-06-10T00:10:52","modified_gmt":"2021-06-10T00:10:52","slug":"novo-un-closet-de-cristal-cortado-hara-breve-temporada-en-el-teatro-benito-juarez","status":"publish","type":"post","link":"https:\/\/www.bitacoracdmx.com\/?p=40479","title":{"rendered":"NOVO, UN CLOSET DE CRISTAL CORTADO har\u00e1 breve temporada en el TEATRO BENITO JU\u00c1REZ."},"content":{"rendered":"<p>[fusion_builder_container hundred_percent=&#8221;no&#8221; equal_height_columns=&#8221;no&#8221; menu_anchor=&#8221;&#8221; hide_on_mobile=&#8221;small-visibility,medium-visibility,large-visibility&#8221; class=&#8221;&#8221; id=&#8221;&#8221; background_color=&#8221;&#8221; background_image=&#8221;&#8221; background_position=&#8221;center center&#8221; background_repeat=&#8221;no-repeat&#8221; fade=&#8221;no&#8221; background_parallax=&#8221;none&#8221; parallax_speed=&#8221;0.3&#8243; video_mp4=&#8221;&#8221; video_webm=&#8221;&#8221; video_ogv=&#8221;&#8221; video_url=&#8221;&#8221; video_aspect_ratio=&#8221;16:9&#8243; video_loop=&#8221;yes&#8221; video_mute=&#8221;yes&#8221; overlay_color=&#8221;&#8221; video_preview_image=&#8221;&#8221; border_size=&#8221;&#8221; border_color=&#8221;&#8221; border_style=&#8221;solid&#8221; padding_top=&#8221;&#8221; padding_bottom=&#8221;&#8221; padding_left=&#8221;&#8221; padding_right=&#8221;&#8221;][fusion_builder_row][fusion_builder_column type=&#8221;1_1&#8243; layout=&#8221;1_1&#8243; background_position=&#8221;left top&#8221; background_color=&#8221;&#8221; border_size=&#8221;&#8221; border_color=&#8221;&#8221; border_style=&#8221;solid&#8221; border_position=&#8221;all&#8221; spacing=&#8221;yes&#8221; background_image=&#8221;&#8221; background_repeat=&#8221;no-repeat&#8221; padding_top=&#8221;&#8221; padding_right=&#8221;&#8221; padding_bottom=&#8221;&#8221; padding_left=&#8221;&#8221; margin_top=&#8221;0px&#8221; margin_bottom=&#8221;0px&#8221; class=&#8221;&#8221; id=&#8221;&#8221; animation_type=&#8221;&#8221; animation_speed=&#8221;0.3&#8243; animation_direction=&#8221;left&#8221; hide_on_mobile=&#8221;small-visibility,medium-visibility,large-visibility&#8221; center_content=&#8221;no&#8221; last=&#8221;no&#8221; min_height=&#8221;&#8221; hover_type=&#8221;none&#8221; link=&#8221;&#8221;][fusion_text]<\/p>\n<p>REDACCI\u00d3N<\/p>\n<p class=\"x_gmail-MsoListParagraph\"><span lang=\"ES-TRAD\">\u00b7 <\/span><span lang=\"ES-TRAD\">Con actuaci\u00f3n de Gerardo Gonz\u00e1lez, la obra de Alejandro Rom\u00e1n se escenificar\u00e1 del 17 al 27 de junio en el recinto de la Secretar\u00eda de Cultura de la Ciudad de M\u00e9xico, de jueves a domingo; dirige Guillermo Navarro.<\/span><\/p>\n<p class=\"x_MsoNormal\"><span lang=\"ES-TRAD\">En el marco del ciclo\u00a0<b><i>Entre lenchas, vestidas y musculocas 2021<\/i><\/b>, r<\/span><span lang=\"ES-TRAD\">egresa al escenario la puesta en escena\u00a0<b><i>Novo, un closet de cristal cortado<\/i><\/b>, escrita por el dramaturgo\u00a0<\/span><span lang=\"ES-TRAD\">mexicano Alejandro Rom\u00e1n, bajo la direcci\u00f3n de escena de Guillermo Navarro y la actuaci\u00f3n del actor Gerardo Gonz\u00e1lez en el papel del escritor Salvador Novo.<\/span><\/p>\n<p class=\"x_MsoNormal\"><span lang=\"ES-TRAD\">La puesta en escena se presenta del 17 al 27 de junio en el\u00a0<b>Teatro Benito Ju\u00e1rez<\/b>\u00a0de la\u00a0<b>Secretar\u00eda de Cultura de la Ciudad de M\u00e9xico<\/b>. En el montaje se realiza un viaje por la vida y la intimidad del destacado escritor e intelectual mexicano Salvador Novo (Ciudad de M\u00e9xico, 1904-1974), para conocer su excepcionalmente sofisticado, refinado y exc\u00e9ntrico estilo de vida a lo largo del siglo XX.<\/span><\/p>\n<p class=\"x_MsoNormal\"><span lang=\"ES-TRAD\">Abordada en forma de mon\u00f3logo, en la pieza se detonan tres determinantes momentos de la vida del poeta, tres instantes en el que la fiebre es el puente entre su infancia en Torre\u00f3n, Coahuila, su juventud en Buenos Aires, Argentina \u2013donde conoce al poeta espa\u00f1ol Federico Garc\u00eda Lorca\u2013 y su ag\u00f3nico lecho postrero del Hospital General en la Ciudad de M\u00e9xico.<\/span><\/p>\n<p class=\"x_MsoNormal\"><span lang=\"ES-TRAD\">A trav\u00e9s de la versatilidad y dominio de la escena, eel actor Gerardo Gonz\u00e1lez encarna a un Salvador Novo narrador y atemporal, entre Eros y T\u00e1natos, que se encarga de trazar las estampas de los\u00a0<i>Novos<\/i>, de los diversos\u00a0<i>yoes<\/i>\u00a0que conviven en \u00e9l que comparten el mismo cuerpo, la misma carne, pero no siempre el mismo car\u00e1cter.<\/span><\/p>\n<p class=\"x_MsoNormal\"><span lang=\"ES-TRAD\">La propuesta teatral hace un acercamiento a sus andanzas en la capital mexicana de los a\u00f1os veinte y las diferencias con sus contempor\u00e1neos que, entre carne, exc\u00e9ntrico dandismo, poes\u00eda y sagaz iron\u00eda, constru\u00edan su propia leyenda, dice el director de escena.<\/span><\/p>\n<p class=\"x_MsoNormal\"><span lang=\"ES-TRAD\">\u201cSe ha dicho tanto de Novo que no es f\u00e1cil intentar una reconstrucci\u00f3n de \u00e9l sin parecer mera repetici\u00f3n de sus palabras\u201d, reflexiona Navarro. \u201cLa obra pinta bocetos \u00edntimos de instantes reveladores que ayudan a la construcci\u00f3n de una hipot\u00e9tica f\u00e1bula de esa\u00a0<i>estatua de sal<\/i>\u00a0que erigiera para s\u00ed el propio Salvador Novo\u201d, dice el director de escena.<\/span><\/p>\n<p class=\"x_MsoNormal\"><span lang=\"ES-TRAD\">En este sistema narrativo, las realidades de los tres Novos se yuxtaponen en tiempos simult\u00e1neos que van y vienen entre s\u00ed, hacen un\u00a0<i>zoom\u00a0<\/i>a su despertar sexual, a la Revoluci\u00f3n Mexicana y a su regreso y andanzas a la Ciudad de M\u00e9xico de los a\u00f1os veinte; indagan en su relaci\u00f3n con el tambi\u00e9n poeta Xavier Villaurrutia, con los choferes, los cadetes, la comunidad gay y sus rivalidades intelectuales.<\/span><\/p>\n<p class=\"x_MsoNormal\"><span lang=\"ES-TRAD\">En la agon\u00eda de su vida, se presenta a un Novo que sue\u00f1a su encuentro con Garc\u00eda Lorca en Buenos Aires, un hecho que marc\u00f3 su vida y obra literaria. Adem\u00e1s, se atisba en su relaci\u00f3n con la pol\u00edtica y el Movimiento del 68, pero tambi\u00e9n con la cocina mexicana y el teatro como parte de su banquete de virtudes.<\/span><\/p>\n<p class=\"x_MsoNormal\"><span lang=\"ES-TRAD\">Luego de m\u00e1s de un a\u00f1o de \u00e9xito y de un confinamiento de un a\u00f1o, la obra\u00a0<b><i>Novo, un closet de cristal cortado<\/i><\/b>\u00a0volver\u00e1 al escenario de manera presencial. Al respecto, Alejandro Rom\u00e1n, autor de la obra, parafrasea al poeta Constantino Cavafis y se\u00f1ala: \u201c\u00cdtaca por fin ante nosotros&#8230; se vislumbra cercana la luz al final del t\u00fanel&#8230;\u201d.<\/span><\/p>\n<p class=\"x_MsoNormal\"><span lang=\"ES-TRAD\">Luego dice: \u201cRegresamos a nuestro puerto, el teatro; a nuestra casa, la escena. Sobrevivimos y renaceremos en \u00cdtaca tras este largo viaje. Nos vemos todes en junio en el teatro, entre tanto conserv\u00e9monos vivos, Guillermo Navarro y Gerardo Gonz\u00e1lez, viajeros heroicos de esta Nao llamada\u00a0<i>Novo, un cl\u00f3set de cristal cortado<\/i>&#8230;\u201d.<\/span><\/p>\n<p class=\"x_MsoNormal\"><span lang=\"ES-TRAD\">Adem\u00e1s del actor Gerardo Gonz\u00e1lez, quien celebra 40 a\u00f1os de actividad art\u00edstica, en la obra participan Francisco Hern\u00e1ndez como Lorca y Carlos Andr\u00e9s Estrada tocando el viol\u00edn. El espacio esc\u00e9nico lo hace Teatro La EME, la iluminaci\u00f3n es de Enrique Medina, el vestuario de Guillermo Navarro y el video mapping de Yoatzin Balbuena. La producci\u00f3n es de Gerardo Gonz\u00e1lez y Ana Kupfer y la producci\u00f3n ejecutiva de Janett Land\u00edn.<\/span><\/p>\n<p class=\"x_MsoNormal\"><span lang=\"ES-TRAD\">Adem\u00e1s, participan en la lectura de poemas Pilar Boliver, Pablo Perroni, Guillermo Navarro, Ana Kupfer, Luis Miguel Lombana, Jos\u00e9 Daniel Figueroa, Susana Zavaleta, Quecho Mu\u00f1oz, Fernando Canek, Benjam\u00edn Cann, Freddy Ortega, Morris Gilbert, Ulises de la Torre y Federico Di Lorenzo.<\/span><\/p>\n<p class=\"x_MsoNormal\"><span lang=\"ES-TRAD\">Surgido en 2017, el\u00a0<i>ciclo\u00a0<b>Entre lenchas, vestidas y musculocas<\/b><\/i>\u00a0(\u00fanico en su tipo en la Rep\u00fablica Mexicana) visualiza, desde las artes esc\u00e9nicas, el amplio abanico de propuestas que hablan sobre identidad, respeto, tolerancia, inclusi\u00f3n y aceptaci\u00f3n para dar cabida a todas las voces.<\/span><\/p>\n<p class=\"x_MsoNormal\"><b><i><span lang=\"ES-TRAD\">Novo, un closet de cristal cortado<\/span><\/i><\/b><span lang=\"ES-TRAD\">\u00a0se escenificar\u00e1\u00a0<b>del 17 al 27 de junio<\/b>\u00a0en el\u00a0<b>Teatro Benito Ju\u00e1rez<\/b>\u00a0(Villalong\u00edn 15, colonia Cuauht\u00e9moc) los\u00a0<b>jueves, viernes y s\u00e1bados a las 19:00\u00a0<\/b>y\u00a0<b>domingos a las 18:00 horas<\/b>,\u00a0<\/span><span lang=\"ES-TRAD\">con las\u00a0<\/span><span lang=\"ES-TRAD\">disposiciones del sem\u00e1foro epidemiol\u00f3gico vigente.<\/span><\/p>\n<p class=\"x_MsoNormal\"><span lang=\"ES-TRAD\">El aforo\u00a0 al recinto es del 40 por ciento y tanto el personal como el elenco, as\u00ed como los asistentes est\u00e1n obligados a atender las medidas sanitarias para prevenir el contagio y la propagaci\u00f3n de la Covid-19.<\/span><\/p>\n<p class=\"x_MsoNormal\"><span lang=\"ES-TRAD\">La venta de boletos est\u00e1 disponible en la taquilla del recinto y en Ticketmaster. La programaci\u00f3n del Sistema de Teatros se puede consultar en sus redes sociales en Facebook @TeatrosCdMexico, Twitter @TeatrosCdMexico y en Instagram @teatroscdmexico.<\/span><\/p>\n<p class=\"x_MsoNormal\"><span lang=\"ES-TRAD\">La oferta en l\u00ednea de la Secretar\u00eda de Cultura de la Ciudad de M\u00e9xico se puede conocer a trav\u00e9s de su p\u00e1gina oficial (<\/span><span lang=\"EN-US\"><a href=\"https:\/\/cultura.cdmx.gob.mx\/\" target=\"_blank\" rel=\"noopener noreferrer\" data-auth=\"NotApplicable\" data-linkindex=\"1\"><span lang=\"ES-TRAD\">https:\/\/cultura.cdmx.gob.mx\/<\/span><\/a><\/span><span lang=\"ES-TRAD\">), sus redes sociales (<\/span><span lang=\"EN-US\"><a href=\"https:\/\/www.facebook.com\/Cultura.Ciudad.de.Mexico\" target=\"_blank\" rel=\"noopener noreferrer\" data-auth=\"NotApplicable\" data-linkindex=\"2\"><span lang=\"ES-TRAD\">Facebook<\/span><\/a><\/span><span lang=\"ES-TRAD\">,\u00a0<\/span><span lang=\"EN-US\"><a href=\"https:\/\/twitter.com\/CulturaCiudadMx\" target=\"_blank\" rel=\"noopener noreferrer\" data-auth=\"NotApplicable\" data-linkindex=\"3\"><span lang=\"ES-TRAD\">Twitter<\/span><\/a><\/span><span lang=\"ES-TRAD\">,\u00a0<\/span><span lang=\"EN-US\"><a href=\"https:\/\/www.instagram.com\/culturaciudadmx\/?hl=es-la\" target=\"_blank\" rel=\"noopener noreferrer\" data-auth=\"NotApplicable\" data-linkindex=\"4\"><span lang=\"ES-TRAD\">Instagram<\/span><\/a><\/span><span lang=\"ES-TRAD\">\u00a0y\u00a0<\/span><span lang=\"EN-US\"><a href=\"https:\/\/www.youtube.com\/user\/culturamadf\" target=\"_blank\" rel=\"noopener noreferrer\" data-auth=\"NotApplicable\" data-linkindex=\"5\"><span lang=\"ES-TRAD\">YouTube<\/span><\/a><\/span><span lang=\"ES-TRAD\">) y en la plataforma digital\u00a0<\/span><span lang=\"EN-US\"><a href=\"http:\/\/www.capitalculturalennuestracasa.cdmx.gob.mx\/\" target=\"_blank\" rel=\"noopener noreferrer\" data-auth=\"NotApplicable\" data-linkindex=\"6\"><span lang=\"ES-TRAD\">Capital Cultural en Nuestra Casa<\/span><\/a><\/span><span lang=\"ES-TRAD\">.<\/span><\/p>\n<p class=\"x_gmail-Normal2\"><i><span lang=\"ES-TRAD\">Este programa es de car\u00e1cter p\u00fablico, no es patrocinado ni promovido por partido pol\u00edtico alguno y sus recursos provienen de los impuestos que pagan todos los contribuyentes. Est\u00e1 prohibido el uso de este programa con fines pol\u00edticos, electorales, de lucro y otros distintos a los establecidos.<\/span><\/i><\/p>\n<p class=\"x_gmail-Normal2\"><span lang=\"ES-TRAD\">\u00a0<\/span><\/p>\n<p>[\/fusion_text][fusion_imageframe image_id=&#8221;40480|medium&#8221; max_width=&#8221;&#8221; style_type=&#8221;&#8221; blur=&#8221;&#8221; stylecolor=&#8221;&#8221; hover_type=&#8221;none&#8221; bordersize=&#8221;&#8221; bordercolor=&#8221;&#8221; borderradius=&#8221;&#8221; align=&#8221;none&#8221; lightbox=&#8221;no&#8221; gallery_id=&#8221;&#8221; lightbox_image=&#8221;&#8221; lightbox_image_id=&#8221;&#8221; alt=&#8221;&#8221; link=&#8221;&#8221; linktarget=&#8221;_self&#8221; hide_on_mobile=&#8221;small-visibility,medium-visibility,large-visibility&#8221; class=&#8221;&#8221; id=&#8221;&#8221; animation_type=&#8221;&#8221; animation_direction=&#8221;left&#8221; animation_speed=&#8221;0.3&#8243; animation_offset=&#8221;&#8221;]https:\/\/www.bitacoracdmx.com\/wp-content\/uploads\/2021\/06\/NOVO-ECARD-2021-01-250&#215;300.jpg[\/fusion_imageframe][\/fusion_builder_column][\/fusion_builder_row][\/fusion_builder_container]<\/p>\n","protected":false},"excerpt":{"rendered":"<p>[fusion_builder_container hundred_percent=&#8221;no&#8221; equal_height_columns=&#8221;no&#8221; menu_anchor=&#8221;&#8221; hide_on_mobile=&#8221;small-visibility,medium-visibility,large-visibility&#8221; class=&#8221;&#8221; id=&#8221;&#8221; background_color=&#8221;&#8221; background_image=&#8221;&#8221; background_position=&#8221;center center&#8221; background_repeat=&#8221;no-repeat&#8221; fade=&#8221;no&#8221; background_parallax=&#8221;none&#8221; parallax_speed=&#8221;0.3&#8243; video_mp4=&#8221;&#8221; video_webm=&#8221;&#8221; video_ogv=&#8221;&#8221; video_url=&#8221;&#8221; video_aspect_ratio=&#8221;16:9&#8243; video_loop=&#8221;yes&#8221; video_mute=&#8221;yes&#8221; overlay_color=&#8221;&#8221; video_preview_image=&#8221;&#8221; border_size=&#8221;&#8221; border_color=&#8221;&#8221; border_style=&#8221;solid&#8221; padding_top=&#8221;&#8221; padding_bottom=&#8221;&#8221; padding_left=&#8221;&#8221; padding_right=&#8221;&#8221;][fusion_builder_row][fusion_builder_column type=&#8221;1_1&#8243; layout=&#8221;1_1&#8243; background_position=&#8221;left top&#8221; background_color=&#8221;&#8221; border_size=&#8221;&#8221; border_color=&#8221;&#8221; border_style=&#8221;solid&#8221; border_position=&#8221;all&#8221; spacing=&#8221;yes&#8221; background_image=&#8221;&#8221; background_repeat=&#8221;no-repeat&#8221; padding_top=&#8221;&#8221; padding_right=&#8221;&#8221; padding_bottom=&#8221;&#8221; padding_left=&#8221;&#8221; margin_top=&#8221;0px&#8221; margin_bottom=&#8221;0px&#8221; class=&#8221;&#8221; id=&#8221;&#8221; animation_type=&#8221;&#8221; animation_speed=&#8221;0.3&#8243; animation_direction=&#8221;left&#8221; hide_on_mobile=&#8221;small-visibility,medium-visibility,large-visibility&#8221; center_content=&#8221;no&#8221; last=&#8221;no&#8221; min_height=&#8221;&#8221; hover_type=&#8221;none&#8221; link=&#8221;&#8221;][fusion_text] REDACCI\u00d3N \u00b7 Con actuaci\u00f3n de Gerardo Gonz\u00e1lez, la obra de Alejandro Rom\u00e1n se escenificar\u00e1 del 17 al 27 de junio en el recinto de la Secretar\u00eda de Cultura de la Ciudad de M\u00e9xico, de jueves a domingo; dirige Guillermo Navarro. [&hellip;]<\/p>\n","protected":false},"author":1,"featured_media":40480,"comment_status":"open","ping_status":"open","sticky":false,"template":"","format":"standard","meta":{"footnotes":""},"categories":[9,14],"tags":[],"_links":{"self":[{"href":"https:\/\/www.bitacoracdmx.com\/index.php?rest_route=\/wp\/v2\/posts\/40479"}],"collection":[{"href":"https:\/\/www.bitacoracdmx.com\/index.php?rest_route=\/wp\/v2\/posts"}],"about":[{"href":"https:\/\/www.bitacoracdmx.com\/index.php?rest_route=\/wp\/v2\/types\/post"}],"author":[{"embeddable":true,"href":"https:\/\/www.bitacoracdmx.com\/index.php?rest_route=\/wp\/v2\/users\/1"}],"replies":[{"embeddable":true,"href":"https:\/\/www.bitacoracdmx.com\/index.php?rest_route=%2Fwp%2Fv2%2Fcomments&post=40479"}],"version-history":[{"count":1,"href":"https:\/\/www.bitacoracdmx.com\/index.php?rest_route=\/wp\/v2\/posts\/40479\/revisions"}],"predecessor-version":[{"id":40481,"href":"https:\/\/www.bitacoracdmx.com\/index.php?rest_route=\/wp\/v2\/posts\/40479\/revisions\/40481"}],"wp:featuredmedia":[{"embeddable":true,"href":"https:\/\/www.bitacoracdmx.com\/index.php?rest_route=\/wp\/v2\/media\/40480"}],"wp:attachment":[{"href":"https:\/\/www.bitacoracdmx.com\/index.php?rest_route=%2Fwp%2Fv2%2Fmedia&parent=40479"}],"wp:term":[{"taxonomy":"category","embeddable":true,"href":"https:\/\/www.bitacoracdmx.com\/index.php?rest_route=%2Fwp%2Fv2%2Fcategories&post=40479"},{"taxonomy":"post_tag","embeddable":true,"href":"https:\/\/www.bitacoracdmx.com\/index.php?rest_route=%2Fwp%2Fv2%2Ftags&post=40479"}],"curies":[{"name":"wp","href":"https:\/\/api.w.org\/{rel}","templated":true}]}}