{"id":40505,"date":"2021-06-10T23:25:06","date_gmt":"2021-06-10T23:25:06","guid":{"rendered":"https:\/\/www.bitacoracdmx.com\/?p=40505"},"modified":"2021-06-10T23:25:06","modified_gmt":"2021-06-10T23:25:06","slug":"analizaran-los-caminos-del-teatro-que-con-espacios-cerrados-arrojo-a-los-artistas-a-la-vulnerabilidad-laboral-y-a-nuevos-caminos-escenicos-digitales","status":"publish","type":"post","link":"https:\/\/www.bitacoracdmx.com\/?p=40505","title":{"rendered":"Analizar\u00e1n los caminos del teatro que con espacios cerrados  arroj\u00f3 a los artistas a la vulnerabilidad laboral  y a nuevos caminos esc\u00e9nicos digitales."},"content":{"rendered":"<p>[fusion_builder_container hundred_percent=&#8221;no&#8221; equal_height_columns=&#8221;no&#8221; menu_anchor=&#8221;&#8221; hide_on_mobile=&#8221;small-visibility,medium-visibility,large-visibility&#8221; class=&#8221;&#8221; id=&#8221;&#8221; background_color=&#8221;&#8221; background_image=&#8221;&#8221; background_position=&#8221;center center&#8221; background_repeat=&#8221;no-repeat&#8221; fade=&#8221;no&#8221; background_parallax=&#8221;none&#8221; parallax_speed=&#8221;0.3&#8243; video_mp4=&#8221;&#8221; video_webm=&#8221;&#8221; video_ogv=&#8221;&#8221; video_url=&#8221;&#8221; video_aspect_ratio=&#8221;16:9&#8243; video_loop=&#8221;yes&#8221; video_mute=&#8221;yes&#8221; overlay_color=&#8221;&#8221; video_preview_image=&#8221;&#8221; border_size=&#8221;&#8221; border_color=&#8221;&#8221; border_style=&#8221;solid&#8221; padding_top=&#8221;&#8221; padding_bottom=&#8221;&#8221; padding_left=&#8221;&#8221; padding_right=&#8221;&#8221;][fusion_builder_row][fusion_builder_column type=&#8221;1_1&#8243; layout=&#8221;1_1&#8243; background_position=&#8221;left top&#8221; background_color=&#8221;&#8221; border_size=&#8221;&#8221; border_color=&#8221;&#8221; border_style=&#8221;solid&#8221; border_position=&#8221;all&#8221; spacing=&#8221;yes&#8221; background_image=&#8221;&#8221; background_repeat=&#8221;no-repeat&#8221; padding_top=&#8221;&#8221; padding_right=&#8221;&#8221; padding_bottom=&#8221;&#8221; padding_left=&#8221;&#8221; margin_top=&#8221;0px&#8221; margin_bottom=&#8221;0px&#8221; class=&#8221;&#8221; id=&#8221;&#8221; animation_type=&#8221;&#8221; animation_speed=&#8221;0.3&#8243; animation_direction=&#8221;left&#8221; hide_on_mobile=&#8221;small-visibility,medium-visibility,large-visibility&#8221; center_content=&#8221;no&#8221; last=&#8221;no&#8221; min_height=&#8221;&#8221; hover_type=&#8221;none&#8221; link=&#8221;&#8221;][fusion_text]<\/p>\n<p>REDACCI\u00d3N<\/p>\n<p class=\"x_MsoNormal\"><span lang=\"ES-MX\">***<b><i>El Coloquio Despu\u00e9s de la Emergencia: Teatro y Cultura Digital<\/i><\/b><i>\u201d se llevar\u00e1 a cabo de manera virtual del 21 al 30 de junio<\/i><\/span><\/p>\n<p class=\"x_MsoNormal\"><span lang=\"ES-MX\">***Organizado por la Asociaci\u00f3n Nacional de Direcci\u00f3n Esc\u00e9nica, ANDE<\/span><\/p>\n<p class=\"x_MsoNormal\"><span lang=\"ES-MX\">***Una decena de mesas redondas y tres clases magistrales integran el programa<\/span><\/p>\n<p class=\"x_MsoNormal\"><span lang=\"ES-TRAD\">La emergencia sanitaria por la Covid-19 y su correspondiente cierre de teatros no solo trajo el desempleo para cientos de artistas de las artes vivas, tambi\u00e9n, los orill\u00f3 a buscar la continuidad de su actividad y una justa remuneraci\u00f3n por su trabajo creador.\u00a0 El camino de lo digital se convirti\u00f3 en la alternativa de numerosos artistas que exploran diversos lenguajes narrativos y con ello se hizo evidente el desconocimiento del lenguaje que se extiende a las formas de producci\u00f3n.<\/span><\/p>\n<p class=\"x_MsoNormal\"><span lang=\"ES-TRAD\">\u00a0\u00a0 Con la finalidad de reunir experiencias que provengan de todo el gremio teatral de la Rep\u00fablica Mexicana, la ANDE crea el\u00a0<b>\u201cColoquio Despu\u00e9s de la Emergencia: Teatro y Cultura Digital\u201d<\/b>\u00a0que del 21 al 30 de junio dibujar\u00e1 un panorama de la situaci\u00f3n en todo el territorio mexicano y adem\u00e1s, se compartir\u00e1 el conocimiento y herramientas pr\u00e1cticas que permitan repensar las producciones, crear estrategias conjuntas y aprovechar el potencial que ofrecen los medios digitales. El encuentro se integra de 10 mesas redondas \u2013reflexi\u00f3n, debate y tutor\u00edas especializadas a cargo de artistas esc\u00e9nicos de todo el pa\u00eds\u2014 y tres clases magistrales a cargo de expertos que hablar\u00e1n de la forma en c\u00f3mo aprovechar el potencial que los nuevos medios ofrecen, as\u00ed como generar los propios mecanismos de resistencia para enfrentar juntos tiempos de emergencia.<\/span><\/p>\n<p class=\"x_MsoNormal\"><span lang=\"ES-TRAD\">\u00a0\u00a0 El \u201c<b>Coloquio Despu\u00e9s de la Emergencia: Teatro y Cultura Digital\u201d\u00a0<\/b>es un espacio abierto a toda la comunidad esc\u00e9nica nacional e internacional que permitir\u00e1 escuchar e intercambiar experiencias reales de creaci\u00f3n en nuevos formatos apoyado por\u00a0<\/span><span lang=\"ES-MX\">la Coordinaci\u00f3n Nacional de Teatro, Teatro UNAM, la Universidad de Guadalajara, la Universidad Aut\u00f3noma de Nuevo Le\u00f3n y el Claustro de Sor Juana<\/span><span lang=\"ES-TRAD\">. El encuentro es organizado por la\u00a0<\/span><span lang=\"ES-MX\">Asociaci\u00f3n Nacional de Direcci\u00f3n Esc\u00e9nica, ANDE, que re\u00fane a especialistas en la direcci\u00f3n de escena que pertenecen a diversas generaciones, est\u00e9ticas y trayectorias que tienen en com\u00fan la preocupaci\u00f3n por el arte de hacer teatro y las problem\u00e1ticas actuales, que van desde la precariedad, la carencia de prestaciones sociales, su actuaci\u00f3n ante la pandemia, sus necesidades ante el gobierno, entre otras inquietudes.<\/span><\/p>\n<p class=\"x_MsoNormal\"><span lang=\"ES-MX\">El\u00a0<b><i>Coloquio de la Emergencia: Teatro y Cultura Digital<\/i><\/b><i>\u201d\u00a0<\/i>se llevar\u00e1 a cabo de manera virtual del 21 al 30 de junio. Mayores informes en el correo\u00a0\u00a0<a href=\"mailto:coloquiodelaemergencia@gmail.com\" target=\"_blank\" rel=\"noopener noreferrer\" data-auth=\"NotApplicable\" data-linkindex=\"0\">coloquiodelaemergencia@gmail.com<\/a><\/span><\/p>\n<p class=\"x_MsoNormal\" align=\"center\"><b><span lang=\"ES-TRAD\">MESAS REDONDAS<\/span><\/b><\/p>\n<p class=\"x_MsoNormal\"><b><span lang=\"ES-TRAD\">Mesa 1. Foros Teatrales. Adaptaci\u00f3n o Resistencia la Cultura Digital<\/span><\/b><span lang=\"ES-TRAD\">. Se compartir\u00e1n experiencias de quienes se han adaptado a la cultura y digital y de quienes viven en resistencia, con riesgo de desaparecer.<\/span><\/p>\n<p class=\"x_MsoNormal\"><b><span lang=\"ES-TRAD\">Mesa 2. Producci\u00f3n en los Nuevos Ecosistemas Econ\u00f3micos en las Artes Esc\u00e9nicas en la Era Digital<\/span><\/b><span lang=\"ES-TRAD\">. Debate en torno a la precarizaci\u00f3n del artista ante la cultura digital y P\u00e9rdidas o ganancias ante la multiplicidad y diversidad de contenidos en l\u00ednea.<\/span><\/p>\n<p class=\"x_MsoNormal\"><b><span lang=\"ES-TRAD\">Mesa 3.\u00a0 Producci\u00f3n y Realizaci\u00f3n de Teatro Digital.<\/span><\/b><span lang=\"ES-TRAD\">\u00a0Requerimientos, costos y calidad en la producci\u00f3n de\u00a0<i>streamings\u00a0<\/i>y diversos formatos.<\/span><\/p>\n<p class=\"x_MsoNormal\"><b><span lang=\"ES-TRAD\">Mesa 4. Contenido, Dramaturgia y Direcci\u00f3n Esc\u00e9nica para los Nuevos Medios Digitales<\/span><\/b><span lang=\"ES-TRAD\">. Se propondr\u00e1n herramientas acerca de c\u00f3mo aprovechar e innovar el teatro ante los nuevos medios digitales.<\/span><\/p>\n<p class=\"x_MsoNormal\"><b><span lang=\"ES-TRAD\">Mesa 5.<\/span><\/b><span lang=\"ES-TRAD\">\u00a0<b>Plataformas Digitales para la Exhibici\u00f3n y venta de Teatro en streaming<\/b>. Formas de operaci\u00f3n de principales plataformas digitales.<\/span><\/p>\n<p class=\"x_MsoNormal\"><b><span lang=\"ES-TRAD\">Mesa 6<\/span><\/b><span lang=\"ES-TRAD\">.\u00a0<b>Derechos de Autor en los Nuevos Medios Digitales<\/b>. Conocer y reconocer los derechos de autores, realizadores y actores del arte esc\u00e9nico en la cultura digital.\u00a0<\/span><\/p>\n<p class=\"x_MsoNormal\"><b><span lang=\"ES-TRAD\">Mesa 7. La Pedagog\u00eda Esc\u00e9nica Ante los Nuevos Medios Digitales<\/span><\/b><span lang=\"ES-TRAD\">. Crisis de la ense\u00f1anza del arte esc\u00e9nico.<\/span><\/p>\n<p class=\"x_MsoNormal\"><b><i><span lang=\"ES-TRAD\">Mesa 8. Difusi\u00f3n, marketing, comunicaci\u00f3n y comunidad a trav\u00e9s de los\u00a0 Nuevos Medios<\/span><\/i><\/b><span lang=\"ES-TRAD\">. C\u00f3mo elaborar estrategias de marketing y comunicaci\u00f3n.<\/span><\/p>\n<p class=\"x_MsoNormal\"><b><span lang=\"ES-TRAD\">Mesa 9. Festivales de Teatro en L\u00ednea<\/span><\/b><span lang=\"ES-TRAD\">. Pros, contras y adaptabilidad y oportunidades de encuentros en l\u00ednea.<\/span><\/p>\n<p class=\"x_MsoNormal\"><b><span lang=\"ES-TRAD\">Mesa 10. Estrategias de\u00a0 Reactivaci\u00f3n Social y Pol\u00edticas Culturales<\/span><\/b><span lang=\"ES-TRAD\">. Propuestas, alternativas y oportunidades a futuro.<\/span><\/p>\n<p class=\"x_MsoNormal\"><span lang=\"ES-TRAD\"><b><span style=\"color: #b45f06;\">REDES SOCIALES\u00a0<\/span><\/b><\/span><\/p>\n<p class=\"x_MsoNormal\"><span lang=\"ES-TRAD\"><span style=\"color: #000000;\"><span class=\"x_gmail-tojvnm2t x_gmail-a6sixzi8 x_gmail-abs2jz4q x_gmail-a8s20v7p x_gmail-t1p8iaqh x_gmail-k5wvi7nf x_gmail-q3lfd5jv x_gmail-pk4s997a x_gmail-bipmatt0 x_gmail-cebpdrjk x_gmail-qowsmv63 x_gmail-owwhemhu x_gmail-dp1hu0rb x_gmail-dhp61c6y x_gmail-iyyx5f41\"><b>Facebook:<\/b>\u00a0@AsociacionNacionalDireccionEscenica<\/span><span class=\"x_gmail-rfua0xdk x_gmail-pmk7jnqg x_gmail-stjgntxs x_gmail-ni8dbmo4 x_gmail-ay7djpcl x_gmail-q45zohi1\">\u00a0<\/span>\u00a0\u00b7\u00a0Artes esc\u00e9nicas<br \/>\n<\/span><\/span><\/p>\n<p class=\"x_MsoNormal\"><span style=\"color: #000000;\"><span lang=\"ES-TRAD\"><b>Twitter:\u00a0\u00a0<\/b>@<\/span>AndeEscenica<\/span><\/p>\n<p class=\"x_MsoNormal\"><span lang=\"ES-TRAD\"><span style=\"color: #000000;\"><a class=\"x_gmail-oajrlxb2 x_gmail-g5ia77u1 x_gmail-qu0x051f x_esr5mh6w x_e9989ue4 x_gmail-r7d6kgcz x_gmail-rq0escxv x_gmail-nhd2j8a9 x_gmail-nc684nl6 x_gmail-p7hjln8o x_gmail-kvgmc6g5 x_gmail-cxmmr5t8 x_gmail-oygrvhab x_gmail-hcukyx3x x_gmail-jb3vyjys x_gmail-rz4wbd8a x_gmail-qt6c0cv9 x_gmail-a8nywdso x_gmail-i1ao9s8h x_esuyzwwr x_gmail-f1sip0of x_gmail-lzcic4wl x_gmail-py34i1dx x_gmail-gpro0wi8\" tabindex=\"0\" href=\"http:\/\/www.ande.com.mx\/?fbclid=IwAR0eo8wZyuYa0o4qXVogXz74ILlvaMf-59981k4YP5XPh9prMggWs_g2YKg\" target=\"_blank\" rel=\"nofollow noopener noreferrer\" data-auth=\"NotApplicable\" data-linkindex=\"1\">http:\/\/www.ande.com.mx\/<\/a><br \/>\n<\/span><\/span><\/p>\n<p>[\/fusion_text][fusion_imageframe image_id=&#8221;40506|medium&#8221; max_width=&#8221;&#8221; style_type=&#8221;&#8221; blur=&#8221;&#8221; stylecolor=&#8221;&#8221; hover_type=&#8221;none&#8221; bordersize=&#8221;&#8221; bordercolor=&#8221;&#8221; borderradius=&#8221;&#8221; align=&#8221;none&#8221; lightbox=&#8221;no&#8221; gallery_id=&#8221;&#8221; lightbox_image=&#8221;&#8221; lightbox_image_id=&#8221;&#8221; alt=&#8221;&#8221; link=&#8221;&#8221; linktarget=&#8221;_self&#8221; hide_on_mobile=&#8221;small-visibility,medium-visibility,large-visibility&#8221; class=&#8221;&#8221; id=&#8221;&#8221; animation_type=&#8221;&#8221; animation_direction=&#8221;left&#8221; animation_speed=&#8221;0.3&#8243; animation_offset=&#8221;&#8221;]https:\/\/www.bitacoracdmx.com\/wp-content\/uploads\/2021\/06\/descargar-57-300&#215;114.png[\/fusion_imageframe][\/fusion_builder_column][\/fusion_builder_row][\/fusion_builder_container]<\/p>\n","protected":false},"excerpt":{"rendered":"<p>[fusion_builder_container hundred_percent=&#8221;no&#8221; equal_height_columns=&#8221;no&#8221; menu_anchor=&#8221;&#8221; hide_on_mobile=&#8221;small-visibility,medium-visibility,large-visibility&#8221; class=&#8221;&#8221; id=&#8221;&#8221; background_color=&#8221;&#8221; background_image=&#8221;&#8221; background_position=&#8221;center center&#8221; background_repeat=&#8221;no-repeat&#8221; fade=&#8221;no&#8221; background_parallax=&#8221;none&#8221; parallax_speed=&#8221;0.3&#8243; video_mp4=&#8221;&#8221; video_webm=&#8221;&#8221; video_ogv=&#8221;&#8221; video_url=&#8221;&#8221; video_aspect_ratio=&#8221;16:9&#8243; video_loop=&#8221;yes&#8221; video_mute=&#8221;yes&#8221; overlay_color=&#8221;&#8221; video_preview_image=&#8221;&#8221; border_size=&#8221;&#8221; border_color=&#8221;&#8221; border_style=&#8221;solid&#8221; padding_top=&#8221;&#8221; padding_bottom=&#8221;&#8221; padding_left=&#8221;&#8221; padding_right=&#8221;&#8221;][fusion_builder_row][fusion_builder_column type=&#8221;1_1&#8243; layout=&#8221;1_1&#8243; background_position=&#8221;left top&#8221; background_color=&#8221;&#8221; border_size=&#8221;&#8221; border_color=&#8221;&#8221; border_style=&#8221;solid&#8221; border_position=&#8221;all&#8221; spacing=&#8221;yes&#8221; background_image=&#8221;&#8221; background_repeat=&#8221;no-repeat&#8221; padding_top=&#8221;&#8221; padding_right=&#8221;&#8221; padding_bottom=&#8221;&#8221; padding_left=&#8221;&#8221; margin_top=&#8221;0px&#8221; margin_bottom=&#8221;0px&#8221; class=&#8221;&#8221; id=&#8221;&#8221; animation_type=&#8221;&#8221; animation_speed=&#8221;0.3&#8243; animation_direction=&#8221;left&#8221; hide_on_mobile=&#8221;small-visibility,medium-visibility,large-visibility&#8221; center_content=&#8221;no&#8221; last=&#8221;no&#8221; min_height=&#8221;&#8221; hover_type=&#8221;none&#8221; link=&#8221;&#8221;][fusion_text] REDACCI\u00d3N ***El Coloquio Despu\u00e9s de la Emergencia: Teatro y Cultura Digital\u201d se llevar\u00e1 a cabo de manera virtual del 21 al 30 de junio ***Organizado por la Asociaci\u00f3n Nacional de Direcci\u00f3n Esc\u00e9nica, ANDE ***Una decena de mesas redondas y tres [&hellip;]<\/p>\n","protected":false},"author":1,"featured_media":40506,"comment_status":"open","ping_status":"open","sticky":false,"template":"","format":"standard","meta":{"footnotes":""},"categories":[9,14],"tags":[],"_links":{"self":[{"href":"https:\/\/www.bitacoracdmx.com\/index.php?rest_route=\/wp\/v2\/posts\/40505"}],"collection":[{"href":"https:\/\/www.bitacoracdmx.com\/index.php?rest_route=\/wp\/v2\/posts"}],"about":[{"href":"https:\/\/www.bitacoracdmx.com\/index.php?rest_route=\/wp\/v2\/types\/post"}],"author":[{"embeddable":true,"href":"https:\/\/www.bitacoracdmx.com\/index.php?rest_route=\/wp\/v2\/users\/1"}],"replies":[{"embeddable":true,"href":"https:\/\/www.bitacoracdmx.com\/index.php?rest_route=%2Fwp%2Fv2%2Fcomments&post=40505"}],"version-history":[{"count":1,"href":"https:\/\/www.bitacoracdmx.com\/index.php?rest_route=\/wp\/v2\/posts\/40505\/revisions"}],"predecessor-version":[{"id":40507,"href":"https:\/\/www.bitacoracdmx.com\/index.php?rest_route=\/wp\/v2\/posts\/40505\/revisions\/40507"}],"wp:featuredmedia":[{"embeddable":true,"href":"https:\/\/www.bitacoracdmx.com\/index.php?rest_route=\/wp\/v2\/media\/40506"}],"wp:attachment":[{"href":"https:\/\/www.bitacoracdmx.com\/index.php?rest_route=%2Fwp%2Fv2%2Fmedia&parent=40505"}],"wp:term":[{"taxonomy":"category","embeddable":true,"href":"https:\/\/www.bitacoracdmx.com\/index.php?rest_route=%2Fwp%2Fv2%2Fcategories&post=40505"},{"taxonomy":"post_tag","embeddable":true,"href":"https:\/\/www.bitacoracdmx.com\/index.php?rest_route=%2Fwp%2Fv2%2Ftags&post=40505"}],"curies":[{"name":"wp","href":"https:\/\/api.w.org\/{rel}","templated":true}]}}