{"id":40518,"date":"2021-06-12T02:15:28","date_gmt":"2021-06-12T02:15:28","guid":{"rendered":"https:\/\/www.bitacoracdmx.com\/?p=40518"},"modified":"2021-06-12T02:15:28","modified_gmt":"2021-06-12T02:15:28","slug":"javier-solo-presenta-junto-a-jenny-and-the-mexicats-su-sencillo-la-madre-que-la-trajo","status":"publish","type":"post","link":"https:\/\/www.bitacoracdmx.com\/?p=40518","title":{"rendered":"JAVIER SOLO presenta junto a JENNY AND THE MEXICATS su sencillo &#8220;LA MADRE QUE LA TRAJO&#8221;."},"content":{"rendered":"<p>[fusion_builder_container hundred_percent=&#8221;no&#8221; equal_height_columns=&#8221;no&#8221; menu_anchor=&#8221;&#8221; hide_on_mobile=&#8221;small-visibility,medium-visibility,large-visibility&#8221; class=&#8221;&#8221; id=&#8221;&#8221; background_color=&#8221;&#8221; background_image=&#8221;&#8221; background_position=&#8221;center center&#8221; background_repeat=&#8221;no-repeat&#8221; fade=&#8221;no&#8221; background_parallax=&#8221;none&#8221; parallax_speed=&#8221;0.3&#8243; video_mp4=&#8221;&#8221; video_webm=&#8221;&#8221; video_ogv=&#8221;&#8221; video_url=&#8221;&#8221; video_aspect_ratio=&#8221;16:9&#8243; video_loop=&#8221;yes&#8221; video_mute=&#8221;yes&#8221; overlay_color=&#8221;&#8221; video_preview_image=&#8221;&#8221; border_size=&#8221;&#8221; border_color=&#8221;&#8221; border_style=&#8221;solid&#8221; padding_top=&#8221;&#8221; padding_bottom=&#8221;&#8221; padding_left=&#8221;&#8221; padding_right=&#8221;&#8221;][fusion_builder_row][fusion_builder_column type=&#8221;1_1&#8243; layout=&#8221;1_1&#8243; background_position=&#8221;left top&#8221; background_color=&#8221;&#8221; border_size=&#8221;&#8221; border_color=&#8221;&#8221; border_style=&#8221;solid&#8221; border_position=&#8221;all&#8221; spacing=&#8221;yes&#8221; background_image=&#8221;&#8221; background_repeat=&#8221;no-repeat&#8221; padding_top=&#8221;&#8221; padding_right=&#8221;&#8221; padding_bottom=&#8221;&#8221; padding_left=&#8221;&#8221; margin_top=&#8221;0px&#8221; margin_bottom=&#8221;0px&#8221; class=&#8221;&#8221; id=&#8221;&#8221; animation_type=&#8221;&#8221; animation_speed=&#8221;0.3&#8243; animation_direction=&#8221;left&#8221; hide_on_mobile=&#8221;small-visibility,medium-visibility,large-visibility&#8221; center_content=&#8221;no&#8221; last=&#8221;no&#8221; min_height=&#8221;&#8221; hover_type=&#8221;none&#8221; link=&#8221;&#8221;][fusion_text]<\/p>\n<p>REDACCI\u00d3N<\/p>\n<p><b>El azar hizo que Jenny Ball, vocalista y trompetista del cuarteto Jenny and The Mexicats alquilara la casa de la manager de Solo en Madrid, lo que termin\u00f3 por convertirse en una colaboraci\u00f3n improbable y sorprendente, y a la vista del resultado, m\u00e1s que afortunada. \u201cLa madre que la trajo\u201d, adelanto del nuevo LP de Javier S\u00f3lo, a\u00fana con fluidez y naturalidad el alma rockera de Javier con la base mestiza de los Mexicats. Se grab\u00f3 en los estudios Panoram de Ciudad de M\u00e9xico con Carlos Narea dirigiendo la producci\u00f3n desde Sevilla. Aires latinos con alg\u00fan destello flamenco adornan el rock mediterr\u00e1neo del terrasense en un tema que cuenta una ruptura con humor e iron\u00eda y que, irresistiblemente, transmite buen rollo.<\/b><\/p>\n<p><b>El v\u00eddeo, producido por Pinhole y Luci\u00e9rnaga Magenta, se rod\u00f3 en Ciudad de M\u00e9xico bajo la direcci\u00f3n del realizador y fot\u00f3grafo mexicano Camilo Chisten. Y es que, cuando la musa decide quedarse a tu lado, es dif\u00edcil no atender todo lo que te inspira. Eso le est\u00e1 pasando a Javier S\u00f3lo. Despu\u00e9s de dos semanas del estreno del EP La revoluci\u00f3n de los corazones sin planchar, presenta el primer sencillo del que ser\u00e1 su segundo \u00e1lbum. Javier S\u00f3lo y Jenny Ball cuentan c\u00f3mo una feliz casualidad termin\u00f3 en una colaboraci\u00f3n a la que parec\u00edan pre destinados. Una asociaci\u00f3n perfecta entre la base rockera de Javier con la fusi\u00f3n colorista de los Mexicats.<\/b><\/p>\n<p><b>Javier S\u00f3lo es un cronista de la imaginer\u00eda cotidiana que no fabrica canciones, ni inventa historias. Recoge y escribe lo que le pasa, lo que le gustar\u00eda que pasara y lo que le sucede a otros. Un bardo contempor\u00e1neo que se sirve de un rock pulcro con mixturas latinas y mediterr\u00e1neas para acomodar una prosa superlativa y asequible, elegante y sin artificios. Un cronista del d\u00eda a d\u00eda y de las esencias de lo ordinario.<\/b><\/p>\n<p><b>Primero junto a sus \u201cMalas Costumbres\u201d y m\u00e1s tarde con \u201cImprudentes\u201d, en 2018 se estrena en solitario con \u201cMejor Solo y Bien Acompa\u00f1ado\u201d (Temps Record). Le acompa\u00f1an, nada menos, que 43 artistas, entre ellos, por citar algunos, Lichis, Litus, Miki Santamar\u00eda, Miki Florensa, Daniel Higi\u00e9nico o Daniel Felices. Al a\u00f1o siguiente gira por toda Espa\u00f1a con La Banda del Vecino y publica un nuevo trabajo, \u201cUn Buzo en el Espacio\u201d (Rock Estatal Records) un EP de cuatro canciones grabado en el estudio Grabaciones Silvestres de Marc Parrot, con Tomi P\u00e9rez en las mezclas y la producci\u00f3n de Dani Ferrer, de Love of Lesbian.<\/b><\/p>\n<p><b>En 2020 cuenta qui\u00e9n es, por qu\u00e9 eligi\u00f3 ser cantante y la trastienda de sus canciones en un libro titulado \u201cCuando mi alma es un cancionero, tu cara es un poema\u201d (Rock Estatal Records). Lo acompa\u00f1a con un disco de 17 temas in\u00e9ditos, remasterizados, nuevas mezclas y rarezas.\u00a0<\/b><b>\u00a0<\/b><\/p>\n<p>[\/fusion_text][fusion_imageframe image_id=&#8221;40519|medium&#8221; max_width=&#8221;&#8221; style_type=&#8221;&#8221; blur=&#8221;&#8221; stylecolor=&#8221;&#8221; hover_type=&#8221;none&#8221; bordersize=&#8221;&#8221; bordercolor=&#8221;&#8221; borderradius=&#8221;&#8221; align=&#8221;none&#8221; lightbox=&#8221;no&#8221; gallery_id=&#8221;&#8221; lightbox_image=&#8221;&#8221; lightbox_image_id=&#8221;&#8221; alt=&#8221;&#8221; link=&#8221;&#8221; linktarget=&#8221;_self&#8221; hide_on_mobile=&#8221;small-visibility,medium-visibility,large-visibility&#8221; class=&#8221;&#8221; id=&#8221;&#8221; animation_type=&#8221;&#8221; animation_direction=&#8221;left&#8221; animation_speed=&#8221;0.3&#8243; animation_offset=&#8221;&#8221;]https:\/\/www.bitacoracdmx.com\/wp-content\/uploads\/2021\/06\/JAVIER-SOLO-JUN-2021-COVER-300&#215;300.jpg[\/fusion_imageframe][\/fusion_builder_column][\/fusion_builder_row][\/fusion_builder_container]<\/p>\n","protected":false},"excerpt":{"rendered":"<p>[fusion_builder_container hundred_percent=&#8221;no&#8221; equal_height_columns=&#8221;no&#8221; menu_anchor=&#8221;&#8221; hide_on_mobile=&#8221;small-visibility,medium-visibility,large-visibility&#8221; class=&#8221;&#8221; id=&#8221;&#8221; background_color=&#8221;&#8221; background_image=&#8221;&#8221; background_position=&#8221;center center&#8221; background_repeat=&#8221;no-repeat&#8221; fade=&#8221;no&#8221; background_parallax=&#8221;none&#8221; parallax_speed=&#8221;0.3&#8243; video_mp4=&#8221;&#8221; video_webm=&#8221;&#8221; video_ogv=&#8221;&#8221; video_url=&#8221;&#8221; video_aspect_ratio=&#8221;16:9&#8243; video_loop=&#8221;yes&#8221; video_mute=&#8221;yes&#8221; overlay_color=&#8221;&#8221; video_preview_image=&#8221;&#8221; border_size=&#8221;&#8221; border_color=&#8221;&#8221; border_style=&#8221;solid&#8221; padding_top=&#8221;&#8221; padding_bottom=&#8221;&#8221; padding_left=&#8221;&#8221; padding_right=&#8221;&#8221;][fusion_builder_row][fusion_builder_column type=&#8221;1_1&#8243; layout=&#8221;1_1&#8243; background_position=&#8221;left top&#8221; background_color=&#8221;&#8221; border_size=&#8221;&#8221; border_color=&#8221;&#8221; border_style=&#8221;solid&#8221; border_position=&#8221;all&#8221; spacing=&#8221;yes&#8221; background_image=&#8221;&#8221; background_repeat=&#8221;no-repeat&#8221; padding_top=&#8221;&#8221; padding_right=&#8221;&#8221; padding_bottom=&#8221;&#8221; padding_left=&#8221;&#8221; margin_top=&#8221;0px&#8221; margin_bottom=&#8221;0px&#8221; class=&#8221;&#8221; id=&#8221;&#8221; animation_type=&#8221;&#8221; animation_speed=&#8221;0.3&#8243; animation_direction=&#8221;left&#8221; hide_on_mobile=&#8221;small-visibility,medium-visibility,large-visibility&#8221; center_content=&#8221;no&#8221; last=&#8221;no&#8221; min_height=&#8221;&#8221; hover_type=&#8221;none&#8221; link=&#8221;&#8221;][fusion_text] REDACCI\u00d3N El azar hizo que Jenny Ball, vocalista y trompetista del cuarteto Jenny and The Mexicats alquilara la casa de la manager de Solo en Madrid, lo que termin\u00f3 por convertirse en una colaboraci\u00f3n improbable y sorprendente, y a la [&hellip;]<\/p>\n","protected":false},"author":1,"featured_media":40519,"comment_status":"open","ping_status":"open","sticky":false,"template":"","format":"standard","meta":{"footnotes":""},"categories":[9,11],"tags":[],"_links":{"self":[{"href":"https:\/\/www.bitacoracdmx.com\/index.php?rest_route=\/wp\/v2\/posts\/40518"}],"collection":[{"href":"https:\/\/www.bitacoracdmx.com\/index.php?rest_route=\/wp\/v2\/posts"}],"about":[{"href":"https:\/\/www.bitacoracdmx.com\/index.php?rest_route=\/wp\/v2\/types\/post"}],"author":[{"embeddable":true,"href":"https:\/\/www.bitacoracdmx.com\/index.php?rest_route=\/wp\/v2\/users\/1"}],"replies":[{"embeddable":true,"href":"https:\/\/www.bitacoracdmx.com\/index.php?rest_route=%2Fwp%2Fv2%2Fcomments&post=40518"}],"version-history":[{"count":1,"href":"https:\/\/www.bitacoracdmx.com\/index.php?rest_route=\/wp\/v2\/posts\/40518\/revisions"}],"predecessor-version":[{"id":40520,"href":"https:\/\/www.bitacoracdmx.com\/index.php?rest_route=\/wp\/v2\/posts\/40518\/revisions\/40520"}],"wp:featuredmedia":[{"embeddable":true,"href":"https:\/\/www.bitacoracdmx.com\/index.php?rest_route=\/wp\/v2\/media\/40519"}],"wp:attachment":[{"href":"https:\/\/www.bitacoracdmx.com\/index.php?rest_route=%2Fwp%2Fv2%2Fmedia&parent=40518"}],"wp:term":[{"taxonomy":"category","embeddable":true,"href":"https:\/\/www.bitacoracdmx.com\/index.php?rest_route=%2Fwp%2Fv2%2Fcategories&post=40518"},{"taxonomy":"post_tag","embeddable":true,"href":"https:\/\/www.bitacoracdmx.com\/index.php?rest_route=%2Fwp%2Fv2%2Ftags&post=40518"}],"curies":[{"name":"wp","href":"https:\/\/api.w.org\/{rel}","templated":true}]}}