{"id":40795,"date":"2021-07-12T04:51:13","date_gmt":"2021-07-12T04:51:13","guid":{"rendered":"https:\/\/www.bitacoracdmx.com\/?p=40795"},"modified":"2021-07-12T04:51:13","modified_gmt":"2021-07-12T04:51:13","slug":"el-folk-citadino-de-la-venezolana-laura-guevara-sonara-en-nueva-york","status":"publish","type":"post","link":"https:\/\/www.bitacoracdmx.com\/?p=40795","title":{"rendered":"El folk citadino de la venezolana. Laura Guevara sonar\u00e1 en Nueva York ."},"content":{"rendered":"<p>[fusion_builder_container hundred_percent=&#8221;no&#8221; equal_height_columns=&#8221;no&#8221; menu_anchor=&#8221;&#8221; hide_on_mobile=&#8221;small-visibility,medium-visibility,large-visibility&#8221; class=&#8221;&#8221; id=&#8221;&#8221; background_color=&#8221;&#8221; background_image=&#8221;&#8221; background_position=&#8221;center center&#8221; background_repeat=&#8221;no-repeat&#8221; fade=&#8221;no&#8221; background_parallax=&#8221;none&#8221; parallax_speed=&#8221;0.3&#8243; video_mp4=&#8221;&#8221; video_webm=&#8221;&#8221; video_ogv=&#8221;&#8221; video_url=&#8221;&#8221; video_aspect_ratio=&#8221;16:9&#8243; video_loop=&#8221;yes&#8221; video_mute=&#8221;yes&#8221; overlay_color=&#8221;&#8221; video_preview_image=&#8221;&#8221; border_size=&#8221;&#8221; border_color=&#8221;&#8221; border_style=&#8221;solid&#8221; padding_top=&#8221;&#8221; padding_bottom=&#8221;&#8221; padding_left=&#8221;&#8221; padding_right=&#8221;&#8221;][fusion_builder_row][fusion_builder_column type=&#8221;1_1&#8243; layout=&#8221;1_1&#8243; background_position=&#8221;left top&#8221; background_color=&#8221;&#8221; border_size=&#8221;&#8221; border_color=&#8221;&#8221; border_style=&#8221;solid&#8221; border_position=&#8221;all&#8221; spacing=&#8221;yes&#8221; background_image=&#8221;&#8221; background_repeat=&#8221;no-repeat&#8221; padding_top=&#8221;&#8221; padding_right=&#8221;&#8221; padding_bottom=&#8221;&#8221; padding_left=&#8221;&#8221; margin_top=&#8221;0px&#8221; margin_bottom=&#8221;0px&#8221; class=&#8221;&#8221; id=&#8221;&#8221; animation_type=&#8221;&#8221; animation_speed=&#8221;0.3&#8243; animation_direction=&#8221;left&#8221; hide_on_mobile=&#8221;small-visibility,medium-visibility,large-visibility&#8221; center_content=&#8221;no&#8221; last=&#8221;no&#8221; min_height=&#8221;&#8221; hover_type=&#8221;none&#8221; link=&#8221;&#8221;][fusion_text]<\/p>\n<p>REDACCI\u00d3N<\/p>\n<p dir=\"ltr\">El sonido pop y de world music que son parte de la propuesta musical de la cantautora venezolana Laura Guevara, se escuchar\u00e1n en Nueva York el pr\u00f3ximo 10 de julio.\u00a0llevar\u00e1 su \u201cfolk de la ciudad\u201d a la gran manzana, \u00a0con una mezcla de sonoridades del rock y el pop con la m\u00fasica tradicional latinoamericana.<\/p>\n<p dir=\"ltr\">Sin duda ser\u00e1 un show explosivo, como suelen ser sus presentaciones. Su energ\u00eda llena de expresividad, teatralidad y baile, formar\u00e1n parte de las Guataca Nights. Adem\u00e1s, esta presentaci\u00f3n se vuelve mas especial, porque un d\u00eda antes, el 9 de julio, lanzar\u00e1 en plataformas su sencillo\u00a0<strong>\u201cAmar es dar\u201d.<\/strong><\/p>\n<p dir=\"ltr\">La cita es el s\u00e1bado 10 de julio en el DROM! (84 Avenue A, Nueva York, NY, 10009), la entrada es de $20 USD. Pueden adquirir sus boletos en el siguiente\u00a0<a href=\"https:\/\/mailtrack.io\/trace\/link\/b486711bc03b8ee1ac348859a74b0967717205c6?url=https%3A%2F%2Fdromnyc.com%2Fe%2Fguataca-presents-laura-guevara-159582107379%2F%3Fmc_cid%3D452566d1f5%26mc_eid%3DUNIQID&amp;userId=491255&amp;signature=312f1c2dea1f0bf9\" target=\"_blank\" rel=\"noopener noreferrer\" data-auth=\"NotApplicable\" data-linkindex=\"9\">siguente enlace<\/a>.<\/p>\n<p dir=\"ltr\"><a href=\"https:\/\/mailtrack.io\/trace\/link\/648722d799e27849c993e6d73e96c1d6775efbab?url=https%3A%2F%2Fdromnyc.com%2Fe%2Fguataca-presents-laura-guevara-159582107379%2F%3Fmc_cid%3D452566d1f5%26mc_eid%3DUNIQID&amp;userId=491255&amp;signature=d5ffc1eba95f7202\" target=\"_blank\" rel=\"noopener noreferrer\" data-auth=\"NotApplicable\" data-linkindex=\"10\">Guataca presenta a Laura Guevara<\/a><br \/>\nS\u00e1bado 10 de Julio de 2021<br \/>\nDROM!: 84 Avenue A, Nueva York, NY, 10009<br \/>\nPuertas: 7 PM \/ Show: 8 PM<br \/>\nTickets: $20 USD<\/p>\n<p dir=\"ltr\"><strong>Laura Guevara<\/strong>\u00a0es una cantautora oriunda de Venezuela, cuya propuesta abarca tem\u00e1ticas como el amor, la esperanza, la fuerza interna, la critica contra el abuso de poder, la diversidad y la alegr\u00eda.<\/p>\n<p dir=\"ltr\">Su voz tiene una personalidad muy particular, puede llevar a tonos muy oscuros, pero tambi\u00e9n a notas muy agudas y luminosas. Tiene en su esencia la tradici\u00f3n de las grandes voces femeninas de la canci\u00f3n latinoamericana.<\/p>\n<p dir=\"ltr\"><strong>Laura Guevara<\/strong>\u00a0cuenta en su haber con un \u00e1lbum hom\u00f3nimo,\u00a0<a href=\"https:\/\/mailtrack.io\/trace\/link\/95dcc997d982d8249b6ea14212cf4f38fc0aa52b?url=https%3A%2F%2Fopen.spotify.com%2Falbum%2F7Kwr9F90Rn6xzPmnpAXDEy%3Fmc_cid%3D452566d1f5%26mc_eid%3DUNIQID&amp;userId=491255&amp;signature=1f4cf075c68dee51\" target=\"_blank\" rel=\"noopener noreferrer\" data-auth=\"NotApplicable\" data-linkindex=\"11\">Laura Guevara<\/a>, lanzado en 2016. Desde 2018 ha dado a conocer sencillos como\u00a0<a href=\"https:\/\/mailtrack.io\/trace\/link\/93812225edf6253f2f5fa24fa66d90bd2421adeb?url=https%3A%2F%2Fopen.spotify.com%2Ftrack%2F198UVDqY63l26ZJv3ybNJB%3Fsi%3Dc22a81162c244759%26mc_cid%3D452566d1f5%26mc_eid%3DUNIQID&amp;userId=491255&amp;signature=97a31deadc7a1c85\" target=\"_blank\" rel=\"noopener noreferrer\" data-auth=\"NotApplicable\" data-linkindex=\"12\">\u201cLatidos\u201d<\/a>,\u00a0<a href=\"https:\/\/mailtrack.io\/trace\/link\/02752dcc1e321be9752a00f62e82ab6bdfc4984d?url=https%3A%2F%2Fopen.spotify.com%2Falbum%2F38yiTwmnzliFfih2uYB7Ul%3Fsi%3DFcKlWS0KQouidhzpvXW53w%26dl_branch%3D1%26mc_cid%3D452566d1f5%26mc_eid%3DUNIQID&amp;userId=491255&amp;signature=4d2d28774c738eb7\" target=\"_blank\" rel=\"noopener noreferrer\" data-auth=\"NotApplicable\" data-linkindex=\"13\">\u201cCalipso\u201d<\/a>\u00a0(a dueto con Alberto Arcas de Okills),\u00a0<a href=\"https:\/\/mailtrack.io\/trace\/link\/a8bcf71e15db2dbb49ffd0d974a8531c0997eb50?url=https%3A%2F%2Fopen.spotify.com%2Falbum%2F1yWnFYZWfZmRcG9RB0rEL0%3Fsi%3D8KyzqftIT7K_dyQV7IJgiA%26dl_branch%3D1%26mc_cid%3D452566d1f5%26mc_eid%3DUNIQID&amp;userId=491255&amp;signature=67fe175b10cb4a97\" target=\"_blank\" rel=\"noopener noreferrer\" data-auth=\"NotApplicable\" data-linkindex=\"14\">\u201cDi que s\u00ed\u201d<\/a>,\u00a0<a href=\"https:\/\/mailtrack.io\/trace\/link\/e2d82b28a82f174901d38349033c056d656ac8ea?url=https%3A%2F%2Fopen.spotify.com%2Falbum%2F6Xh8MyFAHtY5PDn7R4kkFO%3Fsi%3D22CrpL4VS-u_yatTmOKghQ%26dl_branch%3D1%26mc_cid%3D452566d1f5%26mc_eid%3DUNIQID&amp;userId=491255&amp;signature=eac09568ab3d97f6\" target=\"_blank\" rel=\"noopener noreferrer\" data-auth=\"NotApplicable\" data-linkindex=\"15\">\u201cNubes\u201d<\/a>,\u00a0<a href=\"https:\/\/mailtrack.io\/trace\/link\/3e4021bb9ba14902f5fd77da8215be5e7ebd9129?url=https%3A%2F%2Fopen.spotify.com%2Falbum%2F52VOb8iWINjQEUqf0R4zuD%3Fsi%3D98oTid11QTisKM_vx8Jing%26dl_branch%3D1%26mc_cid%3D452566d1f5%26mc_eid%3DUNIQID&amp;userId=491255&amp;signature=df82582939b8d091\" target=\"_blank\" rel=\"noopener noreferrer\" data-auth=\"NotApplicable\" data-linkindex=\"16\">\u201cArbolito Sabanero\u201d<\/a>\u00a0y\u00a0<a href=\"https:\/\/mailtrack.io\/trace\/link\/26c74b453cdea88a2eb3bfc5c19c43cd840640bf?url=https%3A%2F%2Fopen.spotify.com%2Falbum%2F0sBMY4sEhH4jhsr8zmyxcu%3Fsi%3DWY374qGRTeOiZsk5ph-KNw%26dl_branch%3D1%26mc_cid%3D452566d1f5%26mc_eid%3DUNIQID&amp;userId=491255&amp;signature=f8f68baea236ca6c\" target=\"_blank\" rel=\"noopener noreferrer\" data-auth=\"NotApplicable\" data-linkindex=\"17\">\u201cTe Prometo\u201d<\/a>. Ha tenido la oportunidad de presentarse en pa\u00edses como Colombia, Espa\u00f1a, M\u00e9xico y Panam\u00e1.<\/p>\n<p dir=\"ltr\"><strong>Este 2021 dio a conocer la canci\u00f3n\u00a0<a href=\"https:\/\/mailtrack.io\/trace\/link\/43092601b48aa54ac8d4979691731bc490e8ccdc?url=https%3A%2F%2Fopen.spotify.com%2Falbum%2F4h3gwLV2NioOk0tg7BU5Mv%3Fsi%3D_ISBWyYBRoGeu4n9zTkPNA%26dl_branch%3D1%26mc_cid%3D452566d1f5%26mc_eid%3DUNIQID&amp;userId=491255&amp;signature=203ecf9dac935624\" target=\"_blank\" rel=\"noopener noreferrer\" data-auth=\"NotApplicable\" data-linkindex=\"18\">\u201cAntes\u201d<\/a>. El pr\u00f3ximo 9 de julio, Laura Guevara dar\u00e1 a conocer el tema \u201cAmar es dar\u201d, ambos formar\u00e1n parte de su siguiente \u00e1lbum Del amor y otras sustancias.<\/strong><\/p>\n<p>[\/fusion_text][fusion_imageframe image_id=&#8221;40796|medium&#8221; max_width=&#8221;&#8221; style_type=&#8221;&#8221; blur=&#8221;&#8221; stylecolor=&#8221;&#8221; hover_type=&#8221;none&#8221; bordersize=&#8221;&#8221; bordercolor=&#8221;&#8221; borderradius=&#8221;&#8221; align=&#8221;none&#8221; lightbox=&#8221;no&#8221; gallery_id=&#8221;&#8221; lightbox_image=&#8221;&#8221; lightbox_image_id=&#8221;&#8221; alt=&#8221;&#8221; link=&#8221;&#8221; linktarget=&#8221;_self&#8221; hide_on_mobile=&#8221;small-visibility,medium-visibility,large-visibility&#8221; class=&#8221;&#8221; id=&#8221;&#8221; animation_type=&#8221;&#8221; animation_direction=&#8221;left&#8221; animation_speed=&#8221;0.3&#8243; animation_offset=&#8221;&#8221;]https:\/\/www.bitacoracdmx.com\/wp-content\/uploads\/2021\/07\/7eaefb81-4e67-1b88-5098-03e74f078697-240&#215;300.jpg[\/fusion_imageframe][\/fusion_builder_column][\/fusion_builder_row][\/fusion_builder_container]<\/p>\n","protected":false},"excerpt":{"rendered":"<p>[fusion_builder_container hundred_percent=&#8221;no&#8221; equal_height_columns=&#8221;no&#8221; menu_anchor=&#8221;&#8221; hide_on_mobile=&#8221;small-visibility,medium-visibility,large-visibility&#8221; class=&#8221;&#8221; id=&#8221;&#8221; background_color=&#8221;&#8221; background_image=&#8221;&#8221; background_position=&#8221;center center&#8221; background_repeat=&#8221;no-repeat&#8221; fade=&#8221;no&#8221; background_parallax=&#8221;none&#8221; parallax_speed=&#8221;0.3&#8243; video_mp4=&#8221;&#8221; video_webm=&#8221;&#8221; video_ogv=&#8221;&#8221; video_url=&#8221;&#8221; video_aspect_ratio=&#8221;16:9&#8243; video_loop=&#8221;yes&#8221; video_mute=&#8221;yes&#8221; overlay_color=&#8221;&#8221; video_preview_image=&#8221;&#8221; border_size=&#8221;&#8221; border_color=&#8221;&#8221; border_style=&#8221;solid&#8221; padding_top=&#8221;&#8221; padding_bottom=&#8221;&#8221; padding_left=&#8221;&#8221; padding_right=&#8221;&#8221;][fusion_builder_row][fusion_builder_column type=&#8221;1_1&#8243; layout=&#8221;1_1&#8243; background_position=&#8221;left top&#8221; background_color=&#8221;&#8221; border_size=&#8221;&#8221; border_color=&#8221;&#8221; border_style=&#8221;solid&#8221; border_position=&#8221;all&#8221; spacing=&#8221;yes&#8221; background_image=&#8221;&#8221; background_repeat=&#8221;no-repeat&#8221; padding_top=&#8221;&#8221; padding_right=&#8221;&#8221; padding_bottom=&#8221;&#8221; padding_left=&#8221;&#8221; margin_top=&#8221;0px&#8221; margin_bottom=&#8221;0px&#8221; class=&#8221;&#8221; id=&#8221;&#8221; animation_type=&#8221;&#8221; animation_speed=&#8221;0.3&#8243; animation_direction=&#8221;left&#8221; hide_on_mobile=&#8221;small-visibility,medium-visibility,large-visibility&#8221; center_content=&#8221;no&#8221; last=&#8221;no&#8221; min_height=&#8221;&#8221; hover_type=&#8221;none&#8221; link=&#8221;&#8221;][fusion_text] REDACCI\u00d3N El sonido pop y de world music que son parte de la propuesta musical de la cantautora venezolana Laura Guevara, se escuchar\u00e1n en Nueva York el pr\u00f3ximo 10 de julio.\u00a0llevar\u00e1 su \u201cfolk de la ciudad\u201d a la gran manzana, [&hellip;]<\/p>\n","protected":false},"author":1,"featured_media":40796,"comment_status":"open","ping_status":"open","sticky":false,"template":"","format":"standard","meta":{"footnotes":""},"categories":[9,11],"tags":[],"_links":{"self":[{"href":"https:\/\/www.bitacoracdmx.com\/index.php?rest_route=\/wp\/v2\/posts\/40795"}],"collection":[{"href":"https:\/\/www.bitacoracdmx.com\/index.php?rest_route=\/wp\/v2\/posts"}],"about":[{"href":"https:\/\/www.bitacoracdmx.com\/index.php?rest_route=\/wp\/v2\/types\/post"}],"author":[{"embeddable":true,"href":"https:\/\/www.bitacoracdmx.com\/index.php?rest_route=\/wp\/v2\/users\/1"}],"replies":[{"embeddable":true,"href":"https:\/\/www.bitacoracdmx.com\/index.php?rest_route=%2Fwp%2Fv2%2Fcomments&post=40795"}],"version-history":[{"count":1,"href":"https:\/\/www.bitacoracdmx.com\/index.php?rest_route=\/wp\/v2\/posts\/40795\/revisions"}],"predecessor-version":[{"id":40797,"href":"https:\/\/www.bitacoracdmx.com\/index.php?rest_route=\/wp\/v2\/posts\/40795\/revisions\/40797"}],"wp:featuredmedia":[{"embeddable":true,"href":"https:\/\/www.bitacoracdmx.com\/index.php?rest_route=\/wp\/v2\/media\/40796"}],"wp:attachment":[{"href":"https:\/\/www.bitacoracdmx.com\/index.php?rest_route=%2Fwp%2Fv2%2Fmedia&parent=40795"}],"wp:term":[{"taxonomy":"category","embeddable":true,"href":"https:\/\/www.bitacoracdmx.com\/index.php?rest_route=%2Fwp%2Fv2%2Fcategories&post=40795"},{"taxonomy":"post_tag","embeddable":true,"href":"https:\/\/www.bitacoracdmx.com\/index.php?rest_route=%2Fwp%2Fv2%2Ftags&post=40795"}],"curies":[{"name":"wp","href":"https:\/\/api.w.org\/{rel}","templated":true}]}}