{"id":40798,"date":"2021-07-12T05:00:03","date_gmt":"2021-07-12T05:00:03","guid":{"rendered":"https:\/\/www.bitacoracdmx.com\/?p=40798"},"modified":"2021-07-12T05:00:03","modified_gmt":"2021-07-12T05:00:03","slug":"este-13-de-julio-celebra-el-dia-mundial-del-rock-con-los-caverns-en-vivo-en-bajo-circuito","status":"publish","type":"post","link":"https:\/\/www.bitacoracdmx.com\/?p=40798","title":{"rendered":"Este 13 DE JULIO celebra el D\u00cdA MUNDIAL DEL ROCK con LOS CAVERNS -En Vivo- en BAJO CIRCUITO."},"content":{"rendered":"<p>[fusion_builder_container hundred_percent=&#8221;no&#8221; equal_height_columns=&#8221;no&#8221; menu_anchor=&#8221;&#8221; hide_on_mobile=&#8221;small-visibility,medium-visibility,large-visibility&#8221; class=&#8221;&#8221; id=&#8221;&#8221; background_color=&#8221;&#8221; background_image=&#8221;&#8221; background_position=&#8221;center center&#8221; background_repeat=&#8221;no-repeat&#8221; fade=&#8221;no&#8221; background_parallax=&#8221;none&#8221; parallax_speed=&#8221;0.3&#8243; video_mp4=&#8221;&#8221; video_webm=&#8221;&#8221; video_ogv=&#8221;&#8221; video_url=&#8221;&#8221; video_aspect_ratio=&#8221;16:9&#8243; video_loop=&#8221;yes&#8221; video_mute=&#8221;yes&#8221; overlay_color=&#8221;&#8221; video_preview_image=&#8221;&#8221; border_size=&#8221;&#8221; border_color=&#8221;&#8221; border_style=&#8221;solid&#8221; padding_top=&#8221;&#8221; padding_bottom=&#8221;&#8221; padding_left=&#8221;&#8221; padding_right=&#8221;&#8221;][fusion_builder_row][fusion_builder_column type=&#8221;1_1&#8243; layout=&#8221;1_1&#8243; background_position=&#8221;left top&#8221; background_color=&#8221;&#8221; border_size=&#8221;&#8221; border_color=&#8221;&#8221; border_style=&#8221;solid&#8221; border_position=&#8221;all&#8221; spacing=&#8221;yes&#8221; background_image=&#8221;&#8221; background_repeat=&#8221;no-repeat&#8221; padding_top=&#8221;&#8221; padding_right=&#8221;&#8221; padding_bottom=&#8221;&#8221; padding_left=&#8221;&#8221; margin_top=&#8221;0px&#8221; margin_bottom=&#8221;0px&#8221; class=&#8221;&#8221; id=&#8221;&#8221; animation_type=&#8221;&#8221; animation_speed=&#8221;0.3&#8243; animation_direction=&#8221;left&#8221; hide_on_mobile=&#8221;small-visibility,medium-visibility,large-visibility&#8221; center_content=&#8221;no&#8221; last=&#8221;no&#8221; min_height=&#8221;&#8221; hover_type=&#8221;none&#8221; link=&#8221;&#8221;][fusion_text]<\/p>\n<p>REDACCI\u00d3N<\/p>\n<p><strong>El grupo har\u00e1 un recorrido musical para homenajear a las bandas ic\u00f3nicas del Rock, desde The Beatles, The Doors, The Kinks y The Rolling Stones hasta Oasis, Radiohead, Arctic Monkeys y Muse, entre muchas m\u00e1s.<\/strong><\/p>\n<p><strong>El ROCK EN VIVO \u00a0est\u00e1 de regreso.. Disfrut\u00e9moslo con todas las medidas de higiene establecidas. Cupo limitado.. Uso de cubrebocas obligatorio.<\/strong><\/p>\n<p><strong>LOS CAVERNS<\/strong>, es una banda mexicana de Rock con clara influencia de Brit-Pop, \u00a0lo cual se manifiesta claramente en su sonido. El grupo cuenta con dos discos de m\u00fasica original \u00a0(<strong>Los Caverns I y II<\/strong>), el segundo de ellos producido en\u00a0<strong><em>EtherLab Estudio<\/em><\/strong>\u00a0por\u00a0<em><strong>Oz De Le\u00f3n<\/strong><\/em>\u00a0de\u00a0<em><strong>\u201cLa Casta\u00f1eda\u201d.<\/strong><\/em><br \/>\nDurante 2020 y lo que va de este a\u00f1o, han aprovechado para componer los temas que conformar\u00e1n su tercer \u00e1lbum con m\u00fasica original, esperando el momento de volver a tocar en vivo, lo cu\u00e1l suceder\u00e1 este\u00a0<strong>13 DE JULIO EN BAJO CIRCUITO<\/strong>\u00a0(Bajo Puente de Circuito Interior s\/n. Col. Condesa, Alcald\u00eda Cuauht\u00e9moc, 06140, CDMX), celebrando el\u00a0<strong>D\u00cdA MUNDIAL DEL ROCK<\/strong>.<\/p>\n<p>La historia de\u00a0<strong>LOS CAVERNS<\/strong>\u00a0comienza en el 2003, cuando los hermanos\u00a0<strong>Beto y \u00c1ngel Catal\u00e1n<\/strong>\u00a0deciden comenzar a tocar las canciones de las bandas que m\u00e1s los han influenciado y que consideran las m\u00e1s representativas de los movimientos musicales que se han gestado en diferentes d\u00e9cadas como\u00a0<em><strong>The Beatles, The Animals, The Kinks, The Turtles, Creedence Clearwater Revival, Queen, Deep Purple, Pink Floyd, The Who, Franz Ferdinand, Oasis, Supergrass, Radiohead, Blur, Supertramp<\/strong><\/em>\u00a0y\u00a0<em><strong>The Strokes<\/strong><\/em>, entre muchas otras.<br \/>\nAs\u00ed empiezan a ganar gran prestigio como uno de los mejores grupos de covers en M\u00e9xico, para m\u00e1s tarde decidir crear su propia m\u00fasica.<\/p>\n<p><strong>\u00c1ngel Catal\u00e1n<\/strong>, bajista de\u00a0<strong>LOS CAVERNS<\/strong>\u00a0comenta: \u201cPara ganarnos la atenci\u00f3n de la gente que gusta de escuchar temas cl\u00e1sicos del Rock, es importante cuidar todos los detalles. Tocar canciones de todas estas grandes bandas, es una gran responsabilidad. Nosotros tratamos de honrar a estos \u00edconos del Rock en cada concierto y nos preparamos ensayando constantemente y montando nuevas rolas \u00a0todo el tiempo.<br \/>\nContamos con un amplio repertorio que nos permite tener una gran variedad de temas cada noche, por lo que hay seguidores que nos pueden ir a escuchar una y otra vez y se encontrar\u00e1n con repertorios completamente diferentes\u201d.<\/p>\n<p><strong>Beto Catal\u00e1n\u00a0<\/strong>guitarrista de<strong>\u00a0LOS CAVERNS<\/strong>: \u201cElegimos el \u2018brit-pop\u2019 como estandarte, porque es la m\u00fasica que nos marc\u00f3 desde ni\u00f1os. A m\u00ed siempre me impactaban esos juegos de voces y los arreglos de guitarras que hac\u00edan grupos como\u00a0<em><strong>The Beatles<\/strong><\/em>\u00a0\u00f3\u00a0<em><strong>Queen<\/strong><\/em>, lo cual se ha ido perdiendo, por lo que nosotros hemos tratado de rescatarlo con temas originales en espa\u00f1ol como lo pueden escuchar en nuestros discos y tambi\u00e9n cuando tocamos en vivo los temas de las grandes bandas de Rock. Llevamos haci\u00e9ndolo pr\u00e1cticamente noche tras noche durante 18 a\u00f1os, con lo cual hemos ido ganando muchos adeptos en el circuito de Rock en vivo, que son toda esa gente que continuamente asiste a escucharnos.<\/p>\n<p>Por otro lado, desde 2009 hacemos m\u00fasica original y en esta pandemia en la que tuvimos que parar de tocar, aprovechamos para componer nuevo material mientras llegaba el momento de volver a rockear en vivo, por lo que este\u00a0<strong>13 DE JULIO<\/strong>\u00a0festejaremos en grande en\u00a0<strong>BAJO CIRCUITO\u00a0<\/strong>el poder reencontrarnos presencialmente con la gente en una fecha tan especial como lo es el\u00a0<strong>D\u00cdA MUNDIAL DEL ROCK.\u00a0<\/strong>Estamos preparando un incre\u00edble repertorio que abarcar\u00e1 temas cl\u00e1sicos del Rock desde los a\u00f1os \u201960, hasta nuestros d\u00edas, el cual presentaremos en dos sets de m\u00e1s de 40 minutos cada uno.<\/p>\n<p><strong>\u00a1Ser\u00e1 una noche inolvidable!.<\/strong><\/p>\n<p><strong>LOS CAVERNS<\/strong>\u00a0son:<br \/>\n<strong>Beto Catal\u00e1n<\/strong>&#8211; Guitarra y Voz<br \/>\n<strong>\u00c1ngel Catal\u00e1n<\/strong>&#8211; Bajo y Voz<br \/>\n<strong>Harald Madrigal<\/strong>&#8211; Bater\u00eda<br \/>\n<strong>El\u00edas Calder\u00f3n<\/strong>&#8211; Guitarra<\/p>\n<p><strong>Redes Sociales:<\/strong><br \/>\n<a class=\"x_tiny_mce_link\" href=\"https:\/\/clicks.fanbridge.com\/l.php?cid=1579189&amp;sid=287611348&amp;url=https%3A%2F%2Fwww.instagram.com%2Flos_caverns%2F\" target=\"_blank\" rel=\"noopener noreferrer\" data-auth=\"NotApplicable\" data-linkindex=\"2\">https:\/\/www.instagram.com\/los_caverns\/\u00a0<\/a><a class=\"x_tiny_mce_link\" href=\"https:\/\/clicks.fanbridge.com\/l.php?cid=1579189&amp;sid=287611348&amp;url=https%3A%2F%2Fwww.facebook.com%2Floscaverns\" target=\"_blank\" rel=\"noopener noreferrer\" data-auth=\"NotApplicable\" data-linkindex=\"3\">https:\/\/www.facebook.com\/loscaverns<\/a><br \/>\nhttps:\/\/www.facebook.com\/Los-Caverns-157515837602633<\/p>\n<p>[\/fusion_text][fusion_imageframe image_id=&#8221;40799|medium&#8221; max_width=&#8221;&#8221; style_type=&#8221;&#8221; blur=&#8221;&#8221; stylecolor=&#8221;&#8221; hover_type=&#8221;none&#8221; bordersize=&#8221;&#8221; bordercolor=&#8221;&#8221; borderradius=&#8221;&#8221; align=&#8221;none&#8221; lightbox=&#8221;no&#8221; gallery_id=&#8221;&#8221; lightbox_image=&#8221;&#8221; lightbox_image_id=&#8221;&#8221; alt=&#8221;&#8221; link=&#8221;&#8221; linktarget=&#8221;_self&#8221; hide_on_mobile=&#8221;small-visibility,medium-visibility,large-visibility&#8221; class=&#8221;&#8221; id=&#8221;&#8221; animation_type=&#8221;&#8221; animation_direction=&#8221;left&#8221; animation_speed=&#8221;0.3&#8243; animation_offset=&#8221;&#8221;]https:\/\/www.bitacoracdmx.com\/wp-content\/uploads\/2021\/07\/blob-2021-07-11T235718.888-300&#215;169.jpg[\/fusion_imageframe][\/fusion_builder_column][\/fusion_builder_row][\/fusion_builder_container]<\/p>\n","protected":false},"excerpt":{"rendered":"<p>[fusion_builder_container hundred_percent=&#8221;no&#8221; equal_height_columns=&#8221;no&#8221; menu_anchor=&#8221;&#8221; hide_on_mobile=&#8221;small-visibility,medium-visibility,large-visibility&#8221; class=&#8221;&#8221; id=&#8221;&#8221; background_color=&#8221;&#8221; background_image=&#8221;&#8221; background_position=&#8221;center center&#8221; background_repeat=&#8221;no-repeat&#8221; fade=&#8221;no&#8221; background_parallax=&#8221;none&#8221; parallax_speed=&#8221;0.3&#8243; video_mp4=&#8221;&#8221; video_webm=&#8221;&#8221; video_ogv=&#8221;&#8221; video_url=&#8221;&#8221; video_aspect_ratio=&#8221;16:9&#8243; video_loop=&#8221;yes&#8221; video_mute=&#8221;yes&#8221; overlay_color=&#8221;&#8221; video_preview_image=&#8221;&#8221; border_size=&#8221;&#8221; border_color=&#8221;&#8221; border_style=&#8221;solid&#8221; padding_top=&#8221;&#8221; padding_bottom=&#8221;&#8221; padding_left=&#8221;&#8221; padding_right=&#8221;&#8221;][fusion_builder_row][fusion_builder_column type=&#8221;1_1&#8243; layout=&#8221;1_1&#8243; background_position=&#8221;left top&#8221; background_color=&#8221;&#8221; border_size=&#8221;&#8221; border_color=&#8221;&#8221; border_style=&#8221;solid&#8221; border_position=&#8221;all&#8221; spacing=&#8221;yes&#8221; background_image=&#8221;&#8221; background_repeat=&#8221;no-repeat&#8221; padding_top=&#8221;&#8221; padding_right=&#8221;&#8221; padding_bottom=&#8221;&#8221; padding_left=&#8221;&#8221; margin_top=&#8221;0px&#8221; margin_bottom=&#8221;0px&#8221; class=&#8221;&#8221; id=&#8221;&#8221; animation_type=&#8221;&#8221; animation_speed=&#8221;0.3&#8243; animation_direction=&#8221;left&#8221; hide_on_mobile=&#8221;small-visibility,medium-visibility,large-visibility&#8221; center_content=&#8221;no&#8221; last=&#8221;no&#8221; min_height=&#8221;&#8221; hover_type=&#8221;none&#8221; link=&#8221;&#8221;][fusion_text] REDACCI\u00d3N El grupo har\u00e1 un recorrido musical para homenajear a las bandas ic\u00f3nicas del Rock, desde The Beatles, The Doors, The Kinks y The Rolling Stones hasta Oasis, Radiohead, Arctic Monkeys y Muse, entre muchas m\u00e1s. El ROCK EN VIVO [&hellip;]<\/p>\n","protected":false},"author":1,"featured_media":40799,"comment_status":"open","ping_status":"open","sticky":false,"template":"","format":"standard","meta":{"footnotes":""},"categories":[9,11],"tags":[],"_links":{"self":[{"href":"https:\/\/www.bitacoracdmx.com\/index.php?rest_route=\/wp\/v2\/posts\/40798"}],"collection":[{"href":"https:\/\/www.bitacoracdmx.com\/index.php?rest_route=\/wp\/v2\/posts"}],"about":[{"href":"https:\/\/www.bitacoracdmx.com\/index.php?rest_route=\/wp\/v2\/types\/post"}],"author":[{"embeddable":true,"href":"https:\/\/www.bitacoracdmx.com\/index.php?rest_route=\/wp\/v2\/users\/1"}],"replies":[{"embeddable":true,"href":"https:\/\/www.bitacoracdmx.com\/index.php?rest_route=%2Fwp%2Fv2%2Fcomments&post=40798"}],"version-history":[{"count":1,"href":"https:\/\/www.bitacoracdmx.com\/index.php?rest_route=\/wp\/v2\/posts\/40798\/revisions"}],"predecessor-version":[{"id":40800,"href":"https:\/\/www.bitacoracdmx.com\/index.php?rest_route=\/wp\/v2\/posts\/40798\/revisions\/40800"}],"wp:featuredmedia":[{"embeddable":true,"href":"https:\/\/www.bitacoracdmx.com\/index.php?rest_route=\/wp\/v2\/media\/40799"}],"wp:attachment":[{"href":"https:\/\/www.bitacoracdmx.com\/index.php?rest_route=%2Fwp%2Fv2%2Fmedia&parent=40798"}],"wp:term":[{"taxonomy":"category","embeddable":true,"href":"https:\/\/www.bitacoracdmx.com\/index.php?rest_route=%2Fwp%2Fv2%2Fcategories&post=40798"},{"taxonomy":"post_tag","embeddable":true,"href":"https:\/\/www.bitacoracdmx.com\/index.php?rest_route=%2Fwp%2Fv2%2Ftags&post=40798"}],"curies":[{"name":"wp","href":"https:\/\/api.w.org\/{rel}","templated":true}]}}