{"id":40801,"date":"2021-07-12T05:06:35","date_gmt":"2021-07-12T05:06:35","guid":{"rendered":"https:\/\/www.bitacoracdmx.com\/?p=40801"},"modified":"2021-07-12T05:06:35","modified_gmt":"2021-07-12T05:06:35","slug":"sensacion-caney-celebrara-su-aniversario-en-el-recinto-ferial-de-chimalhuacan","status":"publish","type":"post","link":"https:\/\/www.bitacoracdmx.com\/?p=40801","title":{"rendered":"SENSACI\u00d3N CANEY celebrar\u00e1 su aniversario en el recinto ferial de Chimalhuacan."},"content":{"rendered":"<p>[fusion_builder_container hundred_percent=&#8221;no&#8221; equal_height_columns=&#8221;no&#8221; menu_anchor=&#8221;&#8221; hide_on_mobile=&#8221;small-visibility,medium-visibility,large-visibility&#8221; class=&#8221;&#8221; id=&#8221;&#8221; background_color=&#8221;&#8221; background_image=&#8221;&#8221; background_position=&#8221;center center&#8221; background_repeat=&#8221;no-repeat&#8221; fade=&#8221;no&#8221; background_parallax=&#8221;none&#8221; parallax_speed=&#8221;0.3&#8243; video_mp4=&#8221;&#8221; video_webm=&#8221;&#8221; video_ogv=&#8221;&#8221; video_url=&#8221;&#8221; video_aspect_ratio=&#8221;16:9&#8243; video_loop=&#8221;yes&#8221; video_mute=&#8221;yes&#8221; overlay_color=&#8221;&#8221; video_preview_image=&#8221;&#8221; border_size=&#8221;&#8221; border_color=&#8221;&#8221; border_style=&#8221;solid&#8221; padding_top=&#8221;&#8221; padding_bottom=&#8221;&#8221; padding_left=&#8221;&#8221; padding_right=&#8221;&#8221;][fusion_builder_row][fusion_builder_column type=&#8221;1_1&#8243; layout=&#8221;1_1&#8243; background_position=&#8221;left top&#8221; background_color=&#8221;&#8221; border_size=&#8221;&#8221; border_color=&#8221;&#8221; border_style=&#8221;solid&#8221; border_position=&#8221;all&#8221; spacing=&#8221;yes&#8221; background_image=&#8221;&#8221; background_repeat=&#8221;no-repeat&#8221; padding_top=&#8221;&#8221; padding_right=&#8221;&#8221; padding_bottom=&#8221;&#8221; padding_left=&#8221;&#8221; margin_top=&#8221;0px&#8221; margin_bottom=&#8221;0px&#8221; class=&#8221;&#8221; id=&#8221;&#8221; animation_type=&#8221;&#8221; animation_speed=&#8221;0.3&#8243; animation_direction=&#8221;left&#8221; hide_on_mobile=&#8221;small-visibility,medium-visibility,large-visibility&#8221; center_content=&#8221;no&#8221; last=&#8221;no&#8221; min_height=&#8221;&#8221; hover_type=&#8221;none&#8221; link=&#8221;&#8221;][fusion_text]<\/p>\n<p>REDACCI\u00d3N<\/p>\n<p><b><i>*Producciones Panther, Pinocho y Alto Nivel llevar\u00e1n este evento al Recinto Ferial de Chimalhuac\u00e1n, Estado de M\u00e9xico el pr\u00f3ximo Viernes 06 de Agosto de 2021 a partir de las ocho de la noche<\/i><\/b><\/p>\n<p><b>Luego de llevar su producci\u00f3n a los principales escenarios del pa\u00eds en su fiesta de aniversario con llenos memorables, como son El Palacio de Los Deportes, Ciudad Deportiva, Centro de Convenciones de Tlatelolco, Ex-Balneario Ol\u00edmpico y muchos recintos m\u00e1s, el Sonido Sensaci\u00f3n Caney dirigido por los Hermanos Soto vuelve a dar un golpe de autoridad para anunciar un magno cartel nuevamente compuesto por lo mejor de la escena sonidera en la actualidad listos para presentarse el pr\u00f3ximo Viernes 06 de Agosto de 2021 en el Recinto Ferial de Chimalhuac\u00e1n, Estado de M\u00e9xico a partir de las ocho de la noche.<\/b><\/p>\n<p><b>Para esta fiesta imperdible, Sensaci\u00f3n Caney estar\u00e1 alternando junto a La Conga y Condor, con representantes importantes e hist\u00f3ricos del movimiento que no hab\u00edan alternado juntos desde hac\u00eda tiempo, como es el caso de Sonido C\u00f3ndor y Sonido La Conga, adem\u00e1s los sonideros m\u00e1s reconocidos y vigentes de la actualidad como son Los JRS, Berraco, Eckos, Wendy Queen, Estelar, Ne\u00f3n, La Bamba, Ilusi\u00f3n Latina, Alucinaci\u00f3n, Maracan\u00e1, Puerto Rico, entre muchos m\u00e1s, en lo que promete ser una enorme fiesta digna de recordarse. Es de esepcial inter\u00e9s la disputa de dinast\u00edas entre Condor y sus hijos Los JRS y por otra parte La Conga con su hijo Eckos en lo que tambi\u00e9n representa un cambio generacional.<\/b><\/p>\n<p><b>Eduardo Soto es la cabeza del Sonido Sensaci\u00f3n Caney y desde \u00e9sa posici\u00f3n y a lo largo de los a\u00f1os se ha posicionado como uno de los combos sonideros m\u00e1s grandes, teniendo como referente el municipio de Ciudad Nezahualc\u00f3yotl del Estado de M\u00e9xico. Sonido Sensaci\u00f3n Caney, conocido tambi\u00e9n como \u201cEl Padrino\u201d de los hermanos Soto, arremeten listos para forjar una leyenda que ya ronda las 3 d\u00e9cadas y que justamente celebrar\u00e1n este Viernes 06 de Agosto de 2021 en el Recinto Ferial de Chimalhuac\u00e1n, Estado de M\u00e9xico a partir de las ocho de la noche.<\/b><\/p>\n<p><b>Los inicios de Sonido C\u00f3ndor fueron en 1980, donde logr\u00f3 \u00e9xitos constantes que llevaron a la familia Aguilar a tocar los siete d\u00edas de la semana, y todos los bailes registraban un lleno absoluto, lo que le llev\u00f3 r\u00e1pidamente a ganar su primer disco de oro de manos de Discos Peerless en 1981. Para 1982 era tanta la popularidad de Sonido C\u00f3ndor que comenz\u00f3 a tener su propio club de admiradores. Primero para cualquier sonido. A partir de eso Condor ha ejemplificado el trabajo y al constancia que lo ha mantenido en un pedestal que se niega a dejar vac\u00edo y que hoy lo tiene en el lugar de los consagrados indiscutibles.<\/b><\/p>\n<p><b>Su nombre completo es Pedro Perea Torres y es propietario del Sonido La Conga, originario del Pe\u00f1on de los Ba\u00f1os. Pedro proviene de una familia sonidera por tradici\u00f3n en aquellos a\u00f1os, sin m\u00e1s eran los fundadores de Sonido Arcoiris y Fascinaci\u00f3n. Decidido a labrarse una carrera por s\u00ed mismo, asume el control moment\u00e1neo de Sonido Arcoiris pero pasa poco tiempo antes que su convicci\u00f3n le haga enfundarse en el proyecto del Sonido Conga, por una fusi\u00f3n de los nombres de otros sonideros que le encantaban: &#8220;CON&#8221;dor y chan&#8221;GA&#8221;. Como La Conga asume un exito incre\u00edble que lo lleva a ser un aut\u00e9ntico estandarte del movimiento sonidero en los a\u00f1os sucesivos.<\/b><\/p>\n<p><b>Sonido Sensaci\u00f3n Caney celebrar\u00e1 as\u00ed 3 d\u00e9cadas de trayectoria el pr\u00f3ximo Viernes 06 de Agosto de 2021 en el Recinto Ferial de Chimalhuac\u00e1n, Estado de M\u00e9xico a partir de las ocho de la noche junto a La Conga y Condor, adem\u00e1s de la presencia de los sonideros m\u00e1s reconocidos y vigentes de la actualidad como son Berraco Eckos, Wendy Queen, Estelar, Ne\u00f3n, La Bamba, Ilusi\u00f3n Latina, Alucinaci\u00f3n, Maracan\u00e1, Puerto Rico, entre muchos m\u00e1s los sonideros m\u00e1s reconocidos y vigentes de la actualidad como son Los JRS, Berraco, Eckos, Wendy Queen, Estelar, Ne\u00f3n, La Bamba, Ilusi\u00f3n Latina, Alucinaci\u00f3n, Maracan\u00e1, Puerto Rico, entre muchos m\u00e1s.<\/b><\/p>\n<p>[\/fusion_text][fusion_imageframe image_id=&#8221;40802|medium&#8221; max_width=&#8221;&#8221; style_type=&#8221;&#8221; blur=&#8221;&#8221; stylecolor=&#8221;&#8221; hover_type=&#8221;none&#8221; bordersize=&#8221;&#8221; bordercolor=&#8221;&#8221; borderradius=&#8221;&#8221; align=&#8221;none&#8221; lightbox=&#8221;no&#8221; gallery_id=&#8221;&#8221; lightbox_image=&#8221;&#8221; lightbox_image_id=&#8221;&#8221; alt=&#8221;&#8221; link=&#8221;&#8221; linktarget=&#8221;_self&#8221; hide_on_mobile=&#8221;small-visibility,medium-visibility,large-visibility&#8221; class=&#8221;&#8221; id=&#8221;&#8221; animation_type=&#8221;&#8221; animation_direction=&#8221;left&#8221; animation_speed=&#8221;0.3&#8243; animation_offset=&#8221;&#8221;]https:\/\/www.bitacoracdmx.com\/wp-content\/uploads\/2021\/07\/SENSACION-CANEY-CHIMALHUACAN-JUL-2021-CARTEL-197&#215;300.jpg[\/fusion_imageframe][\/fusion_builder_column][\/fusion_builder_row][\/fusion_builder_container]<\/p>\n","protected":false},"excerpt":{"rendered":"<p>[fusion_builder_container hundred_percent=&#8221;no&#8221; equal_height_columns=&#8221;no&#8221; menu_anchor=&#8221;&#8221; hide_on_mobile=&#8221;small-visibility,medium-visibility,large-visibility&#8221; class=&#8221;&#8221; id=&#8221;&#8221; background_color=&#8221;&#8221; background_image=&#8221;&#8221; background_position=&#8221;center center&#8221; background_repeat=&#8221;no-repeat&#8221; fade=&#8221;no&#8221; background_parallax=&#8221;none&#8221; parallax_speed=&#8221;0.3&#8243; video_mp4=&#8221;&#8221; video_webm=&#8221;&#8221; video_ogv=&#8221;&#8221; video_url=&#8221;&#8221; video_aspect_ratio=&#8221;16:9&#8243; video_loop=&#8221;yes&#8221; video_mute=&#8221;yes&#8221; overlay_color=&#8221;&#8221; video_preview_image=&#8221;&#8221; border_size=&#8221;&#8221; border_color=&#8221;&#8221; border_style=&#8221;solid&#8221; padding_top=&#8221;&#8221; padding_bottom=&#8221;&#8221; padding_left=&#8221;&#8221; padding_right=&#8221;&#8221;][fusion_builder_row][fusion_builder_column type=&#8221;1_1&#8243; layout=&#8221;1_1&#8243; background_position=&#8221;left top&#8221; background_color=&#8221;&#8221; border_size=&#8221;&#8221; border_color=&#8221;&#8221; border_style=&#8221;solid&#8221; border_position=&#8221;all&#8221; spacing=&#8221;yes&#8221; background_image=&#8221;&#8221; background_repeat=&#8221;no-repeat&#8221; padding_top=&#8221;&#8221; padding_right=&#8221;&#8221; padding_bottom=&#8221;&#8221; padding_left=&#8221;&#8221; margin_top=&#8221;0px&#8221; margin_bottom=&#8221;0px&#8221; class=&#8221;&#8221; id=&#8221;&#8221; animation_type=&#8221;&#8221; animation_speed=&#8221;0.3&#8243; animation_direction=&#8221;left&#8221; hide_on_mobile=&#8221;small-visibility,medium-visibility,large-visibility&#8221; center_content=&#8221;no&#8221; last=&#8221;no&#8221; min_height=&#8221;&#8221; hover_type=&#8221;none&#8221; link=&#8221;&#8221;][fusion_text] REDACCI\u00d3N *Producciones Panther, Pinocho y Alto Nivel llevar\u00e1n este evento al Recinto Ferial de Chimalhuac\u00e1n, Estado de M\u00e9xico el pr\u00f3ximo Viernes 06 de Agosto de 2021 a partir de las ocho de la noche Luego de llevar su producci\u00f3n a [&hellip;]<\/p>\n","protected":false},"author":1,"featured_media":40802,"comment_status":"open","ping_status":"open","sticky":false,"template":"","format":"standard","meta":{"footnotes":""},"categories":[9,11],"tags":[],"_links":{"self":[{"href":"https:\/\/www.bitacoracdmx.com\/index.php?rest_route=\/wp\/v2\/posts\/40801"}],"collection":[{"href":"https:\/\/www.bitacoracdmx.com\/index.php?rest_route=\/wp\/v2\/posts"}],"about":[{"href":"https:\/\/www.bitacoracdmx.com\/index.php?rest_route=\/wp\/v2\/types\/post"}],"author":[{"embeddable":true,"href":"https:\/\/www.bitacoracdmx.com\/index.php?rest_route=\/wp\/v2\/users\/1"}],"replies":[{"embeddable":true,"href":"https:\/\/www.bitacoracdmx.com\/index.php?rest_route=%2Fwp%2Fv2%2Fcomments&post=40801"}],"version-history":[{"count":1,"href":"https:\/\/www.bitacoracdmx.com\/index.php?rest_route=\/wp\/v2\/posts\/40801\/revisions"}],"predecessor-version":[{"id":40803,"href":"https:\/\/www.bitacoracdmx.com\/index.php?rest_route=\/wp\/v2\/posts\/40801\/revisions\/40803"}],"wp:featuredmedia":[{"embeddable":true,"href":"https:\/\/www.bitacoracdmx.com\/index.php?rest_route=\/wp\/v2\/media\/40802"}],"wp:attachment":[{"href":"https:\/\/www.bitacoracdmx.com\/index.php?rest_route=%2Fwp%2Fv2%2Fmedia&parent=40801"}],"wp:term":[{"taxonomy":"category","embeddable":true,"href":"https:\/\/www.bitacoracdmx.com\/index.php?rest_route=%2Fwp%2Fv2%2Fcategories&post=40801"},{"taxonomy":"post_tag","embeddable":true,"href":"https:\/\/www.bitacoracdmx.com\/index.php?rest_route=%2Fwp%2Fv2%2Ftags&post=40801"}],"curies":[{"name":"wp","href":"https:\/\/api.w.org\/{rel}","templated":true}]}}