{"id":40808,"date":"2021-07-14T00:22:59","date_gmt":"2021-07-14T00:22:59","guid":{"rendered":"https:\/\/www.bitacoracdmx.com\/?p=40808"},"modified":"2021-07-14T00:22:59","modified_gmt":"2021-07-14T00:22:59","slug":"el-diablo-sasagi-sanchez-a-la-seleccion-mexicana-olimpica","status":"publish","type":"post","link":"https:\/\/www.bitacoracdmx.com\/?p=40808","title":{"rendered":"El diablo SASAGI S\u00c1NCHEZ, a la selecci\u00f3n  mexicana ol\u00edmpica."},"content":{"rendered":"<p>[fusion_builder_container hundred_percent=&#8221;no&#8221; equal_height_columns=&#8221;no&#8221; menu_anchor=&#8221;&#8221; hide_on_mobile=&#8221;small-visibility,medium-visibility,large-visibility&#8221; class=&#8221;&#8221; id=&#8221;&#8221; background_color=&#8221;&#8221; background_image=&#8221;&#8221; background_position=&#8221;center center&#8221; background_repeat=&#8221;no-repeat&#8221; fade=&#8221;no&#8221; background_parallax=&#8221;none&#8221; parallax_speed=&#8221;0.3&#8243; video_mp4=&#8221;&#8221; video_webm=&#8221;&#8221; video_ogv=&#8221;&#8221; video_url=&#8221;&#8221; video_aspect_ratio=&#8221;16:9&#8243; video_loop=&#8221;yes&#8221; video_mute=&#8221;yes&#8221; overlay_color=&#8221;&#8221; video_preview_image=&#8221;&#8221; border_size=&#8221;&#8221; border_color=&#8221;&#8221; border_style=&#8221;solid&#8221; padding_top=&#8221;&#8221; padding_bottom=&#8221;&#8221; padding_left=&#8221;&#8221; padding_right=&#8221;&#8221;][fusion_builder_row][fusion_builder_column type=&#8221;1_1&#8243; layout=&#8221;1_1&#8243; background_position=&#8221;left top&#8221; background_color=&#8221;&#8221; border_size=&#8221;&#8221; border_color=&#8221;&#8221; border_style=&#8221;solid&#8221; border_position=&#8221;all&#8221; spacing=&#8221;yes&#8221; background_image=&#8221;&#8221; background_repeat=&#8221;no-repeat&#8221; padding_top=&#8221;&#8221; padding_right=&#8221;&#8221; padding_bottom=&#8221;&#8221; padding_left=&#8221;&#8221; margin_top=&#8221;0px&#8221; margin_bottom=&#8221;0px&#8221; class=&#8221;&#8221; id=&#8221;&#8221; animation_type=&#8221;&#8221; animation_speed=&#8221;0.3&#8243; animation_direction=&#8221;left&#8221; hide_on_mobile=&#8221;small-visibility,medium-visibility,large-visibility&#8221; center_content=&#8221;no&#8221; last=&#8221;no&#8221; min_height=&#8221;&#8221; hover_type=&#8221;none&#8221; link=&#8221;&#8221;][fusion_text]<\/p>\n<p>REDACCI\u00d3N<\/p>\n<div>Los Diablos Rojos del M\u00e9xico estar\u00e1n representados en los Juegos Ol\u00edmpicos, ya que el pitcher relevista Sasagi S\u00e1nchez fue uno de los lanzadores elegidos para integrarse a la Selecci\u00f3n Mexicana que tendr\u00e1 una hist\u00f3rica participaci\u00f3n en la justa de verano.<\/div>\n<div>Este jueves la Federaci\u00f3n Mexicana de Beisbol, en conjunto con la Liga Mexicana, confirmaron el roster de la novena tricolor que participar\u00e1 en la justa de verano de Tokyo 2021, presentando 12 pitchers y 12 jugadores de campo.<\/div>\n<div>Ah\u00ed fue incluido el lanzador nacido en Mazatl\u00e1n, Sinaloa, quien est\u00e1 viviendo su primera temporada con los Diablos Rojos, despu\u00e9s de que lleg\u00f3 en marzo de 2020 al equipo por medio de un cambio con los Acereros de Monclova. Al haberse cancelado la campa\u00f1a de la LMB, fue hasta este a\u00f1o que Sasagi pudo debutar con los escarlatas.<\/div>\n<div>Hasta el momento, el lanzador zurdo ha aparecido en 13 encuentros con la \u2018Pandilla Escarlata\u2019, cuatro de ellos como abridor, acumulando 26.2 entradas lanzadas, con 34 hits admitidos, 21 carreras admitidas (20 de ellas limpias), con solo cuatro bases por bolas regaladas y 14 ponches. En esa actuaci\u00f3n tiene marca de 1-2 y un promedio de carreras limpias de 6.75.<\/div>\n<div>S\u00e1nchez debut\u00f3 en la Liga Mexicana en 2014 con los Acereros, equipo con el que jug\u00f3 hasta 2017. Ese a\u00f1o estuvo tambi\u00e9n con Olmecas de Tabasco y Pericos de Puebla. Permaneci\u00f3 con los poblanos hasta 2019, aunque segu\u00eda perteneciendo a Monclova. En su paso por la LMB acumula 228 apariciones, con 320.2 innings de labor.<\/div>\n<div>La Selecci\u00f3n Mexicana se concentrar\u00e1 el 17 de julio en la ciudad de M\u00e9xico, donde permanecer\u00e1 hasta el d\u00eda 21, cuando viaje a Tokyo. La novena tricolor debutar\u00e1 en la justa de verano el 30 de julio cuando enfrente a Rep\u00fablica Dominicana y un d\u00eda despu\u00e9s se ver\u00e1 las caras con la novena local, Jap\u00f3n.<\/div>\n<div><\/div>\n<p>[\/fusion_text][fusion_imageframe image_id=&#8221;40809|medium&#8221; max_width=&#8221;&#8221; style_type=&#8221;&#8221; blur=&#8221;&#8221; stylecolor=&#8221;&#8221; hover_type=&#8221;none&#8221; bordersize=&#8221;&#8221; bordercolor=&#8221;&#8221; borderradius=&#8221;&#8221; align=&#8221;none&#8221; lightbox=&#8221;no&#8221; gallery_id=&#8221;&#8221; lightbox_image=&#8221;&#8221; lightbox_image_id=&#8221;&#8221; alt=&#8221;&#8221; link=&#8221;&#8221; linktarget=&#8221;_self&#8221; hide_on_mobile=&#8221;small-visibility,medium-visibility,large-visibility&#8221; class=&#8221;&#8221; id=&#8221;&#8221; animation_type=&#8221;&#8221; animation_direction=&#8221;left&#8221; animation_speed=&#8221;0.3&#8243; animation_offset=&#8221;&#8221;]https:\/\/www.bitacoracdmx.com\/wp-content\/uploads\/2021\/07\/SASAGI-SANCHEZ-7-300&#215;199.jpg[\/fusion_imageframe][\/fusion_builder_column][\/fusion_builder_row][\/fusion_builder_container]<\/p>\n","protected":false},"excerpt":{"rendered":"<p>[fusion_builder_container hundred_percent=&#8221;no&#8221; equal_height_columns=&#8221;no&#8221; menu_anchor=&#8221;&#8221; hide_on_mobile=&#8221;small-visibility,medium-visibility,large-visibility&#8221; class=&#8221;&#8221; id=&#8221;&#8221; background_color=&#8221;&#8221; background_image=&#8221;&#8221; background_position=&#8221;center center&#8221; background_repeat=&#8221;no-repeat&#8221; fade=&#8221;no&#8221; background_parallax=&#8221;none&#8221; parallax_speed=&#8221;0.3&#8243; video_mp4=&#8221;&#8221; video_webm=&#8221;&#8221; video_ogv=&#8221;&#8221; video_url=&#8221;&#8221; video_aspect_ratio=&#8221;16:9&#8243; video_loop=&#8221;yes&#8221; video_mute=&#8221;yes&#8221; overlay_color=&#8221;&#8221; video_preview_image=&#8221;&#8221; border_size=&#8221;&#8221; border_color=&#8221;&#8221; border_style=&#8221;solid&#8221; padding_top=&#8221;&#8221; padding_bottom=&#8221;&#8221; padding_left=&#8221;&#8221; padding_right=&#8221;&#8221;][fusion_builder_row][fusion_builder_column type=&#8221;1_1&#8243; layout=&#8221;1_1&#8243; background_position=&#8221;left top&#8221; background_color=&#8221;&#8221; border_size=&#8221;&#8221; border_color=&#8221;&#8221; border_style=&#8221;solid&#8221; border_position=&#8221;all&#8221; spacing=&#8221;yes&#8221; background_image=&#8221;&#8221; background_repeat=&#8221;no-repeat&#8221; padding_top=&#8221;&#8221; padding_right=&#8221;&#8221; padding_bottom=&#8221;&#8221; padding_left=&#8221;&#8221; margin_top=&#8221;0px&#8221; margin_bottom=&#8221;0px&#8221; class=&#8221;&#8221; id=&#8221;&#8221; animation_type=&#8221;&#8221; animation_speed=&#8221;0.3&#8243; animation_direction=&#8221;left&#8221; hide_on_mobile=&#8221;small-visibility,medium-visibility,large-visibility&#8221; center_content=&#8221;no&#8221; last=&#8221;no&#8221; min_height=&#8221;&#8221; hover_type=&#8221;none&#8221; link=&#8221;&#8221;][fusion_text] REDACCI\u00d3N Los Diablos Rojos del M\u00e9xico estar\u00e1n representados en los Juegos Ol\u00edmpicos, ya que el pitcher relevista Sasagi S\u00e1nchez fue uno de los lanzadores elegidos para integrarse a la Selecci\u00f3n Mexicana que tendr\u00e1 una hist\u00f3rica participaci\u00f3n en la justa de [&hellip;]<\/p>\n","protected":false},"author":1,"featured_media":40809,"comment_status":"open","ping_status":"open","sticky":false,"template":"","format":"standard","meta":{"footnotes":""},"categories":[6,9],"tags":[],"_links":{"self":[{"href":"https:\/\/www.bitacoracdmx.com\/index.php?rest_route=\/wp\/v2\/posts\/40808"}],"collection":[{"href":"https:\/\/www.bitacoracdmx.com\/index.php?rest_route=\/wp\/v2\/posts"}],"about":[{"href":"https:\/\/www.bitacoracdmx.com\/index.php?rest_route=\/wp\/v2\/types\/post"}],"author":[{"embeddable":true,"href":"https:\/\/www.bitacoracdmx.com\/index.php?rest_route=\/wp\/v2\/users\/1"}],"replies":[{"embeddable":true,"href":"https:\/\/www.bitacoracdmx.com\/index.php?rest_route=%2Fwp%2Fv2%2Fcomments&post=40808"}],"version-history":[{"count":1,"href":"https:\/\/www.bitacoracdmx.com\/index.php?rest_route=\/wp\/v2\/posts\/40808\/revisions"}],"predecessor-version":[{"id":40810,"href":"https:\/\/www.bitacoracdmx.com\/index.php?rest_route=\/wp\/v2\/posts\/40808\/revisions\/40810"}],"wp:featuredmedia":[{"embeddable":true,"href":"https:\/\/www.bitacoracdmx.com\/index.php?rest_route=\/wp\/v2\/media\/40809"}],"wp:attachment":[{"href":"https:\/\/www.bitacoracdmx.com\/index.php?rest_route=%2Fwp%2Fv2%2Fmedia&parent=40808"}],"wp:term":[{"taxonomy":"category","embeddable":true,"href":"https:\/\/www.bitacoracdmx.com\/index.php?rest_route=%2Fwp%2Fv2%2Fcategories&post=40808"},{"taxonomy":"post_tag","embeddable":true,"href":"https:\/\/www.bitacoracdmx.com\/index.php?rest_route=%2Fwp%2Fv2%2Ftags&post=40808"}],"curies":[{"name":"wp","href":"https:\/\/api.w.org\/{rel}","templated":true}]}}