{"id":40811,"date":"2021-07-14T00:31:42","date_gmt":"2021-07-14T00:31:42","guid":{"rendered":"https:\/\/www.bitacoracdmx.com\/?p=40811"},"modified":"2021-07-14T00:31:42","modified_gmt":"2021-07-14T00:31:42","slug":"raquel-caspi-presenta-la-estrella-de-luna-libro-basado-en-una-historia-real-sobre-la-trata-de-personas","status":"publish","type":"post","link":"https:\/\/www.bitacoracdmx.com\/?p=40811","title":{"rendered":"RAQUEL CASPI presenta LA ESTRELLA DE LUNA, libro basado en una historia real sobre la Trata de Personas."},"content":{"rendered":"<p>[fusion_builder_container hundred_percent=&#8221;no&#8221; equal_height_columns=&#8221;no&#8221; menu_anchor=&#8221;&#8221; hide_on_mobile=&#8221;small-visibility,medium-visibility,large-visibility&#8221; class=&#8221;&#8221; id=&#8221;&#8221; background_color=&#8221;&#8221; background_image=&#8221;&#8221; background_position=&#8221;center center&#8221; background_repeat=&#8221;no-repeat&#8221; fade=&#8221;no&#8221; background_parallax=&#8221;none&#8221; parallax_speed=&#8221;0.3&#8243; video_mp4=&#8221;&#8221; video_webm=&#8221;&#8221; video_ogv=&#8221;&#8221; video_url=&#8221;&#8221; video_aspect_ratio=&#8221;16:9&#8243; video_loop=&#8221;yes&#8221; video_mute=&#8221;yes&#8221; overlay_color=&#8221;&#8221; video_preview_image=&#8221;&#8221; border_size=&#8221;&#8221; border_color=&#8221;&#8221; border_style=&#8221;solid&#8221; padding_top=&#8221;&#8221; padding_bottom=&#8221;&#8221; padding_left=&#8221;&#8221; padding_right=&#8221;&#8221;][fusion_builder_row][fusion_builder_column type=&#8221;1_1&#8243; layout=&#8221;1_1&#8243; background_position=&#8221;left top&#8221; background_color=&#8221;&#8221; border_size=&#8221;&#8221; border_color=&#8221;&#8221; border_style=&#8221;solid&#8221; border_position=&#8221;all&#8221; spacing=&#8221;yes&#8221; background_image=&#8221;&#8221; background_repeat=&#8221;no-repeat&#8221; padding_top=&#8221;&#8221; padding_right=&#8221;&#8221; padding_bottom=&#8221;&#8221; padding_left=&#8221;&#8221; margin_top=&#8221;0px&#8221; margin_bottom=&#8221;0px&#8221; class=&#8221;&#8221; id=&#8221;&#8221; animation_type=&#8221;&#8221; animation_speed=&#8221;0.3&#8243; animation_direction=&#8221;left&#8221; hide_on_mobile=&#8221;small-visibility,medium-visibility,large-visibility&#8221; center_content=&#8221;no&#8221; last=&#8221;no&#8221; min_height=&#8221;&#8221; hover_type=&#8221;none&#8221; link=&#8221;&#8221;][fusion_text]<\/p>\n<p>REDACCI\u00d3N<\/p>\n<p><b><span lang=\"ES-MX\">Un tema del que nadie quisiera hablar, pero que es un delito muy com\u00fan del que hay que hablar lo suficientemente alto.<\/span><\/b><\/p>\n<p><b><span lang=\"ES-MX\">LANZAMIENTO: 30 DE JULIO, 2021.<\/span><\/b><\/p>\n<p>Raquel Anna Caspi Miller estudi\u00f3 la Licenciatura en Comunicaci\u00f3n Humana y ejerci\u00f3 como Terapeuta de ni\u00f1os con problemas de aprendizaje por m\u00e1s de diez a\u00f1os. Estudi\u00f3 una especialidad en Programaci\u00f3n Neuroling\u00fc\u00edstica y otra en Psicolog\u00eda Cl\u00ednica y Psicopatolog\u00eda. Tiene una formaci\u00f3n en Neurosicoeducaci\u00f3n y una Maestr\u00eda en Psicolog\u00eda Transpersonal. Es Psicoterapeuta en Pr\u00e1ctica Privada.<\/p>\n<p>Actualmente estudia un Diplomado en Trata de Personas y un Doctorado en Desarrollo Humano.<\/p>\n<p>Es autora de los libros: \u00bfPara qu\u00e9 estamos aqu\u00ed?, Cuando nuestras mascotas se van al cielo y La maternidad en tiempos de Coronavirus.<\/p>\n<p>El pr\u00f3ximo 30 de Julio, lanzar\u00e1 LA ESTRELLA DE LUNA, su cuarto ejemplar, abordando un tema del que no es f\u00e1cil hablar, pero que ella ha decidido hacerlo: LA TRATA DE PERSONAS.<\/p>\n<p>Al respecto RAQUEL CASPI comenta: \u201cTenemos que abrir el di\u00e1logo, quitarnos la venda de los ojos y conectar con nuestra humanidad para ser el cambio que queremos ver en nuestro pa\u00eds y en el mundo. Las personas que viven este infierno no tienen voz. Seamos su voz y gritemos lo m\u00e1s fuerte que se pueda.\u201d<\/p>\n<p>Rese\u00f1a del libro:<\/p>\n<p>Luna y Estrella protagonizan esta obra de no ficci\u00f3n. Ambas fueron vendidas y esclavizadas: Luna, ten\u00eda solo 14 a\u00f1os; mientras Estrella fue sometida a ese mundo desde los 12. La historia, reconstruida por la psic\u00f3loga Raquel Caspi, gracias a las declaraciones ministeriales, testimonios registrados, entrevistas y sesiones terap\u00e9uticas autorizadas de Luna, ahonda en el mundo de la trata de personas, un delito muy com\u00fan y del que no se habla suficientemente alto. LA ESTRELLA DE LUNA es un libro que quisi\u00e9ramos, profundamente fuese ficci\u00f3n. Sin embargo, es una realidad apabullante que alguien debe relatar para hacerla m\u00e1s tangible; para prevenir, a trav\u00e9s de una historia desgarradora, que la pesadilla se concrete y que sea una forma de \u201csobrevivir\u201d para cualquier ni\u00f1a, ni\u00f1o, mujer u hombre.<\/p>\n<p>LA ESTRELLA DE LUNA se podr\u00e1 conseguir impreso por demanda a trav\u00e9s de Amazon, Grupo Igneo y Librer\u00edas Gandhi y El S\u00f3tano en M\u00e9xico, Librer\u00eda Pocho en Uruguay, Librer\u00eda de la U en Colombia y Mandrake Libros en Argentina. Tambi\u00e9n estar\u00e1 disponible en formato digital a trav\u00e9s de Kindle y Apple Books.<\/p>\n<p>El 100% de las regal\u00edas de las ventas de este libro ser\u00e1n donadas a los refugios para v\u00edctimas sobrevivientes de la trata de personas en M\u00e9xico.<\/p>\n<p>Sigue a Raque Caspi en Instagram.<\/p>\n<p>Todos los mi\u00e9rcoles a las 9 PM, en Instagram live puedes ver el programa: Tu Voz Vs. La Trata. https:\/\/www.instagram.com\/psicologia.transpersonal\/?hl=es<\/p>\n<p>[\/fusion_text][fusion_imageframe image_id=&#8221;40812|medium&#8221; max_width=&#8221;&#8221; style_type=&#8221;&#8221; blur=&#8221;&#8221; stylecolor=&#8221;&#8221; hover_type=&#8221;none&#8221; bordersize=&#8221;&#8221; bordercolor=&#8221;&#8221; borderradius=&#8221;&#8221; align=&#8221;none&#8221; lightbox=&#8221;no&#8221; gallery_id=&#8221;&#8221; lightbox_image=&#8221;&#8221; lightbox_image_id=&#8221;&#8221; alt=&#8221;&#8221; link=&#8221;&#8221; linktarget=&#8221;_self&#8221; hide_on_mobile=&#8221;small-visibility,medium-visibility,large-visibility&#8221; class=&#8221;&#8221; id=&#8221;&#8221; animation_type=&#8221;&#8221; animation_direction=&#8221;left&#8221; animation_speed=&#8221;0.3&#8243; animation_offset=&#8221;&#8221;]https:\/\/www.bitacoracdmx.com\/wp-content\/uploads\/2021\/07\/LA-ESTRELLA-DE-LUNA-BANNER-204&#215;300.jpg[\/fusion_imageframe][\/fusion_builder_column][\/fusion_builder_row][\/fusion_builder_container]<\/p>\n","protected":false},"excerpt":{"rendered":"<p>[fusion_builder_container hundred_percent=&#8221;no&#8221; equal_height_columns=&#8221;no&#8221; menu_anchor=&#8221;&#8221; hide_on_mobile=&#8221;small-visibility,medium-visibility,large-visibility&#8221; class=&#8221;&#8221; id=&#8221;&#8221; background_color=&#8221;&#8221; background_image=&#8221;&#8221; background_position=&#8221;center center&#8221; background_repeat=&#8221;no-repeat&#8221; fade=&#8221;no&#8221; background_parallax=&#8221;none&#8221; parallax_speed=&#8221;0.3&#8243; video_mp4=&#8221;&#8221; video_webm=&#8221;&#8221; video_ogv=&#8221;&#8221; video_url=&#8221;&#8221; video_aspect_ratio=&#8221;16:9&#8243; video_loop=&#8221;yes&#8221; video_mute=&#8221;yes&#8221; overlay_color=&#8221;&#8221; video_preview_image=&#8221;&#8221; border_size=&#8221;&#8221; border_color=&#8221;&#8221; border_style=&#8221;solid&#8221; padding_top=&#8221;&#8221; padding_bottom=&#8221;&#8221; padding_left=&#8221;&#8221; padding_right=&#8221;&#8221;][fusion_builder_row][fusion_builder_column type=&#8221;1_1&#8243; layout=&#8221;1_1&#8243; background_position=&#8221;left top&#8221; background_color=&#8221;&#8221; border_size=&#8221;&#8221; border_color=&#8221;&#8221; border_style=&#8221;solid&#8221; border_position=&#8221;all&#8221; spacing=&#8221;yes&#8221; background_image=&#8221;&#8221; background_repeat=&#8221;no-repeat&#8221; padding_top=&#8221;&#8221; padding_right=&#8221;&#8221; padding_bottom=&#8221;&#8221; padding_left=&#8221;&#8221; margin_top=&#8221;0px&#8221; margin_bottom=&#8221;0px&#8221; class=&#8221;&#8221; id=&#8221;&#8221; animation_type=&#8221;&#8221; animation_speed=&#8221;0.3&#8243; animation_direction=&#8221;left&#8221; hide_on_mobile=&#8221;small-visibility,medium-visibility,large-visibility&#8221; center_content=&#8221;no&#8221; last=&#8221;no&#8221; min_height=&#8221;&#8221; hover_type=&#8221;none&#8221; link=&#8221;&#8221;][fusion_text] REDACCI\u00d3N Un tema del que nadie quisiera hablar, pero que es un delito muy com\u00fan del que hay que hablar lo suficientemente alto. LANZAMIENTO: 30 DE JULIO, 2021. Raquel Anna Caspi Miller estudi\u00f3 la Licenciatura en Comunicaci\u00f3n Humana y ejerci\u00f3 [&hellip;]<\/p>\n","protected":false},"author":1,"featured_media":40812,"comment_status":"open","ping_status":"open","sticky":false,"template":"","format":"standard","meta":{"footnotes":""},"categories":[9,10],"tags":[],"_links":{"self":[{"href":"https:\/\/www.bitacoracdmx.com\/index.php?rest_route=\/wp\/v2\/posts\/40811"}],"collection":[{"href":"https:\/\/www.bitacoracdmx.com\/index.php?rest_route=\/wp\/v2\/posts"}],"about":[{"href":"https:\/\/www.bitacoracdmx.com\/index.php?rest_route=\/wp\/v2\/types\/post"}],"author":[{"embeddable":true,"href":"https:\/\/www.bitacoracdmx.com\/index.php?rest_route=\/wp\/v2\/users\/1"}],"replies":[{"embeddable":true,"href":"https:\/\/www.bitacoracdmx.com\/index.php?rest_route=%2Fwp%2Fv2%2Fcomments&post=40811"}],"version-history":[{"count":1,"href":"https:\/\/www.bitacoracdmx.com\/index.php?rest_route=\/wp\/v2\/posts\/40811\/revisions"}],"predecessor-version":[{"id":40813,"href":"https:\/\/www.bitacoracdmx.com\/index.php?rest_route=\/wp\/v2\/posts\/40811\/revisions\/40813"}],"wp:featuredmedia":[{"embeddable":true,"href":"https:\/\/www.bitacoracdmx.com\/index.php?rest_route=\/wp\/v2\/media\/40812"}],"wp:attachment":[{"href":"https:\/\/www.bitacoracdmx.com\/index.php?rest_route=%2Fwp%2Fv2%2Fmedia&parent=40811"}],"wp:term":[{"taxonomy":"category","embeddable":true,"href":"https:\/\/www.bitacoracdmx.com\/index.php?rest_route=%2Fwp%2Fv2%2Fcategories&post=40811"},{"taxonomy":"post_tag","embeddable":true,"href":"https:\/\/www.bitacoracdmx.com\/index.php?rest_route=%2Fwp%2Fv2%2Ftags&post=40811"}],"curies":[{"name":"wp","href":"https:\/\/api.w.org\/{rel}","templated":true}]}}