{"id":40833,"date":"2021-07-14T01:55:38","date_gmt":"2021-07-14T01:55:38","guid":{"rendered":"https:\/\/www.bitacoracdmx.com\/?p=40833"},"modified":"2021-07-14T01:55:38","modified_gmt":"2021-07-14T01:55:38","slug":"open-air-arena-cdmx-regresa-con-nuevo-y-mejor-contenido","status":"publish","type":"post","link":"https:\/\/www.bitacoracdmx.com\/?p=40833","title":{"rendered":"OPEN AIR ARENA CDMX regresa con nuevo y mejor contenido."},"content":{"rendered":"<p>[fusion_builder_container hundred_percent=&#8221;no&#8221; equal_height_columns=&#8221;no&#8221; menu_anchor=&#8221;&#8221; hide_on_mobile=&#8221;small-visibility,medium-visibility,large-visibility&#8221; class=&#8221;&#8221; id=&#8221;&#8221; background_color=&#8221;&#8221; background_image=&#8221;&#8221; background_position=&#8221;center center&#8221; background_repeat=&#8221;no-repeat&#8221; fade=&#8221;no&#8221; background_parallax=&#8221;none&#8221; parallax_speed=&#8221;0.3&#8243; video_mp4=&#8221;&#8221; video_webm=&#8221;&#8221; video_ogv=&#8221;&#8221; video_url=&#8221;&#8221; video_aspect_ratio=&#8221;16:9&#8243; video_loop=&#8221;yes&#8221; video_mute=&#8221;yes&#8221; overlay_color=&#8221;&#8221; video_preview_image=&#8221;&#8221; border_size=&#8221;&#8221; border_color=&#8221;&#8221; border_style=&#8221;solid&#8221; padding_top=&#8221;&#8221; padding_bottom=&#8221;&#8221; padding_left=&#8221;&#8221; padding_right=&#8221;&#8221;][fusion_builder_row][fusion_builder_column type=&#8221;1_1&#8243; layout=&#8221;1_1&#8243; background_position=&#8221;left top&#8221; background_color=&#8221;&#8221; border_size=&#8221;&#8221; border_color=&#8221;&#8221; border_style=&#8221;solid&#8221; border_position=&#8221;all&#8221; spacing=&#8221;yes&#8221; background_image=&#8221;&#8221; background_repeat=&#8221;no-repeat&#8221; padding_top=&#8221;&#8221; padding_right=&#8221;&#8221; padding_bottom=&#8221;&#8221; padding_left=&#8221;&#8221; margin_top=&#8221;0px&#8221; margin_bottom=&#8221;0px&#8221; class=&#8221;&#8221; id=&#8221;&#8221; animation_type=&#8221;&#8221; animation_speed=&#8221;0.3&#8243; animation_direction=&#8221;left&#8221; hide_on_mobile=&#8221;small-visibility,medium-visibility,large-visibility&#8221; center_content=&#8221;no&#8221; last=&#8221;no&#8221; min_height=&#8221;&#8221; hover_type=&#8221;none&#8221; link=&#8221;&#8221;][fusion_text]<\/p>\n<p>REDACCI\u00d3N<\/p>\n<p class=\"x_MsoNormal\"><b><i>*Los primeros espect\u00e1culos en vivo y funciones bajo la modalidad Open Air tendr\u00e1n lugar a partir de Septiembre<\/i><\/b><b><i><\/i><\/b><\/p>\n<p class=\"x_MsoNormal\"><b><\/b><b>Bajo el formato Open Air, es decir, a cielo abierto usando para ello el ampl\u00edsimo jard\u00edn de la\u00a0Arena\u00a0Ciudad de M\u00e9xico, un grupo de empresas asociadas se ha comprometido con la reactivaci\u00f3n de la industria del entretenimiento y el paulatino regreso a la normalidad mediante el retorno del concepto Open Air\u00a0Arena\u00a0CDMX, que ya hab\u00eda venido operando el a\u00f1o pasado de forma exitosa. En este regreso y con una cartelera envidiable que estar\u00e1 d\u00e1ndose a conocer en las siguientes fechas, acatando por supuesto todas las medidas sanitarias dispuestas por las autoridades en materia de salud, se podr\u00e1n disfrutar de diversas presentaciones con p\u00fablico que podr\u00e1 presumir esta ciudad como una nueva opci\u00f3n de entretenimiento al aire libre.<\/b><b><\/b><\/p>\n<p class=\"x_MsoNormal\"><b><\/b><b>Las actividades en este formato arrancar\u00e1n en Septiembre ofreciendo al p\u00fablico la experiencia de un concierto en un espacio controlado y en el que se garantiza como pocos la sana distancia, teniendo diversas actividades que se har\u00e1n cada semana con diferente programaci\u00f3n y elencos variados como una alternativa que se ofrece tambi\u00e9n para que los promotores y empresarios en la capital del entretenimiento del pa\u00eds cuenten con un inmueble \u00f3ptimo y apropiado para llevar a cabo sus eventos.<\/b><b><\/b><\/p>\n<p class=\"x_MsoNormal\"><b><\/b><b>Open Air\u00a0Arena\u00a0CDMX\u00a0evoluciona as\u00ed para ofrecer un espacio con una ubicaci\u00f3n envidiable que cuenta con todas las facilidades de arribo al lugar y diferentes opciones de transporte y que adem\u00e1s ofrece a los asistentes un estacionamiento seguro y suficiente para brindar la mejor de las experiencias. En Open Air\u00a0Arena\u00a0CDMX\u00a0se ha acondicionado un espacio moderno y seguro, que cumple con todos los protocolos sanitarios para hacer grata la experiencia del show al aire libre. En esta primera etapa se arranca con el esquema de palcos y distancia segura.<\/b><b><\/b><\/p>\n<p class=\"x_MsoNormal\"><b><\/b><b>Open Air\u00a0Arena\u00a0CDMX\u00a0cuenta con 270 palcos de 2.07x 2.07 metros, cada uno con capacidad de 4 a 6 personas acomodadas de forma que se cumpla la sana distancia, adem\u00e1s de un rider extraordinario que cuenta con audio, iluminaci\u00f3n, video y pantallas de leds (8 x 6 mts) de alta calidad. De este modo, el Open Air de\u00a0Arena\u00a0CDMX\u00a0complemente a la\u00a0Arena\u00a0CDMX\u00a0para reactivar de forma responsable la industria del entretenimiento en el sector de los conciertos.\u00a0<\/b><\/p>\n<p>[\/fusion_text][fusion_imageframe image_id=&#8221;40834|medium&#8221; max_width=&#8221;&#8221; style_type=&#8221;&#8221; blur=&#8221;&#8221; stylecolor=&#8221;&#8221; hover_type=&#8221;none&#8221; bordersize=&#8221;&#8221; bordercolor=&#8221;&#8221; borderradius=&#8221;&#8221; align=&#8221;none&#8221; lightbox=&#8221;no&#8221; gallery_id=&#8221;&#8221; lightbox_image=&#8221;&#8221; lightbox_image_id=&#8221;&#8221; alt=&#8221;&#8221; link=&#8221;&#8221; linktarget=&#8221;_self&#8221; hide_on_mobile=&#8221;small-visibility,medium-visibility,large-visibility&#8221; class=&#8221;&#8221; id=&#8221;&#8221; animation_type=&#8221;&#8221; animation_direction=&#8221;left&#8221; animation_speed=&#8221;0.3&#8243; animation_offset=&#8221;&#8221;]https:\/\/www.bitacoracdmx.com\/wp-content\/uploads\/2021\/07\/OPEN-AIR-ARENA-CDMX-FOTO3-JUL-2021-300&#215;225.jpg[\/fusion_imageframe][\/fusion_builder_column][\/fusion_builder_row][\/fusion_builder_container]<\/p>\n","protected":false},"excerpt":{"rendered":"<p>[fusion_builder_container hundred_percent=&#8221;no&#8221; equal_height_columns=&#8221;no&#8221; menu_anchor=&#8221;&#8221; hide_on_mobile=&#8221;small-visibility,medium-visibility,large-visibility&#8221; class=&#8221;&#8221; id=&#8221;&#8221; background_color=&#8221;&#8221; background_image=&#8221;&#8221; background_position=&#8221;center center&#8221; background_repeat=&#8221;no-repeat&#8221; fade=&#8221;no&#8221; background_parallax=&#8221;none&#8221; parallax_speed=&#8221;0.3&#8243; video_mp4=&#8221;&#8221; video_webm=&#8221;&#8221; video_ogv=&#8221;&#8221; video_url=&#8221;&#8221; video_aspect_ratio=&#8221;16:9&#8243; video_loop=&#8221;yes&#8221; video_mute=&#8221;yes&#8221; overlay_color=&#8221;&#8221; video_preview_image=&#8221;&#8221; border_size=&#8221;&#8221; border_color=&#8221;&#8221; border_style=&#8221;solid&#8221; padding_top=&#8221;&#8221; padding_bottom=&#8221;&#8221; padding_left=&#8221;&#8221; padding_right=&#8221;&#8221;][fusion_builder_row][fusion_builder_column type=&#8221;1_1&#8243; layout=&#8221;1_1&#8243; background_position=&#8221;left top&#8221; background_color=&#8221;&#8221; border_size=&#8221;&#8221; border_color=&#8221;&#8221; border_style=&#8221;solid&#8221; border_position=&#8221;all&#8221; spacing=&#8221;yes&#8221; background_image=&#8221;&#8221; background_repeat=&#8221;no-repeat&#8221; padding_top=&#8221;&#8221; padding_right=&#8221;&#8221; padding_bottom=&#8221;&#8221; padding_left=&#8221;&#8221; margin_top=&#8221;0px&#8221; margin_bottom=&#8221;0px&#8221; class=&#8221;&#8221; id=&#8221;&#8221; animation_type=&#8221;&#8221; animation_speed=&#8221;0.3&#8243; animation_direction=&#8221;left&#8221; hide_on_mobile=&#8221;small-visibility,medium-visibility,large-visibility&#8221; center_content=&#8221;no&#8221; last=&#8221;no&#8221; min_height=&#8221;&#8221; hover_type=&#8221;none&#8221; link=&#8221;&#8221;][fusion_text] REDACCI\u00d3N *Los primeros espect\u00e1culos en vivo y funciones bajo la modalidad Open Air tendr\u00e1n lugar a partir de Septiembre Bajo el formato Open Air, es decir, a cielo abierto usando para ello el ampl\u00edsimo jard\u00edn de la\u00a0Arena\u00a0Ciudad de M\u00e9xico, un [&hellip;]<\/p>\n","protected":false},"author":1,"featured_media":40834,"comment_status":"open","ping_status":"open","sticky":false,"template":"","format":"standard","meta":{"footnotes":""},"categories":[7,9],"tags":[],"_links":{"self":[{"href":"https:\/\/www.bitacoracdmx.com\/index.php?rest_route=\/wp\/v2\/posts\/40833"}],"collection":[{"href":"https:\/\/www.bitacoracdmx.com\/index.php?rest_route=\/wp\/v2\/posts"}],"about":[{"href":"https:\/\/www.bitacoracdmx.com\/index.php?rest_route=\/wp\/v2\/types\/post"}],"author":[{"embeddable":true,"href":"https:\/\/www.bitacoracdmx.com\/index.php?rest_route=\/wp\/v2\/users\/1"}],"replies":[{"embeddable":true,"href":"https:\/\/www.bitacoracdmx.com\/index.php?rest_route=%2Fwp%2Fv2%2Fcomments&post=40833"}],"version-history":[{"count":1,"href":"https:\/\/www.bitacoracdmx.com\/index.php?rest_route=\/wp\/v2\/posts\/40833\/revisions"}],"predecessor-version":[{"id":40835,"href":"https:\/\/www.bitacoracdmx.com\/index.php?rest_route=\/wp\/v2\/posts\/40833\/revisions\/40835"}],"wp:featuredmedia":[{"embeddable":true,"href":"https:\/\/www.bitacoracdmx.com\/index.php?rest_route=\/wp\/v2\/media\/40834"}],"wp:attachment":[{"href":"https:\/\/www.bitacoracdmx.com\/index.php?rest_route=%2Fwp%2Fv2%2Fmedia&parent=40833"}],"wp:term":[{"taxonomy":"category","embeddable":true,"href":"https:\/\/www.bitacoracdmx.com\/index.php?rest_route=%2Fwp%2Fv2%2Fcategories&post=40833"},{"taxonomy":"post_tag","embeddable":true,"href":"https:\/\/www.bitacoracdmx.com\/index.php?rest_route=%2Fwp%2Fv2%2Ftags&post=40833"}],"curies":[{"name":"wp","href":"https:\/\/api.w.org\/{rel}","templated":true}]}}