{"id":41069,"date":"2021-08-06T00:19:58","date_gmt":"2021-08-06T00:19:58","guid":{"rendered":"https:\/\/www.bitacoracdmx.com\/?p=41069"},"modified":"2021-08-06T00:19:58","modified_gmt":"2021-08-06T00:19:58","slug":"fin-de-semana-chulo-con-las-reinas-chulas-en-el-teatro-de-la-ciudad-esperanza-iris","status":"publish","type":"post","link":"https:\/\/www.bitacoracdmx.com\/?p=41069","title":{"rendered":"Fin de semana Chulo con las Reinas Chulas en el Teatro de la Ciudad Esperanza Iris."},"content":{"rendered":"<p>[fusion_builder_container hundred_percent=&#8221;no&#8221; equal_height_columns=&#8221;no&#8221; menu_anchor=&#8221;&#8221; hide_on_mobile=&#8221;small-visibility,medium-visibility,large-visibility&#8221; class=&#8221;&#8221; id=&#8221;&#8221; background_color=&#8221;&#8221; background_image=&#8221;&#8221; background_position=&#8221;center center&#8221; background_repeat=&#8221;no-repeat&#8221; fade=&#8221;no&#8221; background_parallax=&#8221;none&#8221; parallax_speed=&#8221;0.3&#8243; video_mp4=&#8221;&#8221; video_webm=&#8221;&#8221; video_ogv=&#8221;&#8221; video_url=&#8221;&#8221; video_aspect_ratio=&#8221;16:9&#8243; video_loop=&#8221;yes&#8221; video_mute=&#8221;yes&#8221; overlay_color=&#8221;&#8221; video_preview_image=&#8221;&#8221; border_size=&#8221;&#8221; border_color=&#8221;&#8221; border_style=&#8221;solid&#8221; padding_top=&#8221;&#8221; padding_bottom=&#8221;&#8221; padding_left=&#8221;&#8221; padding_right=&#8221;&#8221;][fusion_builder_row][fusion_builder_column type=&#8221;1_1&#8243; layout=&#8221;1_1&#8243; background_position=&#8221;left top&#8221; background_color=&#8221;&#8221; border_size=&#8221;&#8221; border_color=&#8221;&#8221; border_style=&#8221;solid&#8221; border_position=&#8221;all&#8221; spacing=&#8221;yes&#8221; background_image=&#8221;&#8221; background_repeat=&#8221;no-repeat&#8221; padding_top=&#8221;&#8221; padding_right=&#8221;&#8221; padding_bottom=&#8221;&#8221; padding_left=&#8221;&#8221; margin_top=&#8221;0px&#8221; margin_bottom=&#8221;0px&#8221; class=&#8221;&#8221; id=&#8221;&#8221; animation_type=&#8221;&#8221; animation_speed=&#8221;0.3&#8243; animation_direction=&#8221;left&#8221; hide_on_mobile=&#8221;small-visibility,medium-visibility,large-visibility&#8221; center_content=&#8221;no&#8221; last=&#8221;no&#8221; min_height=&#8221;&#8221; hover_type=&#8221;none&#8221; link=&#8221;&#8221;][fusion_text]<\/p>\n<p>REDACCI\u00d3N<\/p>\n<p class=\"x_MsoNormal\"><b>Viernes 13<\/b>\u00a0de\u00a0<b>agosto<\/b>\u00a0a las\u00a0<b>20:15 Hrs<\/b>.<\/p>\n<p class=\"x_MsoNormal\"><b>LA BANDA DE LAS RECODAS\u00a0<\/b><\/p>\n<p class=\"x_MsoNormal\">Direcci\u00f3n y elenco: Las Reinas Chulas (Nora Huerta, Cecilia Sotres, Marisol Gas\u00e9 y Ana Francis Mor).<\/p>\n<p class=\"x_MsoNormal\">M\u00fasica original de Tareke Ortiz y Yurief Nieves<\/p>\n<p class=\"x_MsoNormal\">Recorrido sat\u00edrico-pol\u00edtico-cancionero que desentra\u00f1a el mundo y sus alrededores, el espect\u00e1culo de cabaret, en formato de concierto de m\u00fasica popular mexicana grupera, presenta a Las Hermanas Carilla, con canciones originales expondr\u00e1n los temas pol\u00edticos actuales de nuestra sociedad.<\/p>\n<p class=\"x_MsoNormal\">Estas encantadoras cuatrillizas han mostrado la pobreza musical de sus temas y la capacidad de la banda para organizar alegres festividades y promover un atractivo cultural tan importante como ellas.<\/p>\n<p class=\"x_MsoNormal\"><b>S\u00e1bado 14\u00a0<\/b>de<b>\u00a0agosto\u00a0<\/b>a las<b>\u00a019:00 Hrs.\u00a0<\/b><\/p>\n<p class=\"x_MsoNormal\"><b>EL EVANGELIO SEG\u00daN SANTA RITA<\/b><\/p>\n<p class=\"x_MsoNormal\"><b>Autor\u00eda, Direcci\u00f3n y elenco:<\/b>\u00a0Ana Francis Mor<\/p>\n<p class=\"x_MsoNormal\"><b>M\u00fasica:<\/b>\u00a0Las Billies (Jenny Beaujean, Leika Mochan, Luz Varela, Mar\u00eda Emilia Mart\u00ednez y Ammy Romo)<\/p>\n<p class=\"x_MsoNormal\">Despu\u00e9s de dos mil a\u00f1os de escuchar las mismas versiones de los hechos relatados tanto en el Antiguo, como el Nuevo Testamento, Santa Rita ha decidido que es tiempo de corregir las palabras de los ap\u00f3stoles, en las cuales la figura de la mujer es satanizada y Dios aparece como castigador y violento.<\/p>\n<p class=\"x_MsoNormal\">Por el bien de la Humanidad, Santa Rita se atrever\u00e1 a reescribir las Sagradas Escrituras en compa\u00f1\u00eda de las once mil v\u00edrgenes, sin pensar en otra cosa que en el bien que esto podr\u00e1 hacer por los hombres, a quienes Dios no ha visitado desde hace ya un rato.<\/p>\n<p class=\"x_MsoNormal\"><b>Domingo 15<\/b>\u00a0de\u00a0<b>agosto<\/b>\u00a0a las\u00a0<b>18:00 Hrs.\u00a0<\/b><\/p>\n<p class=\"x_MsoNormal\"><b>A CHUCHITA S\u00cd LA BOLSEARON, S\u00cd LA LLEVARON AL BAILE Y S\u00cd LE HICIERON DE CHIVO LOS TAMALES<\/b><\/p>\n<p class=\"x_MsoNormal\">Autor\u00eda, Direcci\u00f3n y elenco: Las Reinas Chulas (Nora Huerta, Cecilia Sotres, Marisol Gas\u00e9 y Ana Francis Mor)<\/p>\n<p class=\"x_MsoNormal\">Cuatro telefonistas (Chuchita, Dolores, Esperanza y Teresa) comienzan la saga festejando los diez a\u00f1os de la mexicanizaci\u00f3n Tel\u00e9fonos de M\u00e9xico, S.A. Burs\u00e1til de C.V. en 1968. A trav\u00e9s de la vida de estos personajes, conoceremos la transformaci\u00f3n pol\u00edtica, social y sexual del pa\u00eds.<\/p>\n<p class=\"x_MsoNormal\">Cuadros hist\u00f3ricos, recuerdos traspapelados, documentos audiovisuales de cada \u00e9poca y un intento de comprender las implicaciones de un suceso que cambi\u00f3 la historia de M\u00e9xico, son el pretexto esc\u00e9nico para el espect\u00e1culo<\/p>\n<p>[\/fusion_text][fusion_imageframe image_id=&#8221;41070|medium&#8221; max_width=&#8221;&#8221; style_type=&#8221;&#8221; blur=&#8221;&#8221; stylecolor=&#8221;&#8221; hover_type=&#8221;none&#8221; bordersize=&#8221;&#8221; bordercolor=&#8221;&#8221; borderradius=&#8221;&#8221; align=&#8221;none&#8221; lightbox=&#8221;no&#8221; gallery_id=&#8221;&#8221; lightbox_image=&#8221;&#8221; lightbox_image_id=&#8221;&#8221; alt=&#8221;&#8221; link=&#8221;&#8221; linktarget=&#8221;_self&#8221; hide_on_mobile=&#8221;small-visibility,medium-visibility,large-visibility&#8221; class=&#8221;&#8221; id=&#8221;&#8221; animation_type=&#8221;&#8221; animation_direction=&#8221;left&#8221; animation_speed=&#8221;0.3&#8243; animation_offset=&#8221;&#8221;]https:\/\/www.bitacoracdmx.com\/wp-content\/uploads\/2021\/08\/descargar-83-250&#215;300.png[\/fusion_imageframe][\/fusion_builder_column][\/fusion_builder_row][\/fusion_builder_container]<\/p>\n","protected":false},"excerpt":{"rendered":"<p>[fusion_builder_container hundred_percent=&#8221;no&#8221; equal_height_columns=&#8221;no&#8221; menu_anchor=&#8221;&#8221; hide_on_mobile=&#8221;small-visibility,medium-visibility,large-visibility&#8221; class=&#8221;&#8221; id=&#8221;&#8221; background_color=&#8221;&#8221; background_image=&#8221;&#8221; background_position=&#8221;center center&#8221; background_repeat=&#8221;no-repeat&#8221; fade=&#8221;no&#8221; background_parallax=&#8221;none&#8221; parallax_speed=&#8221;0.3&#8243; video_mp4=&#8221;&#8221; video_webm=&#8221;&#8221; video_ogv=&#8221;&#8221; video_url=&#8221;&#8221; video_aspect_ratio=&#8221;16:9&#8243; video_loop=&#8221;yes&#8221; video_mute=&#8221;yes&#8221; overlay_color=&#8221;&#8221; video_preview_image=&#8221;&#8221; border_size=&#8221;&#8221; border_color=&#8221;&#8221; border_style=&#8221;solid&#8221; padding_top=&#8221;&#8221; padding_bottom=&#8221;&#8221; padding_left=&#8221;&#8221; padding_right=&#8221;&#8221;][fusion_builder_row][fusion_builder_column type=&#8221;1_1&#8243; layout=&#8221;1_1&#8243; background_position=&#8221;left top&#8221; background_color=&#8221;&#8221; border_size=&#8221;&#8221; border_color=&#8221;&#8221; border_style=&#8221;solid&#8221; border_position=&#8221;all&#8221; spacing=&#8221;yes&#8221; background_image=&#8221;&#8221; background_repeat=&#8221;no-repeat&#8221; padding_top=&#8221;&#8221; padding_right=&#8221;&#8221; padding_bottom=&#8221;&#8221; padding_left=&#8221;&#8221; margin_top=&#8221;0px&#8221; margin_bottom=&#8221;0px&#8221; class=&#8221;&#8221; id=&#8221;&#8221; animation_type=&#8221;&#8221; animation_speed=&#8221;0.3&#8243; animation_direction=&#8221;left&#8221; hide_on_mobile=&#8221;small-visibility,medium-visibility,large-visibility&#8221; center_content=&#8221;no&#8221; last=&#8221;no&#8221; min_height=&#8221;&#8221; hover_type=&#8221;none&#8221; link=&#8221;&#8221;][fusion_text] REDACCI\u00d3N Viernes 13\u00a0de\u00a0agosto\u00a0a las\u00a020:15 Hrs. LA BANDA DE LAS RECODAS\u00a0 Direcci\u00f3n y elenco: Las Reinas Chulas (Nora Huerta, Cecilia Sotres, Marisol Gas\u00e9 y Ana Francis Mor). M\u00fasica original de Tareke Ortiz y Yurief Nieves Recorrido sat\u00edrico-pol\u00edtico-cancionero que desentra\u00f1a el mundo [&hellip;]<\/p>\n","protected":false},"author":1,"featured_media":41070,"comment_status":"open","ping_status":"open","sticky":false,"template":"","format":"standard","meta":{"footnotes":""},"categories":[9,14],"tags":[],"_links":{"self":[{"href":"https:\/\/www.bitacoracdmx.com\/index.php?rest_route=\/wp\/v2\/posts\/41069"}],"collection":[{"href":"https:\/\/www.bitacoracdmx.com\/index.php?rest_route=\/wp\/v2\/posts"}],"about":[{"href":"https:\/\/www.bitacoracdmx.com\/index.php?rest_route=\/wp\/v2\/types\/post"}],"author":[{"embeddable":true,"href":"https:\/\/www.bitacoracdmx.com\/index.php?rest_route=\/wp\/v2\/users\/1"}],"replies":[{"embeddable":true,"href":"https:\/\/www.bitacoracdmx.com\/index.php?rest_route=%2Fwp%2Fv2%2Fcomments&post=41069"}],"version-history":[{"count":1,"href":"https:\/\/www.bitacoracdmx.com\/index.php?rest_route=\/wp\/v2\/posts\/41069\/revisions"}],"predecessor-version":[{"id":41071,"href":"https:\/\/www.bitacoracdmx.com\/index.php?rest_route=\/wp\/v2\/posts\/41069\/revisions\/41071"}],"wp:featuredmedia":[{"embeddable":true,"href":"https:\/\/www.bitacoracdmx.com\/index.php?rest_route=\/wp\/v2\/media\/41070"}],"wp:attachment":[{"href":"https:\/\/www.bitacoracdmx.com\/index.php?rest_route=%2Fwp%2Fv2%2Fmedia&parent=41069"}],"wp:term":[{"taxonomy":"category","embeddable":true,"href":"https:\/\/www.bitacoracdmx.com\/index.php?rest_route=%2Fwp%2Fv2%2Fcategories&post=41069"},{"taxonomy":"post_tag","embeddable":true,"href":"https:\/\/www.bitacoracdmx.com\/index.php?rest_route=%2Fwp%2Fv2%2Ftags&post=41069"}],"curies":[{"name":"wp","href":"https:\/\/api.w.org\/{rel}","templated":true}]}}