{"id":41072,"date":"2021-08-06T00:26:31","date_gmt":"2021-08-06T00:26:31","guid":{"rendered":"https:\/\/www.bitacoracdmx.com\/?p=41072"},"modified":"2021-08-06T00:26:31","modified_gmt":"2021-08-06T00:26:31","slug":"el-teatro-de-la-ciudad-esperanza-iris-abre-sus-puertas-al-ii-festival-de-danza-de-diversidad-de-genero-de-la-ciudad-de-mexico-teoria-del-arcoiris","status":"publish","type":"post","link":"https:\/\/www.bitacoracdmx.com\/?p=41072","title":{"rendered":"El Teatro de la Ciudad Esperanza Iris abre sus puertas al II Festival de Danza de Diversidad de G\u00e9nero de la Ciudad de M\u00e9xico \u201cTeor\u00eda del Arco\u00edris\u201d."},"content":{"rendered":"<p>[fusion_builder_container hundred_percent=&#8221;no&#8221; equal_height_columns=&#8221;no&#8221; menu_anchor=&#8221;&#8221; hide_on_mobile=&#8221;small-visibility,medium-visibility,large-visibility&#8221; class=&#8221;&#8221; id=&#8221;&#8221; background_color=&#8221;&#8221; background_image=&#8221;&#8221; background_position=&#8221;center center&#8221; background_repeat=&#8221;no-repeat&#8221; fade=&#8221;no&#8221; background_parallax=&#8221;none&#8221; parallax_speed=&#8221;0.3&#8243; video_mp4=&#8221;&#8221; video_webm=&#8221;&#8221; video_ogv=&#8221;&#8221; video_url=&#8221;&#8221; video_aspect_ratio=&#8221;16:9&#8243; video_loop=&#8221;yes&#8221; video_mute=&#8221;yes&#8221; overlay_color=&#8221;&#8221; video_preview_image=&#8221;&#8221; border_size=&#8221;&#8221; border_color=&#8221;&#8221; border_style=&#8221;solid&#8221; padding_top=&#8221;&#8221; padding_bottom=&#8221;&#8221; padding_left=&#8221;&#8221; padding_right=&#8221;&#8221;][fusion_builder_row][fusion_builder_column type=&#8221;1_1&#8243; layout=&#8221;1_1&#8243; background_position=&#8221;left top&#8221; background_color=&#8221;&#8221; border_size=&#8221;&#8221; border_color=&#8221;&#8221; border_style=&#8221;solid&#8221; border_position=&#8221;all&#8221; spacing=&#8221;yes&#8221; background_image=&#8221;&#8221; background_repeat=&#8221;no-repeat&#8221; padding_top=&#8221;&#8221; padding_right=&#8221;&#8221; padding_bottom=&#8221;&#8221; padding_left=&#8221;&#8221; margin_top=&#8221;0px&#8221; margin_bottom=&#8221;0px&#8221; class=&#8221;&#8221; id=&#8221;&#8221; animation_type=&#8221;&#8221; animation_speed=&#8221;0.3&#8243; animation_direction=&#8221;left&#8221; hide_on_mobile=&#8221;small-visibility,medium-visibility,large-visibility&#8221; center_content=&#8221;no&#8221; last=&#8221;no&#8221; min_height=&#8221;&#8221; hover_type=&#8221;none&#8221; link=&#8221;&#8221;][fusion_text]<\/p>\n<p>REDACCI\u00d3N<\/p>\n<div class=\"du4w35lb k4urcfbm l9j0dhe7 sjgh65i0\">\n<div class=\"du4w35lb l9j0dhe7\">\n<div class=\"\">\n<div class=\"\">\n<div class=\"lzcic4wl\" role=\"article\" aria-posinset=\"3\" aria-describedby=\"jsc_c_aw jsc_c_ax jsc_c_ay jsc_c_b0 jsc_c_az\" aria-labelledby=\"jsc_c_av\">\n<div class=\"j83agx80 cbu4d94t\">\n<div class=\"rq0escxv l9j0dhe7 du4w35lb\">\n<div class=\"j83agx80 l9j0dhe7 k4urcfbm\">\n<div class=\"rq0escxv l9j0dhe7 du4w35lb hybvsw6c io0zqebd m5lcvass fbipl8qg nwvqtn77 k4urcfbm ni8dbmo4 stjgntxs sbcfpzgs\">\n<div>\n<div class=\"\" dir=\"auto\">\n<div id=\"jsc_c_ax\" class=\"ecm0bbzt hv4rvrfc ihqw7lf3 dati1w0a\" data-ad-comet-preview=\"message\" data-ad-preview=\"message\">\n<div class=\"j83agx80 cbu4d94t ew0dbk1b irj2b8pg\">\n<div class=\"qzhwtbm6 knvmm38d\">\n<div class=\"o9v6fnle cxmmr5t8 oygrvhab hcukyx3x c1et5uql ii04i59q\">\n<div dir=\"auto\">El proyecto, organizado por el bailar\u00edn y core\u00f3grafo Jos\u00e9 Rivera Moya, se realizar\u00e1 el s\u00e1bado 7 y domingo 8 de agosto<\/div>\n<\/div>\n<div class=\"o9v6fnle cxmmr5t8 oygrvhab hcukyx3x c1et5uql ii04i59q\">\n<div dir=\"auto\">Participar\u00e1n nueve reconocidas compa\u00f1\u00edas dentro del gremio nacional, con proyecci\u00f3n internacional.<\/div>\n<\/div>\n<div class=\"o9v6fnle cxmmr5t8 oygrvhab hcukyx3x c1et5uql ii04i59q\">\n<div dir=\"auto\"><\/div>\n<div dir=\"auto\">El tel\u00f3n del Teatro de la Ciudad Esperanza Iris recibir\u00e1 a artistas del cuerpo en movimiento. Su escenario albergar\u00e1 un proyecto \u00fanico dentro de la escena nacional: el II Festival de Danza de Diversidad de G\u00e9nero de la Ciudad de M\u00e9xico \u201cTeor\u00eda del Arco\u00edris\u201d, que se llevar\u00e1 a cabo los d\u00edas s\u00e1bado 7 y domingo 8 de agosto del presente a\u00f1o.<\/div>\n<\/div>\n<div class=\"o9v6fnle cxmmr5t8 oygrvhab hcukyx3x c1et5uql ii04i59q\">\n<div dir=\"auto\"><\/div>\n<div dir=\"auto\">Durante dos d\u00edas, los amantes de la danza disfrutar\u00e1n de un gran evento protagonizado por nueve compa\u00f1\u00edas que arribar\u00e1n al recinto de Donceles con obras de vanguardia, comprometidas con la diversidad, la tolerancia y la identidad.<\/div>\n<\/div>\n<div class=\"o9v6fnle cxmmr5t8 oygrvhab hcukyx3x c1et5uql ii04i59q\">\n<div dir=\"auto\"><\/div>\n<div dir=\"auto\">Apoyado por la Coordinaci\u00f3n Nacional de Danza del Instituto Nacional de Bellas Artes y Literatura (INBAL) y la Secretar\u00eda de Cultura de la Ciudad de M\u00e9xico, a trav\u00e9s de la Direcci\u00f3n del Sistema de Teatros\u2013, en el encuentro lo mismo participar\u00e1n algunos de los mejores exponentes de la danza gay en nuestro pa\u00eds, que aquellos int\u00e9rpretes que jam\u00e1s han enarbolado la bandera del arco\u00edris pero que en esta ocasi\u00f3n quisieron sumarse a esta lucha est\u00e9tica por la diversidad sexual.<\/div>\n<\/div>\n<div class=\"o9v6fnle cxmmr5t8 oygrvhab hcukyx3x c1et5uql ii04i59q\">\n<div dir=\"auto\"><\/div>\n<div dir=\"auto\">En entrevista, el bailar\u00edn y core\u00f3grafo potosino Jos\u00e9 Rivera Moya \u2013fundador y organizador de este festival\u2013 comparte su sentir sobre el retorno a la actividad presencial: \u201cEstamos muy entusiasmados, ya que este encierro tras la pandemia nos ha hecho recapacitar en muchos niveles y a valorar las funciones presenciales. Estamos ensayando con tanto entusiasmo, al menos as\u00ed lo estamos viviendo al interior de mi compa\u00f1\u00eda La Cebra Danza Gay\u201d.<\/div>\n<\/div>\n<div class=\"o9v6fnle cxmmr5t8 oygrvhab hcukyx3x c1et5uql ii04i59q\">\n<div dir=\"auto\"><\/div>\n<div dir=\"auto\">Para quien fuera integrante de Ballet Independiente y despu\u00e9s director art\u00edstico del mismo entre 2012 y 2015, es importante resaltar que esta segunda edici\u00f3n del encuentro es simb\u00f3lica para \u00e9l, ya que el primero sirvi\u00f3 de prueba para fortalecer hoy su proyecto en cuanto curadur\u00eda y organizaci\u00f3n.<\/div>\n<\/div>\n<div class=\"o9v6fnle cxmmr5t8 oygrvhab hcukyx3x c1et5uql ii04i59q\">\n<div dir=\"auto\"><\/div>\n<div dir=\"auto\">Los protagonistas del festival y sus obras ser\u00e1n: V\u00edctor Ruiz, cofundador de la compa\u00f1\u00eda Delfos, con Una Flor Militar; Carlos Blanco y Rey Flores, creadores de Tango QMX, con Vibraciones del alma; el bailaor Alejandro Tena, reconocido exponente del flamenco nacional, con El\/La; Arturo Lugo El Chino, quien se ha caracterizado por la irreverencia de sus obras, con Cancionero: La leva o la noche fatal para una chica de la moda; Tommy Larraguivel, destacado bailar\u00edn de ballet, con Aguas primaverales y Kitry, el desaf\u00edo; \u00c1ngel V\u00e1zquez Varela, especialista en el dominio de la bata de cola, con Deconstrucci\u00f3n del \u00d3le; la compa\u00f1\u00eda \u00cdntimo Tango con fragmentos de sus obras m\u00e1s representativas, y ArTaller con El tango perpetuo del diablo y los \u00c1ngeles de Charlie, as\u00ed como la agrupaci\u00f3n anfitriona La Cebra Danza Gay con Equinos en busca de sangre.<\/div>\n<\/div>\n<div class=\"o9v6fnle cxmmr5t8 oygrvhab hcukyx3x c1et5uql ii04i59q\">\n<div dir=\"auto\"><\/div>\n<div dir=\"auto\">Sobre la curadur\u00eda de este a\u00f1o, Rivera Moya explica que le apost\u00f3 a la danza como tal. Al respecto ahonda: \u201cA todas mis compa\u00f1\u00edas participantes les ped\u00ed que la danza fuera la protagonista, que hubiera derroche de movimiento independientemente de la tem\u00e1tica. Somos bailarines y quiero que se vea la danza. Quiero que a trav\u00e9s del movimiento podamos abordar las tem\u00e1ticas que nos importan. Respeto a los artistas que le apuestan a lo conceptual y a la experimentaci\u00f3n, pero yo quer\u00eda que en este festival estuviera presente el esp\u00edritu de la danza para contagiar al p\u00fablico\u201d.<\/div>\n<\/div>\n<div class=\"o9v6fnle cxmmr5t8 oygrvhab hcukyx3x c1et5uql ii04i59q\">\n<div dir=\"auto\"><\/div>\n<div dir=\"auto\">Si bien el core\u00f3grafo potosino eligi\u00f3 a exponentes de la danza gay, destaca el hecho de que dos compa\u00f1\u00edas que no tienen nada que ver con este movimiento se quisieran sumar a la programaci\u00f3n: Intimo Tango y ArTaller: \u201cMe emocion\u00f3 que me hayan dicho que quer\u00edan ser parte de nuestro festival, experimentar la tem\u00e1tica LGBTTTI+ y solidarizarse con nosotros. Me pareci\u00f3 maravilloso y simb\u00f3lico porque justamente el festival es incluyente\u201d.<\/div>\n<\/div>\n<div class=\"o9v6fnle cxmmr5t8 oygrvhab hcukyx3x c1et5uql ii04i59q\">\n<div dir=\"auto\"><\/div>\n<div dir=\"auto\">Para finalizar, el core\u00f3grafo reitera que este festival est\u00e1 dirigido a todo p\u00fablico: \u201cEste proyecto es para todos y todas. La diversidad es un tema que nos ata\u00f1e a todos como mexicanos. La diversidad no s\u00f3lo existe en los roles sociales sino en toda nuestra vida, en toda nuestra cotidianeidad, en todo lo que vemos, tocamos, sentimos, hablamos. En todo hay diversidad y por este peque\u00f1\u00edsimo detalle es que este festival es para todos\u201d.<\/div>\n<\/div>\n<div class=\"o9v6fnle cxmmr5t8 oygrvhab hcukyx3x c1et5uql ii04i59q\">\n<div dir=\"auto\"><\/div>\n<div dir=\"auto\">El II Festival de Danza de Diversidad de G\u00e9nero de la Ciudad de M\u00e9xico \u201cTeor\u00eda del Arco\u00edris\u201d se presentar\u00e1 el s\u00e1bado 7 y domingo 8 de agosto a las 20:00 y 19:00 horas, respectivamente, en el Teatro de la Ciudad Esperanza Iris (Donceles 36, colonia Centro Hist\u00f3rico, cerca del Metro Allende), con las disposiciones del sem\u00e1foro epidemiol\u00f3gico vigente: uso permanente de cubre-bocas, gel anti-bacterial y registro de c\u00f3digo QR por parte tanto del personal del teatro como de los espectadores.<\/div>\n<\/div>\n<div class=\"o9v6fnle cxmmr5t8 oygrvhab hcukyx3x c1et5uql ii04i59q\">\n<div dir=\"auto\"><\/div>\n<div dir=\"auto\">Entrada: 100, 150 y 250 pesos. Aforo al 50% de la capacidad de p\u00fablico del Teatro. Los boletos se pueden adquirir en la taquilla del teatro y en las plataformas digitales de Ticketmaster.<\/div>\n<\/div>\n<\/div>\n<\/div>\n<\/div>\n<\/div>\n<div id=\"jsc_c_ay\" class=\"l9j0dhe7\">\n<div class=\"l9j0dhe7\">\n<div class=\"bp9cbjyn cwj9ozl2 j83agx80 cbu4d94t ni8dbmo4 stjgntxs l9j0dhe7 k4urcfbm\">\n<div class=\"do00u71z ni8dbmo4 stjgntxs l9j0dhe7\">\n<div class=\"pmk7jnqg kr520xx4\"><\/div>\n<\/div>\n<\/div>\n<\/div>\n<\/div>\n<\/div>\n<div>\n<div class=\"stjgntxs ni8dbmo4 l82x9zwi uo3d90p7 h905i5nu monazrh9\" data-visualcompletion=\"ignore-dynamic\">\n<div>\n<div>\n<div>\n<div class=\"tvfksri0 ozuftl9m\">\n<div class=\"rq0escxv l9j0dhe7 du4w35lb j83agx80 pfnyh3mw i1fnvgqd gs1a9yip owycx6da btwxx1t3 ph5uu5jm b3onmgus e5nlhep0 ecm0bbzt nkwizq5d roh60bw9 mysgfdmx hddg9phg\">\n<div class=\"rq0escxv l9j0dhe7 du4w35lb j83agx80 cbu4d94t g5gj957u d2edcug0 hpfvmrgz rj1gh0hx buofh1pr n8tt0mok hyh9befq iuny7tx3 ipjc6fyt\">\n<div class=\"oajrlxb2 gs1a9yip g5ia77u1 mtkw9kbi tlpljxtp qensuy8j ppp5ayq2 goun2846 ccm00jje s44p3ltw mk2mc5f4 rt8b4zig n8ej3o3l agehan2d sk4xxmp2 rq0escxv nhd2j8a9 pq6dq46d mg4g778l btwxx1t3 pfnyh3mw p7hjln8o kvgmc6g5 cxmmr5t8 oygrvhab hcukyx3x tgvbjcpo hpfvmrgz jb3vyjys rz4wbd8a qt6c0cv9 a8nywdso l9j0dhe7 i1ao9s8h esuyzwwr f1sip0of du4w35lb lzcic4wl abiwlrkh p8dawk7l\" tabindex=\"0\" role=\"button\" aria-label=\"Enviar esto a tus amigos o publicarlo en tu biograf\u00eda\">\n<div class=\"n00je7tq arfg74bv qs9ysxi8 k77z8yql i09qtzwb n7fi1qx3 b5wmifdl hzruof5a pmk7jnqg j9ispegn kr520xx4 c5ndavph art1omkt ot9fgl3s\" data-visualcompletion=\"ignore\"><\/div>\n<\/div>\n<\/div>\n<\/div>\n<\/div>\n<\/div>\n<\/div>\n<\/div>\n<\/div>\n<\/div>\n<\/div>\n<\/div>\n<\/div>\n<\/div>\n<\/div>\n<\/div>\n<\/div>\n<\/div>\n<\/div>\n<div class=\"du4w35lb k4urcfbm l9j0dhe7 sjgh65i0\">\n<div class=\"du4w35lb l9j0dhe7\">\n<div class=\"\">\n<div class=\"\">\n<div class=\"lzcic4wl\" role=\"article\" aria-posinset=\"4\" aria-describedby=\"jsc_c_c0 jsc_c_c1 jsc_c_c2 jsc_c_c4 jsc_c_c3\" aria-labelledby=\"jsc_c_bz\">\n<div class=\"j83agx80 cbu4d94t\">\n<div class=\"rq0escxv l9j0dhe7 du4w35lb\">\n<div class=\"j83agx80 l9j0dhe7 k4urcfbm\">\n<div class=\"rq0escxv l9j0dhe7 du4w35lb hybvsw6c io0zqebd m5lcvass fbipl8qg nwvqtn77 k4urcfbm ni8dbmo4 stjgntxs sbcfpzgs\">\n<div><\/div>\n<div>\n<div><\/div>\n<div>\n<div class=\"pybr56ya dati1w0a hv4rvrfc n851cfcs btwxx1t3 j83agx80 ll8tlv6m\">\n<div class=\"oi9244e8 do00u71z j83agx80\">\n<div class=\"q676j6op qypqp5cg\"><\/div>\n<\/div>\n<\/div>\n<\/div>\n<\/div>\n<\/div>\n<\/div>\n<\/div>\n<\/div>\n<\/div>\n<\/div>\n<\/div>\n<\/div>\n<\/div>\n<p>[\/fusion_text][fusion_imageframe image_id=&#8221;41073|medium&#8221; max_width=&#8221;&#8221; style_type=&#8221;&#8221; blur=&#8221;&#8221; stylecolor=&#8221;&#8221; hover_type=&#8221;none&#8221; bordersize=&#8221;&#8221; bordercolor=&#8221;&#8221; borderradius=&#8221;&#8221; align=&#8221;none&#8221; lightbox=&#8221;no&#8221; gallery_id=&#8221;&#8221; lightbox_image=&#8221;&#8221; lightbox_image_id=&#8221;&#8221; alt=&#8221;&#8221; link=&#8221;&#8221; linktarget=&#8221;_self&#8221; hide_on_mobile=&#8221;small-visibility,medium-visibility,large-visibility&#8221; class=&#8221;&#8221; id=&#8221;&#8221; animation_type=&#8221;&#8221; animation_direction=&#8221;left&#8221; animation_speed=&#8221;0.3&#8243; animation_offset=&#8221;&#8221;]https:\/\/www.bitacoracdmx.com\/wp-content\/uploads\/2021\/08\/228556020_2870777149829205_2785814667353963038_n-235&#215;300.jpg[\/fusion_imageframe][\/fusion_builder_column][\/fusion_builder_row][\/fusion_builder_container]<\/p>\n","protected":false},"excerpt":{"rendered":"<p>[fusion_builder_container hundred_percent=&#8221;no&#8221; equal_height_columns=&#8221;no&#8221; menu_anchor=&#8221;&#8221; hide_on_mobile=&#8221;small-visibility,medium-visibility,large-visibility&#8221; class=&#8221;&#8221; id=&#8221;&#8221; background_color=&#8221;&#8221; background_image=&#8221;&#8221; background_position=&#8221;center center&#8221; background_repeat=&#8221;no-repeat&#8221; fade=&#8221;no&#8221; background_parallax=&#8221;none&#8221; parallax_speed=&#8221;0.3&#8243; video_mp4=&#8221;&#8221; video_webm=&#8221;&#8221; video_ogv=&#8221;&#8221; video_url=&#8221;&#8221; video_aspect_ratio=&#8221;16:9&#8243; video_loop=&#8221;yes&#8221; video_mute=&#8221;yes&#8221; overlay_color=&#8221;&#8221; video_preview_image=&#8221;&#8221; border_size=&#8221;&#8221; border_color=&#8221;&#8221; border_style=&#8221;solid&#8221; padding_top=&#8221;&#8221; padding_bottom=&#8221;&#8221; padding_left=&#8221;&#8221; padding_right=&#8221;&#8221;][fusion_builder_row][fusion_builder_column type=&#8221;1_1&#8243; layout=&#8221;1_1&#8243; background_position=&#8221;left top&#8221; background_color=&#8221;&#8221; border_size=&#8221;&#8221; border_color=&#8221;&#8221; border_style=&#8221;solid&#8221; border_position=&#8221;all&#8221; spacing=&#8221;yes&#8221; background_image=&#8221;&#8221; background_repeat=&#8221;no-repeat&#8221; padding_top=&#8221;&#8221; padding_right=&#8221;&#8221; padding_bottom=&#8221;&#8221; padding_left=&#8221;&#8221; margin_top=&#8221;0px&#8221; margin_bottom=&#8221;0px&#8221; class=&#8221;&#8221; id=&#8221;&#8221; animation_type=&#8221;&#8221; animation_speed=&#8221;0.3&#8243; animation_direction=&#8221;left&#8221; hide_on_mobile=&#8221;small-visibility,medium-visibility,large-visibility&#8221; center_content=&#8221;no&#8221; last=&#8221;no&#8221; min_height=&#8221;&#8221; hover_type=&#8221;none&#8221; link=&#8221;&#8221;][fusion_text] REDACCI\u00d3N El proyecto, organizado por el bailar\u00edn y core\u00f3grafo Jos\u00e9 Rivera Moya, se realizar\u00e1 el s\u00e1bado 7 y domingo 8 de agosto Participar\u00e1n nueve reconocidas compa\u00f1\u00edas dentro del gremio nacional, con proyecci\u00f3n internacional. El tel\u00f3n del Teatro de la Ciudad [&hellip;]<\/p>\n","protected":false},"author":1,"featured_media":41073,"comment_status":"open","ping_status":"open","sticky":false,"template":"","format":"standard","meta":{"footnotes":""},"categories":[9,14],"tags":[],"_links":{"self":[{"href":"https:\/\/www.bitacoracdmx.com\/index.php?rest_route=\/wp\/v2\/posts\/41072"}],"collection":[{"href":"https:\/\/www.bitacoracdmx.com\/index.php?rest_route=\/wp\/v2\/posts"}],"about":[{"href":"https:\/\/www.bitacoracdmx.com\/index.php?rest_route=\/wp\/v2\/types\/post"}],"author":[{"embeddable":true,"href":"https:\/\/www.bitacoracdmx.com\/index.php?rest_route=\/wp\/v2\/users\/1"}],"replies":[{"embeddable":true,"href":"https:\/\/www.bitacoracdmx.com\/index.php?rest_route=%2Fwp%2Fv2%2Fcomments&post=41072"}],"version-history":[{"count":1,"href":"https:\/\/www.bitacoracdmx.com\/index.php?rest_route=\/wp\/v2\/posts\/41072\/revisions"}],"predecessor-version":[{"id":41074,"href":"https:\/\/www.bitacoracdmx.com\/index.php?rest_route=\/wp\/v2\/posts\/41072\/revisions\/41074"}],"wp:featuredmedia":[{"embeddable":true,"href":"https:\/\/www.bitacoracdmx.com\/index.php?rest_route=\/wp\/v2\/media\/41073"}],"wp:attachment":[{"href":"https:\/\/www.bitacoracdmx.com\/index.php?rest_route=%2Fwp%2Fv2%2Fmedia&parent=41072"}],"wp:term":[{"taxonomy":"category","embeddable":true,"href":"https:\/\/www.bitacoracdmx.com\/index.php?rest_route=%2Fwp%2Fv2%2Fcategories&post=41072"},{"taxonomy":"post_tag","embeddable":true,"href":"https:\/\/www.bitacoracdmx.com\/index.php?rest_route=%2Fwp%2Fv2%2Ftags&post=41072"}],"curies":[{"name":"wp","href":"https:\/\/api.w.org\/{rel}","templated":true}]}}