{"id":41090,"date":"2021-08-07T18:39:57","date_gmt":"2021-08-07T18:39:57","guid":{"rendered":"https:\/\/www.bitacoracdmx.com\/?p=41090"},"modified":"2021-08-07T18:39:57","modified_gmt":"2021-08-07T18:39:57","slug":"sale-a-subasta-la-coleccion-de-arte-del-periodista-rene-aviles-fabila-en-la-ciudad-de-mexico","status":"publish","type":"post","link":"https:\/\/www.bitacoracdmx.com\/?p=41090","title":{"rendered":"Sale a subasta la colecci\u00f3n de arte del periodista Ren\u00e9 Avil\u00e9s Fabila en la Ciudad de M\u00e9xico."},"content":{"rendered":"<p>[fusion_builder_container hundred_percent=&#8221;no&#8221; equal_height_columns=&#8221;no&#8221; menu_anchor=&#8221;&#8221; hide_on_mobile=&#8221;small-visibility,medium-visibility,large-visibility&#8221; class=&#8221;&#8221; id=&#8221;&#8221; background_color=&#8221;&#8221; background_image=&#8221;&#8221; background_position=&#8221;center center&#8221; background_repeat=&#8221;no-repeat&#8221; fade=&#8221;no&#8221; background_parallax=&#8221;none&#8221; parallax_speed=&#8221;0.3&#8243; video_mp4=&#8221;&#8221; video_webm=&#8221;&#8221; video_ogv=&#8221;&#8221; video_url=&#8221;&#8221; video_aspect_ratio=&#8221;16:9&#8243; video_loop=&#8221;yes&#8221; video_mute=&#8221;yes&#8221; overlay_color=&#8221;&#8221; video_preview_image=&#8221;&#8221; border_size=&#8221;&#8221; border_color=&#8221;&#8221; border_style=&#8221;solid&#8221; padding_top=&#8221;&#8221; padding_bottom=&#8221;&#8221; padding_left=&#8221;&#8221; padding_right=&#8221;&#8221;][fusion_builder_row][fusion_builder_column type=&#8221;1_1&#8243; layout=&#8221;1_1&#8243; background_position=&#8221;left top&#8221; background_color=&#8221;&#8221; border_size=&#8221;&#8221; border_color=&#8221;&#8221; border_style=&#8221;solid&#8221; border_position=&#8221;all&#8221; spacing=&#8221;yes&#8221; background_image=&#8221;&#8221; background_repeat=&#8221;no-repeat&#8221; padding_top=&#8221;&#8221; padding_right=&#8221;&#8221; padding_bottom=&#8221;&#8221; padding_left=&#8221;&#8221; margin_top=&#8221;0px&#8221; margin_bottom=&#8221;0px&#8221; class=&#8221;&#8221; id=&#8221;&#8221; animation_type=&#8221;&#8221; animation_speed=&#8221;0.3&#8243; animation_direction=&#8221;left&#8221; hide_on_mobile=&#8221;small-visibility,medium-visibility,large-visibility&#8221; center_content=&#8221;no&#8221; last=&#8221;no&#8221; min_height=&#8221;&#8221; hover_type=&#8221;none&#8221; link=&#8221;&#8221;][fusion_text]<\/p>\n<p>REDACCI\u00d3N<\/p>\n<p><strong>Este jueves 12 de agosto ser\u00e1n subastadas 17 piezas de obra gr\u00e1fica de la colecci\u00f3n del renombrado periodista cultural, polit\u00f3logo y escritor Ren\u00e9 Avil\u00e9s Fabila en la \u201cSubasta de Obra Gr\u00e1fica y Fotograf\u00eda, incluye secci\u00f3n Fantasmas de luz: Colecci\u00f3n Ren\u00e9 Avil\u00e9s y Fundaci\u00f3n Pasos\u201d.<\/strong><\/p>\n<p>Ren\u00e9 Avil\u00e9s trabaj\u00f3 en el peri\u00f3dico Exc\u00e9lsior desde 1965 hasta su muerte en 2016. En este periodo, entre otras actividades, estuvo a cargo de El B\u00faho, un suplemento que \u00e9l mismo cre\u00f3 y cuya singularidad fue que inclu\u00eda la pr\u00e1ctica visual y art\u00edstica como elemento comunicativo, por lo que cada semana publicaba una obra de alg\u00fan arti<strong>sta, como por ejemplo Jos\u00e9 Luis Cuevas y Sebastian. El suplemento El B\u00faho se destac\u00f3 por incorporar extraordinarios contenidos de corte art\u00edstico y cultural, que difundieron el trabajo de creadores como Ra\u00fal Anguiano, Sebastian, Guillermo Ceniceros, etc.<\/strong><\/p>\n<p>En los 696 n\u00fameros de El B\u00faho, cada domingo, dio visibilidad al quehacer cultural del pa\u00eds con informaci\u00f3n sobre libros, teatro, m\u00fasica, cine y pintura, adem\u00e1s de abarcar temas de pol\u00edtica cultural, urbanismo, antropolog\u00eda, sociolog\u00eda, historia y medicina.<\/p>\n<p>A lo largo de su vida,\u00a0<strong>Ren\u00e9 Avil\u00e9s, en compa\u00f1\u00eda de su esposa Rosario Casco, coleccion\u00f3 arte hasta lograr reunir importantes obras de artistas nacionales e internacionales.<\/strong>\u00a0Su colecci\u00f3n es una muestra pict\u00f3rica de sus ideas culturales, pol\u00edticas y sociales.<\/p>\n<p>En esta ocasi\u00f3n,\u00a0<strong><u>Morton Subastas pondr\u00e1 a la venta 17 extraordinarias piezas de esta colecci\u00f3n, con artistas como Manuel Felgu\u00e9rez, Sebastian, Germ\u00e1n Venegas, entre otros.<\/u><\/strong> En cada obra se refleja el esp\u00edritu de una \u00e9poca de la que el escritor y periodista dio testimonio escrito y visual.<\/p>\n<p>Asimismo, otra secci\u00f3n de obra ser\u00e1 subastada en favor de la Fundaci\u00f3n Pasos, que atiende oportunamente a ni\u00f1os con alteraciones del desarrollo de leves a severas, buscando una adecuada integraci\u00f3n familiar.<\/p>\n<p><strong>La Fundaci\u00f3n Pasos (Centro de Atenci\u00f3n al Ni\u00f1o y la Familia, A.C.)<\/strong>\u00a0cuenta con el programa<strong>\u00a0\u201cPasos a la Obra\u201d<\/strong>, que busca ser un camino que invita a transitar por la diversidad a trav\u00e9s del arte, con la intenci\u00f3n de generar espacios culturales en los cu\u00e1les nos demos la oportunidad de convivir, de conocernos y de escuchar.<\/p>\n<p>Las obras que ser\u00e1n vendidas fueron hechas en coautor\u00eda entre los ni\u00f1os que expresan sus sentir a trav\u00e9s del arte, en colaboraci\u00f3n con artistas consolidados que aportan su estilo y experiencia.<\/p>\n<p><strong><u>Fundaci\u00f3n Pasos y Morton Subastas\u00a0consideran de fundamental importancia la expresi\u00f3n art\u00edstica dentro del campo de la educaci\u00f3n y la inclusi\u00f3n.<\/u><\/strong><\/p>\n<p><strong><u>La obras estar\u00e1n expuestas a partir del 5 de agosto<\/u><\/strong>\u00a0junto con otras piezas que acompa\u00f1an a estas secciones, las cuales tienen como autores a artistas del nivel de Ren\u00e9 Magritte, Salvador Dal\u00ed, Rufino Tamayo, Vicente Rojo, Fernando De Szyszlo, etc.<\/p>\n<p><strong>La subasta se llevar\u00e1 a cabo el jueves 12 de agosto del 2021 a las 5 de la tarde con aforo presencial limitado.<\/strong>\u00a0Hay posibilidad de dejar ofertas por tel\u00e9fono o por internet.<\/p>\n<p><strong>La entrada es libre.<\/strong><\/p>\n<p>[\/fusion_text][fusion_imageframe image_id=&#8221;41091|medium&#8221; max_width=&#8221;&#8221; style_type=&#8221;&#8221; blur=&#8221;&#8221; stylecolor=&#8221;&#8221; hover_type=&#8221;none&#8221; bordersize=&#8221;&#8221; bordercolor=&#8221;&#8221; borderradius=&#8221;&#8221; align=&#8221;none&#8221; lightbox=&#8221;no&#8221; gallery_id=&#8221;&#8221; lightbox_image=&#8221;&#8221; lightbox_image_id=&#8221;&#8221; alt=&#8221;&#8221; link=&#8221;&#8221; linktarget=&#8221;_self&#8221; hide_on_mobile=&#8221;small-visibility,medium-visibility,large-visibility&#8221; class=&#8221;&#8221; id=&#8221;&#8221; animation_type=&#8221;&#8221; animation_direction=&#8221;left&#8221; animation_speed=&#8221;0.3&#8243; animation_offset=&#8221;&#8221;]https:\/\/www.bitacoracdmx.com\/wp-content\/uploads\/2021\/08\/2e1510a258764577ba2965b3a4c95796f6c9420f-200&#215;300.jpeg[\/fusion_imageframe][\/fusion_builder_column][\/fusion_builder_row][\/fusion_builder_container]<\/p>\n","protected":false},"excerpt":{"rendered":"<p>[fusion_builder_container hundred_percent=&#8221;no&#8221; equal_height_columns=&#8221;no&#8221; menu_anchor=&#8221;&#8221; hide_on_mobile=&#8221;small-visibility,medium-visibility,large-visibility&#8221; class=&#8221;&#8221; id=&#8221;&#8221; background_color=&#8221;&#8221; background_image=&#8221;&#8221; background_position=&#8221;center center&#8221; background_repeat=&#8221;no-repeat&#8221; fade=&#8221;no&#8221; background_parallax=&#8221;none&#8221; parallax_speed=&#8221;0.3&#8243; video_mp4=&#8221;&#8221; video_webm=&#8221;&#8221; video_ogv=&#8221;&#8221; video_url=&#8221;&#8221; video_aspect_ratio=&#8221;16:9&#8243; video_loop=&#8221;yes&#8221; video_mute=&#8221;yes&#8221; overlay_color=&#8221;&#8221; video_preview_image=&#8221;&#8221; border_size=&#8221;&#8221; border_color=&#8221;&#8221; border_style=&#8221;solid&#8221; padding_top=&#8221;&#8221; padding_bottom=&#8221;&#8221; padding_left=&#8221;&#8221; padding_right=&#8221;&#8221;][fusion_builder_row][fusion_builder_column type=&#8221;1_1&#8243; layout=&#8221;1_1&#8243; background_position=&#8221;left top&#8221; background_color=&#8221;&#8221; border_size=&#8221;&#8221; border_color=&#8221;&#8221; border_style=&#8221;solid&#8221; border_position=&#8221;all&#8221; spacing=&#8221;yes&#8221; background_image=&#8221;&#8221; background_repeat=&#8221;no-repeat&#8221; padding_top=&#8221;&#8221; padding_right=&#8221;&#8221; padding_bottom=&#8221;&#8221; padding_left=&#8221;&#8221; margin_top=&#8221;0px&#8221; margin_bottom=&#8221;0px&#8221; class=&#8221;&#8221; id=&#8221;&#8221; animation_type=&#8221;&#8221; animation_speed=&#8221;0.3&#8243; animation_direction=&#8221;left&#8221; hide_on_mobile=&#8221;small-visibility,medium-visibility,large-visibility&#8221; center_content=&#8221;no&#8221; last=&#8221;no&#8221; min_height=&#8221;&#8221; hover_type=&#8221;none&#8221; link=&#8221;&#8221;][fusion_text] REDACCI\u00d3N Este jueves 12 de agosto ser\u00e1n subastadas 17 piezas de obra gr\u00e1fica de la colecci\u00f3n del renombrado periodista cultural, polit\u00f3logo y escritor Ren\u00e9 Avil\u00e9s Fabila en la \u201cSubasta de Obra Gr\u00e1fica y Fotograf\u00eda, incluye secci\u00f3n Fantasmas de luz: Colecci\u00f3n [&hellip;]<\/p>\n","protected":false},"author":1,"featured_media":41091,"comment_status":"open","ping_status":"open","sticky":false,"template":"","format":"standard","meta":{"footnotes":""},"categories":[5,8,9],"tags":[],"_links":{"self":[{"href":"https:\/\/www.bitacoracdmx.com\/index.php?rest_route=\/wp\/v2\/posts\/41090"}],"collection":[{"href":"https:\/\/www.bitacoracdmx.com\/index.php?rest_route=\/wp\/v2\/posts"}],"about":[{"href":"https:\/\/www.bitacoracdmx.com\/index.php?rest_route=\/wp\/v2\/types\/post"}],"author":[{"embeddable":true,"href":"https:\/\/www.bitacoracdmx.com\/index.php?rest_route=\/wp\/v2\/users\/1"}],"replies":[{"embeddable":true,"href":"https:\/\/www.bitacoracdmx.com\/index.php?rest_route=%2Fwp%2Fv2%2Fcomments&post=41090"}],"version-history":[{"count":1,"href":"https:\/\/www.bitacoracdmx.com\/index.php?rest_route=\/wp\/v2\/posts\/41090\/revisions"}],"predecessor-version":[{"id":41092,"href":"https:\/\/www.bitacoracdmx.com\/index.php?rest_route=\/wp\/v2\/posts\/41090\/revisions\/41092"}],"wp:featuredmedia":[{"embeddable":true,"href":"https:\/\/www.bitacoracdmx.com\/index.php?rest_route=\/wp\/v2\/media\/41091"}],"wp:attachment":[{"href":"https:\/\/www.bitacoracdmx.com\/index.php?rest_route=%2Fwp%2Fv2%2Fmedia&parent=41090"}],"wp:term":[{"taxonomy":"category","embeddable":true,"href":"https:\/\/www.bitacoracdmx.com\/index.php?rest_route=%2Fwp%2Fv2%2Fcategories&post=41090"},{"taxonomy":"post_tag","embeddable":true,"href":"https:\/\/www.bitacoracdmx.com\/index.php?rest_route=%2Fwp%2Fv2%2Ftags&post=41090"}],"curies":[{"name":"wp","href":"https:\/\/api.w.org\/{rel}","templated":true}]}}