{"id":41412,"date":"2021-09-07T01:37:32","date_gmt":"2021-09-07T01:37:32","guid":{"rendered":"https:\/\/www.bitacoracdmx.com\/?p=41412"},"modified":"2021-09-07T01:37:32","modified_gmt":"2021-09-07T01:37:32","slug":"beautiful-julia-una-obra-que-explora-el-instinto-el-descubrimiento-y-la-aceptacion-de-la-identidad-durante-la-adolescencia","status":"publish","type":"post","link":"https:\/\/www.bitacoracdmx.com\/?p=41412","title":{"rendered":"Beautiful Julia, una obra que explora el instinto, el descubrimiento y la aceptaci\u00f3n de la identidad durante la adolescencia."},"content":{"rendered":"<p>[fusion_builder_container hundred_percent=&#8221;no&#8221; equal_height_columns=&#8221;no&#8221; menu_anchor=&#8221;&#8221; hide_on_mobile=&#8221;small-visibility,medium-visibility,large-visibility&#8221; class=&#8221;&#8221; id=&#8221;&#8221; background_color=&#8221;&#8221; background_image=&#8221;&#8221; background_position=&#8221;center center&#8221; background_repeat=&#8221;no-repeat&#8221; fade=&#8221;no&#8221; background_parallax=&#8221;none&#8221; parallax_speed=&#8221;0.3&#8243; video_mp4=&#8221;&#8221; video_webm=&#8221;&#8221; video_ogv=&#8221;&#8221; video_url=&#8221;&#8221; video_aspect_ratio=&#8221;16:9&#8243; video_loop=&#8221;yes&#8221; video_mute=&#8221;yes&#8221; overlay_color=&#8221;&#8221; video_preview_image=&#8221;&#8221; border_size=&#8221;&#8221; border_color=&#8221;&#8221; border_style=&#8221;solid&#8221; padding_top=&#8221;&#8221; padding_bottom=&#8221;&#8221; padding_left=&#8221;&#8221; padding_right=&#8221;&#8221;][fusion_builder_row][fusion_builder_column type=&#8221;1_1&#8243; layout=&#8221;1_1&#8243; background_position=&#8221;left top&#8221; background_color=&#8221;&#8221; border_size=&#8221;&#8221; border_color=&#8221;&#8221; border_style=&#8221;solid&#8221; border_position=&#8221;all&#8221; spacing=&#8221;yes&#8221; background_image=&#8221;&#8221; background_repeat=&#8221;no-repeat&#8221; padding_top=&#8221;&#8221; padding_right=&#8221;&#8221; padding_bottom=&#8221;&#8221; padding_left=&#8221;&#8221; margin_top=&#8221;0px&#8221; margin_bottom=&#8221;0px&#8221; class=&#8221;&#8221; id=&#8221;&#8221; animation_type=&#8221;&#8221; animation_speed=&#8221;0.3&#8243; animation_direction=&#8221;left&#8221; hide_on_mobile=&#8221;small-visibility,medium-visibility,large-visibility&#8221; center_content=&#8221;no&#8221; last=&#8221;no&#8221; min_height=&#8221;&#8221; hover_type=&#8221;none&#8221; link=&#8221;&#8221;][fusion_text]<\/p>\n<p>REDACCI\u00d3N<\/p>\n<div><em>\u25a0\u00a0<\/em>Vuelve a los escenarios la exitosa obra de Maribel Carrasco, dramaturga especializada en j\u00f3venes audiencias<br \/>\n<em>\u25a0\u00a0<\/em>La Compa\u00f1\u00eda Los Endebles tendr\u00e1 temporada en el Foro La Gruta, del 11 de septiembre al 21 de noviembre<br \/>\n<em>\u25a0\u00a0<\/em>Preventa del 50% hasta el 10 de septiembre<br \/>\n<em>\u00a0<\/em><\/div>\n<div style=\"text-align: center;\"><em>Sigue tu instinto<\/em><\/div>\n<div><\/div>\n<div>El instinto, el descubrimiento y la aceptaci\u00f3n de la propia identidad, durante la etapa adolescente, son la base de\u00a0<strong><em>Beautiful Julia<\/em>,<\/strong>\u00a0una obra escrita por Maribel Carrasco y dirigida por Boris Schoemann, bajo la producci\u00f3n de la Compa\u00f1\u00eda Los Endebles. Este montaje, cuyas dos temporadas anteriores despertaron el impacto y el inter\u00e9s de las y los j\u00f3venes espectadores, llega al Foro La Gruta del Centro Cultural Hel\u00e9nico, donde se presentar\u00e1 del 11 de septiembre al 21 de noviembre, los s\u00e1bados y domingos, a las 13 horas.<\/div>\n<div>\n<p>En esta pieza conoceremos a Daniel, un chico que intenta ser com\u00fan, aunque por dentro sabe que no es as\u00ed. Por otro lado, Julia siempre lo acompa\u00f1a en su b\u00fasqueda de ser fuerte, tal como le han dicho que debe ser. Daniel ha prometido portarse bien y no causar problemas en la nueva escuela a la que sus padres lo han inscrito; all\u00ed, Ganso le hace la vida imposible y Erick, al conocerlo, no sabe qu\u00e9 pensar o sentir. Daniel tendr\u00e1 que afrontar su pasado, pero sobre todo su presente, para ser qui\u00e9n es en realidad y, especialmente, para que su naturaleza \u2014es decir Julia\u2014 sea quien se exprese.<\/p>\n<p>Con este montaje, la Compa\u00f1\u00eda Los Endebles responde a la necesidad de hablar de las diversas realidades. Desde su concepci\u00f3n textual hasta la puesta en escena, <em>Beautiful Julia<\/em>\u00a0busca conectar directamente con los adolescentes, pues es la edad de los personajes y es la etapa en la que inicia el proceso interno e individual \u2014que pronto se torna colectivo\u2014 del autodescubrimiento y la aceptaci\u00f3n, o el rechazo de la identidad. La puesta pretende fomentar un di\u00e1logo sin filtros, para permitir que se abra un espacio de integraci\u00f3n de los procesos humanos en la comprensi\u00f3n del ser.<\/p>\n<p>Todo esto se refleja en el escenario a trav\u00e9s de las actuaciones de: Fernanda Echevarr\u00eda, Rebeca Roa, Baruch Vald\u00e9s, Rodrigo Olgu\u00edn, Alfredo Velda\u00f1ez y Ulises Galv\u00e1n. El equipo creativo se complementa con el espacio esc\u00e9nico y la iluminaci\u00f3n de Jes\u00fas Giles, el vestuario de Pilar Boliver, la m\u00fasica de Fede Schmucler y el video de Gerardo del Razo. La asistencia de direcci\u00f3n es de Alejo Contreras y la producci\u00f3n corre a cargo de Alejandra N. Ramos.<\/p>\n<p><strong><em>Beautiful Julia<\/em><\/strong>\u00a0de Maribel Carrasco, dirigida por Boris Schoemann, es una creaci\u00f3n de la Compa\u00f1\u00eda Los Endebles que estar\u00e1 en\u00a0<strong>temporada en el Foro La Gruta<\/strong>,\u00a0<strong>los s\u00e1bados y domingos a las 13:00 horas<\/strong>,\u00a0<strong>del 11 de septiembre al 21 de noviembre<\/strong>.\u00a0<strong>El costo del boleto es de $260<\/strong>; actualmente est\u00e1 vigente la\u00a0<strong>preventa del 50% hasta el 10 de septiembre<\/strong>. Las localidades pueden adquirirse en la taquilla del Centro Cultural Hel\u00e9nico, ubicado en avenida Revoluci\u00f3n 1500, as\u00ed como en la p\u00e1gina de internet\u00a0<strong>helenico.gob.mx<\/strong>.<\/p>\n<p>Se exhorta al p\u00fablico a asistir con las medidas de sanidad necesarias para prevenir contagios del COVID-19, por lo que ser\u00e1 obligatorio el uso de cubrebocas, la aplicaci\u00f3n continua de gel desinfectante y atender las instrucciones del personal de seguridad. En caso de presentar alg\u00fan s\u00edntoma (dolor de cabeza, garganta o temperatura superior a 37.5 grados), es preferible quedarse en casa.<\/p>\n<\/div>\n<p>[\/fusion_text][fusion_imageframe image_id=&#8221;41413|medium&#8221; max_width=&#8221;&#8221; style_type=&#8221;&#8221; blur=&#8221;&#8221; stylecolor=&#8221;&#8221; hover_type=&#8221;none&#8221; bordersize=&#8221;&#8221; bordercolor=&#8221;&#8221; borderradius=&#8221;&#8221; align=&#8221;none&#8221; lightbox=&#8221;no&#8221; gallery_id=&#8221;&#8221; lightbox_image=&#8221;&#8221; lightbox_image_id=&#8221;&#8221; alt=&#8221;&#8221; link=&#8221;&#8221; linktarget=&#8221;_self&#8221; hide_on_mobile=&#8221;small-visibility,medium-visibility,large-visibility&#8221; class=&#8221;&#8221; id=&#8221;&#8221; animation_type=&#8221;&#8221; animation_direction=&#8221;left&#8221; animation_speed=&#8221;0.3&#8243; animation_offset=&#8221;&#8221;]https:\/\/www.bitacoracdmx.com\/wp-content\/uploads\/2021\/09\/Beautiful-Julia-1-300&#215;300.jpg[\/fusion_imageframe][\/fusion_builder_column][\/fusion_builder_row][\/fusion_builder_container]<\/p>\n","protected":false},"excerpt":{"rendered":"<p>[fusion_builder_container hundred_percent=&#8221;no&#8221; equal_height_columns=&#8221;no&#8221; menu_anchor=&#8221;&#8221; hide_on_mobile=&#8221;small-visibility,medium-visibility,large-visibility&#8221; class=&#8221;&#8221; id=&#8221;&#8221; background_color=&#8221;&#8221; background_image=&#8221;&#8221; background_position=&#8221;center center&#8221; background_repeat=&#8221;no-repeat&#8221; fade=&#8221;no&#8221; background_parallax=&#8221;none&#8221; parallax_speed=&#8221;0.3&#8243; video_mp4=&#8221;&#8221; video_webm=&#8221;&#8221; video_ogv=&#8221;&#8221; video_url=&#8221;&#8221; video_aspect_ratio=&#8221;16:9&#8243; video_loop=&#8221;yes&#8221; video_mute=&#8221;yes&#8221; overlay_color=&#8221;&#8221; video_preview_image=&#8221;&#8221; border_size=&#8221;&#8221; border_color=&#8221;&#8221; border_style=&#8221;solid&#8221; padding_top=&#8221;&#8221; padding_bottom=&#8221;&#8221; padding_left=&#8221;&#8221; padding_right=&#8221;&#8221;][fusion_builder_row][fusion_builder_column type=&#8221;1_1&#8243; layout=&#8221;1_1&#8243; background_position=&#8221;left top&#8221; background_color=&#8221;&#8221; border_size=&#8221;&#8221; border_color=&#8221;&#8221; border_style=&#8221;solid&#8221; border_position=&#8221;all&#8221; spacing=&#8221;yes&#8221; background_image=&#8221;&#8221; background_repeat=&#8221;no-repeat&#8221; padding_top=&#8221;&#8221; padding_right=&#8221;&#8221; padding_bottom=&#8221;&#8221; padding_left=&#8221;&#8221; margin_top=&#8221;0px&#8221; margin_bottom=&#8221;0px&#8221; class=&#8221;&#8221; id=&#8221;&#8221; animation_type=&#8221;&#8221; animation_speed=&#8221;0.3&#8243; animation_direction=&#8221;left&#8221; hide_on_mobile=&#8221;small-visibility,medium-visibility,large-visibility&#8221; center_content=&#8221;no&#8221; last=&#8221;no&#8221; min_height=&#8221;&#8221; hover_type=&#8221;none&#8221; link=&#8221;&#8221;][fusion_text] REDACCI\u00d3N \u25a0\u00a0Vuelve a los escenarios la exitosa obra de Maribel Carrasco, dramaturga especializada en j\u00f3venes audiencias \u25a0\u00a0La Compa\u00f1\u00eda Los Endebles tendr\u00e1 temporada en el Foro La Gruta, del 11 de septiembre al 21 de noviembre \u25a0\u00a0Preventa del 50% hasta el [&hellip;]<\/p>\n","protected":false},"author":1,"featured_media":41413,"comment_status":"open","ping_status":"open","sticky":false,"template":"","format":"standard","meta":{"footnotes":""},"categories":[9,14],"tags":[],"_links":{"self":[{"href":"https:\/\/www.bitacoracdmx.com\/index.php?rest_route=\/wp\/v2\/posts\/41412"}],"collection":[{"href":"https:\/\/www.bitacoracdmx.com\/index.php?rest_route=\/wp\/v2\/posts"}],"about":[{"href":"https:\/\/www.bitacoracdmx.com\/index.php?rest_route=\/wp\/v2\/types\/post"}],"author":[{"embeddable":true,"href":"https:\/\/www.bitacoracdmx.com\/index.php?rest_route=\/wp\/v2\/users\/1"}],"replies":[{"embeddable":true,"href":"https:\/\/www.bitacoracdmx.com\/index.php?rest_route=%2Fwp%2Fv2%2Fcomments&post=41412"}],"version-history":[{"count":1,"href":"https:\/\/www.bitacoracdmx.com\/index.php?rest_route=\/wp\/v2\/posts\/41412\/revisions"}],"predecessor-version":[{"id":41414,"href":"https:\/\/www.bitacoracdmx.com\/index.php?rest_route=\/wp\/v2\/posts\/41412\/revisions\/41414"}],"wp:featuredmedia":[{"embeddable":true,"href":"https:\/\/www.bitacoracdmx.com\/index.php?rest_route=\/wp\/v2\/media\/41413"}],"wp:attachment":[{"href":"https:\/\/www.bitacoracdmx.com\/index.php?rest_route=%2Fwp%2Fv2%2Fmedia&parent=41412"}],"wp:term":[{"taxonomy":"category","embeddable":true,"href":"https:\/\/www.bitacoracdmx.com\/index.php?rest_route=%2Fwp%2Fv2%2Fcategories&post=41412"},{"taxonomy":"post_tag","embeddable":true,"href":"https:\/\/www.bitacoracdmx.com\/index.php?rest_route=%2Fwp%2Fv2%2Ftags&post=41412"}],"curies":[{"name":"wp","href":"https:\/\/api.w.org\/{rel}","templated":true}]}}