{"id":41422,"date":"2021-09-08T01:15:50","date_gmt":"2021-09-08T01:15:50","guid":{"rendered":"https:\/\/www.bitacoracdmx.com\/?p=41422"},"modified":"2021-09-08T01:15:50","modified_gmt":"2021-09-08T01:15:50","slug":"se-llevara-a-cabo-el-vi-ciclo-de-dramaturgia-escrita-y-dirigida-por-mujeres","status":"publish","type":"post","link":"https:\/\/www.bitacoracdmx.com\/?p=41422","title":{"rendered":"Se llevar\u00e1 a cabo el VI Ciclo de dramaturgia escrita y dirigida por mujeres."},"content":{"rendered":"<p>[fusion_builder_container hundred_percent=&#8221;no&#8221; equal_height_columns=&#8221;no&#8221; menu_anchor=&#8221;&#8221; hide_on_mobile=&#8221;small-visibility,medium-visibility,large-visibility&#8221; class=&#8221;&#8221; id=&#8221;&#8221; background_color=&#8221;&#8221; background_image=&#8221;&#8221; background_position=&#8221;center center&#8221; background_repeat=&#8221;no-repeat&#8221; fade=&#8221;no&#8221; background_parallax=&#8221;none&#8221; parallax_speed=&#8221;0.3&#8243; video_mp4=&#8221;&#8221; video_webm=&#8221;&#8221; video_ogv=&#8221;&#8221; video_url=&#8221;&#8221; video_aspect_ratio=&#8221;16:9&#8243; video_loop=&#8221;yes&#8221; video_mute=&#8221;yes&#8221; overlay_color=&#8221;&#8221; video_preview_image=&#8221;&#8221; border_size=&#8221;&#8221; border_color=&#8221;&#8221; border_style=&#8221;solid&#8221; padding_top=&#8221;&#8221; padding_bottom=&#8221;&#8221; padding_left=&#8221;&#8221; padding_right=&#8221;&#8221;][fusion_builder_row][fusion_builder_column type=&#8221;1_1&#8243; layout=&#8221;1_1&#8243; background_position=&#8221;left top&#8221; background_color=&#8221;&#8221; border_size=&#8221;&#8221; border_color=&#8221;&#8221; border_style=&#8221;solid&#8221; border_position=&#8221;all&#8221; spacing=&#8221;yes&#8221; background_image=&#8221;&#8221; background_repeat=&#8221;no-repeat&#8221; padding_top=&#8221;&#8221; padding_right=&#8221;&#8221; padding_bottom=&#8221;&#8221; padding_left=&#8221;&#8221; margin_top=&#8221;0px&#8221; margin_bottom=&#8221;0px&#8221; class=&#8221;&#8221; id=&#8221;&#8221; animation_type=&#8221;&#8221; animation_speed=&#8221;0.3&#8243; animation_direction=&#8221;left&#8221; hide_on_mobile=&#8221;small-visibility,medium-visibility,large-visibility&#8221; center_content=&#8221;no&#8221; last=&#8221;no&#8221; min_height=&#8221;&#8221; hover_type=&#8221;none&#8221; link=&#8221;&#8221;][fusion_text]<\/p>\n<p>REDACCI\u00d3N<\/p>\n<ul>\n<li><b><\/b><b><span data-contrast=\"none\">Constar\u00e1 de cuatro puestas en escena que se llevar\u00e1n a cabo del 9 al 12 de septiembre en el Teatro El Granero, Xavier Rojas del Centro Cultural del Bosque<\/span><\/b><\/li>\n<li><b><\/b><b><span data-contrast=\"none\">Abordar\u00e1 la tem\u00e1tica de la resistencia con las puestas en escena:\u202f<\/span><\/b><b><i><span data-contrast=\"none\">Estas botas est\u00e1n hechas para correr<\/span><\/i><\/b><b><span data-contrast=\"none\">,\u202f<\/span><\/b><b><i><span data-contrast=\"none\">Las tres muertes de Magda Cerde\u00f1a o de c\u00f3mo aprend\u00ed a amar el\u202f<\/span><\/i><\/b><b><span data-contrast=\"none\">Rata&amp;Tonic<\/span><\/b><b><i><span data-contrast=\"none\">, IlovePapi,\u202f<\/span><\/i><\/b><b><span data-contrast=\"none\">y<\/span><\/b><b><i><span data-contrast=\"none\">\u202fQuiero ser Nadia<\/span><\/i><\/b><span data-ccp-props=\"{&quot;134233117&quot;:true,&quot;134233118&quot;:true,&quot;201341983&quot;:2,&quot;335559740&quot;:235}\">\u00a0<\/span><\/li>\n<\/ul>\n<p><span data-contrast=\"none\">La Secretar\u00eda de Cultura y el Instituto Nacional de Bellas Artes y Literatura, a trav\u00e9s de la Coordinaci\u00f3n Nacional de Teatro, presenta el VI Ciclo de dramaturgia escrita y dirigida por mujeres, que constar\u00e1 de cuatro puestas en escena, que se presentar\u00e1n del 9 al 12 de septiembre en el teatro El Granero, Xavier Rojas del Centro Cultural del Bosque.<\/span><span data-ccp-props=\"{&quot;134233117&quot;:true,&quot;134233118&quot;:true,&quot;201341983&quot;:0,&quot;335551550&quot;:6,&quot;335551620&quot;:6,&quot;335559740&quot;:240}\">\u00a0<\/span><\/p>\n<p><span data-contrast=\"none\">La sexta edici\u00f3n de este ciclo reunir\u00e1 a\u202fcuatro\u202fcreadoras mexicanas y a una creadora francesa que acompa\u00f1ar\u00e1\u202fsus procesos de creaci\u00f3n como una figura que ejerce la funci\u00f3n de\u202fdramaturgista.<\/span><span data-contrast=\"none\">\u202fCarmen Ramos, coordinadora general del ciclo, comenta sobre la tem\u00e1tica de este a\u00f1o: \u201c<\/span><span data-contrast=\"none\">El tema de este a\u00f1o es la resistencia, porque si el encierro y la incertidumbre se manifiestan \u00faltimamente como una presencia irrevocable, entonces el arte tiene que refrendar su presencia como un juego que interrumpe el lenguaje que ordena y controla.<\/span><span data-contrast=\"none\">\u201d<\/span><span data-ccp-props=\"{&quot;134233117&quot;:true,&quot;134233118&quot;:true,&quot;201341983&quot;:0,&quot;335551550&quot;:6,&quot;335551620&quot;:6,&quot;335559740&quot;:240}\">\u00a0<\/span><\/p>\n<p><span data-contrast=\"none\">Respecto a la din\u00e1mica del ciclo a\u00f1ade: \u201c<\/span><span data-contrast=\"none\">Nos enfocamos en los procesos personales de las creadoras, en su actividad inicial que detona su creaci\u00f3n y seguimos su proceso, su conciencia de lo que a\u00fan no nombran, porque a\u00fan no tienen las palabras para nombrarlo y continuamos acompa\u00f1\u00e1ndolas, observando y comentando entre todas las\u202fque integran el ciclo, la manera en que acceden a un lenguaje propio y las formas tan diversas con las que juegan con la palabra para hablar de su propia resistencia.\u201d<\/span><span data-ccp-props=\"{&quot;134233117&quot;:true,&quot;134233118&quot;:true,&quot;201341983&quot;:0,&quot;335551550&quot;:6,&quot;335551620&quot;:6,&quot;335559740&quot;:240}\">\u00a0<\/span><\/p>\n<p><span data-contrast=\"none\">La programaci\u00f3n iniciar\u00e1 el jueves 9 de septiembre, a las 20 h,<\/span><i><span data-contrast=\"none\">\u202f<\/span><\/i><span data-contrast=\"none\">con\u202f<\/span><i><span data-contrast=\"none\">Resistencia 1: Estas botas est\u00e1n hechas para correr,\u202f<\/span><\/i><span data-contrast=\"none\">una obra escrita, dirigida y actuada por Mariana Gim\u00e9nez en donde\u202f<\/span><span data-contrast=\"none\">un accidente provoca un v\u00e9rtice liminal donde la vida y la muerte se encuentran a trav\u00e9s del dolor, la\u00a0paciencia, el juego, la dulce compa\u00f1\u00eda y la hospitalidad amorosa.\u202fUn par de botas, tres historias de infancia y un libro, que se convierte en or\u00e1culo y llave maestra para\u202fdescifrar\u202fel misterio de la propia existencia.\u202f<\/span><span data-ccp-props=\"{&quot;134233117&quot;:true,&quot;134233118&quot;:true,&quot;201341983&quot;:0,&quot;335551550&quot;:6,&quot;335551620&quot;:6,&quot;335559740&quot;:240}\">\u00a0<\/span><\/p>\n<p><span data-contrast=\"none\">Posteriormente, el 10 de septiembre, a las 20 h, se presentar\u00e1\u202f<\/span><i><span data-contrast=\"none\">Resistencia 2:\u202fLas tres muertes de Magda Cerde\u00f1a o de c\u00f3mo aprend\u00ed a amar el\u202fRata&amp;Tonic<\/span><\/i><span data-contrast=\"none\">, una obra escrita y actuada por Alejandra Chac\u00f3n, con direcci\u00f3n conjunta de Julie\u00a0Pichavant. En esta puesta en escena veremos\u202f<\/span><span data-contrast=\"none\">a\u202f<\/span><span data-contrast=\"none\">una prestigiosa cient\u00edfica experta en ratas y exdirectora de\u202f<\/span><i><span data-contrast=\"none\">Raticide\u202fCompany<\/span><\/i><span data-contrast=\"none\">, Magda Cerde\u00f1a, que espera el fin del mundo en un b\u00fanker. En el encierro oscuro de su conciencia confiesa sus culpas y recuerda tambi\u00e9n el principio de ese amor roedor, mientras nos ense\u00f1a c\u00f3mo preparar un delicioso y refrescante\u202fRata&amp;Tonic.<\/span><span data-ccp-props=\"{&quot;134233117&quot;:true,&quot;134233118&quot;:true,&quot;201341983&quot;:0,&quot;335551550&quot;:6,&quot;335551620&quot;:6,&quot;335559740&quot;:240}\">\u00a0<\/span><\/p>\n<p><span data-contrast=\"none\">Le sigue,\u202f<\/span><i><span data-contrast=\"none\">Resistencia 3:\u202fI Love Papi<\/span><\/i><span data-contrast=\"none\">,\u202f<\/span><span data-contrast=\"none\">una puesta en escena con autor\u00eda, direcci\u00f3n e interpretaci\u00f3n de Itzhel Razo, que tendr\u00e1 funci\u00f3n el s\u00e1bado 11 de septiembre a las 19 h. En esta obra,\u202funa hija invoca a su padre muerto desde el m\u00e1s all\u00e1 para obtener respuestas y as\u00ed esclarecer la memoria inquieta de su pasado y transmutar la p\u00e9rdida. Una obra que conecta con los muertos para entender el pasado, el presente y el futuro.<\/span><span data-ccp-props=\"{&quot;134233117&quot;:true,&quot;134233118&quot;:true,&quot;201341983&quot;:0,&quot;335551550&quot;:6,&quot;335551620&quot;:6,&quot;335559740&quot;:240}\">\u00a0<\/span><\/p>\n<p><span data-contrast=\"none\">Finalmente, el ciclo concluir\u00e1 con\u202f<\/span><i><span data-contrast=\"none\">Resistencia 4: Quiero ser Nadia<\/span><\/i><span data-contrast=\"none\">, un unipersonal escrito, dirigido, y actuado por Valentina Sierra. Esta puesta en escena presenta\u202funa b\u00fasqueda personal y biogr\u00e1fica que gira en torno a un abuso infantil y todo lo que desencadenaron 30 a\u00f1os de silencio. Construida por tres bloques:\u202f<\/span><i><span data-contrast=\"none\">La ni\u00f1a que no sonre\u00eda\u202f<\/span><\/i><span data-contrast=\"none\">es la b\u00fasqueda de la infancia perdida entre la presi\u00f3n de las competencias, la violencia f\u00edsica de los entrenadores y el\u202fautorechazo.\u202f<\/span><i><span data-contrast=\"none\">La ca\u00edda de Nadia\u202f<\/span><\/i><span data-contrast=\"none\">rememora\u202fese momento en el que el cuerpo cambia, se transforma y se aleja de la perfecci\u00f3n.\u202f<\/span><i><span data-contrast=\"none\">Una no es lo que quiere<\/span><\/i><span data-contrast=\"none\">, el paso del tiempo va transformando el cuerpo en el enemigo. Esta obra tendr\u00e1 funci\u00f3n el domingo 12 de septiembre a las 18 h.<\/span><span data-ccp-props=\"{&quot;134233117&quot;:true,&quot;134233118&quot;:true,&quot;201341983&quot;:0,&quot;335551550&quot;:6,&quot;335551620&quot;:6,&quot;335559740&quot;:240}\">\u00a0<\/span><\/p>\n<p><span data-contrast=\"none\">Todas las funciones ser\u00e1n de entrada gratuita.\u202f<\/span><span data-contrast=\"none\">Para m\u00e1s informaci\u00f3n, visita la p\u00e1gina\u202f<\/span><a href=\"http:\/\/teatro.inba.gob.mx\/\"><span data-contrast=\"none\">teatro.inba.gob.mx<\/span><\/a><span data-ccp-props=\"{&quot;134233117&quot;:true,&quot;134233118&quot;:true,&quot;201341983&quot;:0,&quot;335551550&quot;:6,&quot;335551620&quot;:6,&quot;335559740&quot;:240}\">\u00a0<\/span><\/p>\n<p>[\/fusion_text][fusion_imageframe image_id=&#8221;41424|medium&#8221; max_width=&#8221;&#8221; style_type=&#8221;&#8221; blur=&#8221;&#8221; stylecolor=&#8221;&#8221; hover_type=&#8221;none&#8221; bordersize=&#8221;&#8221; bordercolor=&#8221;&#8221; borderradius=&#8221;&#8221; align=&#8221;none&#8221; lightbox=&#8221;no&#8221; gallery_id=&#8221;&#8221; lightbox_image=&#8221;&#8221; lightbox_image_id=&#8221;&#8221; alt=&#8221;&#8221; link=&#8221;&#8221; linktarget=&#8221;_self&#8221; hide_on_mobile=&#8221;small-visibility,medium-visibility,large-visibility&#8221; class=&#8221;&#8221; id=&#8221;&#8221; animation_type=&#8221;&#8221; animation_direction=&#8221;left&#8221; animation_speed=&#8221;0.3&#8243; animation_offset=&#8221;&#8221;]https:\/\/www.bitacoracdmx.com\/wp-content\/uploads\/2021\/09\/240565246_1949725671853467_940143171954098047_n-300&#215;206.jpg[\/fusion_imageframe][\/fusion_builder_column][\/fusion_builder_row][\/fusion_builder_container]<\/p>\n","protected":false},"excerpt":{"rendered":"<p>[fusion_builder_container hundred_percent=&#8221;no&#8221; equal_height_columns=&#8221;no&#8221; menu_anchor=&#8221;&#8221; hide_on_mobile=&#8221;small-visibility,medium-visibility,large-visibility&#8221; class=&#8221;&#8221; id=&#8221;&#8221; background_color=&#8221;&#8221; background_image=&#8221;&#8221; background_position=&#8221;center center&#8221; background_repeat=&#8221;no-repeat&#8221; fade=&#8221;no&#8221; background_parallax=&#8221;none&#8221; parallax_speed=&#8221;0.3&#8243; video_mp4=&#8221;&#8221; video_webm=&#8221;&#8221; video_ogv=&#8221;&#8221; video_url=&#8221;&#8221; video_aspect_ratio=&#8221;16:9&#8243; video_loop=&#8221;yes&#8221; video_mute=&#8221;yes&#8221; overlay_color=&#8221;&#8221; video_preview_image=&#8221;&#8221; border_size=&#8221;&#8221; border_color=&#8221;&#8221; border_style=&#8221;solid&#8221; padding_top=&#8221;&#8221; padding_bottom=&#8221;&#8221; padding_left=&#8221;&#8221; padding_right=&#8221;&#8221;][fusion_builder_row][fusion_builder_column type=&#8221;1_1&#8243; layout=&#8221;1_1&#8243; background_position=&#8221;left top&#8221; background_color=&#8221;&#8221; border_size=&#8221;&#8221; border_color=&#8221;&#8221; border_style=&#8221;solid&#8221; border_position=&#8221;all&#8221; spacing=&#8221;yes&#8221; background_image=&#8221;&#8221; background_repeat=&#8221;no-repeat&#8221; padding_top=&#8221;&#8221; padding_right=&#8221;&#8221; padding_bottom=&#8221;&#8221; padding_left=&#8221;&#8221; margin_top=&#8221;0px&#8221; margin_bottom=&#8221;0px&#8221; class=&#8221;&#8221; id=&#8221;&#8221; animation_type=&#8221;&#8221; animation_speed=&#8221;0.3&#8243; animation_direction=&#8221;left&#8221; hide_on_mobile=&#8221;small-visibility,medium-visibility,large-visibility&#8221; center_content=&#8221;no&#8221; last=&#8221;no&#8221; min_height=&#8221;&#8221; hover_type=&#8221;none&#8221; link=&#8221;&#8221;][fusion_text] REDACCI\u00d3N Constar\u00e1 de cuatro puestas en escena que se llevar\u00e1n a cabo del 9 al 12 de septiembre en el Teatro El Granero, Xavier Rojas del Centro Cultural del Bosque Abordar\u00e1 la tem\u00e1tica de la resistencia con las puestas en [&hellip;]<\/p>\n","protected":false},"author":1,"featured_media":41424,"comment_status":"open","ping_status":"open","sticky":false,"template":"","format":"standard","meta":{"footnotes":""},"categories":[9,14],"tags":[],"_links":{"self":[{"href":"https:\/\/www.bitacoracdmx.com\/index.php?rest_route=\/wp\/v2\/posts\/41422"}],"collection":[{"href":"https:\/\/www.bitacoracdmx.com\/index.php?rest_route=\/wp\/v2\/posts"}],"about":[{"href":"https:\/\/www.bitacoracdmx.com\/index.php?rest_route=\/wp\/v2\/types\/post"}],"author":[{"embeddable":true,"href":"https:\/\/www.bitacoracdmx.com\/index.php?rest_route=\/wp\/v2\/users\/1"}],"replies":[{"embeddable":true,"href":"https:\/\/www.bitacoracdmx.com\/index.php?rest_route=%2Fwp%2Fv2%2Fcomments&post=41422"}],"version-history":[{"count":1,"href":"https:\/\/www.bitacoracdmx.com\/index.php?rest_route=\/wp\/v2\/posts\/41422\/revisions"}],"predecessor-version":[{"id":41425,"href":"https:\/\/www.bitacoracdmx.com\/index.php?rest_route=\/wp\/v2\/posts\/41422\/revisions\/41425"}],"wp:featuredmedia":[{"embeddable":true,"href":"https:\/\/www.bitacoracdmx.com\/index.php?rest_route=\/wp\/v2\/media\/41424"}],"wp:attachment":[{"href":"https:\/\/www.bitacoracdmx.com\/index.php?rest_route=%2Fwp%2Fv2%2Fmedia&parent=41422"}],"wp:term":[{"taxonomy":"category","embeddable":true,"href":"https:\/\/www.bitacoracdmx.com\/index.php?rest_route=%2Fwp%2Fv2%2Fcategories&post=41422"},{"taxonomy":"post_tag","embeddable":true,"href":"https:\/\/www.bitacoracdmx.com\/index.php?rest_route=%2Fwp%2Fv2%2Ftags&post=41422"}],"curies":[{"name":"wp","href":"https:\/\/api.w.org\/{rel}","templated":true}]}}