{"id":41432,"date":"2021-09-11T21:29:12","date_gmt":"2021-09-11T21:29:12","guid":{"rendered":"https:\/\/www.bitacoracdmx.com\/?p=41432"},"modified":"2021-09-11T21:29:12","modified_gmt":"2021-09-11T21:29:12","slug":"los-tres-libros-de-editorial-porrua-para-festejar-la-independencia","status":"publish","type":"post","link":"https:\/\/www.bitacoracdmx.com\/?p=41432","title":{"rendered":"Los tres libros de Editorial Porr\u00faa para festejar la Independencia."},"content":{"rendered":"<p>[fusion_builder_container hundred_percent=&#8221;no&#8221; equal_height_columns=&#8221;no&#8221; menu_anchor=&#8221;&#8221; hide_on_mobile=&#8221;small-visibility,medium-visibility,large-visibility&#8221; class=&#8221;&#8221; id=&#8221;&#8221; background_color=&#8221;&#8221; background_image=&#8221;&#8221; background_position=&#8221;center center&#8221; background_repeat=&#8221;no-repeat&#8221; fade=&#8221;no&#8221; background_parallax=&#8221;none&#8221; parallax_speed=&#8221;0.3&#8243; video_mp4=&#8221;&#8221; video_webm=&#8221;&#8221; video_ogv=&#8221;&#8221; video_url=&#8221;&#8221; video_aspect_ratio=&#8221;16:9&#8243; video_loop=&#8221;yes&#8221; video_mute=&#8221;yes&#8221; overlay_color=&#8221;&#8221; video_preview_image=&#8221;&#8221; border_size=&#8221;&#8221; border_color=&#8221;&#8221; border_style=&#8221;solid&#8221; padding_top=&#8221;&#8221; padding_bottom=&#8221;&#8221; padding_left=&#8221;&#8221; padding_right=&#8221;&#8221;][fusion_builder_row][fusion_builder_column type=&#8221;1_1&#8243; layout=&#8221;1_1&#8243; background_position=&#8221;left top&#8221; background_color=&#8221;&#8221; border_size=&#8221;&#8221; border_color=&#8221;&#8221; border_style=&#8221;solid&#8221; border_position=&#8221;all&#8221; spacing=&#8221;yes&#8221; background_image=&#8221;&#8221; background_repeat=&#8221;no-repeat&#8221; padding_top=&#8221;&#8221; padding_right=&#8221;&#8221; padding_bottom=&#8221;&#8221; padding_left=&#8221;&#8221; margin_top=&#8221;0px&#8221; margin_bottom=&#8221;0px&#8221; class=&#8221;&#8221; id=&#8221;&#8221; animation_type=&#8221;&#8221; animation_speed=&#8221;0.3&#8243; animation_direction=&#8221;left&#8221; hide_on_mobile=&#8221;small-visibility,medium-visibility,large-visibility&#8221; center_content=&#8221;no&#8221; last=&#8221;no&#8221; min_height=&#8221;&#8221; hover_type=&#8221;none&#8221; link=&#8221;&#8221;][fusion_text]<\/p>\n<p>REDACCI\u00d3N<\/p>\n<p>\u00b7 La editorial mexicana revisti\u00f3 su colecci\u00f3n Escritores mexicanos para rendir homenaje a los pilares de la literatura nacional.<\/p>\n<p>Con septiembre no s\u00f3lo llega la comida t\u00edpica mexicana y la m\u00fasica de mariachi para gritar: \u201c\u00a1Viva M\u00e9xico!\u201d Tambi\u00e9n es momento de reflexionar sobre el pasado nacional y el futuro que se vislumbra; sobre todo, en el marco de los 200 a\u00f1os de la consumaci\u00f3n de la Independencia, que se conmemora el 27 de septiembre. Editorial Porr\u00faa recomienda tres libros ideales para comprender el proceso emancipador mexicano y sentir el orgullo tricolor.<\/p>\n<p>En El grito. Independencia: Historia de una pasi\u00f3n nacional (Sepan cuantos\u2026 653), el doctor en derecho Fernando Serrano Migall\u00f3n aborda la representaci\u00f3n m\u00e1s significativa de la identidad nacional. M\u00e1s all\u00e1 del recuerdo de la haza\u00f1a independentista, es una celebraci\u00f3n en la que el imaginario popular exalta los valores y los m\u00e1s altos ideales que configuran el ser nacional, encarnados en las figuras de pr\u00f3ceres cuya memoria se evoca a\u00f1o con a\u00f1o. Es una ceremonia que posee, como pocas, una fuerza simb\u00f3lica capaz de lograr la unidad del pueblo en torno a los s\u00edmbolos patrios.<\/p>\n<p>Ocasi\u00f3n de reencuentro, el Grito es la oportunidad para encauzar el ser nacional hacia nuevas aspiraciones, proyectar esa espont\u00e1nea unidad de los mexicanos a la conquista de nuevas metas y superar ocasionales obst\u00e1culos. En estas p\u00e1ginas, se transita por la historia del pa\u00eds, y el retrato de cada episodio ilustra la forma de recordar el inicio de la lucha por la independencia. El agregado de nuevos h\u00e9roes a la arenga anual la referencia a situaciones que han afectado al pa\u00eds refleja, junto a la evoluci\u00f3n de una pasi\u00f3n, el devenir de un ser nacional y la manera como esa identidad se proyecta en los momentos m\u00e1s significativos de la historia del pa\u00eds.<\/p>\n<p>Por su parte, Luis Borja Mart\u00ednez desarrolla en La ciudad de M\u00e9xico-Tenochtitl\u00e1n, 1521-1555 (Sepan cuantos\u2026 752) un estudio del prehisp\u00e1nico de la Ciudad de M\u00e9xico enfocado en el desarrollo material de la ciudad de M\u00e9xico-Tenochtitl\u00e1n en los a\u00f1os inmediatos a la Conquista, comprendidos entre 1521 y 1555, a\u00f1os importantes para la ciudad,<\/p>\n<p>porque en ellos se defini\u00f3 la forma y tama\u00f1o que tendr\u00eda y la organizaci\u00f3n espacial que adoptar\u00eda.<\/p>\n<p>Para hacerlo, el autor se basa en la informaci\u00f3n extra\u00edda de cuatro fuentes contempor\u00e1neas: las actas del Cabildo de la Ciudad de M\u00e9xico, los protocolos disponibles en el Archivo de Notar\u00edas de M\u00e9xico, el llamado plano de Upsala y las descripciones que hace de la ciudad el maestro universitario Francisco Cervantes de Salazar en sus imaginarios recorridos por la misma, as\u00ed como por los testimonios de algunos de los que fueran sus protagonistas, Hern\u00e1n Cort\u00e9s y Bernal D\u00edaz del Castillo.<\/p>\n<p>Para homenajear a la literatura nacional, Editorial Porr\u00faa revisti\u00f3 su colecci\u00f3n Escritores mexicanos. Y es el marco de los festejos de Independencia que esta casa editorial da recomienda La Parcela (Editores mexicanos, 2018) de Jos\u00e9 L\u00f3pez Portillo y Rojas, considerado uno de los tres novelistas mexicanos m\u00e1s importantes del siglo XIX, junto con Rafael Delgado (1853-1914). En esta novela, el escritor jalisciense presenta un intenso drama regionalista entre terratenientes, ejecutado con rigor y solidez art\u00edstica, cuyo desenlace involucrar\u00e1 una de las pasiones humanas m\u00e1s poderosas. El estilo, lenguaje y los acontecimientos narrados, ya aut\u00f3nomos de la tradici\u00f3n colonial, hacen de esta novela una de las primeras y m\u00e1s grandes obras de la literatura mexicana.<\/p>\n<p>Los sucesos narrados y los personajes descritos est\u00e1n tomados de la realidad mexicana, con puntual y elocuente sobriedad, retocando apenas sus perfiles. La parcela (1898) se desarrolla en cuadros sucesivos y variados, puestos en un mismo plano, a una distancia que permite ver claramente la fisonom\u00eda de los personajes y el desarrollo de los acontecimientos. La perspectiva es justa, uniforme y suficiente; el autor no ha querido llevar el dibujo a extremos de miniatura, ni saber del alma de los actores de ese drama del campo mexicano sino por la expresi\u00f3n de sus acciones.<\/p>\n<p>[\/fusion_text][fusion_imageframe image_id=&#8221;41433|medium&#8221; max_width=&#8221;&#8221; style_type=&#8221;&#8221; blur=&#8221;&#8221; stylecolor=&#8221;&#8221; hover_type=&#8221;none&#8221; bordersize=&#8221;&#8221; bordercolor=&#8221;&#8221; borderradius=&#8221;&#8221; align=&#8221;none&#8221; lightbox=&#8221;no&#8221; gallery_id=&#8221;&#8221; lightbox_image=&#8221;&#8221; lightbox_image_id=&#8221;&#8221; alt=&#8221;&#8221; link=&#8221;&#8221; linktarget=&#8221;_self&#8221; hide_on_mobile=&#8221;small-visibility,medium-visibility,large-visibility&#8221; class=&#8221;&#8221; id=&#8221;&#8221; animation_type=&#8221;&#8221; animation_direction=&#8221;left&#8221; animation_speed=&#8221;0.3&#8243; animation_offset=&#8221;&#8221;]https:\/\/www.bitacoracdmx.com\/wp-content\/uploads\/2021\/09\/LibrosRecomendados_Septiembre-300&#215;300.jpeg[\/fusion_imageframe][\/fusion_builder_column][\/fusion_builder_row][\/fusion_builder_container]<\/p>\n","protected":false},"excerpt":{"rendered":"<p>[fusion_builder_container hundred_percent=&#8221;no&#8221; equal_height_columns=&#8221;no&#8221; menu_anchor=&#8221;&#8221; hide_on_mobile=&#8221;small-visibility,medium-visibility,large-visibility&#8221; class=&#8221;&#8221; id=&#8221;&#8221; background_color=&#8221;&#8221; background_image=&#8221;&#8221; background_position=&#8221;center center&#8221; background_repeat=&#8221;no-repeat&#8221; fade=&#8221;no&#8221; background_parallax=&#8221;none&#8221; parallax_speed=&#8221;0.3&#8243; video_mp4=&#8221;&#8221; video_webm=&#8221;&#8221; video_ogv=&#8221;&#8221; video_url=&#8221;&#8221; video_aspect_ratio=&#8221;16:9&#8243; video_loop=&#8221;yes&#8221; video_mute=&#8221;yes&#8221; overlay_color=&#8221;&#8221; video_preview_image=&#8221;&#8221; border_size=&#8221;&#8221; border_color=&#8221;&#8221; border_style=&#8221;solid&#8221; padding_top=&#8221;&#8221; padding_bottom=&#8221;&#8221; padding_left=&#8221;&#8221; padding_right=&#8221;&#8221;][fusion_builder_row][fusion_builder_column type=&#8221;1_1&#8243; layout=&#8221;1_1&#8243; background_position=&#8221;left top&#8221; background_color=&#8221;&#8221; border_size=&#8221;&#8221; border_color=&#8221;&#8221; border_style=&#8221;solid&#8221; border_position=&#8221;all&#8221; spacing=&#8221;yes&#8221; background_image=&#8221;&#8221; background_repeat=&#8221;no-repeat&#8221; padding_top=&#8221;&#8221; padding_right=&#8221;&#8221; padding_bottom=&#8221;&#8221; padding_left=&#8221;&#8221; margin_top=&#8221;0px&#8221; margin_bottom=&#8221;0px&#8221; class=&#8221;&#8221; id=&#8221;&#8221; animation_type=&#8221;&#8221; animation_speed=&#8221;0.3&#8243; animation_direction=&#8221;left&#8221; hide_on_mobile=&#8221;small-visibility,medium-visibility,large-visibility&#8221; center_content=&#8221;no&#8221; last=&#8221;no&#8221; min_height=&#8221;&#8221; hover_type=&#8221;none&#8221; link=&#8221;&#8221;][fusion_text] REDACCI\u00d3N \u00b7 La editorial mexicana revisti\u00f3 su colecci\u00f3n Escritores mexicanos para rendir homenaje a los pilares de la literatura nacional. Con septiembre no s\u00f3lo llega la comida t\u00edpica mexicana y la m\u00fasica de mariachi para gritar: \u201c\u00a1Viva M\u00e9xico!\u201d Tambi\u00e9n es [&hellip;]<\/p>\n","protected":false},"author":1,"featured_media":41433,"comment_status":"open","ping_status":"open","sticky":false,"template":"","format":"standard","meta":{"footnotes":""},"categories":[9,10],"tags":[],"_links":{"self":[{"href":"https:\/\/www.bitacoracdmx.com\/index.php?rest_route=\/wp\/v2\/posts\/41432"}],"collection":[{"href":"https:\/\/www.bitacoracdmx.com\/index.php?rest_route=\/wp\/v2\/posts"}],"about":[{"href":"https:\/\/www.bitacoracdmx.com\/index.php?rest_route=\/wp\/v2\/types\/post"}],"author":[{"embeddable":true,"href":"https:\/\/www.bitacoracdmx.com\/index.php?rest_route=\/wp\/v2\/users\/1"}],"replies":[{"embeddable":true,"href":"https:\/\/www.bitacoracdmx.com\/index.php?rest_route=%2Fwp%2Fv2%2Fcomments&post=41432"}],"version-history":[{"count":1,"href":"https:\/\/www.bitacoracdmx.com\/index.php?rest_route=\/wp\/v2\/posts\/41432\/revisions"}],"predecessor-version":[{"id":41434,"href":"https:\/\/www.bitacoracdmx.com\/index.php?rest_route=\/wp\/v2\/posts\/41432\/revisions\/41434"}],"wp:featuredmedia":[{"embeddable":true,"href":"https:\/\/www.bitacoracdmx.com\/index.php?rest_route=\/wp\/v2\/media\/41433"}],"wp:attachment":[{"href":"https:\/\/www.bitacoracdmx.com\/index.php?rest_route=%2Fwp%2Fv2%2Fmedia&parent=41432"}],"wp:term":[{"taxonomy":"category","embeddable":true,"href":"https:\/\/www.bitacoracdmx.com\/index.php?rest_route=%2Fwp%2Fv2%2Fcategories&post=41432"},{"taxonomy":"post_tag","embeddable":true,"href":"https:\/\/www.bitacoracdmx.com\/index.php?rest_route=%2Fwp%2Fv2%2Ftags&post=41432"}],"curies":[{"name":"wp","href":"https:\/\/api.w.org\/{rel}","templated":true}]}}