{"id":41435,"date":"2021-09-11T22:14:16","date_gmt":"2021-09-11T22:14:16","guid":{"rendered":"https:\/\/www.bitacoracdmx.com\/?p=41435"},"modified":"2021-09-11T22:14:16","modified_gmt":"2021-09-11T22:14:16","slug":"celebraran-13a-edicion-del-festival-octubre-negro-2021-bajo-el-concepto-de-re-ev0luxiiion","status":"publish","type":"post","link":"https:\/\/www.bitacoracdmx.com\/?p=41435","title":{"rendered":"Celebrar\u00e1n 13\u00aa. Edici\u00f3n del Festival OCTUBRE NEGRO 2021 bajo el concepto de \u201cRE- EV0LUXIIION\u201d."},"content":{"rendered":"<p>[fusion_builder_container hundred_percent=&#8221;no&#8221; equal_height_columns=&#8221;no&#8221; menu_anchor=&#8221;&#8221; hide_on_mobile=&#8221;small-visibility,medium-visibility,large-visibility&#8221; class=&#8221;&#8221; id=&#8221;&#8221; background_color=&#8221;&#8221; background_image=&#8221;&#8221; background_position=&#8221;center center&#8221; background_repeat=&#8221;no-repeat&#8221; fade=&#8221;no&#8221; background_parallax=&#8221;none&#8221; parallax_speed=&#8221;0.3&#8243; video_mp4=&#8221;&#8221; video_webm=&#8221;&#8221; video_ogv=&#8221;&#8221; video_url=&#8221;&#8221; video_aspect_ratio=&#8221;16:9&#8243; video_loop=&#8221;yes&#8221; video_mute=&#8221;yes&#8221; overlay_color=&#8221;&#8221; video_preview_image=&#8221;&#8221; border_size=&#8221;&#8221; border_color=&#8221;&#8221; border_style=&#8221;solid&#8221; padding_top=&#8221;&#8221; padding_bottom=&#8221;&#8221; padding_left=&#8221;&#8221; padding_right=&#8221;&#8221;][fusion_builder_row][fusion_builder_column type=&#8221;1_1&#8243; layout=&#8221;1_1&#8243; background_position=&#8221;left top&#8221; background_color=&#8221;&#8221; border_size=&#8221;&#8221; border_color=&#8221;&#8221; border_style=&#8221;solid&#8221; border_position=&#8221;all&#8221; spacing=&#8221;yes&#8221; background_image=&#8221;&#8221; background_repeat=&#8221;no-repeat&#8221; padding_top=&#8221;&#8221; padding_right=&#8221;&#8221; padding_bottom=&#8221;&#8221; padding_left=&#8221;&#8221; margin_top=&#8221;0px&#8221; margin_bottom=&#8221;0px&#8221; class=&#8221;&#8221; id=&#8221;&#8221; animation_type=&#8221;&#8221; animation_speed=&#8221;0.3&#8243; animation_direction=&#8221;left&#8221; hide_on_mobile=&#8221;small-visibility,medium-visibility,large-visibility&#8221; center_content=&#8221;no&#8221; last=&#8221;no&#8221; min_height=&#8221;&#8221; hover_type=&#8221;none&#8221; link=&#8221;&#8221;][fusion_text]<\/p>\n<p>REDACCI\u00d3N<\/p>\n<div>\n<p class=\"x_MsoNormal\"><span lang=\"ES\">El Festival cultural obscuro por excelencia, celebrar\u00e1 este a\u00f1o bajo el concepto de \u201cRe- Evoluci\u00f3n\u201d, su 13er edici\u00f3n en diversas sedes de la Ciudad de M\u00e9xico;<\/span><span lang=\"ES\">\u00a0<\/span>realizando cerca de 20 eventos y 100 elencos de actividades culturales, recreativas y acad\u00e9micas, en diversas disciplinas, as\u00ed como eventos en apoyo a causas sociales\u00a0<span lang=\"ES\">de manera presencial y virtual del 1 al 31 de Octubre.<\/span><\/p>\n<p class=\"x_MsoNormal\"><b>El Festival Internacional Octubre Negro emano de la escena oscura<\/b>\u00a0(sector Dark o g\u00f3tico) de M\u00e9xico; es una alternativa disruptiva que promueve el arte y la cultura y los valores de la CDMX, ha contado con sedes alternas como:\u00a0<b>Espa\u00f1a, Alemania, Rumania, Suiza y Jap\u00f3n<\/b>, difundiendo el arte g\u00f3tico mexicano y a su vez proyectando artistas emergentes en todas sus vertientes, desde la m\u00fasica hasta las artes visuales y esc\u00e9nicas. En esta edici\u00f3n contaremos con la presencia de\u00a0<b>Venezuela, Argentina, Uruguay, Cuba, USA y Colombia.<\/b><\/p>\n<p class=\"x_MsoNormal\">Este a\u00f1o contaremos con espacios emblem\u00e1ticos como el Centro Cultural Carranza, El Circo Volador, El Museo del Chopo, La Biblioteca Vasconcelos, El Club Dad\u00e1 X, La Fundaci\u00f3n Sebasti\u00e1n, el Foro Bizarro y El Palacio Negro de Lecumberri.<\/p>\n<p class=\"x_MsoNormal\">En la parte musical, el Festival Octubre Negro en su 13er edici\u00f3n contar\u00e1 con la destacada participaci\u00f3n de grupos y m\u00fasicos como\u00a0<b>San Pascualito Rey, Anabanta, Erszebeth, \u00dcBON, Gorgonas, Julio Revueltas, Rafael Flores, Rom\u00e1n, Ricardo Vecordia, Suspiria, Calaverx, I can fly, la banda colombiana Unos vagabundos<\/b>, por mencionar algunos y 4 presentaciones musicales a distancia con presencia de artistas de algunos de los pa\u00edses antes mencionados.<\/p>\n<p class=\"x_MsoNormal\">Engalana la presentaci\u00f3n del concepto\u00a0<b>\u201cBarrocker\u201d<\/b>\u00a0donde se fusionar\u00e1 en vivo la m\u00fasica Barroca, presentada por la\u00a0<b>Orquesta de C\u00e1mara de la Ciudad de M\u00e9xico, as\u00ed como la Orquesta de Cuerdas Nueva Generaci\u00f3n<\/b>, con quienes se fusionar\u00e1 la m\u00fasica cl\u00e1sica y barroca con una banda de Rock de soporte en vivo conformada en su totalidad por la banda mexicana\u00a0<b>\u00dcBON<\/b>, cabe mencionar que en este concierto se tiene contemplada la participaci\u00f3n como\u00a0<b>concertistas solistas a Duan Marie (cantante de Anabanta), el Guitarrista Sa\u00fal Moreno, (\u201cEl Pollos\u201d guitarrista de Liran Roll y cantante de Korukos), Maly Reyes (cantante de Fractalia- \u00dcBON), as\u00ed como concertistas cl\u00e1sicos; Ricardo Vecordia a la Guitarra cl\u00e1sica, Liz Santiago (Soprano en Suspiria), y el guitarrista barroco,cl\u00e1sico y contempor\u00e1neo Oman Kaminsky;<\/b>\u00a0m\u00fasico mexicano quien cuenta con cerca de 30 premios internacionales, con participaciones en las salas m\u00e1s importantes de todo el mundo quien honra al festival, junto al resto de los artistas con su participaci\u00f3n.<\/p>\n<p class=\"x_MsoNormal\">Este Concierto, se plantea como un evento 100% Vivencial, pues dejar\u00e1 huella en la memoria de los asistentes, pues estar\u00e1 acompa\u00f1ado de efectos especiales 4D, video proyecciones y realidad virtual.<\/p>\n<p class=\"x_MsoNormal\">En las artes pl\u00e1sticas, contaremos con una gran muestra pict\u00f3rica donde destacan nombres como\u00a0<b><span lang=\"ES\">Martha Chapa, Gustavo Arias Murueta de la generaci\u00f3n de la Ruptura, Maritza Morillas<\/span><\/b><span lang=\"ES\">,\u00a0<b>Cristina Samsa, Antonio Fabella, Dan Santino<\/b>\u00a0y la participaci\u00f3n de los colectivos\u00a0<b>Los transferencistas<\/b>\u00a0y\u00a0<\/span><b>colectivo Calaqui<\/b>.<\/p>\n<p class=\"x_MsoNormal\">En la parte acad\u00e9mica y literaria, se brindar\u00e1 un breviario sobre la producci\u00f3n musical de la escena oscura de M\u00e9xico, una Masterclass sobre audio digital en producciones h\u00edbridas, una mesa redonda sobre \u201cla Re-evoluci\u00f3n de la escena oscura\u201d, Talleres de narraci\u00f3n oral para ni\u00f1os\/as\u201d; as\u00ed como presentaciones con enfoque a\u00a0<b>personas con discapacidad<\/b>, donde destaca la presentaci\u00f3n de la compa\u00f1\u00eda\u00a0<b>Ventus, artes circense y Circo Inclusivo M\u00e9xico<\/b>, conformada por personas con y sin discapacidad. As\u00ed mismo, tendremos conferencias magistrales atendiendo el tema de g\u00e9nero, una de ellas impartida por la reconocida actriz\u00a0<b>Patricia Reyes Sp\u00edndola<\/b>.<\/p>\n<p class=\"x_MsoNormal\">En la secciones antes mencionadas, destacan nombres como\u00a0<b>Jerm\u00e1n Argueta, RaGo, Sergio Vicario, Marcos Garc\u00eda Caballero, Cristhian Chavero, Laura Rodriguez, Sara Arriola y Juan Jim\u00e9nez Izquierdo, quien presentar\u00e1 su nuevo libro a 50 a\u00f1os del suceso de Avandaro \u201c Una Leyenda, Av\u00e1ndaro\u201d<\/b><\/p>\n<p class=\"x_MsoNormal\">El cierre del Festival conmemorar\u00e1 los 61 a\u00f1os del estreno de la emblem\u00e1tica pel\u00edcula\u00a0<b>\u201cMacario\u201d,<\/b>\u00a0del cineasta Roberto Gavald\u00f3n, cuya tem\u00e1tica se vincula con la \u201cescena oscura y con el d\u00eda de muertos, siendo uno de los filmes considerados \u201cpatrimonio cinematogr\u00e1fico de la Naci\u00f3n\u201d; en el marco de \u00e9ste evento, se le rendir\u00e1 un emotivo homenaje a aquellos quienes forman parte de tan destacado film, entre ellos el\u00a0 primer actor\u00a0<b>Ignacio L\u00f3pez Tarzo<\/b>\u00a0(protagonista de la cinta) adem\u00e1s de la actriz\u00a0<b>Elizabeth Dupeyr\u00f3n<\/b>, \u00a0quien personific\u00f3 el papel de una de las hijas de Macario<\/p>\n<p class=\"x_MsoNormal\"><span lang=\"ES\">Este a\u00f1o el festival en colaboraci\u00f3n con la Orquesta de C\u00e1mara de la Ciudad de M\u00e9xico A.C. encuentra apoyo de la Secretaria de Cultura a trav\u00e9s del PROFEST, logrando crecer a sedes de prestigio cultural y social de nuestro pa\u00eds<\/span><\/p>\n<p class=\"x_MsoNormal\"><span lang=\"ES\">En nuestra constante labor de causa social, exhortaremos en cada presentaci\u00f3n a la comunidad a sumarse a las acciones de lucha contra el C\u00e1ncer, acciones pro animales y pro inclusivas,\u00a0 entre otras, buscando que la escena obscura impacte una vez m\u00e1s, directa y positivamente a favor de los grupos vulnerables en nuestra sociedad.<\/span><\/p>\n<p><b>\u00a0\u201cPorque la luz emana de la Obscuridad \u2026 Festival Octubre Negro<\/b><\/p>\n<p class=\"x_MsoNormal\" align=\"center\"><b>\u00a0<\/b><\/p>\n<p class=\"x_MsoNormal\" align=\"center\"><b><span style=\"font-size: xx-large;\">RE EV0LUXIIION<\/span><\/b><\/p>\n<p class=\"x_MsoNormal\" align=\"center\"><b><span lang=\"ES\"><span style=\"font-size: xx-large;\">13\u00aa edici\u00f3n Festival internacional Octubre Negro 2021<\/span><\/span><\/b><\/p>\n<p class=\"x_MsoNormal\" align=\"center\"><span lang=\"ES\"><span style=\"font-size: xx-large;\">Programaci\u00f3n General<\/span><\/span><\/p>\n<p class=\"x_MsoNormal\"><b>1.\u00a0\u00a0\u00a0<\/b><b>Viernes 1 de Octubre:\u00a0 Inauguraci\u00f3n Festival Internacional Octubre Negro\/ Cine del Centro Cultural Carranza.<\/b><\/p>\n<p class=\"x_MsoNormal\">Concierto de Inauguraci\u00f3n: Anabanta, Erszebeth y \u00dcBON \/ Multidisciplinario<\/p>\n<p class=\"x_MsoNormal\">19 hrs ENTRADA LIBRE<\/p>\n<p class=\"x_MsoNormal\"><b>2.\u00a0\u00a0\u00a0<\/b><b>Lunes 4 de Octubre: Conferencia\/ Ser mujer y vivir en resistencia contracultura\/ Live Streaming<\/b><\/p>\n<p class=\"x_MsoNormal\">Ponencia de la Mtra. Mishell Gandarillas de Ort\u00edz de Montellano \/ Ser mujer y vivir en resistencia contracultural: una doble discriminaci\u00f3n vista desde el feminismo interseccional y decolonial.<\/p>\n<p class=\"x_MsoNormal\">18 hrs ENTRADA LIBRE<\/p>\n<p class=\"x_MsoNormal\"><b>3.\u00a0\u00a0\u00a0<\/b><b>Martes 5 de Octubre: Conferencia\/ Breviario sobre la producci\u00f3n musical de la escena oscura de la Ciudad de M\u00e9xico: de la industria cultural an\u00e1loga a la digital\/ Museo del Chopo.<\/b><\/p>\n<p class=\"x_MsoNormal\">Ponencia de la Mtra. Mar\u00eda del \u00c1ngel Monterrosa Fuentes<\/p>\n<p class=\"x_MsoNormal\">19hrs ENTRADA LIBRE<\/p>\n<p class=\"x_MsoNormal\"><b>4.\u00a0\u00a0\u00a0<\/b><b>Mi\u00e9rcoles 6 de Octubre:\u00a0 Master Class\u00a0 Audio Digital en Presentaciones h\u00edbridas (Streaming y presencial)\/ Live Streaming.<\/b><\/p>\n<p class=\"x_MsoNormal\">Master Class impartida por Cristhian Chavero Barrera<\/p>\n<p class=\"x_MsoNormal\">17 hrs ENTREGA LIBRE<\/p>\n<p class=\"x_MsoNormal\"><b>5.\u00a0\u00a0\u00a0<\/b><b>Jueves 7 de Octubre: Exposici\u00f3n Colectiva &#8220;Dualidades entre la luz y la oscuridad&#8221;\/ Fundaci\u00f3n Sebastian<\/b><\/p>\n<p class=\"x_MsoNormal\">Inauguraci\u00f3n de la exposici\u00f3n, con obra de los artistas Martha Chapa, Gustavo Arias Murueta (de la generaci\u00f3n de la Ruptura), Cristina Samsa, Maritza Morillas, Antonio Fabella, Dan Santino, el colectivo Los Transferencistas (M\u00e9xico y Cuba), Julio Cesar Delgado (Cuba), Ricardo Rivher, Manuel Padua, Pedro Antonio Oca\u00f1a, Abril Espinoza.<\/p>\n<p class=\"x_MsoNormal\">Para el corte de list\u00f3n brindara unas palabras el Maestro Sebastian Escultor.<\/p>\n<p class=\"x_MsoNormal\">Presentaci\u00f3n Musical : Mat\u00edas Carbajal Trio y Matoys\u00a0 (proyecto de m\u00fasica electr\u00f3nica y fusi\u00f3n de Mat\u00edas Carbajal y Dulce Chiang)<\/p>\n<p class=\"x_MsoNormal\">17 hrs\u00a0 ENTRADA LIBRE<b><\/b><\/p>\n<p class=\"x_MsoNormal\"><b>6.\u00a0\u00a0\u00a0<\/b><b>S\u00e1bado 9 de Octubre: Reconocimiento a trayectoria art\u00edstica a la actriz Patricia Reyes Esp\u00edndola\/ Teatro Carranza<\/b><\/p>\n<p class=\"x_MsoNormal\">Proyecci\u00f3n del cortometraje: \u201cY El Cangrejo Resulto No Ser Inmortal\u201d\/ Digcenia Mejias, protagonista Patricia Reyes Esp\u00edndola<\/p>\n<p class=\"x_MsoNormal\">Teatro (compa\u00f1\u00eda Cornamentas) :<\/p>\n<p class=\"x_MsoNormal\">\u00a0&#8220;Los S\u00e1nchez&#8221;<\/p>\n<p class=\"x_MsoNormal\">\u201cLo que la pandemia se llev\u00f3\u201d<\/p>\n<p class=\"x_MsoNormal\">\u00a011:30 Hrs ENTRADA LIBRE<\/p>\n<p class=\"x_MsoNormal\"><b>7.\u00a0\u00a0\u00a0<\/b><b>Martes 12 de Octubre: Presentaci\u00f3n de los libros: &#8220;El roset\u00f3n de plata&#8221;\u00a0 y\u00a0 &#8220;Av\u00e1ndaro, una leyenda&#8221;\/ Biblioteca Venustiano Carranza<\/b><\/p>\n<p class=\"x_MsoNormal\">Marcos Garc\u00eda Caballero y Juan Jim\u00e9nez Izquierdo<\/p>\n<p class=\"x_MsoNormal\">Presentaci\u00f3n musical al t\u00e9rmino: Rom\u00e1n<\/p>\n<p class=\"x_MsoNormal\">18 hrs\u00a0 ENTRADA LIBRE<\/p>\n<p class=\"x_MsoNormal\"><b>8.\u00a0\u00a0\u00a0<\/b><b>Viernes 15 de Octubre: Encuentro de Guitarristas\/Dada X\u00a0<\/b><\/p>\n<p class=\"x_MsoNormal\">Julio Revueltas, Roy Gama VI, Rafael Flores, Elizabeth Schembr<\/p>\n<p class=\"x_MsoNormal\">18:20 hrs ENTRADA LIBRE<b>\u00a0<\/b><\/p>\n<p class=\"x_MsoNormal\"><b>9.\u00a0\u00a0\u00a0<\/b><b>S\u00e1bado 16 de Octubre: Evento por la discapacidad\/Parque del Obrero<\/b><\/p>\n<p class=\"x_MsoNormal\">Circo Inclusivo M\u00e9xico\/ Circo, del sue\u00f1o a la creaci\u00f3n<\/p>\n<p class=\"x_MsoNormal\">Guillermo Maciel\/Presentaci\u00f3n de Chapman Stick: &#8220;En la cuerda floja&#8221;<\/p>\n<p class=\"x_MsoNormal\">Ventus Danza A\u00e9rea<\/p>\n<p class=\"x_MsoNormal\">17 hrs ENTRADA LIBRE<b><\/b><\/p>\n<p class=\"x_MsoNormal\"><b>10.\u00a0 <\/b><b>Domingo 17 de Octubre: Concierto Barrocker\/Cine del Centro Cultural Carranza<\/b><\/p>\n<p class=\"x_MsoNormal\">Concierto vivencial, Rock y m\u00fasica Barroca- Vivaldi, Haendl, Pergolesi con Rock.<\/p>\n<p class=\"x_MsoNormal\">Orquesta de C\u00e1mara de la Ciudad de M\u00e9xico, Orquesta Nueva Generaci\u00f3n,<\/p>\n<p class=\"x_MsoNormal\">Solistas: Sa\u00fal Moreno (Liran Roll\/ Korukos ) Duan Marie (Anabanta),\u00a0 Rashid Rahal , Maly Reyes(\u00dcBON\/ Fractalia) ,Lizbeth Santiago (Suspiria) Ricardo Gonz\u00e1lez (Corcobado\/ \u00dcBON),\u00a0 Om\u00e1n Kaminsky (Escuela Superoir de M\u00fasica)<\/p>\n<p class=\"x_MsoNormal\">17 hrs ENTRADA LIBRE<\/p>\n<p class=\"x_MsoNormal\"><b>11.\u00a0 <\/b><b>Martes 19 de Octubre: Mesa Redonda: La Re-evoluci\u00f3n de la escena oscura\/ Museo Universitario del Chopo<\/b><\/p>\n<p class=\"x_MsoNormal\">Mesa redonda con personajes representativos, que cuentan con estudios y experiencia relacionado a la producci\u00f3n musical en M\u00e9xico.<\/p>\n<p class=\"x_MsoNormal\">Jos\u00e9 Hern\u00e1ndez Riwes Cruz, Zanoni Blanco Ayala, Mtra. Mar\u00eda del \u00c1ngel Monterrosa Fuentes, Alejandro Darkleto, Adriana Hern\u00e1ndez<\/p>\n<p class=\"x_MsoNormal\">19 Hrs ENTRADA LIBRE<\/p>\n<p class=\"x_MsoNormal\"><b>12.\u00a0 <\/b><b>Jueves 21 de Octubre: \u201cEncuentro Literario 2021: Letras de Re-Evoluci\u00f3n\u201d\/Biblioteca Vasconcelos<\/b><\/p>\n<p class=\"x_MsoNormal\">TALLER DE NARRACI\u00d3N ORAL PARA NI\u00d1OS \u201cEl arte de contar cuentos y leyendas\u201d<\/p>\n<p class=\"x_MsoNormal\">Jerm\u00e1n Argueta , Jos\u00e9 Hern\u00e1ndez Riwes, Ruin Andrade, Alejandro Gallardo, Ram\u00f3n Gonz\u00e1lez, Rogelio Flores, A\u00e9rea Indira, Ayde\u00e9 Bravo, Laura Rodr\u00edguez, Sara Arriola, Lola Ancira, Frizia Guerrero, Angela Escobar, Rodrigo Ayala<\/p>\n<p class=\"x_MsoNormal\">15 Hrs ENTRADA LIBRE<\/p>\n<p class=\"x_MsoNormal\"><b>13.\u00a0 <\/b><b>Viernes 22 de Octubre: Concurso de Performance: Saturnalia, La Victoria del Sol Happenig multidisiciplinario\/ Centro Cultural Carranza<\/b><\/p>\n<p class=\"x_MsoNormal\">19 hrs ENTRADA LIBRE<\/p>\n<p class=\"x_MsoNormal\"><b>14.\u00a0 <\/b><b>S\u00e1bado 23 de Octubre: Encuentro vieja y nueva guardia\/Circo Volador<\/b><\/p>\n<p class=\"x_MsoNormal\">Concierto: San Pascualito Rey , I can Fly, Gorgonas, Calaverx , Unos Vagabundos (Colombia)<\/p>\n<p class=\"x_MsoNormal\">Tributo a Nightwish &amp; Therion<\/p>\n<p class=\"x_MsoNormal\">15 Hrs ENTRADA LIBRE<b><\/b><\/p>\n<p class=\"x_MsoNormal\"><b>15.\u00a0 <\/b><b>Domingo 24 de Octubre: Classic Metal II\/Terraza Bizarro<\/b><\/p>\n<p class=\"x_MsoNormal\"><b>Concierto: Suspiria<\/b><\/p>\n<p class=\"x_MsoNormal\">Repertorio que abarca desde Vivaldi a Stratovarius, adem\u00e1s del estreno de su primer obra, hecha por un joven compositor mexicano, con influencias de metal, rock y m\u00fasica contempor\u00e1nea.<\/p>\n<p class=\"x_MsoNormal\">18:30 hrs\u00a0 ENTRADA LIBRE<\/p>\n<p class=\"x_MsoNormal\"><b>16. <\/b><b>Martes 26 de Octubre: Mesa Redonda: Crear En La Hipermodernidad\/Archivo General de la Naci\u00f3n<\/b><\/p>\n<p class=\"x_MsoNormal\">Participan: Enrique Escalona, Mauricio Carrera, Sergio Vicario, Ricardo Gonz\u00e1lez<\/p>\n<p class=\"x_MsoNormal\">Conversatorio entre autores literarios, acerca de la hipermodernidad (termino establecido por Liovetski ), \u00e9poca caracterizada, entre otras cosas por la inmediatez, el hiperconsumismo , el dominio de las redes sociales.<\/p>\n<p class=\"x_MsoNormal\">17 Hrs ENTRADA LIBRE<\/p>\n<p class=\"x_MsoNormal\"><b>17.\u00a0 <\/b><b>Jueves 28 de Octubre: \u201cEncuentro Literario 2021: Letras de Re-Evoluci\u00f3n\u201d\/ Caf\u00e9 Bizarro<\/b><\/p>\n<p class=\"x_MsoNormal\">Participaciones Internacionales y micr\u00f3fono abierto para publico<\/p>\n<p class=\"x_MsoNormal\">Participan: Ruin Andrade , Omar Ortiz, Mariana Iracheta, Leda Cardozo (Uruguay) , Graciela La Jule (Argentina), Elizabeth Franck , Elisabeth Piceno , Angela Escobar (Venezuela) , Alfonso Franco<\/p>\n<p class=\"x_MsoNormal\">18 Hrs ENTRADA LIBRE<\/p>\n<p class=\"x_MsoNormal\"><b>18.\u00a0 <\/b><b>Viernes 29 de Octubre: Concierto a distancia\/ Latinoam\u00e9rica entre sombras\/ Live Streaming<\/b><\/p>\n<p class=\"x_MsoNormal\">Erich, Donaire, Perros de Reserva, Blossom<\/p>\n<p class=\"x_MsoNormal\">18:50 Hrs ENTRADA LIBRE<b><\/b><\/p>\n<p class=\"x_MsoNormal\"><b>19.\u00a0\u00a0\u00a0 <\/b><b>S\u00e1bado 30 de Octubre: Conferencia, Presentaci\u00f3n de Obra Representativa y Homenaje<\/b><\/p>\n<p class=\"x_MsoNormal\">Performance: Mimetizaci\u00f3n\/Cine Centro Cultural Carranza<\/p>\n<p class=\"x_MsoNormal\">Homenaje al fot\u00f3grafo Rogelio Cuellar y Francisco Matarrosas<\/p>\n<p class=\"x_MsoNormal\">Muestra coreogr\u00e1fica y body Paint de Colectivo Calaqui<\/p>\n<p class=\"x_MsoNormal\">19:30 hrs ENTRADA LIBRE<\/p>\n<p class=\"x_MsoNormal\"><b>20.\u00a0 \u00a0<\/b><b>Domingo 31 de Octubre: Gran Clausura: Homenaje a la cinta \u201cMacario\u201d 61 a\u00f1os, Ignacio L\u00f3pez Tarso, Elizabeth Dupeyron\/Cine Centro Cultural Carranza<\/b><\/p>\n<p class=\"x_MsoNormal\">Musicalizaci\u00f3n en vivo del film<\/p>\n<p class=\"x_MsoNormal\">Representa teatral de escenas ic\u00f3nicas de la pel\u00edcula por COTEMEX y\u00a0 Fases producciones (Pablo Robles)<\/p>\n<p class=\"x_MsoNormal\">Exposici\u00f3n fotogr\u00e1fica de escenas de la pel\u00edcula<\/p>\n<p class=\"x_MsoNormal\">Entrega de reconocimientos a homenajeados<\/p>\n<p class=\"x_MsoNormal\">18 Hrs ENTRADA LIBRE<\/p>\n<\/div>\n<p><img loading=\"lazy\" decoding=\"async\" src=\"https:\/\/mailtrack.io\/trace\/mail\/8c3777751385c0803f456b64c0d08768d8ecd3df.png?u=491255\" alt=\"\" width=\"0\" height=\"0\" data-imagetype=\"External\" \/><\/p>\n<p>[\/fusion_text][fusion_imageframe image_id=&#8221;41436|medium&#8221; max_width=&#8221;&#8221; style_type=&#8221;&#8221; blur=&#8221;&#8221; stylecolor=&#8221;&#8221; hover_type=&#8221;none&#8221; bordersize=&#8221;&#8221; bordercolor=&#8221;&#8221; borderradius=&#8221;&#8221; align=&#8221;none&#8221; lightbox=&#8221;no&#8221; gallery_id=&#8221;&#8221; lightbox_image=&#8221;&#8221; lightbox_image_id=&#8221;&#8221; alt=&#8221;&#8221; link=&#8221;&#8221; linktarget=&#8221;_self&#8221; hide_on_mobile=&#8221;small-visibility,medium-visibility,large-visibility&#8221; class=&#8221;&#8221; id=&#8221;&#8221; animation_type=&#8221;&#8221; animation_direction=&#8221;left&#8221; animation_speed=&#8221;0.3&#8243; animation_offset=&#8221;&#8221;]https:\/\/www.bitacoracdmx.com\/wp-content\/uploads\/2021\/09\/OCTUBRE-NEGRO-2021-CARTEL-1-169&#215;300.jpg[\/fusion_imageframe][\/fusion_builder_column][\/fusion_builder_row][\/fusion_builder_container]<\/p>\n","protected":false},"excerpt":{"rendered":"<p>[fusion_builder_container hundred_percent=&#8221;no&#8221; equal_height_columns=&#8221;no&#8221; menu_anchor=&#8221;&#8221; hide_on_mobile=&#8221;small-visibility,medium-visibility,large-visibility&#8221; class=&#8221;&#8221; id=&#8221;&#8221; background_color=&#8221;&#8221; background_image=&#8221;&#8221; background_position=&#8221;center center&#8221; background_repeat=&#8221;no-repeat&#8221; fade=&#8221;no&#8221; background_parallax=&#8221;none&#8221; parallax_speed=&#8221;0.3&#8243; video_mp4=&#8221;&#8221; video_webm=&#8221;&#8221; video_ogv=&#8221;&#8221; video_url=&#8221;&#8221; video_aspect_ratio=&#8221;16:9&#8243; video_loop=&#8221;yes&#8221; video_mute=&#8221;yes&#8221; overlay_color=&#8221;&#8221; video_preview_image=&#8221;&#8221; border_size=&#8221;&#8221; border_color=&#8221;&#8221; border_style=&#8221;solid&#8221; padding_top=&#8221;&#8221; padding_bottom=&#8221;&#8221; padding_left=&#8221;&#8221; padding_right=&#8221;&#8221;][fusion_builder_row][fusion_builder_column type=&#8221;1_1&#8243; layout=&#8221;1_1&#8243; background_position=&#8221;left top&#8221; background_color=&#8221;&#8221; border_size=&#8221;&#8221; border_color=&#8221;&#8221; border_style=&#8221;solid&#8221; border_position=&#8221;all&#8221; spacing=&#8221;yes&#8221; background_image=&#8221;&#8221; background_repeat=&#8221;no-repeat&#8221; padding_top=&#8221;&#8221; padding_right=&#8221;&#8221; padding_bottom=&#8221;&#8221; padding_left=&#8221;&#8221; margin_top=&#8221;0px&#8221; margin_bottom=&#8221;0px&#8221; class=&#8221;&#8221; id=&#8221;&#8221; animation_type=&#8221;&#8221; animation_speed=&#8221;0.3&#8243; animation_direction=&#8221;left&#8221; hide_on_mobile=&#8221;small-visibility,medium-visibility,large-visibility&#8221; center_content=&#8221;no&#8221; last=&#8221;no&#8221; min_height=&#8221;&#8221; hover_type=&#8221;none&#8221; link=&#8221;&#8221;][fusion_text] REDACCI\u00d3N El Festival cultural obscuro por excelencia, celebrar\u00e1 este a\u00f1o bajo el concepto de \u201cRe- Evoluci\u00f3n\u201d, su 13er edici\u00f3n en diversas sedes de la Ciudad de M\u00e9xico;\u00a0realizando cerca de 20 eventos y 100 elencos de actividades culturales, recreativas y acad\u00e9micas, [&hellip;]<\/p>\n","protected":false},"author":1,"featured_media":41436,"comment_status":"open","ping_status":"open","sticky":false,"template":"","format":"standard","meta":{"footnotes":""},"categories":[5,9],"tags":[],"_links":{"self":[{"href":"https:\/\/www.bitacoracdmx.com\/index.php?rest_route=\/wp\/v2\/posts\/41435"}],"collection":[{"href":"https:\/\/www.bitacoracdmx.com\/index.php?rest_route=\/wp\/v2\/posts"}],"about":[{"href":"https:\/\/www.bitacoracdmx.com\/index.php?rest_route=\/wp\/v2\/types\/post"}],"author":[{"embeddable":true,"href":"https:\/\/www.bitacoracdmx.com\/index.php?rest_route=\/wp\/v2\/users\/1"}],"replies":[{"embeddable":true,"href":"https:\/\/www.bitacoracdmx.com\/index.php?rest_route=%2Fwp%2Fv2%2Fcomments&post=41435"}],"version-history":[{"count":1,"href":"https:\/\/www.bitacoracdmx.com\/index.php?rest_route=\/wp\/v2\/posts\/41435\/revisions"}],"predecessor-version":[{"id":41437,"href":"https:\/\/www.bitacoracdmx.com\/index.php?rest_route=\/wp\/v2\/posts\/41435\/revisions\/41437"}],"wp:featuredmedia":[{"embeddable":true,"href":"https:\/\/www.bitacoracdmx.com\/index.php?rest_route=\/wp\/v2\/media\/41436"}],"wp:attachment":[{"href":"https:\/\/www.bitacoracdmx.com\/index.php?rest_route=%2Fwp%2Fv2%2Fmedia&parent=41435"}],"wp:term":[{"taxonomy":"category","embeddable":true,"href":"https:\/\/www.bitacoracdmx.com\/index.php?rest_route=%2Fwp%2Fv2%2Fcategories&post=41435"},{"taxonomy":"post_tag","embeddable":true,"href":"https:\/\/www.bitacoracdmx.com\/index.php?rest_route=%2Fwp%2Fv2%2Ftags&post=41435"}],"curies":[{"name":"wp","href":"https:\/\/api.w.org\/{rel}","templated":true}]}}