{"id":41438,"date":"2021-09-11T22:25:19","date_gmt":"2021-09-11T22:25:19","guid":{"rendered":"https:\/\/www.bitacoracdmx.com\/?p=41438"},"modified":"2021-09-11T22:25:19","modified_gmt":"2021-09-11T22:25:19","slug":"ausencia-machismo-y-transformacion-en-el-amo-de-la-casa","status":"publish","type":"post","link":"https:\/\/www.bitacoracdmx.com\/?p=41438","title":{"rendered":"Ausencia, machismo y transformaci\u00f3n en El amo de la casa."},"content":{"rendered":"<p>[fusion_builder_container hundred_percent=&#8221;no&#8221; equal_height_columns=&#8221;no&#8221; menu_anchor=&#8221;&#8221; hide_on_mobile=&#8221;small-visibility,medium-visibility,large-visibility&#8221; class=&#8221;&#8221; id=&#8221;&#8221; background_color=&#8221;&#8221; background_image=&#8221;&#8221; background_position=&#8221;center center&#8221; background_repeat=&#8221;no-repeat&#8221; fade=&#8221;no&#8221; background_parallax=&#8221;none&#8221; parallax_speed=&#8221;0.3&#8243; video_mp4=&#8221;&#8221; video_webm=&#8221;&#8221; video_ogv=&#8221;&#8221; video_url=&#8221;&#8221; video_aspect_ratio=&#8221;16:9&#8243; video_loop=&#8221;yes&#8221; video_mute=&#8221;yes&#8221; overlay_color=&#8221;&#8221; video_preview_image=&#8221;&#8221; border_size=&#8221;&#8221; border_color=&#8221;&#8221; border_style=&#8221;solid&#8221; padding_top=&#8221;&#8221; padding_bottom=&#8221;&#8221; padding_left=&#8221;&#8221; padding_right=&#8221;&#8221;][fusion_builder_row][fusion_builder_column type=&#8221;1_1&#8243; layout=&#8221;1_1&#8243; background_position=&#8221;left top&#8221; background_color=&#8221;&#8221; border_size=&#8221;&#8221; border_color=&#8221;&#8221; border_style=&#8221;solid&#8221; border_position=&#8221;all&#8221; spacing=&#8221;yes&#8221; background_image=&#8221;&#8221; background_repeat=&#8221;no-repeat&#8221; padding_top=&#8221;&#8221; padding_right=&#8221;&#8221; padding_bottom=&#8221;&#8221; padding_left=&#8221;&#8221; margin_top=&#8221;0px&#8221; margin_bottom=&#8221;0px&#8221; class=&#8221;&#8221; id=&#8221;&#8221; animation_type=&#8221;&#8221; animation_speed=&#8221;0.3&#8243; animation_direction=&#8221;left&#8221; hide_on_mobile=&#8221;small-visibility,medium-visibility,large-visibility&#8221; center_content=&#8221;no&#8221; last=&#8221;no&#8221; min_height=&#8221;&#8221; hover_type=&#8221;none&#8221; link=&#8221;&#8221;][fusion_text]<\/p>\n<p>REDACCI\u00d3N<\/p>\n<div class=\"x_gmail_default\">\n<p class=\"x_MsoNormal\"><span lang=\"es\">Una historia que en la actualidad forma parte de la vida cotidiana de esta sociedad, donde el cuidado y la educaci\u00f3n de los hijos queda a cargo de una sola persona, como lo es, en la puesta en escena\u00a0<b>El amo de la casa.<\/b><\/span><\/p>\n<p class=\"x_MsoNormal\"><span lang=\"es\">A causa de la s\u00fabita partida de su abnegada y hacendosa esposa, un hombre educado en el machismo se ve obligado a aceptar la responsabilidad del manejo de la casa y educar a sus dos peque\u00f1os hijos. Tarea complicada cuando son pr\u00e1cticamente unos desconocidos.<\/span><\/p>\n<p class=\"x_MsoNormal\"><span lang=\"es\">Despu\u00e9s de obras como \u201cDedos de seda\u201d, \u201cOreg\u00f3n\u201d y \u201cBailamos\u201d Luis Miguel Osorio, dramaturgo y director crea el mon\u00f3logo\u00a0<b>El amo\u00a0 de la casa<\/b>, donde explora la relaci\u00f3n familiar entre el padre y los hijos, la ausencia, el desenvolvimiento personal y los cambios naturales del tiempo hasta transformaciones totales de conducta (machismo) motivados por el ambiente familiar donde se construye con amor, practicamente a partir de cero sin pasar por alto, las visicisitudes de la vida que bien pueden afianzar o destruir una relacion afectiva, dependiendo de c\u00f3mo se afronte.<\/span><\/p>\n<p class=\"x_MsoNormal\"><span lang=\"es\">La propuesta esc\u00e9nica del director, es con base en la corporalidad, en la capacidad t\u00e9cnica y actoral, el cual permite viajar de un monto a otro en distintos espacios de tiempo, con una personalidad propia y bajo un estricto an\u00e1lisis de los personajes.<\/span><\/p>\n<p class=\"x_MsoNormal\"><span lang=\"es\">\u00a0<\/span><span lang=\"es\">El director comenta sobre como El amo de la casa, \u201cmuestra como a traves del amor y de la cooperaci\u00f3n, incluso del sacrificio se pueden transformar estereotipos culturales, por m\u00e1s arraigados que estos se encuentren.<\/span><\/p>\n<p class=\"x_MsoNormal\"><span lang=\"es\">\u00a0Pepe es un personaje atemporal con el que indudablemente en algun momento de la obra, identificaremos a nuestro padre, abuelo o a nosotros mismos y a la vez, al igual que \u00e9l, superar comportamientos negativos.<\/span><\/p>\n<p class=\"x_MsoNormal\"><span lang=\"es\">\u00a0Es importante contar est\u00e1 historia porque nos habla del machismo desde la voz de un machista, el cual no se juzga, ni se justifica, sino que busca superar esta situaci\u00f3n solo para buscar el bien de sus dos hijos y del suyo propio\u201d.<\/span><\/p>\n<p class=\"x_MsoNormal\"><span lang=\"es\">Pepe, el personaje de esa comedia, est\u00e1 interpretado por Mauricio Estrada y Vicente Ferrer, quienes alternan funciones<\/span><\/p>\n<p class=\"x_MsoNormal\"><span lang=\"es\">Vicente Ferrer es actor, cantante, dramaturgo, director y productor. Egresado de El C\u00edrculo Teatral. Ha tomado clases con maestros de la talla de Lil\u00ed de Miguelez, Roberto Ayala, V\u00edctor Carpinteiro, Roc\u00edo Belmont, Gema Aparicio, Estela Le\u00f1ero, Boris Schoemann, Tom\u00e1s Rojas, Iv\u00e1n \u00c1lvarez, Lucero Trejo y Mayra S\u00e9rbulo, entre otros.\u00a0\u00a0 Como actor, ha participado en puestas en escena como \u201cEl cartero del rey\u201d (Lectura Dramatizada), \u201cBel\u00e9n Border Line\u201d, \u201cLos gatos\u201d, \u201cPu\u00f1o Americano 4\u201d, \u201cA las nueve\u201d, \u201cVeneno para el General Morelos\u201d, \u201cPasaje al viento\u201d (Lectura Dramatizada), \u201cLa vida sentimental de Teddy Rosales\u201d (Lectura Dramatizada), \u201cLas ranas y su monstruo\u201d (Lectura Dramatizada), \u201cPuntos sin \u00edes\u201d, \u201cReloj Biol\u00f3gico\u201d, \u201cJob\u201d, \u201cCas(h)ados\u201d y \u201cHotel Ju\u00e1rez\u201d.<\/span><\/p>\n<p class=\"x_MsoNormal\"><span lang=\"es\">\u00a0<\/span><span lang=\"es\">Mauricio Estrada Aguilar es Licenciado en Literatura Dram\u00e1tica y Teatro por la UNAM, con estudios de investigaci\u00f3n en la Jana\u010dek Academy of Music and Performing Arts, en Brno, Rep\u00fablica Checa. Se ha especializado en el \u00e1rea de direcci\u00f3n, sin embargo, la mayor parte de sus espect\u00e1culos han sido textos originales o adaptaciones de \u00e9l mismo a otros autores. Ha sido ganador de premios y reconocimientos tanto en M\u00e9xico como en el extranjero. Ha trabajado como docente de teatro, arte y literatura desde nivel secundaria hasta licenciatura en M\u00e9xico y la Rep\u00fablica Checa. Se ha desempe\u00f1ado como actor, dise\u00f1ador de iluminaci\u00f3n, director y dramaturgo. Ha presentado sus trabajos en distintas ciudades de la Rep\u00fablica Mexicana, Argentina, Rep\u00fablica Checa y Austria.<\/span><\/p>\n<p class=\"x_MsoNormal\"><span lang=\"es\">Luis Miguel Osorio, escritor, poeta y dramaturgo y gerente general de &#8220;D\u00edaz de teatro producciones&#8221; y &#8220;Komorebi films&#8221;. Ha sido alumno del poeta duranguense Juli\u00e1n Castruita y de los dramaturgos: Estela Le\u00f1ero y Sergi Belbel. Autor de m\u00e1s de 35 montajes de teatro breve que se han montado en M\u00e9xico, Colombia, Espa\u00f1a y Miami, Estados Unidos. Sus obras han sido dirigidas por talentos como: Carlos Bolado, Javier Malpica y Claudia Cervantes, as\u00ed mismo actores como: Luis Fernando Pe\u00f1a, Ximena Ayala, Alejandra Ley y Claudia Lizaldi han interpretado sus personajes.<\/span><\/p>\n<p class=\"x_MsoNormal\"><span lang=\"es\">\u00a0<\/span><b><span lang=\"es\">El amo de la casa<\/span><\/b><span lang=\"es\">\u00a0debutar\u00e1 el 11 de septiembre, con una temporada hasta el 16 de octubre en el Foro Bellescene (Zampoala 90, Narvarte Oriente), con funciones los s\u00e1bados a las 19:30 horas. Costo: $250. Los boletos se pueden adquirir en\u00a0<a href=\"http:\/\/boletopolis.com\/\" target=\"_blank\" rel=\"noopener noreferrer\" data-auth=\"NotApplicable\" data-linkindex=\"1\">boletopolis.com<\/a>\u00a0y en la taquilla del recinto.<\/span><\/p>\n<\/div>\n<div class=\"x_gmail_default\"><\/div>\n<p>[\/fusion_text][fusion_imageframe image_id=&#8221;41439|medium&#8221; max_width=&#8221;&#8221; style_type=&#8221;&#8221; blur=&#8221;&#8221; stylecolor=&#8221;&#8221; hover_type=&#8221;none&#8221; bordersize=&#8221;&#8221; bordercolor=&#8221;&#8221; borderradius=&#8221;&#8221; align=&#8221;none&#8221; lightbox=&#8221;no&#8221; gallery_id=&#8221;&#8221; lightbox_image=&#8221;&#8221; lightbox_image_id=&#8221;&#8221; alt=&#8221;&#8221; link=&#8221;&#8221; linktarget=&#8221;_self&#8221; hide_on_mobile=&#8221;small-visibility,medium-visibility,large-visibility&#8221; class=&#8221;&#8221; id=&#8221;&#8221; animation_type=&#8221;&#8221; animation_direction=&#8221;left&#8221; animation_speed=&#8221;0.3&#8243; animation_offset=&#8221;&#8221;]https:\/\/www.bitacoracdmx.com\/wp-content\/uploads\/2021\/09\/Cartel_ElAmo_Bellescene_72dpi-208&#215;300.jpg[\/fusion_imageframe][\/fusion_builder_column][\/fusion_builder_row][\/fusion_builder_container]<\/p>\n","protected":false},"excerpt":{"rendered":"<p>[fusion_builder_container hundred_percent=&#8221;no&#8221; equal_height_columns=&#8221;no&#8221; menu_anchor=&#8221;&#8221; hide_on_mobile=&#8221;small-visibility,medium-visibility,large-visibility&#8221; class=&#8221;&#8221; id=&#8221;&#8221; background_color=&#8221;&#8221; background_image=&#8221;&#8221; background_position=&#8221;center center&#8221; background_repeat=&#8221;no-repeat&#8221; fade=&#8221;no&#8221; background_parallax=&#8221;none&#8221; parallax_speed=&#8221;0.3&#8243; video_mp4=&#8221;&#8221; video_webm=&#8221;&#8221; video_ogv=&#8221;&#8221; video_url=&#8221;&#8221; video_aspect_ratio=&#8221;16:9&#8243; video_loop=&#8221;yes&#8221; video_mute=&#8221;yes&#8221; overlay_color=&#8221;&#8221; video_preview_image=&#8221;&#8221; border_size=&#8221;&#8221; border_color=&#8221;&#8221; border_style=&#8221;solid&#8221; padding_top=&#8221;&#8221; padding_bottom=&#8221;&#8221; padding_left=&#8221;&#8221; padding_right=&#8221;&#8221;][fusion_builder_row][fusion_builder_column type=&#8221;1_1&#8243; layout=&#8221;1_1&#8243; background_position=&#8221;left top&#8221; background_color=&#8221;&#8221; border_size=&#8221;&#8221; border_color=&#8221;&#8221; border_style=&#8221;solid&#8221; border_position=&#8221;all&#8221; spacing=&#8221;yes&#8221; background_image=&#8221;&#8221; background_repeat=&#8221;no-repeat&#8221; padding_top=&#8221;&#8221; padding_right=&#8221;&#8221; padding_bottom=&#8221;&#8221; padding_left=&#8221;&#8221; margin_top=&#8221;0px&#8221; margin_bottom=&#8221;0px&#8221; class=&#8221;&#8221; id=&#8221;&#8221; animation_type=&#8221;&#8221; animation_speed=&#8221;0.3&#8243; animation_direction=&#8221;left&#8221; hide_on_mobile=&#8221;small-visibility,medium-visibility,large-visibility&#8221; center_content=&#8221;no&#8221; last=&#8221;no&#8221; min_height=&#8221;&#8221; hover_type=&#8221;none&#8221; link=&#8221;&#8221;][fusion_text] REDACCI\u00d3N Una historia que en la actualidad forma parte de la vida cotidiana de esta sociedad, donde el cuidado y la educaci\u00f3n de los hijos queda a cargo de una sola persona, como lo es, en la puesta en escena\u00a0El [&hellip;]<\/p>\n","protected":false},"author":1,"featured_media":41439,"comment_status":"open","ping_status":"open","sticky":false,"template":"","format":"standard","meta":{"footnotes":""},"categories":[9,14],"tags":[],"_links":{"self":[{"href":"https:\/\/www.bitacoracdmx.com\/index.php?rest_route=\/wp\/v2\/posts\/41438"}],"collection":[{"href":"https:\/\/www.bitacoracdmx.com\/index.php?rest_route=\/wp\/v2\/posts"}],"about":[{"href":"https:\/\/www.bitacoracdmx.com\/index.php?rest_route=\/wp\/v2\/types\/post"}],"author":[{"embeddable":true,"href":"https:\/\/www.bitacoracdmx.com\/index.php?rest_route=\/wp\/v2\/users\/1"}],"replies":[{"embeddable":true,"href":"https:\/\/www.bitacoracdmx.com\/index.php?rest_route=%2Fwp%2Fv2%2Fcomments&post=41438"}],"version-history":[{"count":1,"href":"https:\/\/www.bitacoracdmx.com\/index.php?rest_route=\/wp\/v2\/posts\/41438\/revisions"}],"predecessor-version":[{"id":41440,"href":"https:\/\/www.bitacoracdmx.com\/index.php?rest_route=\/wp\/v2\/posts\/41438\/revisions\/41440"}],"wp:featuredmedia":[{"embeddable":true,"href":"https:\/\/www.bitacoracdmx.com\/index.php?rest_route=\/wp\/v2\/media\/41439"}],"wp:attachment":[{"href":"https:\/\/www.bitacoracdmx.com\/index.php?rest_route=%2Fwp%2Fv2%2Fmedia&parent=41438"}],"wp:term":[{"taxonomy":"category","embeddable":true,"href":"https:\/\/www.bitacoracdmx.com\/index.php?rest_route=%2Fwp%2Fv2%2Fcategories&post=41438"},{"taxonomy":"post_tag","embeddable":true,"href":"https:\/\/www.bitacoracdmx.com\/index.php?rest_route=%2Fwp%2Fv2%2Ftags&post=41438"}],"curies":[{"name":"wp","href":"https:\/\/api.w.org\/{rel}","templated":true}]}}