{"id":41441,"date":"2021-09-11T23:31:23","date_gmt":"2021-09-11T23:31:23","guid":{"rendered":"https:\/\/www.bitacoracdmx.com\/?p=41441"},"modified":"2021-09-11T23:31:23","modified_gmt":"2021-09-11T23:31:23","slug":"reestrenan-el-predilecto-en-la-cdmx-el-predilecto-de-alan-blasco-bajo-la-direccion-de-enrique-aguilar","status":"publish","type":"post","link":"https:\/\/www.bitacoracdmx.com\/?p=41441","title":{"rendered":"Reestrenan \u201cEL PREDILECTO\u201d en la CDMX  \u201cEL PREDILECTO\u201d de Alan Blasco bajo la direcci\u00f3n de ENRIQUE AGUILAR."},"content":{"rendered":"<p>[fusion_builder_container hundred_percent=&#8221;no&#8221; equal_height_columns=&#8221;no&#8221; menu_anchor=&#8221;&#8221; hide_on_mobile=&#8221;small-visibility,medium-visibility,large-visibility&#8221; class=&#8221;&#8221; id=&#8221;&#8221; background_color=&#8221;&#8221; background_image=&#8221;&#8221; background_position=&#8221;center center&#8221; background_repeat=&#8221;no-repeat&#8221; fade=&#8221;no&#8221; background_parallax=&#8221;none&#8221; parallax_speed=&#8221;0.3&#8243; video_mp4=&#8221;&#8221; video_webm=&#8221;&#8221; video_ogv=&#8221;&#8221; video_url=&#8221;&#8221; video_aspect_ratio=&#8221;16:9&#8243; video_loop=&#8221;yes&#8221; video_mute=&#8221;yes&#8221; overlay_color=&#8221;&#8221; video_preview_image=&#8221;&#8221; border_size=&#8221;&#8221; border_color=&#8221;&#8221; border_style=&#8221;solid&#8221; padding_top=&#8221;&#8221; padding_bottom=&#8221;&#8221; padding_left=&#8221;&#8221; padding_right=&#8221;&#8221;][fusion_builder_row][fusion_builder_column type=&#8221;1_1&#8243; layout=&#8221;1_1&#8243; background_position=&#8221;left top&#8221; background_color=&#8221;&#8221; border_size=&#8221;&#8221; border_color=&#8221;&#8221; border_style=&#8221;solid&#8221; border_position=&#8221;all&#8221; spacing=&#8221;yes&#8221; background_image=&#8221;&#8221; background_repeat=&#8221;no-repeat&#8221; padding_top=&#8221;&#8221; padding_right=&#8221;&#8221; padding_bottom=&#8221;&#8221; padding_left=&#8221;&#8221; margin_top=&#8221;0px&#8221; margin_bottom=&#8221;0px&#8221; class=&#8221;&#8221; id=&#8221;&#8221; animation_type=&#8221;&#8221; animation_speed=&#8221;0.3&#8243; animation_direction=&#8221;left&#8221; hide_on_mobile=&#8221;small-visibility,medium-visibility,large-visibility&#8221; center_content=&#8221;no&#8221; last=&#8221;no&#8221; min_height=&#8221;&#8221; hover_type=&#8221;none&#8221; link=&#8221;&#8221;][fusion_text]<\/p>\n<p>REDACCI\u00d3N<\/p>\n<p class=\"x_MsoNormal\">\u201cEL PREDILECTO\u201d es un melodrama narrado a manera de farsa. Una obra que habla sobre pol\u00edtica, sexo y el escabroso juego de poder dentro un sistema aplastador. La obra se desarrolla en un mundo atemporal donde la s\u00e1tira y la absurdez de los personajes juegan en la escena para burlarse de las situaciones ocurridas dentro de un palacio. La obra nos cuenta la historia de un rey demente y debilitado\u00a0<i>(JAVIER IBARRECHE)<\/i>\u00a0que ocupa la corona durante una interminable guerra por petr\u00f3leo, mientras, dos lacayos\u00a0<i>(ALAN BLASCO y MURIAS REYNOSO)<\/i>\u00a0acuden al palacio para pelear la vacante del \u201cconsejero real\u201d.\u00a0 Uno, busca el cargo para poder alimentar a su hambrienta familia, y el otro, para poder recuperar un estatus perdido por la crisis financiera.\u00a0 El rey con m\u00faltiples cambios de \u00e1nimo debe tomar una sencilla decisi\u00f3n: \u00bfqui\u00e9n de los dos se quedar\u00e1 con el puesto? Es entonces cuando cada rival saca su misil m\u00e1s grande para apuntarse directo a la cara, colg\u00e1ndose de diversas estrategias como la seducci\u00f3n, el enga\u00f1o y la traici\u00f3n para lograr sus anhelados objetivos, llevando hasta la \u00faltima consecuencia su ambici\u00f3n y su apetencia de merecer. Una farsa de tres hombres en busca de migajas de amor, poder y venganza. Donde uno es capaz de comer tierra con tal de salir de la mugre.<\/p>\n<p class=\"x_MsoNormal\">\u201cEL PREDILECTO\u201d es una obra escrita por el veracruzano ALAN BLASCO, donde impregna humor ante situaciones tan violentas como lo es el abuso de poder. La direcci\u00f3n est\u00e1 a cargo de ENRIQUE AGUILAR y es protagonizada por JAVIER IBARRECHE, MURIAS REYNOSO y el tambi\u00e9n productor ALAN BLASCO. Juntos buscan divertir, transgredir y mostrar una cloaca destapada de nuestras clases sociales.\u00a0<i>\u201c\u2026una obra donde los personajes pueden ser conmovedores y en un segundo ser completamente rid\u00edculos y nefastos\u2026\u201d\u00a0<\/i>comenta el autor, BLASCO.\u00a0<i>\u201c\u2026el poder: es el beso m\u00e1s letal\u2026 te eleva con furor y te aniquila con arrebato\u2026\u201d\u00a0<\/i>comenta por otro lado el director de la puesta ENRIQUE AGUILAR.\u00a0\u00a0<i>\u201ctomo referentes de la cultura pop, de la telenovela mexicana e incluso tomo como punto de partida la pel\u00edcula brit\u00e1nica \u201cThe Favourite\u201d por eso la llam\u00e9 \u201cEl Predilecto\u201d<\/i>, mencion\u00f3 ALAN BLASCO.<\/p>\n<p class=\"x_MsoNormal\">\u201cEL PREDILECTO\u201d reabre tel\u00f3n en el teatro \u201cLA CAPILLA\u201d de la Ciudad de M\u00e9xico (Calle, Madrid, 13. Del Carmen, Coyoac\u00e1n) en una corta temporada todos los domingos del 12 de septiembre al 17 de octubre a las 18:00 horas, siendo tambi\u00e9n parte del CIRCUITO NACIONAL DE ARTES ESC\u00c8NICAS EN ESPACIOS INDEPENDIENTES. Contando con aforo limitado y tambi\u00e9n transmisiones en vivo con un costo general de $250.\u00a0 Para m\u00e1s informaci\u00f3n y compra de boletos visita la p\u00e1gina\u00a0<a href=\"http:\/\/www.teatrolacapilla.com\/\" target=\"_blank\" rel=\"noopener noreferrer\" data-auth=\"NotApplicable\" data-linkindex=\"0\">www.teatrolacapilla.com<\/a><\/p>\n<p>[\/fusion_text][fusion_imageframe image_id=&#8221;41274|medium&#8221; max_width=&#8221;&#8221; style_type=&#8221;&#8221; blur=&#8221;&#8221; stylecolor=&#8221;&#8221; hover_type=&#8221;none&#8221; bordersize=&#8221;&#8221; bordercolor=&#8221;&#8221; borderradius=&#8221;&#8221; align=&#8221;none&#8221; lightbox=&#8221;no&#8221; gallery_id=&#8221;&#8221; lightbox_image=&#8221;&#8221; lightbox_image_id=&#8221;&#8221; alt=&#8221;&#8221; link=&#8221;&#8221; linktarget=&#8221;_self&#8221; hide_on_mobile=&#8221;small-visibility,medium-visibility,large-visibility&#8221; class=&#8221;&#8221; id=&#8221;&#8221; animation_type=&#8221;&#8221; animation_direction=&#8221;left&#8221; animation_speed=&#8221;0.3&#8243; animation_offset=&#8221;&#8221;]https:\/\/www.bitacoracdmx.com\/wp-content\/uploads\/2021\/08\/descargar-72-300&#215;300.png[\/fusion_imageframe][\/fusion_builder_column][\/fusion_builder_row][\/fusion_builder_container]<\/p>\n","protected":false},"excerpt":{"rendered":"<p>[fusion_builder_container hundred_percent=&#8221;no&#8221; equal_height_columns=&#8221;no&#8221; menu_anchor=&#8221;&#8221; hide_on_mobile=&#8221;small-visibility,medium-visibility,large-visibility&#8221; class=&#8221;&#8221; id=&#8221;&#8221; background_color=&#8221;&#8221; background_image=&#8221;&#8221; background_position=&#8221;center center&#8221; background_repeat=&#8221;no-repeat&#8221; fade=&#8221;no&#8221; background_parallax=&#8221;none&#8221; parallax_speed=&#8221;0.3&#8243; video_mp4=&#8221;&#8221; video_webm=&#8221;&#8221; video_ogv=&#8221;&#8221; video_url=&#8221;&#8221; video_aspect_ratio=&#8221;16:9&#8243; video_loop=&#8221;yes&#8221; video_mute=&#8221;yes&#8221; overlay_color=&#8221;&#8221; video_preview_image=&#8221;&#8221; border_size=&#8221;&#8221; border_color=&#8221;&#8221; border_style=&#8221;solid&#8221; padding_top=&#8221;&#8221; padding_bottom=&#8221;&#8221; padding_left=&#8221;&#8221; padding_right=&#8221;&#8221;][fusion_builder_row][fusion_builder_column type=&#8221;1_1&#8243; layout=&#8221;1_1&#8243; background_position=&#8221;left top&#8221; background_color=&#8221;&#8221; border_size=&#8221;&#8221; border_color=&#8221;&#8221; border_style=&#8221;solid&#8221; border_position=&#8221;all&#8221; spacing=&#8221;yes&#8221; background_image=&#8221;&#8221; background_repeat=&#8221;no-repeat&#8221; padding_top=&#8221;&#8221; padding_right=&#8221;&#8221; padding_bottom=&#8221;&#8221; padding_left=&#8221;&#8221; margin_top=&#8221;0px&#8221; margin_bottom=&#8221;0px&#8221; class=&#8221;&#8221; id=&#8221;&#8221; animation_type=&#8221;&#8221; animation_speed=&#8221;0.3&#8243; animation_direction=&#8221;left&#8221; hide_on_mobile=&#8221;small-visibility,medium-visibility,large-visibility&#8221; center_content=&#8221;no&#8221; last=&#8221;no&#8221; min_height=&#8221;&#8221; hover_type=&#8221;none&#8221; link=&#8221;&#8221;][fusion_text] REDACCI\u00d3N \u201cEL PREDILECTO\u201d es un melodrama narrado a manera de farsa. Una obra que habla sobre pol\u00edtica, sexo y el escabroso juego de poder dentro un sistema aplastador. La obra se desarrolla en un mundo atemporal donde la s\u00e1tira y [&hellip;]<\/p>\n","protected":false},"author":1,"featured_media":41274,"comment_status":"open","ping_status":"open","sticky":false,"template":"","format":"standard","meta":{"footnotes":""},"categories":[9,14],"tags":[],"_links":{"self":[{"href":"https:\/\/www.bitacoracdmx.com\/index.php?rest_route=\/wp\/v2\/posts\/41441"}],"collection":[{"href":"https:\/\/www.bitacoracdmx.com\/index.php?rest_route=\/wp\/v2\/posts"}],"about":[{"href":"https:\/\/www.bitacoracdmx.com\/index.php?rest_route=\/wp\/v2\/types\/post"}],"author":[{"embeddable":true,"href":"https:\/\/www.bitacoracdmx.com\/index.php?rest_route=\/wp\/v2\/users\/1"}],"replies":[{"embeddable":true,"href":"https:\/\/www.bitacoracdmx.com\/index.php?rest_route=%2Fwp%2Fv2%2Fcomments&post=41441"}],"version-history":[{"count":1,"href":"https:\/\/www.bitacoracdmx.com\/index.php?rest_route=\/wp\/v2\/posts\/41441\/revisions"}],"predecessor-version":[{"id":41442,"href":"https:\/\/www.bitacoracdmx.com\/index.php?rest_route=\/wp\/v2\/posts\/41441\/revisions\/41442"}],"wp:featuredmedia":[{"embeddable":true,"href":"https:\/\/www.bitacoracdmx.com\/index.php?rest_route=\/wp\/v2\/media\/41274"}],"wp:attachment":[{"href":"https:\/\/www.bitacoracdmx.com\/index.php?rest_route=%2Fwp%2Fv2%2Fmedia&parent=41441"}],"wp:term":[{"taxonomy":"category","embeddable":true,"href":"https:\/\/www.bitacoracdmx.com\/index.php?rest_route=%2Fwp%2Fv2%2Fcategories&post=41441"},{"taxonomy":"post_tag","embeddable":true,"href":"https:\/\/www.bitacoracdmx.com\/index.php?rest_route=%2Fwp%2Fv2%2Ftags&post=41441"}],"curies":[{"name":"wp","href":"https:\/\/api.w.org\/{rel}","templated":true}]}}