{"id":41443,"date":"2021-09-11T23:39:15","date_gmt":"2021-09-11T23:39:15","guid":{"rendered":"https:\/\/www.bitacoracdmx.com\/?p=41443"},"modified":"2021-09-11T23:39:15","modified_gmt":"2021-09-11T23:39:15","slug":"regresara-el-coro-acardenchado-al-teatro-de-la-ciudad-esperanza-iris","status":"publish","type":"post","link":"https:\/\/www.bitacoracdmx.com\/?p=41443","title":{"rendered":"Regresar\u00e1 el CORO ACARDENCHADO al Teatro de la Ciudad ESPERANZA IRIS."},"content":{"rendered":"<p>[fusion_builder_container hundred_percent=&#8221;no&#8221; equal_height_columns=&#8221;no&#8221; menu_anchor=&#8221;&#8221; hide_on_mobile=&#8221;small-visibility,medium-visibility,large-visibility&#8221; class=&#8221;&#8221; id=&#8221;&#8221; background_color=&#8221;&#8221; background_image=&#8221;&#8221; background_position=&#8221;center center&#8221; background_repeat=&#8221;no-repeat&#8221; fade=&#8221;no&#8221; background_parallax=&#8221;none&#8221; parallax_speed=&#8221;0.3&#8243; video_mp4=&#8221;&#8221; video_webm=&#8221;&#8221; video_ogv=&#8221;&#8221; video_url=&#8221;&#8221; video_aspect_ratio=&#8221;16:9&#8243; video_loop=&#8221;yes&#8221; video_mute=&#8221;yes&#8221; overlay_color=&#8221;&#8221; video_preview_image=&#8221;&#8221; border_size=&#8221;&#8221; border_color=&#8221;&#8221; border_style=&#8221;solid&#8221; padding_top=&#8221;&#8221; padding_bottom=&#8221;&#8221; padding_left=&#8221;&#8221; padding_right=&#8221;&#8221;][fusion_builder_row][fusion_builder_column type=&#8221;1_1&#8243; layout=&#8221;1_1&#8243; background_position=&#8221;left top&#8221; background_color=&#8221;&#8221; border_size=&#8221;&#8221; border_color=&#8221;&#8221; border_style=&#8221;solid&#8221; border_position=&#8221;all&#8221; spacing=&#8221;yes&#8221; background_image=&#8221;&#8221; background_repeat=&#8221;no-repeat&#8221; padding_top=&#8221;&#8221; padding_right=&#8221;&#8221; padding_bottom=&#8221;&#8221; padding_left=&#8221;&#8221; margin_top=&#8221;0px&#8221; margin_bottom=&#8221;0px&#8221; class=&#8221;&#8221; id=&#8221;&#8221; animation_type=&#8221;&#8221; animation_speed=&#8221;0.3&#8243; animation_direction=&#8221;left&#8221; hide_on_mobile=&#8221;small-visibility,medium-visibility,large-visibility&#8221; center_content=&#8221;no&#8221; last=&#8221;no&#8221; min_height=&#8221;&#8221; hover_type=&#8221;none&#8221; link=&#8221;&#8221;][fusion_text]<\/p>\n<p>REDACCI\u00d3N<\/p>\n<ul type=\"disc\">\n<li class=\"x_MsoNormal\"><b><span lang=\"ES-MX\">Inspirado en los ciclos de la naturaleza, el ensamble recuerda la fragilidad, el contraste y la fuerza de \u00e9stos en nuestra vida<\/span><\/b><\/li>\n<li class=\"x_MsoNormal\"><b><span lang=\"ES-MX\">Despu\u00e9s de sus exitosas presentaciones en abril, vuelve al recinto de Donceles<\/span><\/b><\/li>\n<\/ul>\n<p class=\"x_MsoNormal\">Bajo la\u00a0<span lang=\"ES-MX\">direcci\u00f3n de Juan Pablo Villa, Leija Moch\u00e1n y Mar\u00eda Emilia Mart\u00ednez,\u00a0<\/span>el Coro Acardenchado, fundado en 2016, realiza una celebraci\u00f3n al canto popular mexicano en el concierto\u00a0<b><i>Coro Acardenchado presenta: El cardo en flor<\/i><\/b>, que se llevar\u00e1 a cabo el pr\u00f3ximo s\u00e1bado 11 de septiembre a las 19:00 horas y el domingo 12 de septiembre a las 18:00 horas en el\u00a0<b>Teatro de la Ciudad Esperanza Iris<\/b>.<\/p>\n<p class=\"x_MsoNormal\">Despu\u00e9s de sus exitosas presentaciones en abril, con el programa\u00a0<i>El cardo en flor<\/i>, el ensamble llevar\u00e1 la profundidad y la fuerza del canto cardenche, g\u00e9nero que resalta las emociones, el dramatismo y la melancol\u00eda que emergen \u00fanicamente de la voz sin acompa\u00f1amiento instrumental para llevarlo al coraz\u00f3n de la Ciudad de M\u00e9xico.<\/p>\n<p class=\"x_MsoNormal\">Esta propuesta se nutre con la reinterpretaci\u00f3n de algunas canciones tradicionales con arreglos contempor\u00e1neos, que permiten el uso de la improvisaci\u00f3n libre, el paisaje sonoro y la percusi\u00f3n corporal y tambi\u00e9n incluye varias piezas musicales extra\u00eddas de su m\u00e1s reciente producci\u00f3n discogr\u00e1fica titulada\u00a0<i>Aquellos Otros<\/i>, en las que se encuentran canciones como\u00a0<i>Ya se van las golondrinas<\/i>,\u00a0<i>Yo ya me voy amigos m\u00edos<\/i>,\u00a0<i>P\u00e1sele, p\u00e1sele,<\/i>\u00a0<i>Una ma\u00f1ana muy transparente<\/i>\u00a0y Ojitos<i>\u00a0negros<\/i>.<\/p>\n<p class=\"x_MsoNormal\">El Coro Acardenchado, agrupaci\u00f3n vocal fundada en 2016 bajo, est\u00e1 conformado por\u00a0Gustavo Rangel, JC Taylor, C\u00e9sar Mart\u00ednez, Daniela Moyado, Mar\u00eda Emilia Mart\u00ednez, Andrea Villela, Citlali Fuentes, Mar\u00ed del Rosario Beltr\u00e1n, Emilio Bozzano, Lucia Escobar, Benjam\u00edn Torres, Ana Cecilia Mariscal, Jacobo Hern\u00e1ndez, Mauricio Jim\u00e9nez Quinto, Zabdi Blanco, Ana Emilia Skala, Gabriela \u00c1lvarez, Natalia Carballo, Ricardo Estrada, Carmen Gonz\u00e1lez y Nay Stanfield.<\/p>\n<p class=\"x_MsoNormal\">En cada presentaci\u00f3n, el conjunto realiza un recorrido que lleva de un contexto urbano e industrial hasta la quietud de los espacios naturales; retoma y difunde, mediante un canto comunitario, la canci\u00f3n cardenche, g\u00e9nero que se canta a capela y toma su nombre de\u00a0una cact\u00e1cea con espinas que lastiman al clavarse, pues posee filamentos inversos que desgarran la carne.<\/p>\n<p class=\"x_MsoNormal\">La calidad y excelencia de las voces de la agrupaci\u00f3n los ha llevado a colaborar con Los Cardencheros de Sapioriz en talleres y conciertos, as\u00ed como con la fundaci\u00f3n Tierra del Cardenche A.C., que brinda recursos para la manutenci\u00f3n del recinto al Canto Cardenche, ubicado en Sapioriz, Durango.<\/p>\n<p class=\"x_MsoNormal\">El Coro Acardenchado ha participado en actividades y espacios como el primer desfile del D\u00eda de Muertos de la Ciudad de M\u00e9xico, el Z\u00f3calo capitalino, el Foro Cultural El Rule, la Fonoteca Nacional y en diversos foros del interior de la Rep\u00fablica Mexicana.<\/p>\n<p class=\"x_MsoNormal\"><b>Coro Acardenchado<\/b><i>\u00a0<\/i><b>presenta: El Cardo en Flor\u00a0<\/b>se llevar\u00e1 a cabo los d\u00edas s\u00e1bado 11 de septiembre a las 19:00 horas y el domingo 12 de septiembre a las 18:00 horas<span lang=\"ES-MX\">\u00a0en el\u00a0<b>Teatro\u00a0<\/b><\/span><b><span lang=\"ES-MX\">de la Ciudad Esperanza Iris<\/span><\/b>, ubicado en\u00a0<span lang=\"ES-MX\">Donceles 36, colonia Centro Hist\u00f3rico, alcald\u00eda Cuauht\u00e9moc,\u00a0<\/span><span lang=\"ES-MX\">con respeto\u00a0<\/span><span lang=\"ES\">las\u00a0<\/span>disposiciones del sem\u00e1foro epidemiol\u00f3gico vigente: uso permanente de cubre-bocas, gel anti-bacterial y registro de c\u00f3digo QR por parte tanto del personal del teatro como de los espectadores.<\/p>\n<p class=\"x_MsoNormal\"><b><span lang=\"ES-MX\">Localidades: de 100 a 200 pesos<\/span><\/b><span lang=\"ES-MX\">. Aforo al 50% de la capacidad de p\u00fablico del Teatro.\u00a0<\/span>Los boletos se pueden adquirir en la taquilla del teatro y en\u00a0las plataformas digitales de Ticketmaster.<\/p>\n<p class=\"x_MsoNormal\"><span lang=\"ES\">Para conocer la programaci\u00f3n de la\u00a0<b>Direcci\u00f3n del Sistema de Teatros de la Ciudad de M\u00e9xico<\/b>, visite las\u00a0<\/span>redes sociales: Facebook @TeatrosCdMexico, Twitter @TeatrosCdMexico e Instagram @teatroscdmexico.<\/p>\n<p class=\"x_MsoNormal\"><span lang=\"ES\">\u00a0<\/span><span lang=\"ES\">\u00a0<\/span>Siga a la\u00a0<strong>Secretar\u00eda de Cultura de la Ciudad de M\u00e9xico<\/strong>\u00a0a trav\u00e9s de su p\u00e1gina oficial (<a href=\"https:\/\/cultura.cdmx.gob.mx\/\" target=\"_blank\" rel=\"noopener noreferrer\" data-auth=\"NotApplicable\" data-linkindex=\"0\">https:\/\/cultura.cdmx.gob.mx\/<\/a>), sus redes sociales (<a href=\"https:\/\/www.facebook.com\/Cultura.Ciudad.de.Mexico\" target=\"_blank\" rel=\"noopener noreferrer\" data-auth=\"NotApplicable\" data-linkindex=\"1\">Facebook<\/a>,\u00a0<a href=\"https:\/\/twitter.com\/CulturaCiudadMx\" target=\"_blank\" rel=\"noopener noreferrer\" data-auth=\"NotApplicable\" data-linkindex=\"2\">Twitter<\/a>,\u00a0<a href=\"https:\/\/www.instagram.com\/culturaciudadmx\/?hl=es-la\" target=\"_blank\" rel=\"noopener noreferrer\" data-auth=\"NotApplicable\" data-linkindex=\"3\">Instagram<\/a>\u00a0y\u00a0<a href=\"https:\/\/www.youtube.com\/user\/culturamadf\" target=\"_blank\" rel=\"noopener noreferrer\" data-auth=\"NotApplicable\" data-linkindex=\"4\">YouTube<\/a>) y en la plataforma digital\u00a0<a href=\"http:\/\/www.capitalculturalennuestracasa.cdmx.gob.mx\/\" target=\"_blank\" rel=\"noopener noreferrer\" data-auth=\"NotApplicable\" data-linkindex=\"5\"><i>Capital Cultural en Nuestra Casa<\/i><\/a>.<\/p>\n<p>[\/fusion_text][fusion_imageframe image_id=&#8221;41444|medium&#8221; max_width=&#8221;&#8221; style_type=&#8221;&#8221; blur=&#8221;&#8221; stylecolor=&#8221;&#8221; hover_type=&#8221;none&#8221; bordersize=&#8221;&#8221; bordercolor=&#8221;&#8221; borderradius=&#8221;&#8221; align=&#8221;none&#8221; lightbox=&#8221;no&#8221; gallery_id=&#8221;&#8221; lightbox_image=&#8221;&#8221; lightbox_image_id=&#8221;&#8221; alt=&#8221;&#8221; link=&#8221;&#8221; linktarget=&#8221;_self&#8221; hide_on_mobile=&#8221;small-visibility,medium-visibility,large-visibility&#8221; class=&#8221;&#8221; id=&#8221;&#8221; animation_type=&#8221;&#8221; animation_direction=&#8221;left&#8221; animation_speed=&#8221;0.3&#8243; animation_offset=&#8221;&#8221;]https:\/\/www.bitacoracdmx.com\/wp-content\/uploads\/2021\/09\/descargar-84-240&#215;300.png[\/fusion_imageframe][\/fusion_builder_column][\/fusion_builder_row][\/fusion_builder_container]<\/p>\n","protected":false},"excerpt":{"rendered":"<p>[fusion_builder_container hundred_percent=&#8221;no&#8221; equal_height_columns=&#8221;no&#8221; menu_anchor=&#8221;&#8221; hide_on_mobile=&#8221;small-visibility,medium-visibility,large-visibility&#8221; class=&#8221;&#8221; id=&#8221;&#8221; background_color=&#8221;&#8221; background_image=&#8221;&#8221; background_position=&#8221;center center&#8221; background_repeat=&#8221;no-repeat&#8221; fade=&#8221;no&#8221; background_parallax=&#8221;none&#8221; parallax_speed=&#8221;0.3&#8243; video_mp4=&#8221;&#8221; video_webm=&#8221;&#8221; video_ogv=&#8221;&#8221; video_url=&#8221;&#8221; video_aspect_ratio=&#8221;16:9&#8243; video_loop=&#8221;yes&#8221; video_mute=&#8221;yes&#8221; overlay_color=&#8221;&#8221; video_preview_image=&#8221;&#8221; border_size=&#8221;&#8221; border_color=&#8221;&#8221; border_style=&#8221;solid&#8221; padding_top=&#8221;&#8221; padding_bottom=&#8221;&#8221; padding_left=&#8221;&#8221; padding_right=&#8221;&#8221;][fusion_builder_row][fusion_builder_column type=&#8221;1_1&#8243; layout=&#8221;1_1&#8243; background_position=&#8221;left top&#8221; background_color=&#8221;&#8221; border_size=&#8221;&#8221; border_color=&#8221;&#8221; border_style=&#8221;solid&#8221; border_position=&#8221;all&#8221; spacing=&#8221;yes&#8221; background_image=&#8221;&#8221; background_repeat=&#8221;no-repeat&#8221; padding_top=&#8221;&#8221; padding_right=&#8221;&#8221; padding_bottom=&#8221;&#8221; padding_left=&#8221;&#8221; margin_top=&#8221;0px&#8221; margin_bottom=&#8221;0px&#8221; class=&#8221;&#8221; id=&#8221;&#8221; animation_type=&#8221;&#8221; animation_speed=&#8221;0.3&#8243; animation_direction=&#8221;left&#8221; hide_on_mobile=&#8221;small-visibility,medium-visibility,large-visibility&#8221; center_content=&#8221;no&#8221; last=&#8221;no&#8221; min_height=&#8221;&#8221; hover_type=&#8221;none&#8221; link=&#8221;&#8221;][fusion_text] REDACCI\u00d3N Inspirado en los ciclos de la naturaleza, el ensamble recuerda la fragilidad, el contraste y la fuerza de \u00e9stos en nuestra vida Despu\u00e9s de sus exitosas presentaciones en abril, vuelve al recinto de Donceles Bajo la\u00a0direcci\u00f3n de Juan Pablo [&hellip;]<\/p>\n","protected":false},"author":1,"featured_media":41444,"comment_status":"open","ping_status":"open","sticky":false,"template":"","format":"standard","meta":{"footnotes":""},"categories":[9,11],"tags":[],"_links":{"self":[{"href":"https:\/\/www.bitacoracdmx.com\/index.php?rest_route=\/wp\/v2\/posts\/41443"}],"collection":[{"href":"https:\/\/www.bitacoracdmx.com\/index.php?rest_route=\/wp\/v2\/posts"}],"about":[{"href":"https:\/\/www.bitacoracdmx.com\/index.php?rest_route=\/wp\/v2\/types\/post"}],"author":[{"embeddable":true,"href":"https:\/\/www.bitacoracdmx.com\/index.php?rest_route=\/wp\/v2\/users\/1"}],"replies":[{"embeddable":true,"href":"https:\/\/www.bitacoracdmx.com\/index.php?rest_route=%2Fwp%2Fv2%2Fcomments&post=41443"}],"version-history":[{"count":1,"href":"https:\/\/www.bitacoracdmx.com\/index.php?rest_route=\/wp\/v2\/posts\/41443\/revisions"}],"predecessor-version":[{"id":41445,"href":"https:\/\/www.bitacoracdmx.com\/index.php?rest_route=\/wp\/v2\/posts\/41443\/revisions\/41445"}],"wp:featuredmedia":[{"embeddable":true,"href":"https:\/\/www.bitacoracdmx.com\/index.php?rest_route=\/wp\/v2\/media\/41444"}],"wp:attachment":[{"href":"https:\/\/www.bitacoracdmx.com\/index.php?rest_route=%2Fwp%2Fv2%2Fmedia&parent=41443"}],"wp:term":[{"taxonomy":"category","embeddable":true,"href":"https:\/\/www.bitacoracdmx.com\/index.php?rest_route=%2Fwp%2Fv2%2Fcategories&post=41443"},{"taxonomy":"post_tag","embeddable":true,"href":"https:\/\/www.bitacoracdmx.com\/index.php?rest_route=%2Fwp%2Fv2%2Ftags&post=41443"}],"curies":[{"name":"wp","href":"https:\/\/api.w.org\/{rel}","templated":true}]}}