{"id":41448,"date":"2021-09-12T01:23:19","date_gmt":"2021-09-12T01:23:19","guid":{"rendered":"https:\/\/www.bitacoracdmx.com\/?p=41448"},"modified":"2021-09-12T01:23:19","modified_gmt":"2021-09-12T01:23:19","slug":"susy-ortuno-presenta-su-nuevo-sencillo-doleras","status":"publish","type":"post","link":"https:\/\/www.bitacoracdmx.com\/?p=41448","title":{"rendered":"SUSY ORTU\u00d1O presenta su nuevo sencillo \u201cDOLER\u00c1S\u201d."},"content":{"rendered":"<p>[fusion_builder_container hundred_percent=&#8221;no&#8221; equal_height_columns=&#8221;no&#8221; menu_anchor=&#8221;&#8221; hide_on_mobile=&#8221;small-visibility,medium-visibility,large-visibility&#8221; class=&#8221;&#8221; id=&#8221;&#8221; background_color=&#8221;&#8221; background_image=&#8221;&#8221; background_position=&#8221;center center&#8221; background_repeat=&#8221;no-repeat&#8221; fade=&#8221;no&#8221; background_parallax=&#8221;none&#8221; parallax_speed=&#8221;0.3&#8243; video_mp4=&#8221;&#8221; video_webm=&#8221;&#8221; video_ogv=&#8221;&#8221; video_url=&#8221;&#8221; video_aspect_ratio=&#8221;16:9&#8243; video_loop=&#8221;yes&#8221; video_mute=&#8221;yes&#8221; overlay_color=&#8221;&#8221; video_preview_image=&#8221;&#8221; border_size=&#8221;&#8221; border_color=&#8221;&#8221; border_style=&#8221;solid&#8221; padding_top=&#8221;&#8221; padding_bottom=&#8221;&#8221; padding_left=&#8221;&#8221; padding_right=&#8221;&#8221;][fusion_builder_row][fusion_builder_column type=&#8221;1_1&#8243; layout=&#8221;1_1&#8243; background_position=&#8221;left top&#8221; background_color=&#8221;&#8221; border_size=&#8221;&#8221; border_color=&#8221;&#8221; border_style=&#8221;solid&#8221; border_position=&#8221;all&#8221; spacing=&#8221;yes&#8221; background_image=&#8221;&#8221; background_repeat=&#8221;no-repeat&#8221; padding_top=&#8221;&#8221; padding_right=&#8221;&#8221; padding_bottom=&#8221;&#8221; padding_left=&#8221;&#8221; margin_top=&#8221;0px&#8221; margin_bottom=&#8221;0px&#8221; class=&#8221;&#8221; id=&#8221;&#8221; animation_type=&#8221;&#8221; animation_speed=&#8221;0.3&#8243; animation_direction=&#8221;left&#8221; hide_on_mobile=&#8221;small-visibility,medium-visibility,large-visibility&#8221; center_content=&#8221;no&#8221; last=&#8221;no&#8221; min_height=&#8221;&#8221; hover_type=&#8221;none&#8221; link=&#8221;&#8221;][fusion_text]<\/p>\n<p>REDACCI\u00d3N<\/p>\n<p><b>La michoacana Susy Ortu\u00f1o prosigue su carrera art\u00edstica luego de su paso por La Academia, de Tv Azteca, donde se dio a conocer internacionalmente gracias a su talento y excepcional voz. En esta ocasi\u00f3n y de la mano de su nuevo sencillo \u201cDoler\u00e1s\u201d, Ortu\u00f1o aspira a recuperar su lugar de privilegio en los escenarios mexicanos. \u201cDoler\u00e1s\u201d es una canci\u00f3n escrita por compositores reincidentes de la Ciudad de M\u00e9xico, que en la b\u00fasqueda de ser escuchados env\u00edan sus canciones a diferentes artistas y de esta forma llega a los o\u00eddos de Susy Ortu\u00f1o. \u201cDesde que la escuch\u00e9 por primera vez no me la pude sacar de la cabeza, tiene una melod\u00eda pegajosa, adem\u00e1s, me encant\u00f3\u201d.<\/b><\/p>\n<p><b>En la actualidad, Susy se encuentra muy activa en sus redes sociales para benepl\u00e1cito de sus fans ofreciendo conciertos virtuales y regalando versiones a su estilo de grandes \u00e9xitos a sus seguidores, mientras que disfruta del gran recibimiento que tuvo su anterior sencillo titulado \u201cInsensible\u201d que es una composici\u00f3n de Dalu, ganadora de La Academia, cuyo video ha incendiado las redes sociales a la par que se van sumando -en la medida que lo ha permitido las restricciones por el Covid-19- exitosas participaciones como solista en &#8220;teatros del pueblo&#8221; de diferentes ciudades y abriendo concierto para artistas de renombre.<\/b><\/p>\n<p><b>Azucena De Los \u00c1ngeles Ortu\u00f1o Flores, mejor conocida en el ambiente art\u00edstico como Susy Ortu\u00f1o, desde muy peque\u00f1a mostr\u00f3 su gusto por la m\u00fasica al comenzar a cantar en grupos escolares, iglesias y rondallas, donde pudo adquirir al lado de sus compa\u00f1eras y compa\u00f1eros primeros lugares a nivel nacional, pero siempre destacando por su papel solista. Al llegar a la edad de 16 a\u00f1os su familia y ella sufrieron un gran golpe, por ello, empez\u00f3 a salir con su hermano peque\u00f1o cantando en las calles, puestos de comida, etc., para poder recaudar dinero y apoyar al sustento.<\/b><\/p>\n<p><b>A medida que pasaba el tiempo la gente empezaba a reconocerlos y a contratarlos en diferentes y reconocidos grupos vers\u00e1tiles en su ciudad. As\u00ed es como comienza la vida de Susy en la m\u00fasica. A los 18 a\u00f1os se decide a formar un grupo independiente llamado Ecko Musical, logrando en pocos a\u00f1os posicionarse en uno de los grupos m\u00e1s reconocidos en Apatzing\u00e1n, su ciudad natal, siendo contratados en diferentes municipios del estado de Michoac\u00e1n.<\/b><\/p>\n<p><b>En el 2019, decidida a aventurarse, particip\u00f3 en un casting para un reality show en donde sorprendida, pas\u00f3 cada uno de los filtros, logrando as\u00ed su primera aparici\u00f3n en la pantalla chica para Tv Azteca en el programa La Academia, del cual tuvo que salir de emergencia por un problema de salud, aunque todos destacaron su gran participaci\u00f3n.<\/b><\/p>\n<p><b>Ahora, con este nuevo sencillo, se viene una nueva etapa en la carrera musical de Susy a quien no la para nadie.\u00a0<\/b><\/p>\n<p>[\/fusion_text][fusion_imageframe image_id=&#8221;41449|medium&#8221; max_width=&#8221;&#8221; style_type=&#8221;&#8221; blur=&#8221;&#8221; stylecolor=&#8221;&#8221; hover_type=&#8221;none&#8221; bordersize=&#8221;&#8221; bordercolor=&#8221;&#8221; borderradius=&#8221;&#8221; align=&#8221;none&#8221; lightbox=&#8221;no&#8221; gallery_id=&#8221;&#8221; lightbox_image=&#8221;&#8221; lightbox_image_id=&#8221;&#8221; alt=&#8221;&#8221; link=&#8221;&#8221; linktarget=&#8221;_self&#8221; hide_on_mobile=&#8221;small-visibility,medium-visibility,large-visibility&#8221; class=&#8221;&#8221; id=&#8221;&#8221; animation_type=&#8221;&#8221; animation_direction=&#8221;left&#8221; animation_speed=&#8221;0.3&#8243; animation_offset=&#8221;&#8221;]https:\/\/www.bitacoracdmx.com\/wp-content\/uploads\/2021\/09\/SUSY-ORTUNO-SEPT-2021-FOTO5-300&#215;200.jpg[\/fusion_imageframe][\/fusion_builder_column][\/fusion_builder_row][\/fusion_builder_container]<\/p>\n","protected":false},"excerpt":{"rendered":"<p>[fusion_builder_container hundred_percent=&#8221;no&#8221; equal_height_columns=&#8221;no&#8221; menu_anchor=&#8221;&#8221; hide_on_mobile=&#8221;small-visibility,medium-visibility,large-visibility&#8221; class=&#8221;&#8221; id=&#8221;&#8221; background_color=&#8221;&#8221; background_image=&#8221;&#8221; background_position=&#8221;center center&#8221; background_repeat=&#8221;no-repeat&#8221; fade=&#8221;no&#8221; background_parallax=&#8221;none&#8221; parallax_speed=&#8221;0.3&#8243; video_mp4=&#8221;&#8221; video_webm=&#8221;&#8221; video_ogv=&#8221;&#8221; video_url=&#8221;&#8221; video_aspect_ratio=&#8221;16:9&#8243; video_loop=&#8221;yes&#8221; video_mute=&#8221;yes&#8221; overlay_color=&#8221;&#8221; video_preview_image=&#8221;&#8221; border_size=&#8221;&#8221; border_color=&#8221;&#8221; border_style=&#8221;solid&#8221; padding_top=&#8221;&#8221; padding_bottom=&#8221;&#8221; padding_left=&#8221;&#8221; padding_right=&#8221;&#8221;][fusion_builder_row][fusion_builder_column type=&#8221;1_1&#8243; layout=&#8221;1_1&#8243; background_position=&#8221;left top&#8221; background_color=&#8221;&#8221; border_size=&#8221;&#8221; border_color=&#8221;&#8221; border_style=&#8221;solid&#8221; border_position=&#8221;all&#8221; spacing=&#8221;yes&#8221; background_image=&#8221;&#8221; background_repeat=&#8221;no-repeat&#8221; padding_top=&#8221;&#8221; padding_right=&#8221;&#8221; padding_bottom=&#8221;&#8221; padding_left=&#8221;&#8221; margin_top=&#8221;0px&#8221; margin_bottom=&#8221;0px&#8221; class=&#8221;&#8221; id=&#8221;&#8221; animation_type=&#8221;&#8221; animation_speed=&#8221;0.3&#8243; animation_direction=&#8221;left&#8221; hide_on_mobile=&#8221;small-visibility,medium-visibility,large-visibility&#8221; center_content=&#8221;no&#8221; last=&#8221;no&#8221; min_height=&#8221;&#8221; hover_type=&#8221;none&#8221; link=&#8221;&#8221;][fusion_text] REDACCI\u00d3N La michoacana Susy Ortu\u00f1o prosigue su carrera art\u00edstica luego de su paso por La Academia, de Tv Azteca, donde se dio a conocer internacionalmente gracias a su talento y excepcional voz. En esta ocasi\u00f3n y de la mano de [&hellip;]<\/p>\n","protected":false},"author":1,"featured_media":41449,"comment_status":"open","ping_status":"open","sticky":false,"template":"","format":"standard","meta":{"footnotes":""},"categories":[9,11],"tags":[],"_links":{"self":[{"href":"https:\/\/www.bitacoracdmx.com\/index.php?rest_route=\/wp\/v2\/posts\/41448"}],"collection":[{"href":"https:\/\/www.bitacoracdmx.com\/index.php?rest_route=\/wp\/v2\/posts"}],"about":[{"href":"https:\/\/www.bitacoracdmx.com\/index.php?rest_route=\/wp\/v2\/types\/post"}],"author":[{"embeddable":true,"href":"https:\/\/www.bitacoracdmx.com\/index.php?rest_route=\/wp\/v2\/users\/1"}],"replies":[{"embeddable":true,"href":"https:\/\/www.bitacoracdmx.com\/index.php?rest_route=%2Fwp%2Fv2%2Fcomments&post=41448"}],"version-history":[{"count":1,"href":"https:\/\/www.bitacoracdmx.com\/index.php?rest_route=\/wp\/v2\/posts\/41448\/revisions"}],"predecessor-version":[{"id":41450,"href":"https:\/\/www.bitacoracdmx.com\/index.php?rest_route=\/wp\/v2\/posts\/41448\/revisions\/41450"}],"wp:featuredmedia":[{"embeddable":true,"href":"https:\/\/www.bitacoracdmx.com\/index.php?rest_route=\/wp\/v2\/media\/41449"}],"wp:attachment":[{"href":"https:\/\/www.bitacoracdmx.com\/index.php?rest_route=%2Fwp%2Fv2%2Fmedia&parent=41448"}],"wp:term":[{"taxonomy":"category","embeddable":true,"href":"https:\/\/www.bitacoracdmx.com\/index.php?rest_route=%2Fwp%2Fv2%2Fcategories&post=41448"},{"taxonomy":"post_tag","embeddable":true,"href":"https:\/\/www.bitacoracdmx.com\/index.php?rest_route=%2Fwp%2Fv2%2Ftags&post=41448"}],"curies":[{"name":"wp","href":"https:\/\/api.w.org\/{rel}","templated":true}]}}