{"id":41454,"date":"2021-09-12T01:44:03","date_gmt":"2021-09-12T01:44:03","guid":{"rendered":"https:\/\/www.bitacoracdmx.com\/?p=41454"},"modified":"2021-09-12T01:44:03","modified_gmt":"2021-09-12T01:44:03","slug":"risa-y-diversion-con-la-obra-clown%e2%80%afernest-y-bottom-regresa-con-una-corta-temporada-en-el-teatro-isabela-corona","status":"publish","type":"post","link":"https:\/\/www.bitacoracdmx.com\/?p=41454","title":{"rendered":"Risa y diversi\u00f3n con la obra clown\u202fErnest y Bottom, regresa con una corta temporada en el Teatro Isabela Corona."},"content":{"rendered":"<p>[fusion_builder_container hundred_percent=&#8221;no&#8221; equal_height_columns=&#8221;no&#8221; menu_anchor=&#8221;&#8221; hide_on_mobile=&#8221;small-visibility,medium-visibility,large-visibility&#8221; class=&#8221;&#8221; id=&#8221;&#8221; background_color=&#8221;&#8221; background_image=&#8221;&#8221; background_position=&#8221;center center&#8221; background_repeat=&#8221;no-repeat&#8221; fade=&#8221;no&#8221; background_parallax=&#8221;none&#8221; parallax_speed=&#8221;0.3&#8243; video_mp4=&#8221;&#8221; video_webm=&#8221;&#8221; video_ogv=&#8221;&#8221; video_url=&#8221;&#8221; video_aspect_ratio=&#8221;16:9&#8243; video_loop=&#8221;yes&#8221; video_mute=&#8221;yes&#8221; overlay_color=&#8221;&#8221; video_preview_image=&#8221;&#8221; border_size=&#8221;&#8221; border_color=&#8221;&#8221; border_style=&#8221;solid&#8221; padding_top=&#8221;&#8221; padding_bottom=&#8221;&#8221; padding_left=&#8221;&#8221; padding_right=&#8221;&#8221;][fusion_builder_row][fusion_builder_column type=&#8221;1_1&#8243; layout=&#8221;1_1&#8243; background_position=&#8221;left top&#8221; background_color=&#8221;&#8221; border_size=&#8221;&#8221; border_color=&#8221;&#8221; border_style=&#8221;solid&#8221; border_position=&#8221;all&#8221; spacing=&#8221;yes&#8221; background_image=&#8221;&#8221; background_repeat=&#8221;no-repeat&#8221; padding_top=&#8221;&#8221; padding_right=&#8221;&#8221; padding_bottom=&#8221;&#8221; padding_left=&#8221;&#8221; margin_top=&#8221;0px&#8221; margin_bottom=&#8221;0px&#8221; class=&#8221;&#8221; id=&#8221;&#8221; animation_type=&#8221;&#8221; animation_speed=&#8221;0.3&#8243; animation_direction=&#8221;left&#8221; hide_on_mobile=&#8221;small-visibility,medium-visibility,large-visibility&#8221; center_content=&#8221;no&#8221; last=&#8221;no&#8221; min_height=&#8221;&#8221; hover_type=&#8221;none&#8221; link=&#8221;&#8221;][fusion_text]<\/p>\n<p>REDACCI\u00d3N<\/p>\n<ul>\n<li data-leveltext=\"\uf0b7\" data-font=\"Symbol\" data-listid=\"1\" aria-setsize=\"-1\" data-aria-posinset=\"1\" data-aria-level=\"1\"><span data-contrast=\"none\">Esta puesta en escena habla sobre la amistad entra\u00f1able y se presentar\u00e1 los s\u00e1bados y domingos a las 13 horas, del 11 de septiembre al 17 de octubre en el Teatro Isabela Corona.<\/span><\/li>\n<\/ul>\n<ul>\n<li data-leveltext=\"\uf0b7\" data-font=\"Symbol\" data-listid=\"1\" aria-setsize=\"-1\" data-aria-posinset=\"2\" data-aria-level=\"1\"><span data-contrast=\"none\">Una obra clown para toda la familia, musicalizada en vivo.<\/span><\/li>\n<\/ul>\n<p><span data-contrast=\"none\">\u202f<\/span><i><span data-contrast=\"none\">Ernest y\u00a0Bottom<\/span><\/i><span data-contrast=\"none\">\u202fes una historia de amistad entre dos personas de la tercera edad con personalidades opuestas, Ernest, el gru\u00f1\u00f3n, y\u00a0Bottom, el que siempre est\u00e1 de buen humor, que se encuentran encerrados en la habitaci\u00f3n de un asilo y que se ver\u00e1n inmersos en una aventura llena de ternura, imaginaci\u00f3n y diversi\u00f3n, al reconocerse amigos y c\u00f3mplices, mientras Ernest intenta escapar a toda costa de la habitaci\u00f3n.\u202f<\/span><span data-ccp-props=\"{&quot;134233117&quot;:true,&quot;134233118&quot;:true,&quot;201341983&quot;:0,&quot;335551550&quot;:6,&quot;335551620&quot;:6,&quot;335559740&quot;:240}\">\u00a0<\/span><\/p>\n<p><span data-contrast=\"none\">La Secretar\u00eda de Cultura del Gobierno federal y el Instituto Nacional de Bellas Artes y Literatura (INBAL), a trav\u00e9s de la Coordinaci\u00f3n Nacional de Teatro y su<\/span><span data-contrast=\"none\">\u202fPrograma de Teatro para Ni\u00f1as, Ni\u00f1os y J\u00f3venes, presentar\u00e1n la puesta en escena\u202f<\/span><i><span data-contrast=\"none\">Ernest y\u00a0Bottom,<\/span><\/i><span data-contrast=\"none\">\u202fescrita y dirigida por\u00a0Geralldy\u00a0N\u00e1jera. El montaje de la compa\u00f1\u00eda Nocturno Teatro cuenta con las actuaciones de Juan Cabello, Karim Raziel y Luc\u00eda Pardo. Su temporada ser\u00e1\u202fdel 11 de septiembre al 17 de octubre, los s\u00e1bados y domingos a las 13:00 horas, en el Teatro Isabela Corona.<\/span><span data-ccp-props=\"{&quot;134233117&quot;:true,&quot;134233118&quot;:true,&quot;201341983&quot;:0,&quot;335551550&quot;:6,&quot;335551620&quot;:6,&quot;335559740&quot;:240}\">\u00a0<\/span><\/p>\n<p><b><span data-contrast=\"none\">\u202f<\/span><\/b><b><span data-contrast=\"none\">Una obra para honrar la amistad<\/span><\/b><span data-ccp-props=\"{&quot;134233117&quot;:true,&quot;134233118&quot;:true,&quot;201341983&quot;:0,&quot;335551550&quot;:6,&quot;335551620&quot;:6,&quot;335559740&quot;:240}\">\u00a0<\/span><\/p>\n<p><span data-contrast=\"none\">\u202f<\/span><span data-contrast=\"none\">Este montaje hace una invitaci\u00f3n a honrar, reflexionar y celebrar la amistad incondicional y la posibilidad de una divertida complicidad en el camino de la vida.\u202f<\/span><i><span data-contrast=\"none\">Ernest y\u00a0Bottom<\/span><\/i><span data-contrast=\"none\">\u202finvita a recordar que la alegr\u00eda est\u00e1 dentro de los peque\u00f1os y sencillos detalles, adem\u00e1s de provocar una reflexi\u00f3n acerca de la vida, mostrando que se vive con mayor satisfacci\u00f3n en compa\u00f1\u00eda de una amistad.\u202f<\/span><i><span data-contrast=\"none\">\u201cErnest y\u00a0Bottom<\/span><\/i><span data-contrast=\"none\">\u202fes una invitaci\u00f3n a vivir con alegr\u00eda y desde el amor\u201d,<\/span><i><span data-contrast=\"none\">\u202f<\/span><\/i><span data-contrast=\"none\">coment\u00f3 la directora\u00a0Geralldy\u00a0N\u00e1jera sobre la puesta.<\/span><span data-ccp-props=\"{&quot;134233117&quot;:true,&quot;134233118&quot;:true,&quot;201341983&quot;:0,&quot;335551550&quot;:6,&quot;335551620&quot;:6,&quot;335559740&quot;:240}\">\u00a0<\/span><\/p>\n<p><span data-contrast=\"none\">\u202f<\/span><span data-contrast=\"none\">El montaje de N\u00e1jera ha sido nominado a Mejor Obra para J\u00f3venes Audiencias y Mejor Dise\u00f1o Sonoro en los Premios Metropolitanos de Teatro de 2019. La puesta en escena se ha presentado en el Teatro Benito Ju\u00e1rez en su temporada de estreno en el 2018 y en el XII Marat\u00f3n de Teatro para Ni\u00f1as, Ni\u00f1os y J\u00f3venes del INBAL.<\/span><span data-ccp-props=\"{&quot;134233117&quot;:true,&quot;134233118&quot;:true,&quot;201341983&quot;:0,&quot;335551550&quot;:6,&quot;335551620&quot;:6,&quot;335559740&quot;:240}\">\u00a0<\/span><\/p>\n<p><span data-contrast=\"none\">\u202f<\/span><span data-contrast=\"none\">\u201cVivimos en la era de la tecnolog\u00eda y de la realidad virtual. Las pantallas y gadgets han sustituido la convivencia directa entre seres humanos. En nuestra sociedad se induce desde la infancia a dejar de lado la imaginaci\u00f3n por eso creamos una obra que cuenta una historia sensible que impulsa valores humanos, y estimula la creatividad, a trav\u00e9s del juego en la relaci\u00f3n con el otro, pues son parte fundamental del desarrollo y aprendizaje de todo ser humano\u201d, finaliz\u00f3,\u00a0Geralldy\u00a0N\u00e1jera.<\/span><span data-ccp-props=\"{&quot;134233117&quot;:true,&quot;134233118&quot;:true,&quot;201341983&quot;:0,&quot;335551550&quot;:6,&quot;335551620&quot;:6,&quot;335559740&quot;:240}\">\u00a0<\/span><\/p>\n<p><span data-contrast=\"none\">\u202f<\/span><span data-contrast=\"none\">Esta producci\u00f3n cuenta con la m\u00fasica original y musicalizaci\u00f3n en vivo por parte de Diego Santana, quien alterna con Jos\u00e9 Ponce. El equipo creativo est\u00e1 conformado por Azucena Galicia en el dise\u00f1o de vestuario, Edgar Mora en el dise\u00f1o de iluminaci\u00f3n y con la aportaci\u00f3n de Adriana Lara en la escenograf\u00eda<\/span><i><span data-contrast=\"none\">.\u202f<\/span><\/i><span data-contrast=\"none\">La producci\u00f3n est\u00e1 a cargo de\u00a0Geralldy\u00a0N\u00e1jera y Juan Cabello.<\/span><span data-ccp-props=\"{&quot;134233117&quot;:true,&quot;134233118&quot;:true,&quot;201341983&quot;:0,&quot;335551550&quot;:6,&quot;335551620&quot;:6,&quot;335559740&quot;:240}\">\u00a0<\/span><\/p>\n<p><span data-contrast=\"none\">\u202f<\/span><span data-contrast=\"none\">El Teatro\u202f<\/span><i><span data-contrast=\"none\">Isabela Corona<\/span><\/i><span data-contrast=\"none\">\u202fse localiza en Eje Central L\u00e1zaro C\u00e1rdenas 445, Tlatelolco,\u202fAlcald\u00eda Cuauht\u00e9moc,\u202fcerca del\u202fMetro Tlatelolco.<\/span><span data-contrast=\"none\">\u202f<\/span><span data-ccp-props=\"{&quot;134233117&quot;:true,&quot;134233118&quot;:true,&quot;201341983&quot;:0,&quot;335551550&quot;:6,&quot;335551620&quot;:6,&quot;335559740&quot;:240}\">\u00a0<\/span><\/p>\n<p><span data-contrast=\"none\">\u202f<\/span><span data-contrast=\"none\">M\u00e1s informaci\u00f3n en las redes sociales de la Coordinaci\u00f3n Nacional de Teatro en Facebook (Coordinaci\u00f3n Nacional de Teatro), Twitter (@teatroinbal), Instagram (@teatroinbal) y el sitio web (<\/span><a href=\"https:\/\/teatro.inba.gob.mx\/\"><span data-contrast=\"none\">teatro.inba.gob.mx<\/span><\/a><span data-contrast=\"none\">) y en las redes sociales de la compa\u00f1\u00eda Nocturno Teatro en Facebook (Nocturno Teatro), Instagram (@nocturnoteatro), Twitter (@nocturnoteatro) y en su sitio web (<\/span><a href=\"http:\/\/www.nocturnoteatro.com\/\"><span data-contrast=\"none\">www.nocturnoteatro.com<\/span><\/a><span data-contrast=\"none\">).<\/span><span data-ccp-props=\"{&quot;134233117&quot;:true,&quot;134233118&quot;:true,&quot;201341983&quot;:0,&quot;335551550&quot;:6,&quot;335551620&quot;:6,&quot;335559740&quot;:240}\">\u00a0<\/span><\/p>\n<p><span data-ccp-props=\"{&quot;201341983&quot;:0,&quot;335559739&quot;:160,&quot;335559740&quot;:259}\">\u00a0<\/span><\/p>\n<p>[\/fusion_text][fusion_imageframe image_id=&#8221;41456|medium&#8221; max_width=&#8221;&#8221; style_type=&#8221;&#8221; blur=&#8221;&#8221; stylecolor=&#8221;&#8221; hover_type=&#8221;none&#8221; bordersize=&#8221;&#8221; bordercolor=&#8221;&#8221; borderradius=&#8221;&#8221; align=&#8221;none&#8221; lightbox=&#8221;no&#8221; gallery_id=&#8221;&#8221; lightbox_image=&#8221;&#8221; lightbox_image_id=&#8221;&#8221; alt=&#8221;&#8221; link=&#8221;&#8221; linktarget=&#8221;_self&#8221; hide_on_mobile=&#8221;small-visibility,medium-visibility,large-visibility&#8221; class=&#8221;&#8221; id=&#8221;&#8221; animation_type=&#8221;&#8221; animation_direction=&#8221;left&#8221; animation_speed=&#8221;0.3&#8243; animation_offset=&#8221;&#8221;]https:\/\/www.bitacoracdmx.com\/wp-content\/uploads\/2021\/09\/241740808_1952829841543050_1065774161053035188_n-300&#215;199.jpg[\/fusion_imageframe][\/fusion_builder_column][\/fusion_builder_row][\/fusion_builder_container]<\/p>\n","protected":false},"excerpt":{"rendered":"<p>[fusion_builder_container hundred_percent=&#8221;no&#8221; equal_height_columns=&#8221;no&#8221; menu_anchor=&#8221;&#8221; hide_on_mobile=&#8221;small-visibility,medium-visibility,large-visibility&#8221; class=&#8221;&#8221; id=&#8221;&#8221; background_color=&#8221;&#8221; background_image=&#8221;&#8221; background_position=&#8221;center center&#8221; background_repeat=&#8221;no-repeat&#8221; fade=&#8221;no&#8221; background_parallax=&#8221;none&#8221; parallax_speed=&#8221;0.3&#8243; video_mp4=&#8221;&#8221; video_webm=&#8221;&#8221; video_ogv=&#8221;&#8221; video_url=&#8221;&#8221; video_aspect_ratio=&#8221;16:9&#8243; video_loop=&#8221;yes&#8221; video_mute=&#8221;yes&#8221; overlay_color=&#8221;&#8221; video_preview_image=&#8221;&#8221; border_size=&#8221;&#8221; border_color=&#8221;&#8221; border_style=&#8221;solid&#8221; padding_top=&#8221;&#8221; padding_bottom=&#8221;&#8221; padding_left=&#8221;&#8221; padding_right=&#8221;&#8221;][fusion_builder_row][fusion_builder_column type=&#8221;1_1&#8243; layout=&#8221;1_1&#8243; background_position=&#8221;left top&#8221; background_color=&#8221;&#8221; border_size=&#8221;&#8221; border_color=&#8221;&#8221; border_style=&#8221;solid&#8221; border_position=&#8221;all&#8221; spacing=&#8221;yes&#8221; background_image=&#8221;&#8221; background_repeat=&#8221;no-repeat&#8221; padding_top=&#8221;&#8221; padding_right=&#8221;&#8221; padding_bottom=&#8221;&#8221; padding_left=&#8221;&#8221; margin_top=&#8221;0px&#8221; margin_bottom=&#8221;0px&#8221; class=&#8221;&#8221; id=&#8221;&#8221; animation_type=&#8221;&#8221; animation_speed=&#8221;0.3&#8243; animation_direction=&#8221;left&#8221; hide_on_mobile=&#8221;small-visibility,medium-visibility,large-visibility&#8221; center_content=&#8221;no&#8221; last=&#8221;no&#8221; min_height=&#8221;&#8221; hover_type=&#8221;none&#8221; link=&#8221;&#8221;][fusion_text] REDACCI\u00d3N Esta puesta en escena habla sobre la amistad entra\u00f1able y se presentar\u00e1 los s\u00e1bados y domingos a las 13 horas, del 11 de septiembre al 17 de octubre en el Teatro Isabela Corona. Una obra clown para toda la [&hellip;]<\/p>\n","protected":false},"author":1,"featured_media":41456,"comment_status":"open","ping_status":"open","sticky":false,"template":"","format":"standard","meta":{"footnotes":""},"categories":[9,14],"tags":[],"_links":{"self":[{"href":"https:\/\/www.bitacoracdmx.com\/index.php?rest_route=\/wp\/v2\/posts\/41454"}],"collection":[{"href":"https:\/\/www.bitacoracdmx.com\/index.php?rest_route=\/wp\/v2\/posts"}],"about":[{"href":"https:\/\/www.bitacoracdmx.com\/index.php?rest_route=\/wp\/v2\/types\/post"}],"author":[{"embeddable":true,"href":"https:\/\/www.bitacoracdmx.com\/index.php?rest_route=\/wp\/v2\/users\/1"}],"replies":[{"embeddable":true,"href":"https:\/\/www.bitacoracdmx.com\/index.php?rest_route=%2Fwp%2Fv2%2Fcomments&post=41454"}],"version-history":[{"count":1,"href":"https:\/\/www.bitacoracdmx.com\/index.php?rest_route=\/wp\/v2\/posts\/41454\/revisions"}],"predecessor-version":[{"id":41457,"href":"https:\/\/www.bitacoracdmx.com\/index.php?rest_route=\/wp\/v2\/posts\/41454\/revisions\/41457"}],"wp:featuredmedia":[{"embeddable":true,"href":"https:\/\/www.bitacoracdmx.com\/index.php?rest_route=\/wp\/v2\/media\/41456"}],"wp:attachment":[{"href":"https:\/\/www.bitacoracdmx.com\/index.php?rest_route=%2Fwp%2Fv2%2Fmedia&parent=41454"}],"wp:term":[{"taxonomy":"category","embeddable":true,"href":"https:\/\/www.bitacoracdmx.com\/index.php?rest_route=%2Fwp%2Fv2%2Fcategories&post=41454"},{"taxonomy":"post_tag","embeddable":true,"href":"https:\/\/www.bitacoracdmx.com\/index.php?rest_route=%2Fwp%2Fv2%2Ftags&post=41454"}],"curies":[{"name":"wp","href":"https:\/\/api.w.org\/{rel}","templated":true}]}}