{"id":41470,"date":"2021-09-13T17:25:37","date_gmt":"2021-09-13T17:25:37","guid":{"rendered":"https:\/\/www.bitacoracdmx.com\/?p=41470"},"modified":"2021-09-13T17:25:37","modified_gmt":"2021-09-13T17:25:37","slug":"paulinho-campeon-olimpico-y-numero-7-del-bayer-04-leverkusen-comienza-la-temporada-de-la-bundesliga-con-buen-pie","status":"publish","type":"post","link":"https:\/\/www.bitacoracdmx.com\/?p=41470","title":{"rendered":"Paulinho, campe\u00f3n ol\u00edmpico y n\u00famero 7 del Bayer 04 Leverkusen, comienza la temporada de la Bundesliga con buen pie."},"content":{"rendered":"<p>[fusion_builder_container hundred_percent=&#8221;no&#8221; equal_height_columns=&#8221;no&#8221; menu_anchor=&#8221;&#8221; hide_on_mobile=&#8221;small-visibility,medium-visibility,large-visibility&#8221; class=&#8221;&#8221; id=&#8221;&#8221; background_color=&#8221;&#8221; background_image=&#8221;&#8221; background_position=&#8221;center center&#8221; background_repeat=&#8221;no-repeat&#8221; fade=&#8221;no&#8221; background_parallax=&#8221;none&#8221; parallax_speed=&#8221;0.3&#8243; video_mp4=&#8221;&#8221; video_webm=&#8221;&#8221; video_ogv=&#8221;&#8221; video_url=&#8221;&#8221; video_aspect_ratio=&#8221;16:9&#8243; video_loop=&#8221;yes&#8221; video_mute=&#8221;yes&#8221; overlay_color=&#8221;&#8221; video_preview_image=&#8221;&#8221; border_size=&#8221;&#8221; border_color=&#8221;&#8221; border_style=&#8221;solid&#8221; padding_top=&#8221;&#8221; padding_bottom=&#8221;&#8221; padding_left=&#8221;&#8221; padding_right=&#8221;&#8221;][fusion_builder_row][fusion_builder_column type=&#8221;1_1&#8243; layout=&#8221;1_1&#8243; background_position=&#8221;left top&#8221; background_color=&#8221;&#8221; border_size=&#8221;&#8221; border_color=&#8221;&#8221; border_style=&#8221;solid&#8221; border_position=&#8221;all&#8221; spacing=&#8221;yes&#8221; background_image=&#8221;&#8221; background_repeat=&#8221;no-repeat&#8221; padding_top=&#8221;&#8221; padding_right=&#8221;&#8221; padding_bottom=&#8221;&#8221; padding_left=&#8221;&#8221; margin_top=&#8221;0px&#8221; margin_bottom=&#8221;0px&#8221; class=&#8221;&#8221; id=&#8221;&#8221; animation_type=&#8221;&#8221; animation_speed=&#8221;0.3&#8243; animation_direction=&#8221;left&#8221; hide_on_mobile=&#8221;small-visibility,medium-visibility,large-visibility&#8221; center_content=&#8221;no&#8221; last=&#8221;no&#8221; min_height=&#8221;&#8221; hover_type=&#8221;none&#8221; link=&#8221;&#8221;][fusion_text]<\/p>\n<p>REDACCI\u00d3N<\/p>\n<p>La vida de Paulinho, centrocampista del Bayer 04 Leverkusen, ha sido muy agitada en el \u00faltimo a\u00f1o. Una lesi\u00f3n le dej\u00f3 fuera de juego durante casi toda la temporada a principios de 2020, y le cost\u00f3 mucha dedicaci\u00f3n y fuerza de voluntad superar el dif\u00edcil momento.<br \/>\nPero todo ya qued\u00f3 atr\u00e1s, se recuper\u00f3 y ya tuvo la oportunidad de estar entre los medallistas de oro de Brasil en los Juegos Ol\u00edmpicos de Tokio. Ahora, de vuelta al Bayer 04 Leverkusen, quiere recuperar su puesto en el equipo y demostrar todo su potencial.<\/p>\n<p>Bundesliga: \u00bfC\u00f3mo es la vida de un campe\u00f3n ol\u00edmpico?<\/p>\n<p>Paulinho:\u00a0<strong>&#8220;Es maravilloso. Estoy muy contento de haber participado en este logro para mi pa\u00eds. Siempre he so\u00f1ado con jugar en grandes competiciones con la selecci\u00f3n nacional. Crec\u00ed con este sue\u00f1o y estoy muy feliz de haber podido ganar esta medalla de oro para Brasil&#8221;.<\/strong><\/p>\n<p>Bundesliga: \u00bfC\u00f3mo fue la experiencia en los Juegos Ol\u00edmpicos en general?<\/p>\n<p>Paulinho:\u00a0<strong>&#8220;Desde el principio est\u00e1s en shock, de forma positiva. Es una competici\u00f3n con mucha tradici\u00f3n para los brasile\u00f1os. Siempre hemos luchado por ganar esa medalla de oro, ganamos la primera en R\u00edo 2016 y la segunda en Tokio. Para nosotros es muy importante y los brasile\u00f1os nos recibieron muy bien, estoy satisfecho con eso&#8221;.<\/strong><\/p>\n<p>Bundesliga: \u00bfC\u00f3mo te sientes despu\u00e9s de su lesi\u00f3n?<\/p>\n<p>Paulinho:\u00a0<strong>&#8220;Me siento bien ahora, totalmente recuperado, 100% listo para hacer lo que me gusta. Por supuesto, no es f\u00e1cil para un jugador estar fuera durante tanto tiempo. Ahora me siento muy bien por haber ayudado a mi equipo, por haber participado de la medalla ol\u00edmpica y espero no tener m\u00e1s lesiones&#8221;.<\/strong><\/p>\n<p>Bundesliga: \u00bfQui\u00e9n te dio m\u00e1s apoyo durante la pandemia?<\/p>\n<p>Paulinho:\u00a0<strong>&#8220;Fue muy dif\u00edcil cuando entend\u00ed todo lo que estaba pasando. Pero mi familia me dio un gran apoyo. Durante la pandemia nos separamos de la parte de la familia que se qued\u00f3 en Brasil. Mi padre, mi madre y mi hermano viven conmigo en Alemania y siempre estuvieron a mi lado, apoy\u00e1ndome y ayud\u00e1ndome a centrarme en la recuperaci\u00f3n. Todo se hizo bien y ahora puedo volver a hacer lo que me gusta&#8221;.<\/strong><\/p>\n<p>Bundesliga: \u00bfCu\u00e1l es tu sue\u00f1o de infancia?<\/p>\n<p>Paulinho:\u00a0<strong>&#8220;Mi primer sue\u00f1o siempre fue ser futbolista y alcanzar mis metas. Siempre quise jugar con la selecci\u00f3n brasile\u00f1a, cuando ten\u00eda 14 a\u00f1os me centr\u00e9 en ello y tuve varias convocatorias en las categor\u00edas inferiores. Fui campe\u00f3n sudamericano sub-15 y sub-17, tercer puesto en el mundial sub-17 y gan\u00e9 la medalla de oro en los Juegos Ol\u00edmpicos. Son momentos inolvidables con los que siempre so\u00f1\u00e9. Para los ni\u00f1os de Brasil es un sue\u00f1o vestir la camiseta nacional en las grandes competiciones&#8221;.<\/strong><\/p>\n<p>Bundesliga: Empezaste a jugar en el Vasco, el club de Romario, Bebeto y otros grandes jugadores. \u00bfQui\u00e9n fue tu \u00eddolo y tu mayor inspiraci\u00f3n en el f\u00fatbol?<\/p>\n<p>Paulinho:\u00a0<strong>&#8220;Por el Vasco pasaron muchos jugadores, como Romario, Edmundo, Juninho Pernambucano, Pedrinho, Felipe&#8230; Jugadores que triunfaron no s\u00f3lo en el Vasco, sino all\u00e1 donde fueron. Siempre fueron mis \u00eddolos de la infancia y me bas\u00e9 en ellos para llegar a donde estoy hoy y cumplir mis sue\u00f1os. Romario y Edmundo fueron los que m\u00e1s me motivaron para mirar al futuro y querer ser futbolista&#8221;.<\/strong><\/p>\n<p>Bundesliga: Te fuiste de Brasil a los 18 a\u00f1os, \u00bfc\u00f3mo fue dar ese gran paso?<\/p>\n<p>Paulinho:\u00a0<strong>&#8220;Las mayores diferencias son la cultura, el idioma y el entorno al que no estamos acostumbrados. Pero el recibimiento de los aficionados ha sido maravilloso y estoy muy contento con el apoyo que recibo en cada partido. Siempre espero devolver con grandes actuaciones, goles y asistencias para ayudar al Bayer 04 Leverkusen&#8221;.<\/strong><\/p>\n<p>Bundesliga: \u00bfC\u00f3mo le convenci\u00f3 Bayer 04 Leverkusen para que firmara con ellos?<\/p>\n<p>Paulinho:\u00a0<strong>&#8220;Estaba en un gran momento en mi antiguo club, el Vasco. Tuve un buen n\u00famero de goles, asistencias y una buena temporada. El Bayer 04 Leverkusen ya se hab\u00eda interesado por m\u00ed hasta que me lesion\u00e9 el codo e hicieron todo lo posible por traerme&#8221;.<\/strong><\/p>\n<p>Bundesliga: \u00bfCu\u00e1l es tu mejor momento en Bayer 04 Leverkusen?<\/p>\n<p>Paulinho:\u00a0<strong>&#8220;Creo que fue contra el Frankfurt. Era mi debut como titular en la Bundesliga, hac\u00eda tiempo que no ten\u00eda una oportunidad, pero sab\u00eda que estar\u00eda preparado para hacer un gran partido&#8221;.<\/strong><\/p>\n<p>Bundesliga: \u00bfQu\u00e9 te parece la plantilla del Bayer 04 Leverkusen?<\/p>\n<p>Paulinho:\u00a0<strong>&#8220;Tenemos un grupo con mucha calidad, somos j\u00f3venes y tenemos un gran sue\u00f1o en esta Bundesliga. Podemos aspirar a los primeros puestos, si el t\u00edtulo no fuera posible, al menos la plaza de la Champions League ser\u00eda muy importante para el club. Creo que somos capaces de alcanzar esos objetivos&#8221;.<\/strong><\/p>\n<p>Bundesliga: \u00bfQu\u00e9 opina de la Bundesliga?<\/p>\n<p>Paulinho:\u00a0<strong>&#8220;Es una de las 5 ligas m\u00e1s importantes del mundo, estoy muy contento de jugar aqu\u00ed y de vivir este ambiente inigualable, que nos da m\u00e1s energ\u00eda en el campo en busca de nuestros objetivos y podemos dar a los aficionados del Bayer 04 Leverkusen lo que quieren ver.&#8221;<\/strong><\/p>\n<p>[\/fusion_text][fusion_imageframe image_id=&#8221;41471|medium&#8221; max_width=&#8221;&#8221; style_type=&#8221;&#8221; blur=&#8221;&#8221; stylecolor=&#8221;&#8221; hover_type=&#8221;none&#8221; bordersize=&#8221;&#8221; bordercolor=&#8221;&#8221; borderradius=&#8221;&#8221; align=&#8221;none&#8221; lightbox=&#8221;no&#8221; gallery_id=&#8221;&#8221; lightbox_image=&#8221;&#8221; lightbox_image_id=&#8221;&#8221; alt=&#8221;&#8221; link=&#8221;&#8221; linktarget=&#8221;_self&#8221; hide_on_mobile=&#8221;small-visibility,medium-visibility,large-visibility&#8221; class=&#8221;&#8221; id=&#8221;&#8221; animation_type=&#8221;&#8221; animation_direction=&#8221;left&#8221; animation_speed=&#8221;0.3&#8243; animation_offset=&#8221;&#8221;]https:\/\/www.bitacoracdmx.com\/wp-content\/uploads\/2021\/09\/41b88363-efb3-6880-0f53-ea03ec3dc1a9-300&#215;203.jpg[\/fusion_imageframe][\/fusion_builder_column][\/fusion_builder_row][\/fusion_builder_container]<\/p>\n","protected":false},"excerpt":{"rendered":"<p>[fusion_builder_container hundred_percent=&#8221;no&#8221; equal_height_columns=&#8221;no&#8221; menu_anchor=&#8221;&#8221; hide_on_mobile=&#8221;small-visibility,medium-visibility,large-visibility&#8221; class=&#8221;&#8221; id=&#8221;&#8221; background_color=&#8221;&#8221; background_image=&#8221;&#8221; background_position=&#8221;center center&#8221; background_repeat=&#8221;no-repeat&#8221; fade=&#8221;no&#8221; background_parallax=&#8221;none&#8221; parallax_speed=&#8221;0.3&#8243; video_mp4=&#8221;&#8221; video_webm=&#8221;&#8221; video_ogv=&#8221;&#8221; video_url=&#8221;&#8221; video_aspect_ratio=&#8221;16:9&#8243; video_loop=&#8221;yes&#8221; video_mute=&#8221;yes&#8221; overlay_color=&#8221;&#8221; video_preview_image=&#8221;&#8221; border_size=&#8221;&#8221; border_color=&#8221;&#8221; border_style=&#8221;solid&#8221; padding_top=&#8221;&#8221; padding_bottom=&#8221;&#8221; padding_left=&#8221;&#8221; padding_right=&#8221;&#8221;][fusion_builder_row][fusion_builder_column type=&#8221;1_1&#8243; layout=&#8221;1_1&#8243; background_position=&#8221;left top&#8221; background_color=&#8221;&#8221; border_size=&#8221;&#8221; border_color=&#8221;&#8221; border_style=&#8221;solid&#8221; border_position=&#8221;all&#8221; spacing=&#8221;yes&#8221; background_image=&#8221;&#8221; background_repeat=&#8221;no-repeat&#8221; padding_top=&#8221;&#8221; padding_right=&#8221;&#8221; padding_bottom=&#8221;&#8221; padding_left=&#8221;&#8221; margin_top=&#8221;0px&#8221; margin_bottom=&#8221;0px&#8221; class=&#8221;&#8221; id=&#8221;&#8221; animation_type=&#8221;&#8221; animation_speed=&#8221;0.3&#8243; animation_direction=&#8221;left&#8221; hide_on_mobile=&#8221;small-visibility,medium-visibility,large-visibility&#8221; center_content=&#8221;no&#8221; last=&#8221;no&#8221; min_height=&#8221;&#8221; hover_type=&#8221;none&#8221; link=&#8221;&#8221;][fusion_text] REDACCI\u00d3N La vida de Paulinho, centrocampista del Bayer 04 Leverkusen, ha sido muy agitada en el \u00faltimo a\u00f1o. Una lesi\u00f3n le dej\u00f3 fuera de juego durante casi toda la temporada a principios de 2020, y le cost\u00f3 mucha dedicaci\u00f3n y [&hellip;]<\/p>\n","protected":false},"author":1,"featured_media":41471,"comment_status":"open","ping_status":"open","sticky":false,"template":"","format":"standard","meta":{"footnotes":""},"categories":[6,9],"tags":[],"_links":{"self":[{"href":"https:\/\/www.bitacoracdmx.com\/index.php?rest_route=\/wp\/v2\/posts\/41470"}],"collection":[{"href":"https:\/\/www.bitacoracdmx.com\/index.php?rest_route=\/wp\/v2\/posts"}],"about":[{"href":"https:\/\/www.bitacoracdmx.com\/index.php?rest_route=\/wp\/v2\/types\/post"}],"author":[{"embeddable":true,"href":"https:\/\/www.bitacoracdmx.com\/index.php?rest_route=\/wp\/v2\/users\/1"}],"replies":[{"embeddable":true,"href":"https:\/\/www.bitacoracdmx.com\/index.php?rest_route=%2Fwp%2Fv2%2Fcomments&post=41470"}],"version-history":[{"count":1,"href":"https:\/\/www.bitacoracdmx.com\/index.php?rest_route=\/wp\/v2\/posts\/41470\/revisions"}],"predecessor-version":[{"id":41472,"href":"https:\/\/www.bitacoracdmx.com\/index.php?rest_route=\/wp\/v2\/posts\/41470\/revisions\/41472"}],"wp:featuredmedia":[{"embeddable":true,"href":"https:\/\/www.bitacoracdmx.com\/index.php?rest_route=\/wp\/v2\/media\/41471"}],"wp:attachment":[{"href":"https:\/\/www.bitacoracdmx.com\/index.php?rest_route=%2Fwp%2Fv2%2Fmedia&parent=41470"}],"wp:term":[{"taxonomy":"category","embeddable":true,"href":"https:\/\/www.bitacoracdmx.com\/index.php?rest_route=%2Fwp%2Fv2%2Fcategories&post=41470"},{"taxonomy":"post_tag","embeddable":true,"href":"https:\/\/www.bitacoracdmx.com\/index.php?rest_route=%2Fwp%2Fv2%2Ftags&post=41470"}],"curies":[{"name":"wp","href":"https:\/\/api.w.org\/{rel}","templated":true}]}}