{"id":41498,"date":"2021-09-15T01:07:38","date_gmt":"2021-09-15T01:07:38","guid":{"rendered":"https:\/\/www.bitacoracdmx.com\/?p=41498"},"modified":"2021-09-15T01:07:38","modified_gmt":"2021-09-15T01:07:38","slug":"casa-del-humor-genera-risas-por-5-anos-y-festeja-con-un-talleres-y-un-gran-programa","status":"publish","type":"post","link":"https:\/\/www.bitacoracdmx.com\/?p=41498","title":{"rendered":"Casa del Humor genera risas por 5 a\u00f1os y festeja con un talleres y un gran programa."},"content":{"rendered":"<p>[fusion_builder_container hundred_percent=&#8221;no&#8221; equal_height_columns=&#8221;no&#8221; menu_anchor=&#8221;&#8221; hide_on_mobile=&#8221;small-visibility,medium-visibility,large-visibility&#8221; class=&#8221;&#8221; id=&#8221;&#8221; background_color=&#8221;&#8221; background_image=&#8221;&#8221; background_position=&#8221;center center&#8221; background_repeat=&#8221;no-repeat&#8221; fade=&#8221;no&#8221; background_parallax=&#8221;none&#8221; parallax_speed=&#8221;0.3&#8243; video_mp4=&#8221;&#8221; video_webm=&#8221;&#8221; video_ogv=&#8221;&#8221; video_url=&#8221;&#8221; video_aspect_ratio=&#8221;16:9&#8243; video_loop=&#8221;yes&#8221; video_mute=&#8221;yes&#8221; overlay_color=&#8221;&#8221; video_preview_image=&#8221;&#8221; border_size=&#8221;&#8221; border_color=&#8221;&#8221; border_style=&#8221;solid&#8221; padding_top=&#8221;&#8221; padding_bottom=&#8221;&#8221; padding_left=&#8221;&#8221; padding_right=&#8221;&#8221;][fusion_builder_row][fusion_builder_column type=&#8221;1_1&#8243; layout=&#8221;1_1&#8243; background_position=&#8221;left top&#8221; background_color=&#8221;&#8221; border_size=&#8221;&#8221; border_color=&#8221;&#8221; border_style=&#8221;solid&#8221; border_position=&#8221;all&#8221; spacing=&#8221;yes&#8221; background_image=&#8221;&#8221; background_repeat=&#8221;no-repeat&#8221; padding_top=&#8221;&#8221; padding_right=&#8221;&#8221; padding_bottom=&#8221;&#8221; padding_left=&#8221;&#8221; margin_top=&#8221;0px&#8221; margin_bottom=&#8221;0px&#8221; class=&#8221;&#8221; id=&#8221;&#8221; animation_type=&#8221;&#8221; animation_speed=&#8221;0.3&#8243; animation_direction=&#8221;left&#8221; hide_on_mobile=&#8221;small-visibility,medium-visibility,large-visibility&#8221; center_content=&#8221;no&#8221; last=&#8221;no&#8221; min_height=&#8221;&#8221; hover_type=&#8221;none&#8221; link=&#8221;&#8221;][fusion_text]<\/p>\n<p>REDACCI\u00d3N<\/p>\n<p class=\"x_MsoNormal\"><span lang=\"ES-TRAD\">\u201cC\u00f3mo resistir al nomadismo, a temblores y otras pandemias, sin morir en el intento\u201d, ese podr\u00eda ser el lema de Casa del Humor, pues despu\u00e9s de haber vivido estas y otras vicisitudes, creemos que ya nada peor podr\u00eda pasarnos\u2026 \u00bfo s\u00ed?<\/span><\/p>\n<p class=\"x_MsoNormal\"><span lang=\"ES-TRAD\">Lo cierto es que ya nada podr\u00e1 pararnos, pues entendemos que la resiliencia y adaptaci\u00f3n es parte del cotidiano en las artes mexicanas. Y siendo Casa del Humor una escuela de comedia teatral, por cierto, la \u00fanica que existe en su tipo en el pa\u00eds, no ten\u00eda porqu\u00e9 ser diferente. Y si adem\u00e1s sumamos el tema de la pandemia y el c\u00f3mo hemos subsistido miles de artistas y grupos dedicados a las artes, ya podr\u00edamos llevar el mote de supervivientes o superh\u00e9roes.<\/span><\/p>\n<p class=\"x_MsoNormal\"><span lang=\"ES-TRAD\">Han pasado 5 a\u00f1os desde el inicio de este proyecto y as\u00ed como muchas cosas se han movido, literalmente, otras tantas se han afianzado. Y es por esto que, independientemente del espacio f\u00edsico o virtual (desde marzo de 2020 hasta mayo de 2021 estuvimos activos s\u00f3lo en modalidad online) que contenga el proyecto acad\u00e9mico, ha demostrado su solidez manteniendo sus talleres, cursos,\u00a0<i>master class<\/i>,\u00a0<i>webinars<\/i>, talleres de especializaci\u00f3n, muestras acad\u00e9micas, espect\u00e1culos, etc., con la afluencia constante de alumnos y alumnas que acuden a nuestras clases para aprender, desarrollar y explorar las posibilidades que tiene la comedia teatral mexicana.<i><\/i><\/span><\/p>\n<p class=\"x_MsoNormal\"><span lang=\"ES-TRAD\">Probablemente sea ese mismo esp\u00edritu combativo, ese que tambi\u00e9n ha caracterizado a trav\u00e9s de la historia de la humanidad el humor y la comedia, tanto en la vida diaria como en los escenarios profesionales, que nos impuls\u00f3 a buscar y encontrar la mejor nueva sede desde nuestra fundaci\u00f3n: un enorme galer\u00f3n de 181 m2 acondicionado como espacio acad\u00e9mico y esc\u00e9nico, ahora acoge nuestra escuela, y junto con esto, una privilegiada y c\u00e9ntrica ubicaci\u00f3n en la San Miguel Chapultepec (muy cerca del metro Juanacatl\u00e1n y el Bosque de Chapultepec), esto definitivamente nos hace sentir acogidos. Dicen por ah\u00ed que el proyecto mismo es m\u00e1s potente que el espacio f\u00edsico que lo contiene.<\/span><\/p>\n<p class=\"x_MsoNormal\"><span lang=\"ES-TRAD\">Este nuevo lugar ser\u00e1 el epicentro donde se llevar\u00e1n a cabo talleres, clases, muestras, ensayos, espect\u00e1culos y hasta encuentros internacionales; donde nuestro objetivo es que te sientas como en casa, en la Casa del Humor.<\/span><\/p>\n<p class=\"x_MsoNormal\"><span lang=\"ES-TRAD\">Celebramos nuestro quinto aniversario, pero sobretodo, el hecho de que en la Ciudad de M\u00e9xico se reabra otro centro cultural, pues sabemos que en estos tiempos son m\u00e1s comunes las p\u00e9rdidas que las celebraciones.<\/span><\/p>\n<p class=\"x_MsoNormal\"><span lang=\"ES-TRAD\">Y para festejar, les ofrecemos un gran evento con lo que mejor sabemos hacer: generar risas y bienestar social a trav\u00e9s del humor.<\/span><\/p>\n<p class=\"x_MsoNormal\" align=\"center\"><b><span lang=\"es\">FUNCI\u00d3N ESPECIAL\u00a0<\/span><\/b><\/p>\n<p class=\"x_MsoNormal\"><b><span lang=\"es\">\u00a0<\/span><\/b><b><span lang=\"es\">SOLO DE IMPRO<\/span><\/b><\/p>\n<p class=\"x_MsoNormal\"><b><span lang=\"es\">Concepto y Direcci\u00f3n:<\/span><\/b><span lang=\"es\">\u00a0Omar Argentino Galv\u00e1n<\/span><\/p>\n<p class=\"x_MsoNormal\"><b><span lang=\"es\">Elenco:\u00a0<\/span><\/b><span lang=\"es\">Omar Argentino<\/span><\/p>\n<p class=\"x_MsoNormal\"><b><span lang=\"es\">Sinopsis:<\/span><\/b><span lang=\"es\">\u00a0El unipersonal Solo de Impro es un puente que une teatro y literatura, ya que explora g\u00e9neros literarios y estilos nunca antes visitados por el teatro de improvisaci\u00f3n, como estilo Cort\u00e1zar, Garc\u00eda M\u00e1rquez, S\u00e1bato, Borges, Po\u00e9tica tanguera, Shakespeare, Kafka, Divina Comedia, Generaci\u00f3n beat, b\u00edblico y muchos m\u00e1s; adem\u00e1s de categor\u00edas \u201ccl\u00e1sicas\u201d como horror, suspenso, policial, cine italiano.<\/span><\/p>\n<p class=\"x_MsoNormal\"><span lang=\"es\">El espect\u00e1culo es totalmente interactivo, a partir de frases libres que los espectadores escriben al inicio del espect\u00e1culo y pegan en el vestuario que usar\u00e1 el improvisador.<\/span><\/p>\n<p class=\"x_MsoNormal\"><b><span lang=\"es\">Funci\u00f3n:\u00a0<\/span><\/b><span lang=\"es\">mi\u00e9rcoles 22 de septiembre, 21:00hrs<\/span><\/p>\n<p class=\"x_MsoNormal\"><b><span lang=\"es\">Boletos:\u00a0<\/span><\/b><span lang=\"es\"><a href=\"http:\/\/foroshakespeare.com\/\" target=\"_blank\" rel=\"noopener noreferrer\" data-auth=\"NotApplicable\" data-linkindex=\"0\">foroshakespeare.com<\/a><\/span><\/p>\n<p class=\"x_MsoNormal\"><b><span lang=\"es\">\u00a0<\/span><\/b><b><span lang=\"es\">Semblanza de la compa\u00f1\u00eda:<\/span><\/b><span lang=\"es\">\u00a0Escribi\u00f3 un manual de Impro (<i>Del Salto al vuelo<\/i>) y un ensayo (<i>Yes, but, La improvisaci\u00f3n en su encrucijada<\/i>) que ha sido traducido a cuatro idiomas.<\/span><\/p>\n<p class=\"x_MsoNormal\"><span lang=\"es\">En 2017 dio la vuelta al mundo con talleres y espect\u00e1culos. Trabaj\u00f3 en los cinco continentes, cuarenta pa\u00edses. Ha forjado una po\u00e9tica propia, particular y reconocible. Reside en Madrid. Construye puentes entre gente y compa\u00f1\u00edas de Impro de todo el planeta. Organiz\u00f3 y dirigi\u00f3 el \u201c1o Mundial de Impro en espa\u00f1ol\u201d evento que reuni\u00f3 a las siete compa\u00f1\u00edas iberoamericanas m\u00e1s importantes; y signific\u00f3 un cambio en la historia de este g\u00e9nero teatral.<\/span><\/p>\n<p class=\"x_MsoNormal\"><span lang=\"ES-TRAD\">\u00a0<\/span><span lang=\"ES-TRAD\">Aqu\u00ed les compartimos nuestra programaci\u00f3n que sin duda nos hace regocijarnos, pues tendr\u00e1, entre otras actividades, funciones de espect\u00e1culos profesionales, talleres de especializaci\u00f3n con algunos de los docentes m\u00e1s importantes en el \u00e1mbito de la comedia teatral nacional e internacional, as\u00ed como actividades especiales para nuestros alumnos y alumnas, as\u00ed como el p\u00fablico general.<\/span><\/p>\n<p class=\"x_MsoNormal\"><span lang=\"ES-TRAD\">\u00a0<\/span><span lang=\"ES-TRAD\">Bienvenidos sean todas y todos al festejo por el 5\u00ba. Aniversario de Casa del Humor!<\/span><\/p>\n<p class=\"x_MsoNormal\"><b><span lang=\"ES-TRAD\"><span class=\"x_gmail_default\">INFORMES DE TALLERES<\/span>:<\/span><\/b><\/p>\n<p class=\"x_MsoNormal\"><span lang=\"ES-TRAD\"><a href=\"mailto:casadelhumor@gmail.com\" target=\"_blank\" rel=\"noopener noreferrer\" data-auth=\"NotApplicable\" data-linkindex=\"1\">casadelhumor@gmail.com<span class=\"x_gmail_default\">\u00a0|\u00a0<\/span><\/a><\/span>Tel\u00e9fono: 55 4139 5508<\/p>\n<p class=\"x_MsoNormal\"><span class=\"x_gmail_default\"><b>REDES SOCIALES<\/b><\/span><\/p>\n<p class=\"x_MsoNormal\"><span lang=\"EN-US\">Facebook, Instagram y Twitter:\u00a0<b>@CasaDelHumorMX<\/b><\/span><\/p>\n<p>[\/fusion_text][fusion_imageframe image_id=&#8221;41499|medium&#8221; max_width=&#8221;&#8221; style_type=&#8221;&#8221; blur=&#8221;&#8221; stylecolor=&#8221;&#8221; hover_type=&#8221;none&#8221; bordersize=&#8221;&#8221; bordercolor=&#8221;&#8221; borderradius=&#8221;&#8221; align=&#8221;none&#8221; lightbox=&#8221;no&#8221; gallery_id=&#8221;&#8221; lightbox_image=&#8221;&#8221; lightbox_image_id=&#8221;&#8221; alt=&#8221;&#8221; link=&#8221;&#8221; linktarget=&#8221;_self&#8221; hide_on_mobile=&#8221;small-visibility,medium-visibility,large-visibility&#8221; class=&#8221;&#8221; id=&#8221;&#8221; animation_type=&#8221;&#8221; animation_direction=&#8221;left&#8221; animation_speed=&#8221;0.3&#8243; animation_offset=&#8221;&#8221;]https:\/\/www.bitacoracdmx.com\/wp-content\/uploads\/2021\/09\/5\u00b0-ANIVERSARIO_Funcion-de-despedida-SOLO-DE-IMPRO-212&#215;300.jpg[\/fusion_imageframe][\/fusion_builder_column][\/fusion_builder_row][\/fusion_builder_container]<\/p>\n","protected":false},"excerpt":{"rendered":"<p>[fusion_builder_container hundred_percent=&#8221;no&#8221; equal_height_columns=&#8221;no&#8221; menu_anchor=&#8221;&#8221; hide_on_mobile=&#8221;small-visibility,medium-visibility,large-visibility&#8221; class=&#8221;&#8221; id=&#8221;&#8221; background_color=&#8221;&#8221; background_image=&#8221;&#8221; background_position=&#8221;center center&#8221; background_repeat=&#8221;no-repeat&#8221; fade=&#8221;no&#8221; background_parallax=&#8221;none&#8221; parallax_speed=&#8221;0.3&#8243; video_mp4=&#8221;&#8221; video_webm=&#8221;&#8221; video_ogv=&#8221;&#8221; video_url=&#8221;&#8221; video_aspect_ratio=&#8221;16:9&#8243; video_loop=&#8221;yes&#8221; video_mute=&#8221;yes&#8221; overlay_color=&#8221;&#8221; video_preview_image=&#8221;&#8221; border_size=&#8221;&#8221; border_color=&#8221;&#8221; border_style=&#8221;solid&#8221; padding_top=&#8221;&#8221; padding_bottom=&#8221;&#8221; padding_left=&#8221;&#8221; padding_right=&#8221;&#8221;][fusion_builder_row][fusion_builder_column type=&#8221;1_1&#8243; layout=&#8221;1_1&#8243; background_position=&#8221;left top&#8221; background_color=&#8221;&#8221; border_size=&#8221;&#8221; border_color=&#8221;&#8221; border_style=&#8221;solid&#8221; border_position=&#8221;all&#8221; spacing=&#8221;yes&#8221; background_image=&#8221;&#8221; background_repeat=&#8221;no-repeat&#8221; padding_top=&#8221;&#8221; padding_right=&#8221;&#8221; padding_bottom=&#8221;&#8221; padding_left=&#8221;&#8221; margin_top=&#8221;0px&#8221; margin_bottom=&#8221;0px&#8221; class=&#8221;&#8221; id=&#8221;&#8221; animation_type=&#8221;&#8221; animation_speed=&#8221;0.3&#8243; animation_direction=&#8221;left&#8221; hide_on_mobile=&#8221;small-visibility,medium-visibility,large-visibility&#8221; center_content=&#8221;no&#8221; last=&#8221;no&#8221; min_height=&#8221;&#8221; hover_type=&#8221;none&#8221; link=&#8221;&#8221;][fusion_text] REDACCI\u00d3N \u201cC\u00f3mo resistir al nomadismo, a temblores y otras pandemias, sin morir en el intento\u201d, ese podr\u00eda ser el lema de Casa del Humor, pues despu\u00e9s de haber vivido estas y otras vicisitudes, creemos que ya nada peor podr\u00eda pasarnos\u2026 [&hellip;]<\/p>\n","protected":false},"author":1,"featured_media":41499,"comment_status":"open","ping_status":"open","sticky":false,"template":"","format":"standard","meta":{"footnotes":""},"categories":[9,14],"tags":[],"_links":{"self":[{"href":"https:\/\/www.bitacoracdmx.com\/index.php?rest_route=\/wp\/v2\/posts\/41498"}],"collection":[{"href":"https:\/\/www.bitacoracdmx.com\/index.php?rest_route=\/wp\/v2\/posts"}],"about":[{"href":"https:\/\/www.bitacoracdmx.com\/index.php?rest_route=\/wp\/v2\/types\/post"}],"author":[{"embeddable":true,"href":"https:\/\/www.bitacoracdmx.com\/index.php?rest_route=\/wp\/v2\/users\/1"}],"replies":[{"embeddable":true,"href":"https:\/\/www.bitacoracdmx.com\/index.php?rest_route=%2Fwp%2Fv2%2Fcomments&post=41498"}],"version-history":[{"count":1,"href":"https:\/\/www.bitacoracdmx.com\/index.php?rest_route=\/wp\/v2\/posts\/41498\/revisions"}],"predecessor-version":[{"id":41500,"href":"https:\/\/www.bitacoracdmx.com\/index.php?rest_route=\/wp\/v2\/posts\/41498\/revisions\/41500"}],"wp:featuredmedia":[{"embeddable":true,"href":"https:\/\/www.bitacoracdmx.com\/index.php?rest_route=\/wp\/v2\/media\/41499"}],"wp:attachment":[{"href":"https:\/\/www.bitacoracdmx.com\/index.php?rest_route=%2Fwp%2Fv2%2Fmedia&parent=41498"}],"wp:term":[{"taxonomy":"category","embeddable":true,"href":"https:\/\/www.bitacoracdmx.com\/index.php?rest_route=%2Fwp%2Fv2%2Fcategories&post=41498"},{"taxonomy":"post_tag","embeddable":true,"href":"https:\/\/www.bitacoracdmx.com\/index.php?rest_route=%2Fwp%2Fv2%2Ftags&post=41498"}],"curies":[{"name":"wp","href":"https:\/\/api.w.org\/{rel}","templated":true}]}}