{"id":41751,"date":"2021-10-15T01:36:49","date_gmt":"2021-10-15T01:36:49","guid":{"rendered":"https:\/\/www.bitacoracdmx.com\/?p=41751"},"modified":"2021-10-15T01:36:49","modified_gmt":"2021-10-15T01:36:49","slug":"recibira-el-teatro-de-la-ciudad-esperanza-iris-el-concierto-fusion-de-ritmos-de-okinawa-y-mexico","status":"publish","type":"post","link":"https:\/\/www.bitacoracdmx.com\/?p=41751","title":{"rendered":"Recibir\u00e1 el Teatro de la Ciudad Esperanza Iris el concierto Fusi\u00f3n de ritmos de Okinawa y M\u00e9xico."},"content":{"rendered":"<p>[fusion_builder_container hundred_percent=&#8221;no&#8221; equal_height_columns=&#8221;no&#8221; menu_anchor=&#8221;&#8221; hide_on_mobile=&#8221;small-visibility,medium-visibility,large-visibility&#8221; class=&#8221;&#8221; id=&#8221;&#8221; background_color=&#8221;&#8221; background_image=&#8221;&#8221; background_position=&#8221;center center&#8221; background_repeat=&#8221;no-repeat&#8221; fade=&#8221;no&#8221; background_parallax=&#8221;none&#8221; parallax_speed=&#8221;0.3&#8243; video_mp4=&#8221;&#8221; video_webm=&#8221;&#8221; video_ogv=&#8221;&#8221; video_url=&#8221;&#8221; video_aspect_ratio=&#8221;16:9&#8243; video_loop=&#8221;yes&#8221; video_mute=&#8221;yes&#8221; overlay_color=&#8221;&#8221; video_preview_image=&#8221;&#8221; border_size=&#8221;&#8221; border_color=&#8221;&#8221; border_style=&#8221;solid&#8221; padding_top=&#8221;&#8221; padding_bottom=&#8221;&#8221; padding_left=&#8221;&#8221; padding_right=&#8221;&#8221;][fusion_builder_row][fusion_builder_column type=&#8221;1_1&#8243; layout=&#8221;1_1&#8243; background_position=&#8221;left top&#8221; background_color=&#8221;&#8221; border_size=&#8221;&#8221; border_color=&#8221;&#8221; border_style=&#8221;solid&#8221; border_position=&#8221;all&#8221; spacing=&#8221;yes&#8221; background_image=&#8221;&#8221; background_repeat=&#8221;no-repeat&#8221; padding_top=&#8221;&#8221; padding_right=&#8221;&#8221; padding_bottom=&#8221;&#8221; padding_left=&#8221;&#8221; margin_top=&#8221;0px&#8221; margin_bottom=&#8221;0px&#8221; class=&#8221;&#8221; id=&#8221;&#8221; animation_type=&#8221;&#8221; animation_speed=&#8221;0.3&#8243; animation_direction=&#8221;left&#8221; hide_on_mobile=&#8221;small-visibility,medium-visibility,large-visibility&#8221; center_content=&#8221;no&#8221; last=&#8221;no&#8221; min_height=&#8221;&#8221; hover_type=&#8221;none&#8221; link=&#8221;&#8221;][fusion_text]<\/p>\n<p>REDACCI\u00d3N<\/p>\n<div>\n<p class=\"x_MsoNormal\">\u25cf <b>Reuni\u00f3n de talentos del japon\u00e9s Takashi Hirayasu y del mexicano Armando Montiel en un concierto que se realizar\u00e1 mi\u00e9rcoles 27 de octubre a las 20:30 horas<\/b><\/p>\n<p class=\"x_MsoNormal\">\u25cf <b>M\u00fasica tradicional de la Jap\u00f3n y M\u00e9xico en una mezcla con jazz, rock y blues<\/b><\/p>\n<\/div>\n<p class=\"x_MsoNormal\">El destacado m\u00fasico japon\u00e9s Takashi Hirayasu (1952) es considerado el \u201cpadre de la m\u00fasica contempor\u00e1nea\u201d de la isla y ciudad de Okinawa, una m\u00edtica regi\u00f3n de fortalezas hist\u00f3ricas declaradas patrimonio mundial y con la poblaci\u00f3n m\u00e1s longeva del mundo. El artista es un maestro virtuoso del\u00a0<i>sanshin<\/i>, instrumento tradicional y precursor del\u00a0<i>shamisen<\/i>\u00a0japon\u00e9s.<\/p>\n<p class=\"x_MsoNormal\">Hirayasu se uni\u00f3 en 1978 a la popular banda de m\u00fasica local Champloose y le agreg\u00f3 expresiones de rock, reggae y de blues africano y caribe\u00f1o. Posteriormente, se inici\u00f3 como solista y colabor\u00f3 entonces con el guitarrista estadounidense Bob Brozman, con quien grab\u00f3 tres discos que le han dado fama y reconocimiento en Estados Unidos y en Europa.<\/p>\n<p class=\"x_MsoNormal\">Este 2021 es significativo para el m\u00fasico de culto japon\u00e9s, ya que realizar\u00e1 su primera gira por pa\u00edses latinoamericanos, entre ellos M\u00e9xico. Aqu\u00ed ofrecer\u00e1 un recital en el\u00a0<b>Teatro de la Ciudad Esperanza Iris<\/b>\u00a0en el marco del 49 Festival Internacional Cervantino.<\/p>\n<p class=\"x_MsoNormal\">Acompa\u00f1ado por el renombrado percusionista mexicano Armando Montiel, Takashi Hirayasu ofrecer\u00e1 el concierto\u00a0<b><i>Fusi\u00f3n de ritmos de Okinawa y M\u00e9xico<\/i><\/b>\u00a0el pr\u00f3ximo\u00a0<b>mi\u00e9rcoles 27 de octubre<\/b>\u00a0a las\u00a0<b>20:30 horas<\/b>\u00a0en el recinto de Donceles 36, en una colaboraci\u00f3n del\u00a0<b>Sistema de Teatros de la Ciudad de M\u00e9xico<\/b>\u00a0y la\u00a0<b>Fundaci\u00f3n Jap\u00f3n en M\u00e9xico<\/b>. En esta ocasi\u00f3n, el dueto ofrecer\u00e1 un espect\u00e1culo de m\u00fasica tradicional de la isla de Okinawa y composiciones originales.<\/p>\n<p class=\"x_MsoNormal\">La m\u00fasica de Hirayasu se caracteriza por ser reflejo del folclore de las islas japonesas del oc\u00e9ano Pac\u00edfico, en especial de Okinawa, pero con toques de modernidad. En sus proyectos incorpora tambi\u00e9n m\u00fasica ind\u00edgena taiwanesa y colabora con artistas de esta naci\u00f3n muy cercana a Okinawa. As\u00ed ha trascendido al plano internacional.<\/p>\n<p class=\"x_MsoNormal\">Hirayasu propone una mezcla de sonidos tradicionales de su isla y de m\u00fasica occidental (blues, jazz y rock), pero en los que destaca el sonido del\u00a0<i>sanshin<\/i>\u00a0\u2013instrumento de cuerdas parecido al la\u00fad\u2013, que ha sido el hilo conductor en la historia de la m\u00fasica de Okinawa y precursor del distintivo\u00a0<i>shamisen<\/i>\u00a0japon\u00e9s.<\/p>\n<p class=\"x_MsoNormal\">En m\u00e1s de 50 a\u00f1os de carrera, el artista tiene en su haber \u00e1lbumes como\u00a0<i>Jin Jin \/ Firefly<\/i>\u00a0(2000) y\u00a0<i>Nankuru Naisa<\/i>\u00a0(2001), ambos al lado de Bob Brozman, considerados como discos de culto por el p\u00fablico. Adem\u00e1s, destacan sus colaboraciones para los CD\u2019s\u00a0<i>The Rough Guide to the Music of Japan<\/i>\u00a0(1999),\u00a0<i>Putumayo Kids presenta: Asian Dreamland<\/i>\u00a0(2006) y\u00a0<i>Gu\u00eda aproximada de Jap\u00f3n<\/i>\u00a0(2008), entre otros.<\/p>\n<p class=\"x_MsoNormal\">Tanto en la Ciudad de M\u00e9xico como en Guanajuato, Hirayasu compartir\u00e1 escenario con el m\u00fasico mexicano Armando Montiel, quien se ha distinguido como uno de los percusionistas m\u00e1s completos de su generaci\u00f3n y es considerado pieza fundamental dentro de la m\u00fasica popular del pa\u00eds.<\/p>\n<p class=\"x_MsoNormal\">Adem\u00e1s, es reconocido por su estilo en el que mezcla jazz, m\u00fasica afroantillana, folclor, rock, experimental y popular, lo que lo ha llevado a colaborar con grupos como Son de Taraf, H\u00e9ctor Infanz\u00f3n Cuarteto, Sacb\u00e9, de Gerardo B\u00e1tiz, Palmera y Abraham Laboriel, entre otros.<\/p>\n<p class=\"x_MsoNormal\">Asimismo, el percusionista alterna su trabajo con proyectos personales como Armando Montiel Septeto de Jazz Latino, Armando Montiel Quinteto, Armando Montiel Tr\u00edo, La Revoltura y Proyecto Pikete.<\/p>\n<p class=\"x_MsoNormal\">El concierto\u00a0<b>Armando Montiel &#8211; Takashi Hirayasu:\u00a0<i>Fusi\u00f3n de ritmos de Okinawa y M\u00e9xico<\/i><\/b>\u00a0se realizar\u00e1 el\u00a0<b>mi\u00e9rcoles 27 de octubre<\/b>\u00a0a las\u00a0<b>20:30 horas<\/b>\u00a0en el\u00a0<b>Teatro de la Ciudad Esperanza Iris<\/b>\u00a0(Donceles 36, Centro Hist\u00f3rico), con las\u00a0disposiciones del sem\u00e1foro epidemiol\u00f3gico vigente: cupo limitado al 75 por ciento de la capacidad del recinto y uso permanente de cubre-bocas, gel anti-bacterial y registro de c\u00f3digo QR por parte tanto del personal del teatro como de los espectadores.<\/p>\n<p class=\"x_MsoNormal\"><b>Admisi\u00f3n<\/b>: 168 pesos, entrada general.\u00a0Los boletos se pueden adquirir en la taquilla del teatro y en\u00a0las plataformas digitales de Ticketmaster.<\/p>\n<p class=\"x_MsoNormal\">Para conocer la programaci\u00f3n de la\u00a0<b>Direcci\u00f3n del Sistema de Teatros de la Ciudad de M\u00e9xico<\/b>\u00a0visite las\u00a0redes sociales: Facebook @TeatrosCdMexico, Twitter @TeatrosCdMexico e Instagram @teatroscdmexico.<\/p>\n<p class=\"x_MsoNormal\">\u00a0Siga a la\u00a0<b>Secretar\u00eda de Cultura de la Ciudad de M\u00e9xico<\/b>\u00a0a trav\u00e9s de su p\u00e1gina oficial (<a href=\"https:\/\/cultura.cdmx.gob.mx\/\" target=\"_blank\" rel=\"noopener noreferrer\" data-auth=\"NotApplicable\" data-linkindex=\"0\">https:\/\/cultura.cdmx.gob.mx\/<\/a>), sus redes sociales (<a href=\"https:\/\/www.facebook.com\/Cultura.Ciudad.de.Mexico\" target=\"_blank\" rel=\"noopener noreferrer\" data-auth=\"NotApplicable\" data-linkindex=\"1\">Facebook<\/a>,\u00a0<a href=\"https:\/\/twitter.com\/CulturaCiudadMx\" target=\"_blank\" rel=\"noopener noreferrer\" data-auth=\"NotApplicable\" data-linkindex=\"2\">Twitter<\/a>,\u00a0<a href=\"https:\/\/www.instagram.com\/culturaciudadmx\/?hl=es-la\" target=\"_blank\" rel=\"noopener noreferrer\" data-auth=\"NotApplicable\" data-linkindex=\"3\">Instagram<\/a>\u00a0y\u00a0<a href=\"https:\/\/www.youtube.com\/user\/culturamadf\" target=\"_blank\" rel=\"noopener noreferrer\" data-auth=\"NotApplicable\" data-linkindex=\"4\">YouTube<\/a>) y en la plataforma digital\u00a0<a href=\"http:\/\/www.capitalculturalennuestracasa.cdmx.gob.mx\/\" target=\"_blank\" rel=\"noopener noreferrer\" data-auth=\"NotApplicable\" data-linkindex=\"5\"><i>Capital Cultural en Nuestra Casa<\/i><\/a>.<\/p>\n<p>[\/fusion_text][fusion_imageframe image_id=&#8221;41752|medium&#8221; max_width=&#8221;&#8221; style_type=&#8221;&#8221; blur=&#8221;&#8221; stylecolor=&#8221;&#8221; hover_type=&#8221;none&#8221; bordersize=&#8221;&#8221; bordercolor=&#8221;&#8221; borderradius=&#8221;&#8221; align=&#8221;none&#8221; lightbox=&#8221;no&#8221; gallery_id=&#8221;&#8221; lightbox_image=&#8221;&#8221; lightbox_image_id=&#8221;&#8221; alt=&#8221;&#8221; link=&#8221;&#8221; linktarget=&#8221;_self&#8221; hide_on_mobile=&#8221;small-visibility,medium-visibility,large-visibility&#8221; class=&#8221;&#8221; id=&#8221;&#8221; animation_type=&#8221;&#8221; animation_direction=&#8221;left&#8221; animation_speed=&#8221;0.3&#8243; animation_offset=&#8221;&#8221;]https:\/\/www.bitacoracdmx.com\/wp-content\/uploads\/2021\/10\/descargar-96-230&#215;300.png[\/fusion_imageframe][\/fusion_builder_column][\/fusion_builder_row][\/fusion_builder_container]<\/p>\n","protected":false},"excerpt":{"rendered":"<p>[fusion_builder_container hundred_percent=&#8221;no&#8221; equal_height_columns=&#8221;no&#8221; menu_anchor=&#8221;&#8221; hide_on_mobile=&#8221;small-visibility,medium-visibility,large-visibility&#8221; class=&#8221;&#8221; id=&#8221;&#8221; background_color=&#8221;&#8221; background_image=&#8221;&#8221; background_position=&#8221;center center&#8221; background_repeat=&#8221;no-repeat&#8221; fade=&#8221;no&#8221; background_parallax=&#8221;none&#8221; parallax_speed=&#8221;0.3&#8243; video_mp4=&#8221;&#8221; video_webm=&#8221;&#8221; video_ogv=&#8221;&#8221; video_url=&#8221;&#8221; video_aspect_ratio=&#8221;16:9&#8243; video_loop=&#8221;yes&#8221; video_mute=&#8221;yes&#8221; overlay_color=&#8221;&#8221; video_preview_image=&#8221;&#8221; border_size=&#8221;&#8221; border_color=&#8221;&#8221; border_style=&#8221;solid&#8221; padding_top=&#8221;&#8221; padding_bottom=&#8221;&#8221; padding_left=&#8221;&#8221; padding_right=&#8221;&#8221;][fusion_builder_row][fusion_builder_column type=&#8221;1_1&#8243; layout=&#8221;1_1&#8243; background_position=&#8221;left top&#8221; background_color=&#8221;&#8221; border_size=&#8221;&#8221; border_color=&#8221;&#8221; border_style=&#8221;solid&#8221; border_position=&#8221;all&#8221; spacing=&#8221;yes&#8221; background_image=&#8221;&#8221; background_repeat=&#8221;no-repeat&#8221; padding_top=&#8221;&#8221; padding_right=&#8221;&#8221; padding_bottom=&#8221;&#8221; padding_left=&#8221;&#8221; margin_top=&#8221;0px&#8221; margin_bottom=&#8221;0px&#8221; class=&#8221;&#8221; id=&#8221;&#8221; animation_type=&#8221;&#8221; animation_speed=&#8221;0.3&#8243; animation_direction=&#8221;left&#8221; hide_on_mobile=&#8221;small-visibility,medium-visibility,large-visibility&#8221; center_content=&#8221;no&#8221; last=&#8221;no&#8221; min_height=&#8221;&#8221; hover_type=&#8221;none&#8221; link=&#8221;&#8221;][fusion_text] REDACCI\u00d3N \u25cf Reuni\u00f3n de talentos del japon\u00e9s Takashi Hirayasu y del mexicano Armando Montiel en un concierto que se realizar\u00e1 mi\u00e9rcoles 27 de octubre a las 20:30 horas \u25cf M\u00fasica tradicional de la Jap\u00f3n y M\u00e9xico en una mezcla con [&hellip;]<\/p>\n","protected":false},"author":1,"featured_media":41752,"comment_status":"open","ping_status":"open","sticky":false,"template":"","format":"standard","meta":{"footnotes":""},"categories":[9,11],"tags":[],"_links":{"self":[{"href":"https:\/\/www.bitacoracdmx.com\/index.php?rest_route=\/wp\/v2\/posts\/41751"}],"collection":[{"href":"https:\/\/www.bitacoracdmx.com\/index.php?rest_route=\/wp\/v2\/posts"}],"about":[{"href":"https:\/\/www.bitacoracdmx.com\/index.php?rest_route=\/wp\/v2\/types\/post"}],"author":[{"embeddable":true,"href":"https:\/\/www.bitacoracdmx.com\/index.php?rest_route=\/wp\/v2\/users\/1"}],"replies":[{"embeddable":true,"href":"https:\/\/www.bitacoracdmx.com\/index.php?rest_route=%2Fwp%2Fv2%2Fcomments&post=41751"}],"version-history":[{"count":1,"href":"https:\/\/www.bitacoracdmx.com\/index.php?rest_route=\/wp\/v2\/posts\/41751\/revisions"}],"predecessor-version":[{"id":41753,"href":"https:\/\/www.bitacoracdmx.com\/index.php?rest_route=\/wp\/v2\/posts\/41751\/revisions\/41753"}],"wp:featuredmedia":[{"embeddable":true,"href":"https:\/\/www.bitacoracdmx.com\/index.php?rest_route=\/wp\/v2\/media\/41752"}],"wp:attachment":[{"href":"https:\/\/www.bitacoracdmx.com\/index.php?rest_route=%2Fwp%2Fv2%2Fmedia&parent=41751"}],"wp:term":[{"taxonomy":"category","embeddable":true,"href":"https:\/\/www.bitacoracdmx.com\/index.php?rest_route=%2Fwp%2Fv2%2Fcategories&post=41751"},{"taxonomy":"post_tag","embeddable":true,"href":"https:\/\/www.bitacoracdmx.com\/index.php?rest_route=%2Fwp%2Fv2%2Ftags&post=41751"}],"curies":[{"name":"wp","href":"https:\/\/api.w.org\/{rel}","templated":true}]}}