{"id":41785,"date":"2021-10-17T02:14:51","date_gmt":"2021-10-17T02:14:51","guid":{"rendered":"https:\/\/www.bitacoracdmx.com\/?p=41785"},"modified":"2021-10-17T02:14:51","modified_gmt":"2021-10-17T02:14:51","slug":"alika-la-nueva-alianza-regresa-a-cdmx-para-ofrecer-show-en-la-terraza-franciscana","status":"publish","type":"post","link":"https:\/\/www.bitacoracdmx.com\/?p=41785","title":{"rendered":"ALIKA &#038; LA NUEVA ALIANZA regresa a CDMX para ofrecer show en la TERRAZA FRANCISCANA."},"content":{"rendered":"<p>[fusion_builder_container hundred_percent=&#8221;no&#8221; equal_height_columns=&#8221;no&#8221; menu_anchor=&#8221;&#8221; hide_on_mobile=&#8221;small-visibility,medium-visibility,large-visibility&#8221; class=&#8221;&#8221; id=&#8221;&#8221; background_color=&#8221;&#8221; background_image=&#8221;&#8221; background_position=&#8221;center center&#8221; background_repeat=&#8221;no-repeat&#8221; fade=&#8221;no&#8221; background_parallax=&#8221;none&#8221; parallax_speed=&#8221;0.3&#8243; video_mp4=&#8221;&#8221; video_webm=&#8221;&#8221; video_ogv=&#8221;&#8221; video_url=&#8221;&#8221; video_aspect_ratio=&#8221;16:9&#8243; video_loop=&#8221;yes&#8221; video_mute=&#8221;yes&#8221; overlay_color=&#8221;&#8221; video_preview_image=&#8221;&#8221; border_size=&#8221;&#8221; border_color=&#8221;&#8221; border_style=&#8221;solid&#8221; padding_top=&#8221;&#8221; padding_bottom=&#8221;&#8221; padding_left=&#8221;&#8221; padding_right=&#8221;&#8221;][fusion_builder_row][fusion_builder_column type=&#8221;1_1&#8243; layout=&#8221;1_1&#8243; background_position=&#8221;left top&#8221; background_color=&#8221;&#8221; border_size=&#8221;&#8221; border_color=&#8221;&#8221; border_style=&#8221;solid&#8221; border_position=&#8221;all&#8221; spacing=&#8221;yes&#8221; background_image=&#8221;&#8221; background_repeat=&#8221;no-repeat&#8221; padding_top=&#8221;&#8221; padding_right=&#8221;&#8221; padding_bottom=&#8221;&#8221; padding_left=&#8221;&#8221; margin_top=&#8221;0px&#8221; margin_bottom=&#8221;0px&#8221; class=&#8221;&#8221; id=&#8221;&#8221; animation_type=&#8221;&#8221; animation_speed=&#8221;0.3&#8243; animation_direction=&#8221;left&#8221; hide_on_mobile=&#8221;small-visibility,medium-visibility,large-visibility&#8221; center_content=&#8221;no&#8221; last=&#8221;no&#8221; min_height=&#8221;&#8221; hover_type=&#8221;none&#8221; link=&#8221;&#8221;][fusion_text]<\/p>\n<p>REDACCI\u00d3N<\/p>\n<p><b><i>*Se presentar\u00e1 a las 7 de la noche este Viernes 05 de Noviembre en la Terraza Franciscana, ubicada en Jes\u00fas Mar\u00eda No. 42 Colonia Centro Hist\u00f3rico en la Ciudad de M\u00e9xico<\/i><\/b><\/p>\n<p><b><i>*Boletos a la venta en el Sistema Wegow en\u00a0<a href=\"https:\/\/www.wegow.com\/es-mx\/\" target=\"_blank\" rel=\"noopener noreferrer\" data-auth=\"NotApplicable\" data-linkindex=\"3\">https:\/\/www.wegow.com\/es-mx\/<\/a><\/i><\/b><\/p>\n<p><b>Convertida en uno de los referentes m\u00e1s importantes del Roots Reggae Dancehall de habla hispana, Alika &amp; Nueva Alianza se encuentra lista para ofrecer este Viernes 05 de Noviembre en la Terraza Franciscana, ubicada en Jes\u00fas Mar\u00eda No. 42 Colonia Centro Hist\u00f3rico en la Ciudad de M\u00e9xico un repaso a manera sound system de los \u00e9xitos que la han distinguido a lo largo de los a\u00f1os, todo ello a partir de las 7 de la noche. En dicho recital se se privilegiar\u00e1 la sana distancia y se extremar\u00e1n todas las medidas sanitarias conforme las indicaciones de las autoridades. Influenciada notablemente por el Hip Hop, Alika tiene 6 \u00e1lbumes de estudio hasta la fecha y se le atribuye haber creado algunos de los grandes himnos del Reggae en espa\u00f1ol.<\/b><\/p>\n<p><b>Alika es una poderosa cantante que se ha destacado por su energ\u00eda en el escenario, a la vez que su m\u00fasica la ha llevado a pisar escenarios en 4 continentes. Alika suma la fecha 6 \u00e1lbumes de estudio y se le atribuye haber creado algunos de los grandes himnos del reggae en espa\u00f1ol. Canciones como \u201cEj\u00e9rcito Despierta\u201d, \u201cNo te pongas triste\u201d, \u201cGalang\u201d, \u201cEl rugido del Le\u00f3n\u201d, \u201cCostumbre de matar\u201d y \u201cOye mi amiga\u201d la han convertido en una estrella internacional del reggae, cuyo t\u00edtulo ha sabido refrendar holgadamente en festivales tan importantes como el Rototom Sunsplash en Espa\u00f1a, Jamming Summer 2018 en Colombia, Lowland Fest en Holanda o el Brooklyn Bowl en Nueva York, incluyendo una gira por Jap\u00f3n en 2017 que la han ayudado a colocar el reggae latino en el mapa mundial.<\/b><\/p>\n<p><b>Originaria de Uruguay, Alika ha ganado reconocimiento como una voz fuertemente consciente que emana de Am\u00e9rica Latina, escribiendo letras directas y claras que hablan del respeto, la dignidad y la confianza en uno mismo, relata situaciones y problemas comunes en los barrios del tercer mundo logrando reconocimiento, primero en el reggae argentino y luego en la escena del Dancehall mundial.<\/b><\/p>\n<p><b>Ahora en el marco de una gira que la est\u00e1 llevando por numerosos pa\u00edses, Alika suena muy fuerte en las calles para su show previsto este Viernes 05 de Noviembre en la Terraza Franciscana, ubicada en Jes\u00fas Mar\u00eda No. 42 Colonia Centro Hist\u00f3rico en la Ciudad de M\u00e9xico a partir de las siete de la noche. Boletos a la venta en Wegow en\u00a0<a href=\"https:\/\/www.wegow.com\/es-mx\/\" target=\"_blank\" rel=\"noopener noreferrer\" data-auth=\"NotApplicable\" data-linkindex=\"4\">https:\/\/www.wegow.com\/es-mx\/<\/a>\u00a0<\/b><\/p>\n<p>[\/fusion_text][fusion_imageframe image_id=&#8221;41786|medium&#8221; max_width=&#8221;&#8221; style_type=&#8221;&#8221; blur=&#8221;&#8221; stylecolor=&#8221;&#8221; hover_type=&#8221;none&#8221; bordersize=&#8221;&#8221; bordercolor=&#8221;&#8221; borderradius=&#8221;&#8221; align=&#8221;none&#8221; lightbox=&#8221;no&#8221; gallery_id=&#8221;&#8221; lightbox_image=&#8221;&#8221; lightbox_image_id=&#8221;&#8221; alt=&#8221;&#8221; link=&#8221;&#8221; linktarget=&#8221;_self&#8221; hide_on_mobile=&#8221;small-visibility,medium-visibility,large-visibility&#8221; class=&#8221;&#8221; id=&#8221;&#8221; animation_type=&#8221;&#8221; animation_direction=&#8221;left&#8221; animation_speed=&#8221;0.3&#8243; animation_offset=&#8221;&#8221;]https:\/\/www.bitacoracdmx.com\/wp-content\/uploads\/2021\/10\/ALIKA-OCT-2021-CARTEL-TERRAZA-FRANCISCANA-300&#215;300.jpg[\/fusion_imageframe][\/fusion_builder_column][\/fusion_builder_row][\/fusion_builder_container]<\/p>\n","protected":false},"excerpt":{"rendered":"<p>[fusion_builder_container hundred_percent=&#8221;no&#8221; equal_height_columns=&#8221;no&#8221; menu_anchor=&#8221;&#8221; hide_on_mobile=&#8221;small-visibility,medium-visibility,large-visibility&#8221; class=&#8221;&#8221; id=&#8221;&#8221; background_color=&#8221;&#8221; background_image=&#8221;&#8221; background_position=&#8221;center center&#8221; background_repeat=&#8221;no-repeat&#8221; fade=&#8221;no&#8221; background_parallax=&#8221;none&#8221; parallax_speed=&#8221;0.3&#8243; video_mp4=&#8221;&#8221; video_webm=&#8221;&#8221; video_ogv=&#8221;&#8221; video_url=&#8221;&#8221; video_aspect_ratio=&#8221;16:9&#8243; video_loop=&#8221;yes&#8221; video_mute=&#8221;yes&#8221; overlay_color=&#8221;&#8221; video_preview_image=&#8221;&#8221; border_size=&#8221;&#8221; border_color=&#8221;&#8221; border_style=&#8221;solid&#8221; padding_top=&#8221;&#8221; padding_bottom=&#8221;&#8221; padding_left=&#8221;&#8221; padding_right=&#8221;&#8221;][fusion_builder_row][fusion_builder_column type=&#8221;1_1&#8243; layout=&#8221;1_1&#8243; background_position=&#8221;left top&#8221; background_color=&#8221;&#8221; border_size=&#8221;&#8221; border_color=&#8221;&#8221; border_style=&#8221;solid&#8221; border_position=&#8221;all&#8221; spacing=&#8221;yes&#8221; background_image=&#8221;&#8221; background_repeat=&#8221;no-repeat&#8221; padding_top=&#8221;&#8221; padding_right=&#8221;&#8221; padding_bottom=&#8221;&#8221; padding_left=&#8221;&#8221; margin_top=&#8221;0px&#8221; margin_bottom=&#8221;0px&#8221; class=&#8221;&#8221; id=&#8221;&#8221; animation_type=&#8221;&#8221; animation_speed=&#8221;0.3&#8243; animation_direction=&#8221;left&#8221; hide_on_mobile=&#8221;small-visibility,medium-visibility,large-visibility&#8221; center_content=&#8221;no&#8221; last=&#8221;no&#8221; min_height=&#8221;&#8221; hover_type=&#8221;none&#8221; link=&#8221;&#8221;][fusion_text] REDACCI\u00d3N *Se presentar\u00e1 a las 7 de la noche este Viernes 05 de Noviembre en la Terraza Franciscana, ubicada en Jes\u00fas Mar\u00eda No. 42 Colonia Centro Hist\u00f3rico en la Ciudad de M\u00e9xico *Boletos a la venta en el Sistema Wegow [&hellip;]<\/p>\n","protected":false},"author":1,"featured_media":41786,"comment_status":"open","ping_status":"open","sticky":false,"template":"","format":"standard","meta":{"footnotes":""},"categories":[9,11],"tags":[],"_links":{"self":[{"href":"https:\/\/www.bitacoracdmx.com\/index.php?rest_route=\/wp\/v2\/posts\/41785"}],"collection":[{"href":"https:\/\/www.bitacoracdmx.com\/index.php?rest_route=\/wp\/v2\/posts"}],"about":[{"href":"https:\/\/www.bitacoracdmx.com\/index.php?rest_route=\/wp\/v2\/types\/post"}],"author":[{"embeddable":true,"href":"https:\/\/www.bitacoracdmx.com\/index.php?rest_route=\/wp\/v2\/users\/1"}],"replies":[{"embeddable":true,"href":"https:\/\/www.bitacoracdmx.com\/index.php?rest_route=%2Fwp%2Fv2%2Fcomments&post=41785"}],"version-history":[{"count":1,"href":"https:\/\/www.bitacoracdmx.com\/index.php?rest_route=\/wp\/v2\/posts\/41785\/revisions"}],"predecessor-version":[{"id":41787,"href":"https:\/\/www.bitacoracdmx.com\/index.php?rest_route=\/wp\/v2\/posts\/41785\/revisions\/41787"}],"wp:featuredmedia":[{"embeddable":true,"href":"https:\/\/www.bitacoracdmx.com\/index.php?rest_route=\/wp\/v2\/media\/41786"}],"wp:attachment":[{"href":"https:\/\/www.bitacoracdmx.com\/index.php?rest_route=%2Fwp%2Fv2%2Fmedia&parent=41785"}],"wp:term":[{"taxonomy":"category","embeddable":true,"href":"https:\/\/www.bitacoracdmx.com\/index.php?rest_route=%2Fwp%2Fv2%2Fcategories&post=41785"},{"taxonomy":"post_tag","embeddable":true,"href":"https:\/\/www.bitacoracdmx.com\/index.php?rest_route=%2Fwp%2Fv2%2Ftags&post=41785"}],"curies":[{"name":"wp","href":"https:\/\/api.w.org\/{rel}","templated":true}]}}