{"id":41788,"date":"2021-10-17T02:39:14","date_gmt":"2021-10-17T02:39:14","guid":{"rendered":"https:\/\/www.bitacoracdmx.com\/?p=41788"},"modified":"2021-10-17T02:39:14","modified_gmt":"2021-10-17T02:39:14","slug":"jazz-fusion-electronico-con-hector-hellion-en-el-teatro-ofelia-este-21-de-octubre","status":"publish","type":"post","link":"https:\/\/www.bitacoracdmx.com\/?p=41788","title":{"rendered":"Jazz Fusi\u00f3n Electr\u00f3nico con HECTOR HELLION en el Teatro Ofelia este 21 de Octubre."},"content":{"rendered":"<p>[fusion_builder_container hundred_percent=&#8221;no&#8221; equal_height_columns=&#8221;no&#8221; menu_anchor=&#8221;&#8221; hide_on_mobile=&#8221;small-visibility,medium-visibility,large-visibility&#8221; class=&#8221;&#8221; id=&#8221;&#8221; background_color=&#8221;&#8221; background_image=&#8221;&#8221; background_position=&#8221;center center&#8221; background_repeat=&#8221;no-repeat&#8221; fade=&#8221;no&#8221; background_parallax=&#8221;none&#8221; parallax_speed=&#8221;0.3&#8243; video_mp4=&#8221;&#8221; video_webm=&#8221;&#8221; video_ogv=&#8221;&#8221; video_url=&#8221;&#8221; video_aspect_ratio=&#8221;16:9&#8243; video_loop=&#8221;yes&#8221; video_mute=&#8221;yes&#8221; overlay_color=&#8221;&#8221; video_preview_image=&#8221;&#8221; border_size=&#8221;&#8221; border_color=&#8221;&#8221; border_style=&#8221;solid&#8221; padding_top=&#8221;&#8221; padding_bottom=&#8221;&#8221; padding_left=&#8221;&#8221; padding_right=&#8221;&#8221;][fusion_builder_row][fusion_builder_column type=&#8221;1_1&#8243; layout=&#8221;1_1&#8243; background_position=&#8221;left top&#8221; background_color=&#8221;&#8221; border_size=&#8221;&#8221; border_color=&#8221;&#8221; border_style=&#8221;solid&#8221; border_position=&#8221;all&#8221; spacing=&#8221;yes&#8221; background_image=&#8221;&#8221; background_repeat=&#8221;no-repeat&#8221; padding_top=&#8221;&#8221; padding_right=&#8221;&#8221; padding_bottom=&#8221;&#8221; padding_left=&#8221;&#8221; margin_top=&#8221;0px&#8221; margin_bottom=&#8221;0px&#8221; class=&#8221;&#8221; id=&#8221;&#8221; animation_type=&#8221;&#8221; animation_speed=&#8221;0.3&#8243; animation_direction=&#8221;left&#8221; hide_on_mobile=&#8221;small-visibility,medium-visibility,large-visibility&#8221; center_content=&#8221;no&#8221; last=&#8221;no&#8221; min_height=&#8221;&#8221; hover_type=&#8221;none&#8221; link=&#8221;&#8221;][fusion_text]<\/p>\n<p>REDACCI\u00d3N<\/p>\n<p><strong>-Se presentar\u00e1 como Power Tr\u00edo con dos invitados de lujo: Jorge Ferrer y Jibr\u00e1n Valdez.<\/strong><\/p>\n<p><strong>Hector Hellion<\/strong>\u00a0se presentar\u00e1 en la CDMX con un espect\u00e1culo de\u00a0<strong>Jazz Fusi\u00f3n electr\u00f3nico<\/strong>, haciendo una selecci\u00f3n de temas de sus \u00e1lbumes\u00a0<strong>&#8220;Electric Animal&#8221;\u00a0<\/strong>y\u00a0<strong>&#8220;Funkalicious&#8221;<\/strong>, as\u00ed como temas totalmente in\u00e9ditos que ser\u00e1n estrenados este\u00a0<strong>21 de Octubre<\/strong>\u00a0en el\u00a0<strong>Teatro Ofelia de la CDMX<\/strong>\u00a0a las 20 Hrs.<\/p>\n<p>El concierto contar\u00e1 con 2 invitados de lujo:<strong>\u00a0Jorge Ferrer<\/strong>, guitarrista de Gypsy Jazz y Rock Progresivo y<strong>\u00a0Jibr\u00e1n Valdez<\/strong>, baterista virtuoso del Funk y del Jazz.<\/p>\n<p>Ser\u00e1 adem\u00e1s la primera vez que\u00a0<strong>Hector Hellion<\/strong>\u00a0se presente en M\u00e9xico con agrupaci\u00f3n Power Trio, lo cual nos regalar\u00e1 una ocasi\u00f3n \u00fanica y memorable.<\/p>\n<p>Se puede reservar al: al 5516886451 y el costo ser\u00e1 de $200 pesos presentando la reservaci\u00f3n \u00f3 asistir directo a Taquilla el d\u00eda del evento con un costo de $250 pesos.<\/p>\n<p><strong>Hector Hellion<\/strong> toca la guitarra, el bajo, el chapman stick y el ukulele. \u00c9l est\u00e1 comprometido con la continua investigaci\u00f3n de los recursos t\u00e9cnicos, expresivos y sonoros que estos instrumentos pueden ofrecer.<\/p>\n<p>El espect\u00e1culo de<strong>\u00a0Hector Hellion<\/strong>\u00a0se ha presentado con \u00e9xito en M\u00e9xico, Italia, Suiza, Francia y Estados Unidos. La audiencia ha definido su m\u00fasica como hipn\u00f3tica, retorcida y llena de fuerza.<\/p>\n<p>Sus conciertos est\u00e1n rodeados de virtuosa adrenalina, manteniendo un sonido pragm\u00e1tico.<\/p>\n<p>Su m\u00fasica explora g\u00e9neros como el funk, metal, latino, jazz, balc\u00e1nico, cl\u00e1sico y ritmos de rock electr\u00f3nico. Se encuentran disponibles en Spotify, Amazon, Deezer, Apple Music, YouTube Music y otras plataformas digitales.<\/p>\n<p>Cuenta con 5 producciones musicales en su discograf\u00eda y tambi\u00e9n ha escrito partituras para obras de teatro y cortometrajes que se han presentado en el Festival de Cannes.<\/p>\n<p>Actualmente,\u00a0<strong>Hector Hellion<\/strong>\u00a0es patrocinado por guitarras\u00a0<strong><em>Iba\u00f1ez<\/em><\/strong>\u00a0y cuerdas\u00a0<em><strong>Jimmy Wess<\/strong><\/em><\/p>\n<p>Aprovechen esta oportunidad de poder escuchar a<strong>\u00a0HECTOR HELLION<\/strong> en la CDMX.<\/p>\n<p><strong>JUEVES 21 DE OCTUBRE, 2021<\/strong><br \/>\n<strong>CONCIERTO DE JAZZ FUSI\u00d3N ELECTR\u00d3NICO<\/strong><br \/>\n<strong>con<\/strong><br \/>\n<strong>HECTOR HELLION<\/strong><br \/>\n<strong>M\u00fasicos invitados: Jorge Ferrer y Jibr\u00e1n Valdez.<\/strong><br \/>\n<strong>TEATRO OFELIA<\/strong><br \/>\n<strong>Av. Thiers 287, Col. Anzures, Alcald\u00eda Miguel Hidalgo, CP 11590, CDMX.<\/strong><br \/>\n<strong>20 Hrs.<\/strong><br \/>\n<strong>$200 con Reservaci\u00f3n al: 5516886451<\/strong><br \/>\n<strong>$250 en Taquiila el d\u00eda del evento.<\/strong><\/p>\n<p>Redes Sociales:<br \/>\n<a href=\"https:\/\/clicks.fanbridge.com\/l.php?cid=1583594&amp;sid=287611348&amp;url=https%3A%2F%2Fwww.facebook.com%2Fhhellion\" target=\"_blank\" rel=\"noopener noreferrer\" data-auth=\"NotApplicable\" data-linkindex=\"2\">https:\/\/www.facebook.com\/hhellion<\/a><br \/>\n<a href=\"https:\/\/clicks.fanbridge.com\/l.php?cid=1583594&amp;sid=287611348&amp;url=https%3A%2F%2Ftwitter.com%2FHectorHellion\" target=\"_blank\" rel=\"noopener noreferrer\" data-auth=\"NotApplicable\" data-linkindex=\"3\">https:\/\/twitter.com\/HectorHellion<\/a><br \/>\n<a href=\"https:\/\/clicks.fanbridge.com\/l.php?cid=1583594&amp;sid=287611348&amp;url=https%3A%2F%2Fwww.instagram.com%2Fhectorhellion%2F\" target=\"_blank\" rel=\"noopener noreferrer\" data-auth=\"NotApplicable\" data-linkindex=\"4\">https:\/\/www.instagram.com\/hectorhellion\/<\/a><\/p>\n<p>https:\/\/www.hectorhellion.com\/<\/p>\n<p>[\/fusion_text][fusion_imageframe image_id=&#8221;41789|medium&#8221; max_width=&#8221;&#8221; style_type=&#8221;&#8221; blur=&#8221;&#8221; stylecolor=&#8221;&#8221; hover_type=&#8221;none&#8221; bordersize=&#8221;&#8221; bordercolor=&#8221;&#8221; borderradius=&#8221;&#8221; align=&#8221;none&#8221; lightbox=&#8221;no&#8221; gallery_id=&#8221;&#8221; lightbox_image=&#8221;&#8221; lightbox_image_id=&#8221;&#8221; alt=&#8221;&#8221; link=&#8221;&#8221; linktarget=&#8221;_self&#8221; hide_on_mobile=&#8221;small-visibility,medium-visibility,large-visibility&#8221; class=&#8221;&#8221; id=&#8221;&#8221; animation_type=&#8221;&#8221; animation_direction=&#8221;left&#8221; animation_speed=&#8221;0.3&#8243; animation_offset=&#8221;&#8221;]https:\/\/www.bitacoracdmx.com\/wp-content\/uploads\/2021\/10\/blob-2021-10-16T213233.071-277&#215;300.jpg[\/fusion_imageframe][\/fusion_builder_column][\/fusion_builder_row][\/fusion_builder_container]<\/p>\n","protected":false},"excerpt":{"rendered":"<p>[fusion_builder_container hundred_percent=&#8221;no&#8221; equal_height_columns=&#8221;no&#8221; menu_anchor=&#8221;&#8221; hide_on_mobile=&#8221;small-visibility,medium-visibility,large-visibility&#8221; class=&#8221;&#8221; id=&#8221;&#8221; background_color=&#8221;&#8221; background_image=&#8221;&#8221; background_position=&#8221;center center&#8221; background_repeat=&#8221;no-repeat&#8221; fade=&#8221;no&#8221; background_parallax=&#8221;none&#8221; parallax_speed=&#8221;0.3&#8243; video_mp4=&#8221;&#8221; video_webm=&#8221;&#8221; video_ogv=&#8221;&#8221; video_url=&#8221;&#8221; video_aspect_ratio=&#8221;16:9&#8243; video_loop=&#8221;yes&#8221; video_mute=&#8221;yes&#8221; overlay_color=&#8221;&#8221; video_preview_image=&#8221;&#8221; border_size=&#8221;&#8221; border_color=&#8221;&#8221; border_style=&#8221;solid&#8221; padding_top=&#8221;&#8221; padding_bottom=&#8221;&#8221; padding_left=&#8221;&#8221; padding_right=&#8221;&#8221;][fusion_builder_row][fusion_builder_column type=&#8221;1_1&#8243; layout=&#8221;1_1&#8243; background_position=&#8221;left top&#8221; background_color=&#8221;&#8221; border_size=&#8221;&#8221; border_color=&#8221;&#8221; border_style=&#8221;solid&#8221; border_position=&#8221;all&#8221; spacing=&#8221;yes&#8221; background_image=&#8221;&#8221; background_repeat=&#8221;no-repeat&#8221; padding_top=&#8221;&#8221; padding_right=&#8221;&#8221; padding_bottom=&#8221;&#8221; padding_left=&#8221;&#8221; margin_top=&#8221;0px&#8221; margin_bottom=&#8221;0px&#8221; class=&#8221;&#8221; id=&#8221;&#8221; animation_type=&#8221;&#8221; animation_speed=&#8221;0.3&#8243; animation_direction=&#8221;left&#8221; hide_on_mobile=&#8221;small-visibility,medium-visibility,large-visibility&#8221; center_content=&#8221;no&#8221; last=&#8221;no&#8221; min_height=&#8221;&#8221; hover_type=&#8221;none&#8221; link=&#8221;&#8221;][fusion_text] REDACCI\u00d3N -Se presentar\u00e1 como Power Tr\u00edo con dos invitados de lujo: Jorge Ferrer y Jibr\u00e1n Valdez. Hector Hellion\u00a0se presentar\u00e1 en la CDMX con un espect\u00e1culo de\u00a0Jazz Fusi\u00f3n electr\u00f3nico, haciendo una selecci\u00f3n de temas de sus \u00e1lbumes\u00a0&#8220;Electric Animal&#8221;\u00a0y\u00a0&#8220;Funkalicious&#8221;, as\u00ed como temas [&hellip;]<\/p>\n","protected":false},"author":1,"featured_media":41789,"comment_status":"open","ping_status":"open","sticky":false,"template":"","format":"standard","meta":{"footnotes":""},"categories":[9,11],"tags":[],"_links":{"self":[{"href":"https:\/\/www.bitacoracdmx.com\/index.php?rest_route=\/wp\/v2\/posts\/41788"}],"collection":[{"href":"https:\/\/www.bitacoracdmx.com\/index.php?rest_route=\/wp\/v2\/posts"}],"about":[{"href":"https:\/\/www.bitacoracdmx.com\/index.php?rest_route=\/wp\/v2\/types\/post"}],"author":[{"embeddable":true,"href":"https:\/\/www.bitacoracdmx.com\/index.php?rest_route=\/wp\/v2\/users\/1"}],"replies":[{"embeddable":true,"href":"https:\/\/www.bitacoracdmx.com\/index.php?rest_route=%2Fwp%2Fv2%2Fcomments&post=41788"}],"version-history":[{"count":1,"href":"https:\/\/www.bitacoracdmx.com\/index.php?rest_route=\/wp\/v2\/posts\/41788\/revisions"}],"predecessor-version":[{"id":41790,"href":"https:\/\/www.bitacoracdmx.com\/index.php?rest_route=\/wp\/v2\/posts\/41788\/revisions\/41790"}],"wp:featuredmedia":[{"embeddable":true,"href":"https:\/\/www.bitacoracdmx.com\/index.php?rest_route=\/wp\/v2\/media\/41789"}],"wp:attachment":[{"href":"https:\/\/www.bitacoracdmx.com\/index.php?rest_route=%2Fwp%2Fv2%2Fmedia&parent=41788"}],"wp:term":[{"taxonomy":"category","embeddable":true,"href":"https:\/\/www.bitacoracdmx.com\/index.php?rest_route=%2Fwp%2Fv2%2Fcategories&post=41788"},{"taxonomy":"post_tag","embeddable":true,"href":"https:\/\/www.bitacoracdmx.com\/index.php?rest_route=%2Fwp%2Fv2%2Ftags&post=41788"}],"curies":[{"name":"wp","href":"https:\/\/api.w.org\/{rel}","templated":true}]}}