{"id":41791,"date":"2021-10-17T03:09:42","date_gmt":"2021-10-17T03:09:42","guid":{"rendered":"https:\/\/www.bitacoracdmx.com\/?p=41791"},"modified":"2021-10-17T03:09:42","modified_gmt":"2021-10-17T03:09:42","slug":"la-compania-idiotas-teatro-lleva-a-escena-a-golpe-de-calcetin-del-cuentista-mexicano-francisco-hinojosa","status":"publish","type":"post","link":"https:\/\/www.bitacoracdmx.com\/?p=41791","title":{"rendered":"La compa\u00f1\u00eda Idiotas Teatro lleva a escena: A golpe de calcet\u00edn, del cuentista mexicano Francisco Hinojosa."},"content":{"rendered":"<p>[fusion_builder_container hundred_percent=&#8221;no&#8221; equal_height_columns=&#8221;no&#8221; menu_anchor=&#8221;&#8221; hide_on_mobile=&#8221;small-visibility,medium-visibility,large-visibility&#8221; class=&#8221;&#8221; id=&#8221;&#8221; background_color=&#8221;&#8221; background_image=&#8221;&#8221; background_position=&#8221;center center&#8221; background_repeat=&#8221;no-repeat&#8221; fade=&#8221;no&#8221; background_parallax=&#8221;none&#8221; parallax_speed=&#8221;0.3&#8243; video_mp4=&#8221;&#8221; video_webm=&#8221;&#8221; video_ogv=&#8221;&#8221; video_url=&#8221;&#8221; video_aspect_ratio=&#8221;16:9&#8243; video_loop=&#8221;yes&#8221; video_mute=&#8221;yes&#8221; overlay_color=&#8221;&#8221; video_preview_image=&#8221;&#8221; border_size=&#8221;&#8221; border_color=&#8221;&#8221; border_style=&#8221;solid&#8221; padding_top=&#8221;&#8221; padding_bottom=&#8221;&#8221; padding_left=&#8221;&#8221; padding_right=&#8221;&#8221;][fusion_builder_row][fusion_builder_column type=&#8221;1_1&#8243; layout=&#8221;1_1&#8243; background_position=&#8221;left top&#8221; background_color=&#8221;&#8221; border_size=&#8221;&#8221; border_color=&#8221;&#8221; border_style=&#8221;solid&#8221; border_position=&#8221;all&#8221; spacing=&#8221;yes&#8221; background_image=&#8221;&#8221; background_repeat=&#8221;no-repeat&#8221; padding_top=&#8221;&#8221; padding_right=&#8221;&#8221; padding_bottom=&#8221;&#8221; padding_left=&#8221;&#8221; margin_top=&#8221;0px&#8221; margin_bottom=&#8221;0px&#8221; class=&#8221;&#8221; id=&#8221;&#8221; animation_type=&#8221;&#8221; animation_speed=&#8221;0.3&#8243; animation_direction=&#8221;left&#8221; hide_on_mobile=&#8221;small-visibility,medium-visibility,large-visibility&#8221; center_content=&#8221;no&#8221; last=&#8221;no&#8221; min_height=&#8221;&#8221; hover_type=&#8221;none&#8221; link=&#8221;&#8221;][fusion_text]<\/p>\n<p>REDACCI\u00d3N<\/p>\n<p>\u2022 Del 23 de octubre al 19 de diciembre de 2021 (no hay funciones el 4 y el 5 de diciembre) y del 8 al 16 de enero de 2022.<br \/>\n\u2022 50% de descuento hasta el 23 octubre.<br \/>\n\u2022 En el marco del d\u00e9cimo aniversario de la compa\u00f1\u00eda Idiotas Teatro.<\/p>\n<div><em>La vida te ense\u00f1a a golpe de calcet\u00edn<\/em><\/div>\n<div><\/div>\n<div>\n<p>La compa\u00f1\u00eda Idiotas Teatro, en colaboraci\u00f3n con 25 Producci\u00f3n, celebra 10 a\u00f1os de trayectoria art\u00edstica con la puesta en escena: <em>A<\/em>\u00a0<em>golpe de calcet\u00edn,<\/em>\u00a0del escritor Francisco Hinojosa, con la adaptaci\u00f3n de la dramaturga Ileana Villarreal, bajo la direcci\u00f3n de Cristian David y Fernando Reyes Reyes. Se presentar\u00e1 del 23 de octubre al 19 de diciembre, los s\u00e1bados y domingos a las 13:00 horas, en el Teatro Hel\u00e9nico.<\/p>\n<p>El cuento de Francisco Hinojosa, ahora materializado en escena, presenta a un personaje peculiar: Paco Poyo, un ni\u00f1o de 10 a\u00f1os que abandon\u00f3 la escuela en consecuencia de la crisis econ\u00f3mica que enfrentaba la clase obrera de la \u00e9poca posrevolucionaria. Es as\u00ed como recorre las calles de la Ciudad de M\u00e9xico vendiendo peri\u00f3dicos \u201ca golpe \u00a0de calcet\u00edn\u201d \u2014expresi\u00f3n coloquial que se usa para referirse a alguien que anda a pie o que aprende lo que sabe a trav\u00e9s de la experiencia\u2014. De pronto, un misterioso personaje le ofrece comprarle todos sus peri\u00f3dicos a cambio de que le haga un favor, Paco Poyo acepta sin imaginar que una misi\u00f3n aparentemente f\u00e1cil y divertida, lo conducir\u00e1 a formar parte de los titulares de los diarios que \u00e9l mismo vend\u00eda.<\/p>\n<p><em>A golpe de calcet\u00edn <\/em>es una obra para toda la familia que tiene como propuesta esc\u00e9nica la m\u00fasica en vivo, el juego de m\u00e1scaras, t\u00edteres y objetos; esta combinaci\u00f3n multidisciplinaria le da vida al universo de Paco Poyo, quien sale de casa para enfrentarse con el mundo exterior. Se trata de un viaje que voltea la mirada hacia el interior del infante y que explora la idea de la renovaci\u00f3n, misma que trae consigo el duelo de enfrentarse al mundo y dejar atr\u00e1s la vida pasada para poder crecer.<\/p>\n<p>En esta obra confluyen diferentes lenguajes y distintas disciplinas art\u00edsticas; desde el dise\u00f1o de personajes propuesto por el artista visual Alejandro Magallanes, quien es un referente en el dise\u00f1o gr\u00e1fico, editorial y de cartel en M\u00e9xico; la m\u00fasica en vivo y la composici\u00f3n por Juan Pablo Villa; \u00a0la visi\u00f3n y colaboraci\u00f3n art\u00edstica de Paola Izquierdo y Alicia Mart\u00ednez \u00c1lvarez en la direcci\u00f3n de m\u00e1scara, quienes le dan vida a este fascinante mundo ficcional. El equipo creativo lo completan Atenea Ch\u00e1vez en conjunto con Alberto Reyna y C\u00e9sar Moctezuma en la escenograf\u00eda, Edgar Mora en la iluminaci\u00f3n, Azucena Galicia a cargo del vestuario y la producci\u00f3n ejecutiva de David Castillo.<\/p>\n<p>Las y los actores que integran el elenco son: Nohem\u00ed Espinosa, Diego Santana, Carmen Coronado, Claudia Ivonne Cervantes, Fabi\u00e1n Varona, Alejandra Mada, Cristian David, Fernando Reyes Reyes y Juan Pablo Villa como m\u00fasico en escena y la voz del mism\u00edsimo Francisco Hinojosa.<\/p>\n<p><strong><em>A golpe de calcet\u00edn<\/em><\/strong>\u00a0se presentar\u00e1 en el\u00a0<strong>Teatro Hel\u00e9nico<\/strong>\u00a0en los siguientes horarios:<\/p>\n<\/div>\n<ul>\n<li>Del 23 de octubre al 19 de diciembre\u00a0<strong>(no hay funciones el 4 y el 5 de diciembre)<\/strong>: s\u00e1bados y domingos, 13 h<\/li>\n<li>8 y 9 de enero: s\u00e1bado y domingo, 13 y 18 h<\/li>\n<li>15 y 16 de enero: s\u00e1bado y domingo, 13 h<\/li>\n<\/ul>\n<p>El boleto tiene un costo de <strong>$155<\/strong>. Actualmente hay una\u00a0<strong>preventa\u00a0<\/strong>vigente\u00a0<strong>del<\/strong>\u00a0<strong>50% de descuento hasta el 23 de octubre<\/strong>. Las localidades pueden adquirirse en la taquilla del Centro Cultural Hel\u00e9nico, ubicado en avenida Revoluci\u00f3n 1500, as\u00ed como en la p\u00e1gina de internet\u00a0<strong>helenico.gob.mx<\/strong>.<\/p>\n<p>Se exhorta al p\u00fablico a asistir con las medidas de sanidad necesarias para prevenir contagios del COVID-19, por lo que ser\u00e1 obligatorio el uso de cubrebocas, la aplicaci\u00f3n continua de gel desinfectante y atender las instrucciones del personal de seguridad. En caso de presentar alg\u00fan s\u00edntoma (dolor de cabeza, garganta o temperatura superior a 37.5 grados), es preferible quedarse en casa.<\/p>\n<p>[\/fusion_text][fusion_imageframe image_id=&#8221;41792|medium&#8221; max_width=&#8221;&#8221; style_type=&#8221;&#8221; blur=&#8221;&#8221; stylecolor=&#8221;&#8221; hover_type=&#8221;none&#8221; bordersize=&#8221;&#8221; bordercolor=&#8221;&#8221; borderradius=&#8221;&#8221; align=&#8221;none&#8221; lightbox=&#8221;no&#8221; gallery_id=&#8221;&#8221; lightbox_image=&#8221;&#8221; lightbox_image_id=&#8221;&#8221; alt=&#8221;&#8221; link=&#8221;&#8221; linktarget=&#8221;_self&#8221; hide_on_mobile=&#8221;small-visibility,medium-visibility,large-visibility&#8221; class=&#8221;&#8221; id=&#8221;&#8221; animation_type=&#8221;&#8221; animation_direction=&#8221;left&#8221; animation_speed=&#8221;0.3&#8243; animation_offset=&#8221;&#8221;]https:\/\/www.bitacoracdmx.com\/wp-content\/uploads\/2021\/10\/A-golpe-de-calcetin-300&#215;300.jpg[\/fusion_imageframe][\/fusion_builder_column][\/fusion_builder_row][\/fusion_builder_container]<\/p>\n","protected":false},"excerpt":{"rendered":"<p>[fusion_builder_container hundred_percent=&#8221;no&#8221; equal_height_columns=&#8221;no&#8221; menu_anchor=&#8221;&#8221; hide_on_mobile=&#8221;small-visibility,medium-visibility,large-visibility&#8221; class=&#8221;&#8221; id=&#8221;&#8221; background_color=&#8221;&#8221; background_image=&#8221;&#8221; background_position=&#8221;center center&#8221; background_repeat=&#8221;no-repeat&#8221; fade=&#8221;no&#8221; background_parallax=&#8221;none&#8221; parallax_speed=&#8221;0.3&#8243; video_mp4=&#8221;&#8221; video_webm=&#8221;&#8221; video_ogv=&#8221;&#8221; video_url=&#8221;&#8221; video_aspect_ratio=&#8221;16:9&#8243; video_loop=&#8221;yes&#8221; video_mute=&#8221;yes&#8221; overlay_color=&#8221;&#8221; video_preview_image=&#8221;&#8221; border_size=&#8221;&#8221; border_color=&#8221;&#8221; border_style=&#8221;solid&#8221; padding_top=&#8221;&#8221; padding_bottom=&#8221;&#8221; padding_left=&#8221;&#8221; padding_right=&#8221;&#8221;][fusion_builder_row][fusion_builder_column type=&#8221;1_1&#8243; layout=&#8221;1_1&#8243; background_position=&#8221;left top&#8221; background_color=&#8221;&#8221; border_size=&#8221;&#8221; border_color=&#8221;&#8221; border_style=&#8221;solid&#8221; border_position=&#8221;all&#8221; spacing=&#8221;yes&#8221; background_image=&#8221;&#8221; background_repeat=&#8221;no-repeat&#8221; padding_top=&#8221;&#8221; padding_right=&#8221;&#8221; padding_bottom=&#8221;&#8221; padding_left=&#8221;&#8221; margin_top=&#8221;0px&#8221; margin_bottom=&#8221;0px&#8221; class=&#8221;&#8221; id=&#8221;&#8221; animation_type=&#8221;&#8221; animation_speed=&#8221;0.3&#8243; animation_direction=&#8221;left&#8221; hide_on_mobile=&#8221;small-visibility,medium-visibility,large-visibility&#8221; center_content=&#8221;no&#8221; last=&#8221;no&#8221; min_height=&#8221;&#8221; hover_type=&#8221;none&#8221; link=&#8221;&#8221;][fusion_text] REDACCI\u00d3N \u2022 Del 23 de octubre al 19 de diciembre de 2021 (no hay funciones el 4 y el 5 de diciembre) y del 8 al 16 de enero de 2022. \u2022 50% de descuento hasta el 23 octubre. \u2022 [&hellip;]<\/p>\n","protected":false},"author":1,"featured_media":41792,"comment_status":"open","ping_status":"open","sticky":false,"template":"","format":"standard","meta":{"footnotes":""},"categories":[9,14],"tags":[],"_links":{"self":[{"href":"https:\/\/www.bitacoracdmx.com\/index.php?rest_route=\/wp\/v2\/posts\/41791"}],"collection":[{"href":"https:\/\/www.bitacoracdmx.com\/index.php?rest_route=\/wp\/v2\/posts"}],"about":[{"href":"https:\/\/www.bitacoracdmx.com\/index.php?rest_route=\/wp\/v2\/types\/post"}],"author":[{"embeddable":true,"href":"https:\/\/www.bitacoracdmx.com\/index.php?rest_route=\/wp\/v2\/users\/1"}],"replies":[{"embeddable":true,"href":"https:\/\/www.bitacoracdmx.com\/index.php?rest_route=%2Fwp%2Fv2%2Fcomments&post=41791"}],"version-history":[{"count":1,"href":"https:\/\/www.bitacoracdmx.com\/index.php?rest_route=\/wp\/v2\/posts\/41791\/revisions"}],"predecessor-version":[{"id":41793,"href":"https:\/\/www.bitacoracdmx.com\/index.php?rest_route=\/wp\/v2\/posts\/41791\/revisions\/41793"}],"wp:featuredmedia":[{"embeddable":true,"href":"https:\/\/www.bitacoracdmx.com\/index.php?rest_route=\/wp\/v2\/media\/41792"}],"wp:attachment":[{"href":"https:\/\/www.bitacoracdmx.com\/index.php?rest_route=%2Fwp%2Fv2%2Fmedia&parent=41791"}],"wp:term":[{"taxonomy":"category","embeddable":true,"href":"https:\/\/www.bitacoracdmx.com\/index.php?rest_route=%2Fwp%2Fv2%2Fcategories&post=41791"},{"taxonomy":"post_tag","embeddable":true,"href":"https:\/\/www.bitacoracdmx.com\/index.php?rest_route=%2Fwp%2Fv2%2Ftags&post=41791"}],"curies":[{"name":"wp","href":"https:\/\/api.w.org\/{rel}","templated":true}]}}