{"id":41852,"date":"2021-10-23T01:16:16","date_gmt":"2021-10-23T01:16:16","guid":{"rendered":"https:\/\/www.bitacoracdmx.com\/?p=41852"},"modified":"2021-10-23T01:16:16","modified_gmt":"2021-10-23T01:16:16","slug":"encuentran-en-paris-album-inedito-que-contiene-fotos-de-maximiliano-y-carlota-kristina-velfu-vie-22-10-2021-0902-am-view_in_browser-encuentran-en-paris-album-inedito-que-contiene-fotos-de-maximili","status":"publish","type":"post","link":"https:\/\/www.bitacoracdmx.com\/?p=41852","title":{"rendered":"Encuentran en Par\u00eds \u00e1lbum in\u00e9dito que contiene fotos de Maximiliano y Carlota Kristina Velfu <difusion@mortonsubastas.com> Vie 22\/10\/2021 09:02 AM  view_in_browser  Encuentran en Par\u00eds \u00e1lbum in\u00e9dito que contiene fotos de Maximiliano y Carlota."},"content":{"rendered":"<p>[fusion_builder_container hundred_percent=&#8221;no&#8221; equal_height_columns=&#8221;no&#8221; menu_anchor=&#8221;&#8221; hide_on_mobile=&#8221;small-visibility,medium-visibility,large-visibility&#8221; class=&#8221;&#8221; id=&#8221;&#8221; background_color=&#8221;&#8221; background_image=&#8221;&#8221; background_position=&#8221;center center&#8221; background_repeat=&#8221;no-repeat&#8221; fade=&#8221;no&#8221; background_parallax=&#8221;none&#8221; parallax_speed=&#8221;0.3&#8243; video_mp4=&#8221;&#8221; video_webm=&#8221;&#8221; video_ogv=&#8221;&#8221; video_url=&#8221;&#8221; video_aspect_ratio=&#8221;16:9&#8243; video_loop=&#8221;yes&#8221; video_mute=&#8221;yes&#8221; overlay_color=&#8221;&#8221; video_preview_image=&#8221;&#8221; border_size=&#8221;&#8221; border_color=&#8221;&#8221; border_style=&#8221;solid&#8221; padding_top=&#8221;&#8221; padding_bottom=&#8221;&#8221; padding_left=&#8221;&#8221; padding_right=&#8221;&#8221;][fusion_builder_row][fusion_builder_column type=&#8221;1_1&#8243; layout=&#8221;1_1&#8243; background_position=&#8221;left top&#8221; background_color=&#8221;&#8221; border_size=&#8221;&#8221; border_color=&#8221;&#8221; border_style=&#8221;solid&#8221; border_position=&#8221;all&#8221; spacing=&#8221;yes&#8221; background_image=&#8221;&#8221; background_repeat=&#8221;no-repeat&#8221; padding_top=&#8221;&#8221; padding_right=&#8221;&#8221; padding_bottom=&#8221;&#8221; padding_left=&#8221;&#8221; margin_top=&#8221;0px&#8221; margin_bottom=&#8221;0px&#8221; class=&#8221;&#8221; id=&#8221;&#8221; animation_type=&#8221;&#8221; animation_speed=&#8221;0.3&#8243; animation_direction=&#8221;left&#8221; hide_on_mobile=&#8221;small-visibility,medium-visibility,large-visibility&#8221; center_content=&#8221;no&#8221; last=&#8221;no&#8221; min_height=&#8221;&#8221; hover_type=&#8221;none&#8221; link=&#8221;&#8221;][fusion_text]<\/p>\n<p>REDACCI\u00d3N<\/p>\n<ul>\n<li><em>Ser\u00e1 vendido el pr\u00f3ximo 27 de octubre en la\u00a0<strong>Subasta de antig\u00fcedades: M\u00e9xico, una naci\u00f3n imaginada, de Morton Subastas<\/strong>.<\/em><\/li>\n<\/ul>\n<ul>\n<li><em>Este valioso objeto fue encontrado por el representante de Morton Subastas en Par\u00eds.<\/em><\/li>\n<\/ul>\n<ul>\n<li><em>Previo a la subasta, el 25 de octubre de 2021 a las 5:00 pm, se transmitir\u00e1 un conversatorio v\u00eda Facebook Live con Carlos Felipe Su\u00e1rez S\u00e1nchez, maestro en Est\u00e9tica y Arte de la Benem\u00e9rita Universidad Aut\u00f3noma de Puebla.<\/em><\/li>\n<\/ul>\n<p>En la\u00a0<strong><em>Subasta de antig\u00fcedades: M\u00e9xico, una naci\u00f3n imaginada, de Morton Subastas<\/em><\/strong>, que se llevar\u00e1 a cabo el pr\u00f3ximo 27 de octubre, saldr\u00e1 a la venta un \u00e1lbum in\u00e9dito de fotos, que, entre otras im\u00e1genes,\u00a0<strong>contiene dos retratos de Maximiliano y Carlota.<\/strong><\/p>\n<p>Adem\u00e1s de los retratos individuales de ambos, conserva otras instant\u00e1neas denominadas por los especialistas en fotograf\u00eda antigua como<strong>\u00a0\u201ctipos mexicanos\u201d<\/strong>, que corresponden a im\u00e1genes posadas de personajes nacionales, realizando oficios de la \u00e9poca, como el aguador (quien distribu\u00eda agua entre la poblaci\u00f3n), el tlachiquero (que se encargaba de raspar el Maguey para estimular la producci\u00f3n de aguamiel) y la chiera (quien vend\u00eda aguas de frutas, previamente molidas en el metate). Algunas actividades ya desaparecidas en nuestros d\u00edas.<\/p>\n<p><strong>Este valioso objeto fue encontrado por el representante de Morton Subastas en Par\u00eds<\/strong>. Se desconoce cu\u00e1nto tiempo estuvo en la Ciudad Luz y c\u00f3mo lleg\u00f3 all\u00ed, sin embargo, gracias a la subasta, ahora tiene la posibilidad de pertenecer a una colecci\u00f3n mexicana.\u00a0<strong>Fue valuado entre 50 mil y 60 mil pesos.<\/strong>\u00a0Las fotos de Carlota y Maximiliano son de Fran\u00e7ois Aubert, el fot\u00f3grafo que sigui\u00f3 al emperador hasta el momento de su fusilamiento. El resto son im\u00e1genes de Cruces y Campa, la m\u00e1s destacada firma fotogr\u00e1fica de aquel entonces.<\/p>\n<p><strong>Las 46 fotograf\u00edas integradas al \u00e1lbum fueron realizadas sobre un material fotosensible hecho de albumina, que con el paso del tiempo ha ido adquiriendo una tonalidad amarillenta.<\/strong> Este hecho ofrece la certeza de que las piezas fotogr\u00e1ficas corresponden al periodo comprendido entre 1867-1900 y que fueron conservadas por un conocedor en la materia pues de lo contrario, no hubieran sobrevivido al paso del tiempo y se hubiesen desintegrado.<\/p>\n<p>De acuerdo con los especialistas de Morton Subastas, desde el arribo a M\u00e9xico en 1839 del daguerrotipo (t\u00e9cnica fotogr\u00e1fica mediante la cual las im\u00e1genes captadas con la c\u00e1mara oscura se fijan sobre una chapa met\u00e1lica), la fascinaci\u00f3n por la imagen fotogr\u00e1fica tom\u00f3 un importante auge en la sociedad del siglo XIX. No obstante, el desarrollo y empleo de la fotograf\u00eda se aceler\u00f3 de manera dram\u00e1tica durante el advenimiento del Segundo Imperio pues el Archiduque de Austria, quien hab\u00eda llegado a nuestro pa\u00eds con el objetivo de pacificar los \u00e1nimos y reiterar la lealtad de la nueva naci\u00f3n a Napole\u00f3n III, vio en el arte lum\u00ednico la posibilidad de afianzar su reputaci\u00f3n.<\/p>\n<p>Por ello, el lote marcado con el n\u00famero 116 Bis del cat\u00e1logo de Morton, corresponde a una memoria visual de este periodo de nuestra historia y muestra a la fotograf\u00eda como herramienta de registro y representaci\u00f3n; pues adem\u00e1s de tener objetivos ornamentales y est\u00e9ticos pretend\u00eda consolidar la imagen de los gobernantes ante el pueblo.<\/p>\n<p><strong>Previo a la subasta, el 25 de octubre de 2021 a las 5:00 pm, se transmitir\u00e1 un conversatorio v\u00eda Facebook Live con Carlos Felipe Su\u00e1rez S\u00e1nchez, especialista en im\u00e1genes de naci\u00f3n del siglo XIX.<\/strong><\/p>\n<p><strong>Los interesados en participar en la subasta podr\u00e1n dejar sus ofertas en ausencia, al tel\u00e9fono\u00a0<a href=\"tel:5552833140\" target=\"_blank\" rel=\"noopener noreferrer\" data-auth=\"NotApplicable\" data-linkindex=\"1\">5552833140<\/a>\u00a0o v\u00eda internet en\u00a0<a href=\"https:\/\/click.mlsend2.com\/link\/c\/YT0xODAyMjQ2NTA2ODQxOTAzNDAwJmM9YzJyOSZlPTIxNDYmYj03NjY1NzMyNzQmZD1hNnk5dTFw.uVpjrj9yyQX7kOunI2D9nwp0p2FK0RWdpkbeTiJ8-bw\" target=\"_blank\" rel=\"noopener noreferrer\" data-auth=\"NotApplicable\" data-linkindex=\"2\">mortonsubastas.com<\/a>. Tambi\u00e9n habr\u00e1 acceso limitado presencial el d\u00eda de la puja.<\/strong><\/p>\n<p>Adem\u00e1s de este \u00e1lbum, ese d\u00eda ser\u00e1n subastadas pinturas de artistas de la talla de Conrad Wise Chapman y Paul Fischer, quienes tienen en com\u00fan una visi\u00f3n extranjera de M\u00e9xico..<\/p>\n<p>[\/fusion_text][fusion_imageframe image_id=&#8221;41853|medium&#8221; max_width=&#8221;&#8221; style_type=&#8221;&#8221; blur=&#8221;&#8221; stylecolor=&#8221;&#8221; hover_type=&#8221;none&#8221; bordersize=&#8221;&#8221; bordercolor=&#8221;&#8221; borderradius=&#8221;&#8221; align=&#8221;none&#8221; lightbox=&#8221;no&#8221; gallery_id=&#8221;&#8221; lightbox_image=&#8221;&#8221; lightbox_image_id=&#8221;&#8221; alt=&#8221;&#8221; link=&#8221;&#8221; linktarget=&#8221;_self&#8221; hide_on_mobile=&#8221;small-visibility,medium-visibility,large-visibility&#8221; class=&#8221;&#8221; id=&#8221;&#8221; animation_type=&#8221;&#8221; animation_direction=&#8221;left&#8221; animation_speed=&#8221;0.3&#8243; animation_offset=&#8221;&#8221;]https:\/\/www.bitacoracdmx.com\/wp-content\/uploads\/2021\/10\/813a27201363bf621ca065237134868261e04e6b-256&#215;300.jpeg[\/fusion_imageframe][\/fusion_builder_column][\/fusion_builder_row][\/fusion_builder_container]<\/p>\n","protected":false},"excerpt":{"rendered":"<p>[fusion_builder_container hundred_percent=&#8221;no&#8221; equal_height_columns=&#8221;no&#8221; menu_anchor=&#8221;&#8221; hide_on_mobile=&#8221;small-visibility,medium-visibility,large-visibility&#8221; class=&#8221;&#8221; id=&#8221;&#8221; background_color=&#8221;&#8221; background_image=&#8221;&#8221; background_position=&#8221;center center&#8221; background_repeat=&#8221;no-repeat&#8221; fade=&#8221;no&#8221; background_parallax=&#8221;none&#8221; parallax_speed=&#8221;0.3&#8243; video_mp4=&#8221;&#8221; video_webm=&#8221;&#8221; video_ogv=&#8221;&#8221; video_url=&#8221;&#8221; video_aspect_ratio=&#8221;16:9&#8243; video_loop=&#8221;yes&#8221; video_mute=&#8221;yes&#8221; overlay_color=&#8221;&#8221; video_preview_image=&#8221;&#8221; border_size=&#8221;&#8221; border_color=&#8221;&#8221; border_style=&#8221;solid&#8221; padding_top=&#8221;&#8221; padding_bottom=&#8221;&#8221; padding_left=&#8221;&#8221; padding_right=&#8221;&#8221;][fusion_builder_row][fusion_builder_column type=&#8221;1_1&#8243; layout=&#8221;1_1&#8243; background_position=&#8221;left top&#8221; background_color=&#8221;&#8221; border_size=&#8221;&#8221; border_color=&#8221;&#8221; border_style=&#8221;solid&#8221; border_position=&#8221;all&#8221; spacing=&#8221;yes&#8221; background_image=&#8221;&#8221; background_repeat=&#8221;no-repeat&#8221; padding_top=&#8221;&#8221; padding_right=&#8221;&#8221; padding_bottom=&#8221;&#8221; padding_left=&#8221;&#8221; margin_top=&#8221;0px&#8221; margin_bottom=&#8221;0px&#8221; class=&#8221;&#8221; id=&#8221;&#8221; animation_type=&#8221;&#8221; animation_speed=&#8221;0.3&#8243; animation_direction=&#8221;left&#8221; hide_on_mobile=&#8221;small-visibility,medium-visibility,large-visibility&#8221; center_content=&#8221;no&#8221; last=&#8221;no&#8221; min_height=&#8221;&#8221; hover_type=&#8221;none&#8221; link=&#8221;&#8221;][fusion_text] REDACCI\u00d3N Ser\u00e1 vendido el pr\u00f3ximo 27 de octubre en la\u00a0Subasta de antig\u00fcedades: M\u00e9xico, una naci\u00f3n imaginada, de Morton Subastas. Este valioso objeto fue encontrado por el representante de Morton Subastas en Par\u00eds. Previo a la subasta, el 25 de octubre [&hellip;]<\/p>\n","protected":false},"author":1,"featured_media":41853,"comment_status":"open","ping_status":"open","sticky":false,"template":"","format":"standard","meta":{"footnotes":""},"categories":[5,8,9],"tags":[],"_links":{"self":[{"href":"https:\/\/www.bitacoracdmx.com\/index.php?rest_route=\/wp\/v2\/posts\/41852"}],"collection":[{"href":"https:\/\/www.bitacoracdmx.com\/index.php?rest_route=\/wp\/v2\/posts"}],"about":[{"href":"https:\/\/www.bitacoracdmx.com\/index.php?rest_route=\/wp\/v2\/types\/post"}],"author":[{"embeddable":true,"href":"https:\/\/www.bitacoracdmx.com\/index.php?rest_route=\/wp\/v2\/users\/1"}],"replies":[{"embeddable":true,"href":"https:\/\/www.bitacoracdmx.com\/index.php?rest_route=%2Fwp%2Fv2%2Fcomments&post=41852"}],"version-history":[{"count":1,"href":"https:\/\/www.bitacoracdmx.com\/index.php?rest_route=\/wp\/v2\/posts\/41852\/revisions"}],"predecessor-version":[{"id":41854,"href":"https:\/\/www.bitacoracdmx.com\/index.php?rest_route=\/wp\/v2\/posts\/41852\/revisions\/41854"}],"wp:featuredmedia":[{"embeddable":true,"href":"https:\/\/www.bitacoracdmx.com\/index.php?rest_route=\/wp\/v2\/media\/41853"}],"wp:attachment":[{"href":"https:\/\/www.bitacoracdmx.com\/index.php?rest_route=%2Fwp%2Fv2%2Fmedia&parent=41852"}],"wp:term":[{"taxonomy":"category","embeddable":true,"href":"https:\/\/www.bitacoracdmx.com\/index.php?rest_route=%2Fwp%2Fv2%2Fcategories&post=41852"},{"taxonomy":"post_tag","embeddable":true,"href":"https:\/\/www.bitacoracdmx.com\/index.php?rest_route=%2Fwp%2Fv2%2Ftags&post=41852"}],"curies":[{"name":"wp","href":"https:\/\/api.w.org\/{rel}","templated":true}]}}