{"id":41861,"date":"2021-10-24T22:32:36","date_gmt":"2021-10-24T22:32:36","guid":{"rendered":"https:\/\/www.bitacoracdmx.com\/?p=41861"},"modified":"2021-10-24T22:37:05","modified_gmt":"2021-10-24T22:37:05","slug":"yael-meyer-presenta-su-nuevo-sencillo-huracan","status":"publish","type":"post","link":"https:\/\/www.bitacoracdmx.com\/?p=41861","title":{"rendered":"YAEL MEYER presenta su nuevo sencillo &#8220;HURAC\u00c1N&#8221;"},"content":{"rendered":"<p>[fusion_builder_container hundred_percent=&#8221;no&#8221; equal_height_columns=&#8221;no&#8221; menu_anchor=&#8221;&#8221; hide_on_mobile=&#8221;small-visibility,medium-visibility,large-visibility&#8221; class=&#8221;&#8221; id=&#8221;&#8221; background_color=&#8221;&#8221; background_image=&#8221;&#8221; background_position=&#8221;center center&#8221; background_repeat=&#8221;no-repeat&#8221; fade=&#8221;no&#8221; background_parallax=&#8221;none&#8221; parallax_speed=&#8221;0.3&#8243; video_mp4=&#8221;&#8221; video_webm=&#8221;&#8221; video_ogv=&#8221;&#8221; video_url=&#8221;&#8221; video_aspect_ratio=&#8221;16:9&#8243; video_loop=&#8221;yes&#8221; video_mute=&#8221;yes&#8221; overlay_color=&#8221;&#8221; video_preview_image=&#8221;&#8221; border_size=&#8221;&#8221; border_color=&#8221;&#8221; border_style=&#8221;solid&#8221; padding_top=&#8221;&#8221; padding_bottom=&#8221;&#8221; padding_left=&#8221;&#8221; padding_right=&#8221;&#8221;][fusion_builder_row][fusion_builder_column type=&#8221;1_1&#8243; layout=&#8221;1_1&#8243; background_position=&#8221;left top&#8221; background_color=&#8221;&#8221; border_size=&#8221;&#8221; border_color=&#8221;&#8221; border_style=&#8221;solid&#8221; border_position=&#8221;all&#8221; spacing=&#8221;yes&#8221; background_image=&#8221;&#8221; background_repeat=&#8221;no-repeat&#8221; padding_top=&#8221;&#8221; padding_right=&#8221;&#8221; padding_bottom=&#8221;&#8221; padding_left=&#8221;&#8221; margin_top=&#8221;0px&#8221; margin_bottom=&#8221;0px&#8221; class=&#8221;&#8221; id=&#8221;&#8221; animation_type=&#8221;&#8221; animation_speed=&#8221;0.3&#8243; animation_direction=&#8221;left&#8221; hide_on_mobile=&#8221;small-visibility,medium-visibility,large-visibility&#8221; center_content=&#8221;no&#8221; last=&#8221;no&#8221; min_height=&#8221;&#8221; hover_type=&#8221;none&#8221; link=&#8221;&#8221;][fusion_text]<\/p>\n<p>REDACCI\u00d3N<\/p>\n<p>La artista chilena Yael Meyer siempre ha estado presente en la escena por su talento, composiciones delicadas y su alto profesionalismo. Hurac\u00e1n mantiene su folk elegante y es la canci\u00f3n que da el primer sabor de lo que ser\u00e1 el EP con el mismo nombre, que la artista est\u00e1 preparando para lanzar en los pr\u00f3ximos meses.<\/p>\n<p>Hurac\u00e1n es una canci\u00f3n producida por Yael y Tom\u00e1s Preuss (Prehist\u00f3ricos), mezclada por Enzo Massardo y masterizada por Evren Goknar. Editado bajo\u00a0<a href=\"https:\/\/mailtrack.io\/trace\/link\/edcd16cf6222cbb967aedf47a635a95a56ba0cb1?url=https%3A%2F%2Fwww.klirecords.com%2F&amp;userId=491255&amp;signature=fe44868ee27bce6e\" target=\"_blank\" rel=\"noopener noreferrer\" data-auth=\"NotApplicable\" data-linkindex=\"2\">KLI Records<\/a>, el sello de la propia artista.\u00a0Han sido m\u00e1s de 6 a\u00f1os de arduo trabajo desde el inicio de esta producci\u00f3n, cuyo lanzamiento estaba programado para 2019 vi\u00e9ndose postergado por el estallido social que vivi\u00f3 Chile y luego por la pandemia mundial, raz\u00f3n por cual estas canciones reci\u00e9n comienzan a ver la luz.<\/p>\n<p>Hurac\u00e1n ser\u00e1 el nombre del pr\u00f3ximo lanzamiento de la cantante, el cual se dividir\u00e1 en 2 partes: la primera ser\u00e1 un EP en espa\u00f1ol, del\u00a0cual se desprenden los singles \u201cHurac\u00e1n\u201d\u00a0<b>(a<\/b>\u00a0<b>editarse el 22 Oct de 2021)<\/b>\u00a0y<a href=\"https:\/\/mailtrack.io\/trace\/link\/c26d5cd3c8f27e103cb385746138f34cdfdbcd07?url=https%3A%2F%2Fwww.youtube.com%2Fwatch%3Fv%3DqqriAFm9O4g&amp;userId=491255&amp;signature=ac79529b85d5bc2d\" target=\"_blank\" rel=\"noopener noreferrer\" data-auth=\"NotApplicable\" data-linkindex=\"3\">\u00a0\u201cQu\u00e9 M\u00e1s Queda por Hacer\u201d\u00a0<\/a>(2019) y un tercer single programado para fines de 2021. La segunda parte ser\u00e1 un LP en ingl\u00e9s, programado para 2022.<\/p>\n<p>Todas las canciones que conforman el EP \u201cHurac\u00e1n\u201d fueron compuestas durante un periodo de abrupto cambio y transformaci\u00f3n. Son canciones crudas, autobiogr\u00e1ficas, desgarradoras, esperanzadoras y tambi\u00e9n alegres. &#8220;Hurac\u00e1n es un viaje hacia el interior del coraz\u00f3n, visitando todas las emociones que ah\u00ed residen haci\u00e9ndonos humanos fr\u00e1giles y fuertes a la vez&#8221;, relata Yael y agrega: &#8220;A diferencia de producciones anteriores, este es un disco de sonoridad m\u00e1s intensa y \u00e9pica, en el que busqu\u00e9 destacar las guitarras el\u00e9ctricas distorsionadas en contraste con elementos m\u00e1s sutiles&#8221;.<\/p>\n<p>La trayectoria de Yael Meyer es reconocida por sus anteriores producciones musicales, su presencia en importantes eventos y festivales internacionales como Lollapalooza y por ser parte primordial de diversas bandas sonoras de reconocidas series como\u00a0<a href=\"https:\/\/mailtrack.io\/trace\/link\/1749f97126cf6e6df80bcc4c1488999bc0a3eb12?url=https%3A%2F%2Fwww.youtube.com%2Fwatch%3Fv%3Dd-e8IPjhs2A&amp;userId=491255&amp;signature=9cb080021a35fc63\" target=\"_blank\" rel=\"noopener noreferrer\" data-auth=\"NotApplicable\" data-linkindex=\"4\">The Rain<\/a>\u00a0(Netflix &#8211; Dinamarca),\u00a0\u00a0<a href=\"https:\/\/mailtrack.io\/trace\/link\/ace7681b5d8ed7ef978f9eeaf31f67e2d055660a?url=https%3A%2F%2Fwww.youtube.com%2Fwatch%3Fv%3D0CMPL58VXIY&amp;userId=491255&amp;signature=c9c01225f6002935\" target=\"_blank\" rel=\"noopener noreferrer\" data-auth=\"NotApplicable\" data-linkindex=\"5\">Reign<\/a>\u00a0(CW &#8211; EEUU),\u00a0Parenthood (EEUU) e incluso en la\u00a0<a href=\"https:\/\/mailtrack.io\/trace\/link\/77408d60544bb7c668e276624a5c606fdb78f744?url=https%3A%2F%2Fwww.youtube.com%2Fwatch%3Fv%3D_ecNeH926Sk&amp;userId=491255&amp;signature=ade39af2ab2d1d71\" target=\"_blank\" rel=\"noopener noreferrer\" data-auth=\"NotApplicable\" data-linkindex=\"6\">televisi\u00f3n coreana<\/a>\u00a0participando de series como\u00a0<a href=\"https:\/\/mailtrack.io\/trace\/link\/11a3d5e0cc968c3e4f2e4b8cb524225eb703569f?url=https%3A%2F%2Fwww.youtube.com%2Fwatch%3Fv%3DrTJF7DBJbhE&amp;userId=491255&amp;signature=1a920f77a2426195\" target=\"_blank\" rel=\"noopener noreferrer\" data-auth=\"NotApplicable\" data-linkindex=\"7\">Queen For Seven Days<\/a>\u00a0y\u00a0<a href=\"https:\/\/mailtrack.io\/trace\/link\/53fe0478e282524b6cb44aca0e003f94d80d53b2?url=https%3A%2F%2Fwww.youtube.com%2Fwatch%3Fv%3DYf0tl7ZFEgo&amp;userId=491255&amp;signature=5b6867be601da2fb\" target=\"_blank\" rel=\"noopener noreferrer\" data-auth=\"NotApplicable\" data-linkindex=\"8\">Healer<\/a>, transform\u00e1ndose as\u00ed en la cantante chilena de mayor presencia en la plataforma Netflix.<\/p>\n<p>Durante la pandemia la artista se concentr\u00f3 en trabajar este EP y sobre todo esta canci\u00f3n. \u201cHurac\u00e1n es una canci\u00f3n que habla de atravesar la tormenta tras una ruptura importante. Es sobrevivir al cataclismo y renacer de las cenizas. Perderse, volver a encontrarse y salir al otro lado m\u00e1s fuerte\u201d nos cuenta.<\/p>\n<p><strong>SOBRE YAEL MEYER<br \/>\n<\/strong><br \/>\nEs una artista con m\u00e1s de 15 a\u00f1os de carrera independiente.\u00a0Se ha presentado en escenarios en EEUU, Hungr\u00eda, Alemania, Argentina, Cuba y Chile participando en festivales como Lollapalooza, Pulsar, Gustock, Fiis, C\/O Pop, SXSW y Sziget.<\/p>\n<p>Sus discos &#8220;Common Ground&#8221;, &#8220;Everything Will Be Alright&#8221; y &#8220;Warrior Heart&#8221; destacaron entre los mejores discos del a\u00f1o en diversas listas de medios y portales especializados. Su m\u00fasica suena en las principales radios chilenas y universitarias de EEUU, apareciendo adem\u00e1s en pel\u00edculas, TV y campa\u00f1as publicitarias para marcas como Ralph Lauren y Massimo Dutti y debut\u00f3 son dos singles en el #2 y #3 del ranking Pop local coreano.<\/p>\n<p>Con KLI Records su propio sello, agencia de sincronizaciones y editorial\u00a0musical representa a autores, compositores, productores y artistas de diversos g\u00e9neros para sincronizaci\u00f3n de fonogramas y derechos autorales en televisi\u00f3n, cine y publicidad en Chile, EEUU y el resto del mundo.<\/p>\n<p>Ha dictado charlas y participado en paneles de expertos en mercados internacionales de m\u00fasica como Canadian Music Week, Pulsar, Midem LATAM, VAM y su alma mater Berklee College of Music.<\/p>\n<p>[\/fusion_text][fusion_imageframe image_id=&#8221;41863|medium&#8221; max_width=&#8221;&#8221; style_type=&#8221;&#8221; blur=&#8221;&#8221; stylecolor=&#8221;&#8221; hover_type=&#8221;none&#8221; bordersize=&#8221;&#8221; bordercolor=&#8221;&#8221; borderradius=&#8221;&#8221; align=&#8221;none&#8221; lightbox=&#8221;no&#8221; gallery_id=&#8221;&#8221; lightbox_image=&#8221;&#8221; lightbox_image_id=&#8221;&#8221; alt=&#8221;&#8221; link=&#8221;&#8221; linktarget=&#8221;_self&#8221; hide_on_mobile=&#8221;small-visibility,medium-visibility,large-visibility&#8221; class=&#8221;&#8221; id=&#8221;&#8221; animation_type=&#8221;&#8221; animation_direction=&#8221;left&#8221; animation_speed=&#8221;0.3&#8243; animation_offset=&#8221;&#8221;]https:\/\/www.bitacoracdmx.com\/wp-content\/uploads\/2021\/10\/247829116_1985254491633918_5843872623857987004_n-300&#215;300.jpg[\/fusion_imageframe][\/fusion_builder_column][\/fusion_builder_row][\/fusion_builder_container]<\/p>\n","protected":false},"excerpt":{"rendered":"<p>[fusion_builder_container hundred_percent=&#8221;no&#8221; equal_height_columns=&#8221;no&#8221; menu_anchor=&#8221;&#8221; hide_on_mobile=&#8221;small-visibility,medium-visibility,large-visibility&#8221; class=&#8221;&#8221; id=&#8221;&#8221; background_color=&#8221;&#8221; background_image=&#8221;&#8221; background_position=&#8221;center center&#8221; background_repeat=&#8221;no-repeat&#8221; fade=&#8221;no&#8221; background_parallax=&#8221;none&#8221; parallax_speed=&#8221;0.3&#8243; video_mp4=&#8221;&#8221; video_webm=&#8221;&#8221; video_ogv=&#8221;&#8221; video_url=&#8221;&#8221; video_aspect_ratio=&#8221;16:9&#8243; video_loop=&#8221;yes&#8221; video_mute=&#8221;yes&#8221; overlay_color=&#8221;&#8221; video_preview_image=&#8221;&#8221; border_size=&#8221;&#8221; border_color=&#8221;&#8221; border_style=&#8221;solid&#8221; padding_top=&#8221;&#8221; padding_bottom=&#8221;&#8221; padding_left=&#8221;&#8221; padding_right=&#8221;&#8221;][fusion_builder_row][fusion_builder_column type=&#8221;1_1&#8243; layout=&#8221;1_1&#8243; background_position=&#8221;left top&#8221; background_color=&#8221;&#8221; border_size=&#8221;&#8221; border_color=&#8221;&#8221; border_style=&#8221;solid&#8221; border_position=&#8221;all&#8221; spacing=&#8221;yes&#8221; background_image=&#8221;&#8221; background_repeat=&#8221;no-repeat&#8221; padding_top=&#8221;&#8221; padding_right=&#8221;&#8221; padding_bottom=&#8221;&#8221; padding_left=&#8221;&#8221; margin_top=&#8221;0px&#8221; margin_bottom=&#8221;0px&#8221; class=&#8221;&#8221; id=&#8221;&#8221; animation_type=&#8221;&#8221; animation_speed=&#8221;0.3&#8243; animation_direction=&#8221;left&#8221; hide_on_mobile=&#8221;small-visibility,medium-visibility,large-visibility&#8221; center_content=&#8221;no&#8221; last=&#8221;no&#8221; min_height=&#8221;&#8221; hover_type=&#8221;none&#8221; link=&#8221;&#8221;][fusion_text] REDACCI\u00d3N La artista chilena Yael Meyer siempre ha estado presente en la escena por su talento, composiciones delicadas y su alto profesionalismo. Hurac\u00e1n mantiene su folk elegante y es la canci\u00f3n que da el primer sabor de lo que ser\u00e1 [&hellip;]<\/p>\n","protected":false},"author":1,"featured_media":41863,"comment_status":"open","ping_status":"open","sticky":false,"template":"","format":"standard","meta":{"footnotes":""},"categories":[9,11],"tags":[],"_links":{"self":[{"href":"https:\/\/www.bitacoracdmx.com\/index.php?rest_route=\/wp\/v2\/posts\/41861"}],"collection":[{"href":"https:\/\/www.bitacoracdmx.com\/index.php?rest_route=\/wp\/v2\/posts"}],"about":[{"href":"https:\/\/www.bitacoracdmx.com\/index.php?rest_route=\/wp\/v2\/types\/post"}],"author":[{"embeddable":true,"href":"https:\/\/www.bitacoracdmx.com\/index.php?rest_route=\/wp\/v2\/users\/1"}],"replies":[{"embeddable":true,"href":"https:\/\/www.bitacoracdmx.com\/index.php?rest_route=%2Fwp%2Fv2%2Fcomments&post=41861"}],"version-history":[{"count":1,"href":"https:\/\/www.bitacoracdmx.com\/index.php?rest_route=\/wp\/v2\/posts\/41861\/revisions"}],"predecessor-version":[{"id":41864,"href":"https:\/\/www.bitacoracdmx.com\/index.php?rest_route=\/wp\/v2\/posts\/41861\/revisions\/41864"}],"wp:featuredmedia":[{"embeddable":true,"href":"https:\/\/www.bitacoracdmx.com\/index.php?rest_route=\/wp\/v2\/media\/41863"}],"wp:attachment":[{"href":"https:\/\/www.bitacoracdmx.com\/index.php?rest_route=%2Fwp%2Fv2%2Fmedia&parent=41861"}],"wp:term":[{"taxonomy":"category","embeddable":true,"href":"https:\/\/www.bitacoracdmx.com\/index.php?rest_route=%2Fwp%2Fv2%2Fcategories&post=41861"},{"taxonomy":"post_tag","embeddable":true,"href":"https:\/\/www.bitacoracdmx.com\/index.php?rest_route=%2Fwp%2Fv2%2Ftags&post=41861"}],"curies":[{"name":"wp","href":"https:\/\/api.w.org\/{rel}","templated":true}]}}