{"id":41868,"date":"2021-10-24T22:58:12","date_gmt":"2021-10-24T22:58:12","guid":{"rendered":"https:\/\/www.bitacoracdmx.com\/?p=41868"},"modified":"2021-10-24T22:58:12","modified_gmt":"2021-10-24T22:58:12","slug":"vigesima-quinta-entrega-de-los-premios-de-la-agrupacion-de-criticos-y-periodistas-de-teatro-acpt","status":"publish","type":"post","link":"https:\/\/www.bitacoracdmx.com\/?p=41868","title":{"rendered":"Vig\u00e9sima Quinta Entrega de los Premios de la Agrupaci\u00f3n de Cr\u00edticos y Periodistas de Teatro  (ACPT)."},"content":{"rendered":"<p>[fusion_builder_container hundred_percent=&#8221;no&#8221; equal_height_columns=&#8221;no&#8221; menu_anchor=&#8221;&#8221; hide_on_mobile=&#8221;small-visibility,medium-visibility,large-visibility&#8221; class=&#8221;&#8221; id=&#8221;&#8221; background_color=&#8221;&#8221; background_image=&#8221;&#8221; background_position=&#8221;center center&#8221; background_repeat=&#8221;no-repeat&#8221; fade=&#8221;no&#8221; background_parallax=&#8221;none&#8221; parallax_speed=&#8221;0.3&#8243; video_mp4=&#8221;&#8221; video_webm=&#8221;&#8221; video_ogv=&#8221;&#8221; video_url=&#8221;&#8221; video_aspect_ratio=&#8221;16:9&#8243; video_loop=&#8221;yes&#8221; video_mute=&#8221;yes&#8221; overlay_color=&#8221;&#8221; video_preview_image=&#8221;&#8221; border_size=&#8221;&#8221; border_color=&#8221;&#8221; border_style=&#8221;solid&#8221; padding_top=&#8221;&#8221; padding_bottom=&#8221;&#8221; padding_left=&#8221;&#8221; padding_right=&#8221;&#8221;][fusion_builder_row][fusion_builder_column type=&#8221;1_1&#8243; layout=&#8221;1_1&#8243; background_position=&#8221;left top&#8221; background_color=&#8221;&#8221; border_size=&#8221;&#8221; border_color=&#8221;&#8221; border_style=&#8221;solid&#8221; border_position=&#8221;all&#8221; spacing=&#8221;yes&#8221; background_image=&#8221;&#8221; background_repeat=&#8221;no-repeat&#8221; padding_top=&#8221;&#8221; padding_right=&#8221;&#8221; padding_bottom=&#8221;&#8221; padding_left=&#8221;&#8221; margin_top=&#8221;0px&#8221; margin_bottom=&#8221;0px&#8221; class=&#8221;&#8221; id=&#8221;&#8221; animation_type=&#8221;&#8221; animation_speed=&#8221;0.3&#8243; animation_direction=&#8221;left&#8221; hide_on_mobile=&#8221;small-visibility,medium-visibility,large-visibility&#8221; center_content=&#8221;no&#8221; last=&#8221;no&#8221; min_height=&#8221;&#8221; hover_type=&#8221;none&#8221; link=&#8221;&#8221;][fusion_text]<\/p>\n<p>REDACCI\u00d3N<\/p>\n<p class=\"x_MsoNormal\"><b><span lang=\"es\">Reconocimiento anual otorgado por la Agrupaci\u00f3n de Cr\u00edticos y Periodistas de Teatro (ACPT), con el que se distingue el trabajo dentro del \u00e1mbito teatral en la Ciudad de M\u00e9xico. Una celebraci\u00f3n a las artes esc\u00e9nicas.<\/span><\/b><b><\/b><\/p>\n<p class=\"x_MsoNormal\"><span lang=\"es\">El pr\u00f3ximo 28 de octubre la Agrupaci\u00f3n de Cr\u00edticos y Periodistas de Teatro ACPT llevar\u00e1 a cabo su vig\u00e9simo quinta entrega de premios a lo mejor del teatro en la ciudad de M\u00e9xico, reconociendo los trabajos presentados durante el a\u00f1o 2019.<\/span><\/p>\n<p class=\"x_MsoNormal\"><span lang=\"es\">Por tercera ocasi\u00f3n consecutiva el Teatro de la Ciudad Esperanza Iris albergar\u00e1 la ceremonia que originalmente se llevar\u00eda a cabo el 1 de Abril del 2020 pero que fue postergada por la contingencia sanitaria.<\/span><\/p>\n<p class=\"x_MsoNormal\"><span lang=\"es\">La ACPT decidi\u00f3 esperar al mejor momento para llevarla a cabo de manera presencial, siempre apegados a los lineamientos sanitarios, intentando con ello reunir de nueva cuenta al gremio teatral que poco a poco ha recobrado su movimiento habitual, celebrar la permanencia de las artes esc\u00e9nicas y respetuosamente recordar a todos aquellos que se nos adelantaron en el camino.<\/span><\/p>\n<p class=\"x_MsoNormal\"><span lang=\"es\">La ceremonia se dise\u00f1\u00f3 en un formato m\u00e1s sencillo, que asegure la fluidez necesaria en estos tiempos, sin embargo, contar\u00e1 con dos n\u00fameros musicales que sorprender\u00e1n gratamente, un video con el que se rendir\u00e1 homenaje a la virtualidad, un reconocimiento al trabajo efectuado por Teatro UNAM, los premios a la trayectoria, en esta ocasi\u00f3n a dos tremendos histriones, Adriana Roel y Hector Bonilla y un momento de gran emotividad con el Memorial que interpretar\u00e1 Daiana Liparoti, ganadora del premio ACPT en la categor\u00eda de actriz de soporte en musical por Les Miserables, acompa\u00f1ada en el piano por Anali Sanchez Neri, extraordinaria compositora , arreglista y directora musical.\u00a0\u00a0\u00a0\u00a0\u00a0<\/span><\/p>\n<p class=\"x_MsoNormal\"><span lang=\"es\">Los Premios ACPT constan de 24 categor\u00edas, los trabajos seleccionados son el resultado de un largo proceso consensuado por su jurado, conformado en la actualidad por 16 agremiados, periodistas, fotoperiodistas, rese\u00f1istas y cr\u00edticos de teatro, todos activos en importantes medios impresos y digitales, Enrique Saavedra, Mayte Valencia, Mariana Mijares, Fernanda Albarr\u00e1n, Carmen Zavaleta, Belinda Lorenzana, Arianna Aquino, Iv\u00e1n Pasillas, Alfredo Millan, Jaime Rosales, Juan Carlos Araujo, Ricardo Castillo, Roberto Sosa L\u00f3pez, Rodrigo Becerra , adem\u00e1s de contar con la asesor\u00eda de Adri\u00e1n Ch\u00e1vez, en la parte directiva Melba Vidal y Gustavo Gerardo Su\u00e1rez.<\/span><\/p>\n<p class=\"x_MsoNormal\"><span lang=\"es\">Cada a\u00f1o se suma un grupo de excelentes creativos que colabora en el dise\u00f1o y realizaci\u00f3n de la ceremonia, en esta edici\u00f3n repite en la direcci\u00f3n de escena Paola Izquierdo y contamos con toda una gama de talentos como Sandr\u00e1 Narvaez, Luis Montalvo, Fernanda Albarr\u00e1n, Iker Arce, Jes\u00fas Giles, Isaac Per\u00e9z Calzada,\u00a0 Sandra Lagunas, David Flores Rubio, el libreto fue realizado por Mariana Hartas\u00e1nchez y adaptado por Jessica Canales, adem\u00e1s del equipo de El Centro Cultural El Hormiguero que estar\u00e1 a cargo de varios procesos de importancia para el evento.<\/span><\/p>\n<p class=\"x_MsoNormal\"><span lang=\"es\">Con esta ceremonia la ACPT cierra el ciclo pendiente y reestructura sus criterios de selecci\u00f3n y temporalidad para considerar los trabajos presentados en el 2020 y 2021, rumbo a la premiaci\u00f3n del 2022.\u00a0\u00a0<\/span><\/p>\n<p class=\"x_MsoNormal\"><span lang=\"es\">Nominaciones a lo mejor del teatro del 2019.<\/span><\/p>\n<p class=\"x_MsoNormal\"><span lang=\"es\">\u00a0<\/span><b><span lang=\"es\">\u00a0\u00a0 Revelaci\u00f3n Femenina<\/span><\/b><\/p>\n<p class=\"x_MsoNormal\"><span lang=\"es\">\u25cf\u00a0\u00a0\u00a0\u00a0\u00a0<\/span><span lang=\"es\">Dano Ram\u00edrez\/ Coraz\u00f3n Gordito<\/span><\/p>\n<p class=\"x_MsoNormal\"><span lang=\"es\">\u25cf\u00a0\u00a0\u00a0\u00a0\u00a0<\/span><span lang=\"es\">Mar\u00eda In\u00e9s Villarreal \/ A los Trece<\/span><\/p>\n<p class=\"x_MsoNormal\"><span lang=\"es\">\u25cf\u00a0\u00a0\u00a0\u00a0\u00a0<\/span><span lang=\"es\">M\u00f3nica Plehn \/ Distroller El Miusikul<\/span><\/p>\n<p class=\"x_MsoNormal\"><span lang=\"es\">\u25cf\u00a0\u00a0\u00a0\u00a0\u00a0<\/span><span lang=\"es\">Natalia Johnson \/ Distroller El Miusikul<\/span><\/p>\n<p class=\"x_MsoNormal\"><span lang=\"es\">\u25cf\u00a0\u00a0\u00a0\u00a0\u00a0<\/span><span lang=\"es\">Vania Belmont \/ Straight<\/span><\/p>\n<p class=\"x_MsoNormal\"><b><span lang=\"es\">\u00a0 \u00a0 Revelaci\u00f3n Masculina<\/span><\/b><\/p>\n<p class=\"x_MsoNormal\"><span lang=\"es\">\u25cf\u00a0\u00a0\u00a0\u00a0\u00a0<\/span><span lang=\"es\">Chumel Torres \/ Agotados<\/span><\/p>\n<p class=\"x_MsoNormal\"><span lang=\"es\">\u25cf\u00a0\u00a0\u00a0\u00a0\u00a0<\/span><span lang=\"es\">Diego Enr\u00edquez \/ A los Trece<\/span><\/p>\n<p class=\"x_MsoNormal\"><span lang=\"es\">\u25cf\u00a0\u00a0\u00a0\u00a0\u00a0<\/span><span lang=\"es\">Jos\u00e9 Covi\u00e1n \/ Despertar de Primavera<\/span><\/p>\n<p class=\"x_MsoNormal\"><span lang=\"es\">\u25cf\u00a0\u00a0\u00a0\u00a0\u00a0<\/span><span lang=\"es\">Jos\u00e9 Pablo Monta\u00f1a \/ A los Trece<\/span><\/p>\n<p class=\"x_MsoNormal\"><span lang=\"es\">\u25cf\u00a0\u00a0\u00a0\u00a0\u00a0<\/span><span lang=\"es\">Ulises Galv\u00e1n \/ Beautiful Julia<\/span><\/p>\n<p class=\"x_MsoNormal\"><b><span lang=\"es\">\u00a0\u00a0\u00a0\u00a0\u00a0 Actriz de Soporte<\/span><\/b><\/p>\n<p class=\"x_MsoNormal\"><span lang=\"es\">\u25cf\u00a0\u00a0\u00a0\u00a0\u00a0<\/span><span lang=\"es\">Margarita Sanz \/ La Madriguera<\/span><\/p>\n<p class=\"x_MsoNormal\"><span lang=\"es\">\u25cf\u00a0\u00a0\u00a0\u00a0\u00a0<\/span><span lang=\"es\">Maria Penella \/ Peque\u00f1a Voz<\/span><\/p>\n<p class=\"x_MsoNormal\"><span lang=\"es\">\u25cf\u00a0\u00a0\u00a0\u00a0\u00a0<\/span><span lang=\"es\">Paola Izquierdo \/ La Tortuga de Darwin<\/span><\/p>\n<p class=\"x_MsoNormal\"><span lang=\"es\">\u25cf\u00a0\u00a0\u00a0\u00a0\u00a0<\/span><span lang=\"es\">Paula Watson \/ Infierno Comprendido<\/span><\/p>\n<p class=\"x_MsoNormal\"><span lang=\"es\">\u25cf\u00a0\u00a0\u00a0\u00a0\u00a0<\/span><span lang=\"es\">Paulina Trevi\u00f1o \/ La Celestina<\/span><\/p>\n<p class=\"x_MsoNormal\"><b><span lang=\"es\">\u00a0\u00a0\u00a0\u00a0\u00a0\u00a0\u00a0\u00a0 Actor de Soporte<\/span><\/b><\/p>\n<p class=\"x_MsoNormal\"><span lang=\"es\">\u25cf\u00a0\u00a0\u00a0\u00a0\u00a0<\/span><span lang=\"es\">Alfonso Borbolla \/ The Pillowman<\/span><\/p>\n<p class=\"x_MsoNormal\"><span lang=\"es\">\u25cf\u00a0\u00a0\u00a0\u00a0\u00a0<\/span><span lang=\"es\">Constantino Mor\u00e1n \/ Los Chicos de la Banda<\/span><\/p>\n<p class=\"x_MsoNormal\"><span lang=\"es\">\u25cf\u00a0\u00a0\u00a0\u00a0\u00a0<\/span><span lang=\"es\">Hern\u00e1n del Riego \/ Ejercicios Fant\u00e1sticos del Yo<\/span><\/p>\n<p class=\"x_MsoNormal\"><span lang=\"es\">\u25cf\u00a0\u00a0\u00a0\u00a0\u00a0<\/span><span lang=\"es\">Julio Cesar Luna \/ Hay Un Lobo que se come el Sol Todos los Inviernos<\/span><\/p>\n<p class=\"x_MsoNormal\"><span lang=\"es\">\u25cf\u00a0\u00a0\u00a0\u00a0\u00a0<\/span><span lang=\"es\">Pedro de Tavira Egurrola \/ \u00bf Qui\u00e9n Teme a Virginia Woolf ?<\/span><\/p>\n<p class=\"x_MsoNormal\"><span lang=\"es\">\u00a0\u00a0\u00a0\u00a0<\/span><b><span lang=\"es\">Dramaturgia Mexicana<\/span><\/b><\/p>\n<p class=\"x_MsoNormal\"><span lang=\"es\">\u25cf\u00a0\u00a0\u00a0\u00a0\u00a0<\/span><span lang=\"es\">Antonio Zu\u00f1iga \/ Medea<\/span><\/p>\n<p class=\"x_MsoNormal\"><span lang=\"es\">\u25cf\u00a0\u00a0\u00a0\u00a0\u00a0<\/span><span lang=\"es\">Alejandro Rom\u00e1n \/ Novo, Un closet de cristal cortado<\/span><\/p>\n<p class=\"x_MsoNormal\"><span lang=\"es\">\u25cf\u00a0\u00a0\u00a0\u00a0\u00a0<\/span><span lang=\"es\">Colectivo Leviat\u00e1n \/ La Vida de Roth<\/span><\/p>\n<p class=\"x_MsoNormal\"><span lang=\"es\">\u25cf\u00a0\u00a0\u00a0\u00a0\u00a0<\/span><span lang=\"es\">David Gait\u00e1n \/ La Ceguera no es un Trampol\u00edn<\/span><\/p>\n<p class=\"x_MsoNormal\"><span lang=\"es\">\u25cf\u00a0\u00a0\u00a0\u00a0\u00a0<\/span><span lang=\"es\">M\u00f3nica Hoth , Claudio Vald\u00e9s Kuri \/ Triple Concierto<\/span><\/p>\n<p class=\"x_MsoNormal\"><b><span lang=\"es\">\u00a0\u00a0\u00a0\u00a0 Teatro para J\u00f3venes Audiencias<\/span><\/b><\/p>\n<p class=\"x_MsoNormal\"><span lang=\"es\">\u25cf\u00a0\u00a0\u00a0\u00a0\u00a0<\/span><span lang=\"es\">Ac\u00e1 en la Tierra \/ La M\u00e1quina del Tiempo Producciones<\/span><\/p>\n<p class=\"x_MsoNormal\"><span lang=\"es\">\u25cf\u00a0\u00a0\u00a0\u00a0\u00a0<\/span><span lang=\"es\">Beautiful Julia \/ Compa\u00f1\u00eda Los Endebles AC<\/span><\/p>\n<p class=\"x_MsoNormal\"><span lang=\"es\">\u25cf\u00a0\u00a0\u00a0\u00a0\u00a0<\/span><span lang=\"es\">Coraz\u00f3n Gordito \/Once Once Producciones<\/span><\/p>\n<p class=\"x_MsoNormal\"><span lang=\"es\">\u25cf\u00a0\u00a0\u00a0\u00a0\u00a0<\/span><span lang=\"es\">Distroller El Miusikul \/ Ampar\u00edn Serrano<\/span><\/p>\n<p class=\"x_MsoNormal\"><span lang=\"es\">\u25cf\u00a0\u00a0\u00a0\u00a0\u00a0<\/span><span lang=\"es\">Los Olvidados \/ Cia.Rafaga Teatro, TESC, La Trouppe Ferrocarril, Cococ\u00f3 Teatro, Cortejo Producciones<\/span><\/p>\n<p class=\"x_MsoNormal\"><b><span lang=\"es\">\u00a0\u00a0\u00a0 Mon\u00f3logo<\/span><\/b><\/p>\n<p class=\"x_MsoNormal\"><span lang=\"es\">\u25cf\u00a0\u00a0\u00a0\u00a0\u00a0<\/span><span lang=\"es\">Artaud \u00bf Cu\u00e1nto pesa una Nube ? \/ La M\u00e1quina de Teatro, Teatro UNAM<\/span><\/p>\n<p class=\"x_MsoNormal\"><span lang=\"es\">\u25cf\u00a0\u00a0\u00a0\u00a0\u00a0<\/span><span lang=\"es\">Camille Claudel \/ Stage of the Arts M\u00e9xico<\/span><\/p>\n<p class=\"x_MsoNormal\"><span lang=\"es\">\u25cf\u00a0\u00a0\u00a0\u00a0\u00a0<\/span><span lang=\"es\">Un Acto de Comuni\u00f3n \/ Ant\u00f3n Araiza<\/span><\/p>\n<p class=\"x_MsoNormal\"><span lang=\"es\">\u25cf\u00a0\u00a0\u00a0\u00a0\u00a0<\/span><span lang=\"es\">Una Ni\u00f1a es una cosa a medio formar \/ Magn\u00edfico Entertainment, Dolores<\/span><\/p>\n<p class=\"x_MsoNormal\"><span lang=\"es\">\u25cf\u00a0\u00a0\u00a0\u00a0\u00a0<\/span><span lang=\"es\">Tornaviaje \/ Diana Sedano<\/span><\/p>\n<p class=\"x_MsoNormal\"><span lang=\"es\">\u00a0\u00a0\u00a0\u00a0\u00a0<\/span><b><span lang=\"es\">Espect\u00e1culo de Cabaret<\/span><\/b><\/p>\n<p class=\"x_MsoNormal\"><span lang=\"es\">\u25cf\u00a0\u00a0\u00a0\u00a0\u00a0<\/span><span lang=\"es\">Capitalismo Gore \/ Compa\u00f1\u00eda Las HHH<\/span><\/p>\n<p class=\"x_MsoNormal\"><span lang=\"es\">\u25cf\u00a0\u00a0\u00a0\u00a0\u00a0<\/span><span lang=\"es\">Los Caballeros las prefieren presas \/ Compa\u00f1\u00eda ladelcabaret<\/span><\/p>\n<p class=\"x_MsoNormal\"><span lang=\"es\">\u25cf\u00a0\u00a0\u00a0\u00a0\u00a0<\/span><span lang=\"es\">La Cr\u00eda, el musical \/ Cabaretito, Youkali Cabaret, La Nave de las Locas<\/span><\/p>\n<p class=\"x_MsoNormal\"><span lang=\"es\">\u25cf\u00a0\u00a0\u00a0\u00a0\u00a0<\/span><span lang=\"es\">El Evangelio seg\u00fan Juangag\u00e1 \/ M Briones , Juan R\u00edos Cant\u00fa<\/span><\/p>\n<p class=\"x_MsoNormal\"><span lang=\"es\">\u25cf\u00a0\u00a0\u00a0\u00a0\u00a0<\/span><span lang=\"es\">Lobo y Oveja \/ Cabaret Misterio<\/span><\/p>\n<p class=\"x_MsoNormal\"><b><span lang=\"es\">\u00a0\u00a0\u00a0\u00a0\u00a0 Dise\u00f1o de Escenograf\u00eda<\/span><\/b><\/p>\n<p class=\"x_MsoNormal\"><span lang=\"es\">\u25cf\u00a0\u00a0\u00a0\u00a0\u00a0<\/span><span lang=\"es\">Alejandro Luna \/ Tragaluz<\/span><\/p>\n<p class=\"x_MsoNormal\"><span lang=\"es\">\u25cf\u00a0\u00a0\u00a0\u00a0\u00a0<\/span><span lang=\"es\">Auda Caraza \/ Nacahue : Ram\u00f3n y Hortensia<\/span><\/p>\n<p class=\"x_MsoNormal\"><span lang=\"es\">\u25cf\u00a0\u00a0\u00a0\u00a0\u00a0<\/span><span lang=\"es\">Mat\u00edas Gorlero , Felix Arroyo \/ La Ceguera no es un Trampol\u00edn<\/span><\/p>\n<p class=\"x_MsoNormal\"><span lang=\"es\">\u25cf\u00a0\u00a0\u00a0\u00a0\u00a0<\/span><span lang=\"es\">Mauricio Arizona \/ Straight<\/span><\/p>\n<p class=\"x_MsoNormal\"><span lang=\"es\">\u25cf\u00a0\u00a0\u00a0\u00a0\u00a0<\/span><span lang=\"es\">Pablo Garza Segovia , Sergio Ecatl \/ Distroller El Miusikul<\/span><\/p>\n<p class=\"x_MsoNormal\"><b><span lang=\"es\">\u00a0\u00a0\u00a0\u00a0 Dise\u00f1o de Iluminaci\u00f3n<\/span><\/b><\/p>\n<p class=\"x_MsoNormal\"><span lang=\"es\">\u25cf\u00a0\u00a0\u00a0\u00a0\u00a0<\/span><span lang=\"es\">Alejandro Luna \/ Tragaluz<\/span><\/p>\n<p class=\"x_MsoNormal\"><span lang=\"es\">\u25cf\u00a0\u00a0\u00a0\u00a0\u00a0<\/span><span lang=\"es\">Jes\u00fas Giles \/ Straight<\/span><\/p>\n<p class=\"x_MsoNormal\"><span lang=\"es\">\u25cf\u00a0\u00a0\u00a0\u00a0\u00a0<\/span><span lang=\"es\">Jes\u00fas Giles \/ Viena 19 : La Sangre<\/span><\/p>\n<p class=\"x_MsoNormal\"><span lang=\"es\">\u25cf\u00a0\u00a0\u00a0\u00a0\u00a0<\/span><span lang=\"es\">Patricia Guti\u00e9rrez Arriaga, Diego V\u00e1zquez \/ Camille Claudel<\/span><\/p>\n<p class=\"x_MsoNormal\"><span lang=\"es\">\u25cf\u00a0\u00a0\u00a0\u00a0\u00a0<\/span><span lang=\"es\">V\u00edctor Zapatero \/ Novecento<\/span><\/p>\n<p class=\"x_MsoNormal\"><span lang=\"es\">\u00a0\u00a0\u00a0\u00a0\u00a0<\/span><b><span lang=\"es\">Dise\u00f1o de Vestuario<\/span><\/b><\/p>\n<p class=\"x_MsoNormal\"><span lang=\"es\">\u25cf\u00a0\u00a0\u00a0\u00a0\u00a0<\/span><span lang=\"es\">Brisa Alonso \/ Viena 19 : La Sangre<\/span><\/p>\n<p class=\"x_MsoNormal\"><span lang=\"es\">\u25cf\u00a0\u00a0\u00a0\u00a0\u00a0<\/span><span lang=\"es\">Estela Fagoaga \/ El Perro del Hortelano<\/span><\/p>\n<p class=\"x_MsoNormal\"><span lang=\"es\">\u25cf\u00a0\u00a0\u00a0\u00a0\u00a0<\/span><span lang=\"es\">Libertad Mardel \/ Nacahue : Ram\u00f3n y Hortensia<\/span><\/p>\n<p class=\"x_MsoNormal\"><span lang=\"es\">\u25cf\u00a0\u00a0\u00a0\u00a0\u00a0<\/span><span lang=\"es\">Ricardo Loyola \/ La Ceguera no es un Trampol\u00edn<\/span><\/p>\n<p class=\"x_MsoNormal\"><span lang=\"es\">\u25cf\u00a0\u00a0\u00a0\u00a0\u00a0<\/span><span lang=\"es\">Quy Lan Lanchino, Asur Z\u00e1gada \/ Los Olvidados<\/span><\/p>\n<p class=\"x_MsoNormal\"><b><span lang=\"es\">\u00a0\u00a0\u00a0\u00a0\u00a0 M\u00fasica Original<\/span><\/b><\/p>\n<p class=\"x_MsoNormal\"><span lang=\"es\">\u25cf\u00a0\u00a0\u00a0\u00a0\u00a0<\/span><span lang=\"es\">Andr\u00e9s Penella \/ Despertar de Primavera<\/span><\/p>\n<p class=\"x_MsoNormal\"><span lang=\"es\">\u25cf\u00a0\u00a0\u00a0\u00a0\u00a0<\/span><span lang=\"es\">Dano Couti\u00f1o \/ Argonautika<\/span><\/p>\n<p class=\"x_MsoNormal\"><span lang=\"es\">\u25cf\u00a0\u00a0\u00a0\u00a0\u00a0<\/span><span lang=\"es\">Dano Couti\u00f1o \/ The Pillowman<\/span><\/p>\n<p class=\"x_MsoNormal\"><span lang=\"es\">\u25cf\u00a0\u00a0\u00a0\u00a0\u00a0<\/span><span lang=\"es\">Pablo Chemor \/ Medea<\/span><\/p>\n<p class=\"x_MsoNormal\"><span lang=\"es\">\u25cf\u00a0\u00a0\u00a0\u00a0\u00a0<\/span><span lang=\"es\">Pablo Chemor \/ Novecento<\/span><\/p>\n<p class=\"x_MsoNormal\"><span lang=\"es\">\u00a0\u00a0\u00a0\u00a0<\/span><span lang=\"es\">\u00a0<b>Dise\u00f1o Sonoro<\/b><\/span><\/p>\n<p class=\"x_MsoNormal\"><span lang=\"es\">\u25cf\u00a0\u00a0\u00a0\u00a0\u00a0<\/span><span lang=\"es\">Eduardo Villarreal Molina \/ El Feo<\/span><\/p>\n<p class=\"x_MsoNormal\"><span lang=\"es\">\u25cf\u00a0\u00a0\u00a0\u00a0\u00a0<\/span><span lang=\"es\">Jorge Valdivia \/ Nacahue : Ram\u00f3n y Hortensia<\/span><\/p>\n<p class=\"x_MsoNormal\"><span lang=\"es\">\u25cf\u00a0\u00a0\u00a0\u00a0\u00a0<\/span><span lang=\"es\">Mauricio Garc\u00eda Lozano, Vico Guti\u00e9rrez, Benny Ibarra, Santiago \u00c1lvarez Cacho \/ Novecento<\/span><\/p>\n<p class=\"x_MsoNormal\"><span lang=\"es\">\u25cf\u00a0\u00a0\u00a0\u00a0\u00a0<\/span><span lang=\"es\">Pablo Chemor, Nicolas Garcia Lieberman \/ Medea<\/span><\/p>\n<p class=\"x_MsoNormal\"><span lang=\"es\">\u25cf\u00a0\u00a0\u00a0\u00a0\u00a0<\/span><span lang=\"es\">Xicot\u00e9ncatl Reyes \/ La Ceguera no es un Trampol\u00edn<\/span><\/p>\n<p class=\"x_MsoNormal\"><b><span lang=\"es\">\u00a0\u00a0\u00a0\u00a0\u00a0 Coreograf\u00eda o Movimiento Esc\u00e9nico<\/span><\/b><\/p>\n<p class=\"x_MsoNormal\"><span lang=\"es\">\u25cf\u00a0\u00a0\u00a0\u00a0\u00a0<\/span><span lang=\"es\">Mauricio Rico \/ La Vida de Roth<\/span><\/p>\n<p class=\"x_MsoNormal\"><span lang=\"es\">\u25cf\u00a0\u00a0\u00a0\u00a0\u00a0<\/span><span lang=\"es\">Miguel Septi\u00e9n \/ Argonautika<\/span><\/p>\n<p class=\"x_MsoNormal\"><span lang=\"es\">\u25cf\u00a0\u00a0\u00a0\u00a0\u00a0<\/span><span lang=\"es\">Ruby Tagle \/ Viena 19 : La Sangre<\/span><\/p>\n<p class=\"x_MsoNormal\"><span lang=\"es\">\u25cf\u00a0\u00a0\u00a0\u00a0\u00a0<\/span><span lang=\"es\">Vivian Cruz\/ Medea<\/span><\/p>\n<p class=\"x_MsoNormal\"><span lang=\"es\">\u25cf\u00a0\u00a0\u00a0\u00a0\u00a0<\/span><span lang=\"es\">Vladimir Rodr\u00edguez \/ Triple Concierto<\/span><\/p>\n<p class=\"x_MsoNormal\"><b><span lang=\"es\">\u00a0\u00a0\u00a0\u00a0\u00a0 Traducci\u00f3n<\/span><\/b><\/p>\n<p class=\"x_MsoNormal\"><span lang=\"es\">\u25cf\u00a0\u00a0\u00a0\u00a0\u00a0<\/span><span lang=\"es\">Aurora Cano \/ La Fundamentalista<\/span><\/p>\n<p class=\"x_MsoNormal\"><span lang=\"es\">\u25cf\u00a0\u00a0\u00a0\u00a0\u00a0<\/span><span lang=\"es\">Jer\u00f3nimo Best \/ BlackBird<\/span><\/p>\n<p class=\"x_MsoNormal\"><span lang=\"es\">\u25cf\u00a0\u00a0\u00a0\u00a0\u00a0<\/span><span lang=\"es\">Manuel Ulloa Colonia \/ Straight<\/span><\/p>\n<p class=\"x_MsoNormal\"><span lang=\"es\">\u25cf\u00a0\u00a0\u00a0\u00a0\u00a0<\/span><span lang=\"es\">Marina de Tavira, Luis de Tavira, Rafael S\u00e1nchez Navarro \/ Tragaluz<\/span><\/p>\n<p class=\"x_MsoNormal\"><span lang=\"es\">\u25cf\u00a0\u00a0\u00a0\u00a0\u00a0<\/span><span lang=\"es\">Miguel Septi\u00e9n \/ The Pillowman<\/span><\/p>\n<p class=\"x_MsoNormal\"><span lang=\"es\">\u00a0<\/span><span lang=\"es\">\u00a0\u00a0\u00a0\u00a0\u00a0<b>Actriz Principal<\/b><\/span><\/p>\n<p class=\"x_MsoNormal\"><span lang=\"es\">\u25cf\u00a0\u00a0\u00a0\u00a0\u00a0<\/span><span lang=\"es\">Cassandra Ciangherotti \/ BlackBird<\/span><\/p>\n<p class=\"x_MsoNormal\"><span lang=\"es\">\u25cf\u00a0\u00a0\u00a0\u00a0\u00a0<\/span><span lang=\"es\">Ilse Salas \/ Medea<\/span><\/p>\n<p class=\"x_MsoNormal\"><span lang=\"es\">\u25cf\u00a0\u00a0\u00a0\u00a0\u00a0<\/span><span lang=\"es\">Laura Almela \/ \u00bfQui\u00e9n Teme a Virginia Woolf ?<\/span><\/p>\n<p class=\"x_MsoNormal\"><span lang=\"es\">\u25cf\u00a0\u00a0\u00a0\u00a0\u00a0<\/span><span lang=\"es\">Laura Padilla \/ La Celestina<\/span><\/p>\n<p class=\"x_MsoNormal\"><span lang=\"es\">\u25cf\u00a0\u00a0\u00a0\u00a0\u00a0<\/span><span lang=\"es\">Marina de Tavira \/ Tragaluz<\/span><\/p>\n<p class=\"x_MsoNormal\"><span lang=\"es\">\u25cf\u00a0\u00a0\u00a0\u00a0\u00a0<\/span><span lang=\"es\">Regina Bland\u00f3n \/ The Pillowman<\/span><\/p>\n<p class=\"x_MsoNormal\"><b><span lang=\"es\">\u00a0\u00a0\u00a0\u00a0\u00a0 Actor Principal<\/span><\/b><\/p>\n<p class=\"x_MsoNormal\"><span lang=\"es\">\u25cf\u00a0\u00a0\u00a0\u00a0\u00a0<\/span><span lang=\"es\">Alejandro Calva \/ BlackBird<\/span><\/p>\n<p class=\"x_MsoNormal\"><span lang=\"es\">\u25cf\u00a0\u00a0\u00a0\u00a0\u00a0<\/span><span lang=\"es\">Cristian Magaloni \/ Himmelweg<\/span><\/p>\n<p class=\"x_MsoNormal\"><span lang=\"es\">\u25cf\u00a0\u00a0\u00a0\u00a0\u00a0<\/span><span lang=\"es\">Daniel Gim\u00e9nez Cacho \/ \u00bfQui\u00e9n Teme a Virginia Woolf ?<\/span><\/p>\n<p class=\"x_MsoNormal\"><span lang=\"es\">\u25cf\u00a0\u00a0\u00a0\u00a0\u00a0<\/span><span lang=\"es\">Rafael S\u00e1nchez Navarro \/ Tragaluz<\/span><\/p>\n<p class=\"x_MsoNormal\"><span lang=\"es\">\u25cf\u00a0\u00a0\u00a0\u00a0\u00a0<\/span><span lang=\"es\">Roberto Beck \/ Hay Un Lobo que se come el Sol todos los Inviernos<\/span><\/p>\n<p class=\"x_MsoNormal\"><span lang=\"es\">\u25cf\u00a0\u00a0\u00a0\u00a0\u00a0<\/span><span lang=\"es\">Roberto Soto \/ El Padre<\/span><\/p>\n<p class=\"x_MsoNormal\"><b><span lang=\"es\">\u00a0\u00a0\u00a0\u00a0\u00a0 Actriz Principal en M\u00fasical<\/span><\/b><\/p>\n<p class=\"x_MsoNormal\"><span lang=\"es\">\u25cf\u00a0\u00a0\u00a0\u00a0\u00a0<\/span><span lang=\"es\">Biby Gayt\u00e1n \/ Chicago El Musical<\/span><\/p>\n<p class=\"x_MsoNormal\"><span lang=\"es\">\u25cf\u00a0\u00a0\u00a0\u00a0\u00a0<\/span><span lang=\"es\">Cassandra S\u00e1nchez Navarro \/ Sugar<\/span><\/p>\n<p class=\"x_MsoNormal\"><span lang=\"es\">\u25cf\u00a0\u00a0\u00a0\u00a0\u00a0<\/span><span lang=\"es\">Mar\u00eda Le\u00f3n \/ Chicago El Musical<\/span><\/p>\n<p class=\"x_MsoNormal\"><span lang=\"es\">\u25cf\u00a0\u00a0\u00a0\u00a0\u00a0<\/span><span lang=\"es\">Mar\u00eda In\u00e9s Villarreal \/ A Los Trece<\/span><\/p>\n<p class=\"x_MsoNormal\"><span lang=\"es\">\u25cf\u00a0\u00a0\u00a0\u00a0\u00a0<\/span><span lang=\"es\">Susana Zabaleta\/ Casi Normale<\/span><\/p>\n<p class=\"x_MsoNormal\"><span lang=\"es\">\u00a0\u00a0\u00a0\u00a0\u00a0\u00a0<\/span><b><span lang=\"es\">Actor Principal en Musical<\/span><\/b><\/p>\n<p class=\"x_MsoNormal\"><span lang=\"es\">\u25cf\u00a0\u00a0\u00a0\u00a0\u00a0<\/span><span lang=\"es\">Ariel Miramontes \/ Sugar<\/span><\/p>\n<p class=\"x_MsoNormal\"><span lang=\"es\">\u25cf\u00a0\u00a0\u00a0\u00a0\u00a0<\/span><span lang=\"es\">Dan Klip \/ A los Trece<\/span><\/p>\n<p class=\"x_MsoNormal\"><span lang=\"es\">\u25cf\u00a0\u00a0\u00a0\u00a0\u00a0<\/span><span lang=\"es\">Erik Rub\u00edn \/ Jesucristo S\u00faper Estrella<\/span><\/p>\n<p class=\"x_MsoNormal\"><span lang=\"es\">\u25cf\u00a0\u00a0\u00a0\u00a0\u00a0<\/span><span lang=\"es\">Gustavo Robles \/ Crimen Pasi\u00f3n y Boleros La Radionovela de M\u00e9xico<\/span><\/p>\n<p class=\"x_MsoNormal\"><span lang=\"es\">\u25cf\u00a0\u00a0\u00a0\u00a0\u00a0<\/span><span lang=\"es\">Leonardo Bono \/ Avenida Q<\/span><\/p>\n<p class=\"x_MsoNormal\"><b><span lang=\"es\">\u00a0\u00a0\u00a0\u00a0\u00a0 Actriz de Soporte en Musical<\/span><\/b><\/p>\n<p class=\"x_MsoNormal\"><span lang=\"es\">\u25cf\u00a0\u00a0\u00a0\u00a0\u00a0<\/span><span lang=\"es\">Lisset \/ Distroller El Miusikul<\/span><\/p>\n<p class=\"x_MsoNormal\"><span lang=\"es\">\u25cf\u00a0\u00a0\u00a0\u00a0\u00a0<\/span><span lang=\"es\">Mar\u00eda Penella \/ Casi Normales<\/span><\/p>\n<p class=\"x_MsoNormal\"><span lang=\"es\">\u25cf\u00a0\u00a0\u00a0\u00a0\u00a0<\/span><span lang=\"es\">Michelle Rodriguez \/ Chicago El Musical<\/span><\/p>\n<p class=\"x_MsoNormal\"><span lang=\"es\">\u25cf\u00a0\u00a0\u00a0\u00a0\u00a0<\/span><span lang=\"es\">Rebeca Castillejos \/ Crimen Pasi\u00f3n y Boleros La Radionovela de M\u00e9xico<\/span><\/p>\n<p class=\"x_MsoNormal\"><span lang=\"es\">\u25cf\u00a0\u00a0\u00a0\u00a0\u00a0<\/span><span lang=\"es\">Paola Real \/ Distroller El Miusikul<\/span><\/p>\n<p class=\"x_MsoNormal\"><b><span lang=\"es\">\u00a0\u00a0\u00a0\u00a0\u00a0 Actor de Soporte en Musical<\/span><\/b><\/p>\n<p class=\"x_MsoNormal\"><span lang=\"es\">\u25cf\u00a0\u00a0\u00a0\u00a0\u00a0<\/span><span lang=\"es\">Benito Castro \/ Sugar<\/span><\/p>\n<p class=\"x_MsoNormal\"><span lang=\"es\">\u25cf\u00a0\u00a0\u00a0\u00a0\u00a0<\/span><span lang=\"es\">Diego Enr\u00edquez \/ A los Trece<\/span><\/p>\n<p class=\"x_MsoNormal\"><span lang=\"es\">\u25cf\u00a0\u00a0\u00a0\u00a0\u00a0<\/span><span lang=\"es\">Pepe Navarrete \/ Chicago El Musical<\/span><\/p>\n<p class=\"x_MsoNormal\"><span lang=\"es\">\u25cf\u00a0\u00a0\u00a0\u00a0\u00a0<\/span><span lang=\"es\">Jerry Vel\u00e1zquez \/ Casi Normales<\/span><\/p>\n<p class=\"x_MsoNormal\"><span lang=\"es\">\u25cf\u00a0\u00a0\u00a0\u00a0\u00a0<\/span><span lang=\"es\">Lenny Zundel \/ Distroller El Miusikul\u00a0\u00a0\u00a0\u00a0<\/span><\/p>\n<p class=\"x_MsoNormal\"><span lang=\"es\">\u00a0\u00a0\u00a0\u00a0<\/span><span lang=\"es\">\u00a0<b>Director de Escena<\/b><\/span><\/p>\n<p class=\"x_MsoNormal\"><span lang=\"es\">\u25cf\u00a0\u00a0\u00a0\u00a0\u00a0<\/span><span lang=\"es\">Gerardo del Razo \/ La Vida de Roth<\/span><\/p>\n<p class=\"x_MsoNormal\"><span lang=\"es\">\u25cf\u00a0\u00a0\u00a0\u00a0\u00a0<\/span><span lang=\"es\">Katina Medina Mora \/ BlackBird<\/span><\/p>\n<p class=\"x_MsoNormal\"><span lang=\"es\">\u25cf\u00a0\u00a0\u00a0\u00a0\u00a0<\/span><span lang=\"es\">Luis de Tavira \/ Tragaluz<\/span><\/p>\n<p class=\"x_MsoNormal\"><span lang=\"es\">\u25cf\u00a0\u00a0\u00a0\u00a0\u00a0<\/span><span lang=\"es\">Mauricio Garc\u00eda Lozano \/ Medea<\/span><\/p>\n<p class=\"x_MsoNormal\"><span lang=\"es\">\u25cf\u00a0\u00a0\u00a0\u00a0\u00a0<\/span><span lang=\"es\">Miguel Septi\u00e9n \/ The Pillowman\u00a0\u00a0\u00a0<\/span><\/p>\n<p class=\"x_MsoNormal\"><b><span lang=\"es\">\u00a0\u00a0\u00a0\u00a0\u00a0\u00a0\u00a0\u00a0\u00a0 Musical del A\u00f1o<\/span><\/b><\/p>\n<p class=\"x_MsoNormal\"><span lang=\"es\">\u25cf\u00a0\u00a0\u00a0\u00a0\u00a0<\/span><span lang=\"es\">A los Trece \/ TF Producciones, Jes\u00fas Ochoa, Eugenia Le\u00f1ero, Fernando Mart\u00ednez, Yosi Bernstein<\/span><\/p>\n<p class=\"x_MsoNormal\"><span lang=\"es\">\u25cf\u00a0\u00a0\u00a0\u00a0\u00a0<\/span><span lang=\"es\">Casi Normales \/ TOCA<\/span><\/p>\n<p class=\"x_MsoNormal\"><span lang=\"es\">\u25cf\u00a0\u00a0\u00a0\u00a0\u00a0<\/span><span lang=\"es\">Chicago El Musical \/ OCESA<\/span><\/p>\n<p class=\"x_MsoNormal\"><span lang=\"es\">\u25cf\u00a0\u00a0\u00a0\u00a0\u00a0<\/span><span lang=\"es\">Distroller El Miusikul \/ Ampar\u00edn Serrano<\/span><\/p>\n<p class=\"x_MsoNormal\"><span lang=\"es\">\u25cf\u00a0\u00a0\u00a0\u00a0\u00a0<\/span><span lang=\"es\">Sugar \/ Tina Galindo, Claudio Carrera, Alejandro Gou<\/span><\/p>\n<p class=\"x_MsoNormal\"><span lang=\"es\">\u00a0\u00a0\u00a0\u00a0<\/span><b><span lang=\"es\">Obra de A\u00f1o<\/span><\/b><\/p>\n<p class=\"x_MsoNormal\"><span lang=\"es\">\u25cf\u00a0\u00a0\u00a0\u00a0\u00a0<\/span><span lang=\"es\">Blackbird \/ Berenice Gonz\u00e1lez<\/span><\/p>\n<p class=\"x_MsoNormal\"><span lang=\"es\">\u25cf\u00a0\u00a0\u00a0\u00a0\u00a0<\/span><span lang=\"es\">Hay Un Lobo que se come el Sol Todos los Inviernos \/Compa\u00f1\u00eda Teatro en una C\u00e1scara de Nuez<\/span><\/p>\n<p class=\"x_MsoNormal\"><span lang=\"es\">\u25cf\u00a0\u00a0\u00a0\u00a0\u00a0<\/span><span lang=\"es\">Himmelweg \/ Compa\u00f1\u00eda Teatro En una C\u00e1scara de Nuez, Los Bocanegra, Gorditos Inc, Bien Chicles<\/span><\/p>\n<p class=\"x_MsoNormal\"><span lang=\"es\">\u25cf\u00a0\u00a0\u00a0\u00a0\u00a0<\/span><span lang=\"es\">La Celestina \/ Compa\u00f1\u00eda Nacional de Teatro<\/span><\/p>\n<p class=\"x_MsoNormal\"><span lang=\"es\">\u25cf\u00a0\u00a0\u00a0\u00a0\u00a0<\/span><span lang=\"es\">La Vida de Roth \/ Ari Albarr\u00e1n<\/span><\/p>\n<p class=\"x_MsoNormal\"><span lang=\"es\">\u25cf\u00a0\u00a0\u00a0\u00a0\u00a0<\/span><span lang=\"es\">Medea \/ Magn\u00edfico Entertainment, Teatro del Farfullero<\/span><\/p>\n<p class=\"x_MsoNormal\"><span lang=\"es\">\u25cf\u00a0\u00a0\u00a0\u00a0\u00a0<\/span><span lang=\"es\">The Pillowman \/ Icaro, Pablo Perroni, Cuarta Pared<\/span><\/p>\n<p class=\"x_MsoNormal\"><span lang=\"es\">\u25cf\u00a0\u00a0\u00a0\u00a0\u00a0<\/span><span lang=\"es\">\u00bfQui\u00e9n Teme a Virginia Woolf ? \/ El Milagro<\/span><\/p>\n<p class=\"x_MsoNormal\"><span lang=\"es\">\u25cf\u00a0\u00a0\u00a0\u00a0\u00a0<\/span><span lang=\"es\">Tragaluz \/ Incidente Teatro, Casa del Teatro<\/span><\/p>\n<p class=\"x_MsoNormal\"><span lang=\"es\">\u25cf\u00a0\u00a0\u00a0\u00a0\u00a0<\/span><span lang=\"es\">Triple Concierto \/ Teatro UNAM&lt;<\/span><\/p>\n<p>[\/fusion_text][fusion_imageframe image_id=&#8221;41869|medium&#8221; max_width=&#8221;&#8221; style_type=&#8221;&#8221; blur=&#8221;&#8221; stylecolor=&#8221;&#8221; hover_type=&#8221;none&#8221; bordersize=&#8221;&#8221; bordercolor=&#8221;&#8221; borderradius=&#8221;&#8221; align=&#8221;none&#8221; lightbox=&#8221;no&#8221; gallery_id=&#8221;&#8221; lightbox_image=&#8221;&#8221; lightbox_image_id=&#8221;&#8221; alt=&#8221;&#8221; link=&#8221;&#8221; linktarget=&#8221;_self&#8221; hide_on_mobile=&#8221;small-visibility,medium-visibility,large-visibility&#8221; class=&#8221;&#8221; id=&#8221;&#8221; animation_type=&#8221;&#8221; animation_direction=&#8221;left&#8221; animation_speed=&#8221;0.3&#8243; animation_offset=&#8221;&#8221;]https:\/\/www.bitacoracdmx.com\/wp-content\/uploads\/2021\/10\/descargar-98-240&#215;300.png[\/fusion_imageframe][\/fusion_builder_column][\/fusion_builder_row][\/fusion_builder_container]<\/p>\n","protected":false},"excerpt":{"rendered":"<p>[fusion_builder_container hundred_percent=&#8221;no&#8221; equal_height_columns=&#8221;no&#8221; menu_anchor=&#8221;&#8221; hide_on_mobile=&#8221;small-visibility,medium-visibility,large-visibility&#8221; class=&#8221;&#8221; id=&#8221;&#8221; background_color=&#8221;&#8221; background_image=&#8221;&#8221; background_position=&#8221;center center&#8221; background_repeat=&#8221;no-repeat&#8221; fade=&#8221;no&#8221; background_parallax=&#8221;none&#8221; parallax_speed=&#8221;0.3&#8243; video_mp4=&#8221;&#8221; video_webm=&#8221;&#8221; video_ogv=&#8221;&#8221; video_url=&#8221;&#8221; video_aspect_ratio=&#8221;16:9&#8243; video_loop=&#8221;yes&#8221; video_mute=&#8221;yes&#8221; overlay_color=&#8221;&#8221; video_preview_image=&#8221;&#8221; border_size=&#8221;&#8221; border_color=&#8221;&#8221; border_style=&#8221;solid&#8221; padding_top=&#8221;&#8221; padding_bottom=&#8221;&#8221; padding_left=&#8221;&#8221; padding_right=&#8221;&#8221;][fusion_builder_row][fusion_builder_column type=&#8221;1_1&#8243; layout=&#8221;1_1&#8243; background_position=&#8221;left top&#8221; background_color=&#8221;&#8221; border_size=&#8221;&#8221; border_color=&#8221;&#8221; border_style=&#8221;solid&#8221; border_position=&#8221;all&#8221; spacing=&#8221;yes&#8221; background_image=&#8221;&#8221; background_repeat=&#8221;no-repeat&#8221; padding_top=&#8221;&#8221; padding_right=&#8221;&#8221; padding_bottom=&#8221;&#8221; padding_left=&#8221;&#8221; margin_top=&#8221;0px&#8221; margin_bottom=&#8221;0px&#8221; class=&#8221;&#8221; id=&#8221;&#8221; animation_type=&#8221;&#8221; animation_speed=&#8221;0.3&#8243; animation_direction=&#8221;left&#8221; hide_on_mobile=&#8221;small-visibility,medium-visibility,large-visibility&#8221; center_content=&#8221;no&#8221; last=&#8221;no&#8221; min_height=&#8221;&#8221; hover_type=&#8221;none&#8221; link=&#8221;&#8221;][fusion_text] REDACCI\u00d3N Reconocimiento anual otorgado por la Agrupaci\u00f3n de Cr\u00edticos y Periodistas de Teatro (ACPT), con el que se distingue el trabajo dentro del \u00e1mbito teatral en la Ciudad de M\u00e9xico. Una celebraci\u00f3n a las artes esc\u00e9nicas. El pr\u00f3ximo 28 de [&hellip;]<\/p>\n","protected":false},"author":1,"featured_media":41869,"comment_status":"open","ping_status":"open","sticky":false,"template":"","format":"standard","meta":{"footnotes":""},"categories":[9,14],"tags":[],"_links":{"self":[{"href":"https:\/\/www.bitacoracdmx.com\/index.php?rest_route=\/wp\/v2\/posts\/41868"}],"collection":[{"href":"https:\/\/www.bitacoracdmx.com\/index.php?rest_route=\/wp\/v2\/posts"}],"about":[{"href":"https:\/\/www.bitacoracdmx.com\/index.php?rest_route=\/wp\/v2\/types\/post"}],"author":[{"embeddable":true,"href":"https:\/\/www.bitacoracdmx.com\/index.php?rest_route=\/wp\/v2\/users\/1"}],"replies":[{"embeddable":true,"href":"https:\/\/www.bitacoracdmx.com\/index.php?rest_route=%2Fwp%2Fv2%2Fcomments&post=41868"}],"version-history":[{"count":1,"href":"https:\/\/www.bitacoracdmx.com\/index.php?rest_route=\/wp\/v2\/posts\/41868\/revisions"}],"predecessor-version":[{"id":41870,"href":"https:\/\/www.bitacoracdmx.com\/index.php?rest_route=\/wp\/v2\/posts\/41868\/revisions\/41870"}],"wp:featuredmedia":[{"embeddable":true,"href":"https:\/\/www.bitacoracdmx.com\/index.php?rest_route=\/wp\/v2\/media\/41869"}],"wp:attachment":[{"href":"https:\/\/www.bitacoracdmx.com\/index.php?rest_route=%2Fwp%2Fv2%2Fmedia&parent=41868"}],"wp:term":[{"taxonomy":"category","embeddable":true,"href":"https:\/\/www.bitacoracdmx.com\/index.php?rest_route=%2Fwp%2Fv2%2Fcategories&post=41868"},{"taxonomy":"post_tag","embeddable":true,"href":"https:\/\/www.bitacoracdmx.com\/index.php?rest_route=%2Fwp%2Fv2%2Ftags&post=41868"}],"curies":[{"name":"wp","href":"https:\/\/api.w.org\/{rel}","templated":true}]}}