{"id":41898,"date":"2021-10-31T01:26:24","date_gmt":"2021-10-31T01:26:24","guid":{"rendered":"https:\/\/www.bitacoracdmx.com\/?p=41898"},"modified":"2021-10-31T01:26:24","modified_gmt":"2021-10-31T01:26:24","slug":"douglas-nominado-al-emmy-en-nueva-york-por-mejor-composicion-musical-junto-a-la-cadena-telemundo-por-la-cancion-se-viene-la-navidad","status":"publish","type":"post","link":"https:\/\/www.bitacoracdmx.com\/?p=41898","title":{"rendered":"DOUGLAS nominado al EMMY en Nueva York por mejor composici\u00f3n musical junto a la cadena TELEMUNDO, por la canci\u00f3n \u201cSE VIENE LA NAVIDAD\u201d."},"content":{"rendered":"<p>[fusion_builder_container hundred_percent=&#8221;no&#8221; equal_height_columns=&#8221;no&#8221; menu_anchor=&#8221;&#8221; hide_on_mobile=&#8221;small-visibility,medium-visibility,large-visibility&#8221; class=&#8221;&#8221; id=&#8221;&#8221; background_color=&#8221;&#8221; background_image=&#8221;&#8221; background_position=&#8221;center center&#8221; background_repeat=&#8221;no-repeat&#8221; fade=&#8221;no&#8221; background_parallax=&#8221;none&#8221; parallax_speed=&#8221;0.3&#8243; video_mp4=&#8221;&#8221; video_webm=&#8221;&#8221; video_ogv=&#8221;&#8221; video_url=&#8221;&#8221; video_aspect_ratio=&#8221;16:9&#8243; video_loop=&#8221;yes&#8221; video_mute=&#8221;yes&#8221; overlay_color=&#8221;&#8221; video_preview_image=&#8221;&#8221; border_size=&#8221;&#8221; border_color=&#8221;&#8221; border_style=&#8221;solid&#8221; padding_top=&#8221;&#8221; padding_bottom=&#8221;&#8221; padding_left=&#8221;&#8221; padding_right=&#8221;&#8221;][fusion_builder_row][fusion_builder_column type=&#8221;1_1&#8243; layout=&#8221;1_1&#8243; background_position=&#8221;left top&#8221; background_color=&#8221;&#8221; border_size=&#8221;&#8221; border_color=&#8221;&#8221; border_style=&#8221;solid&#8221; border_position=&#8221;all&#8221; spacing=&#8221;yes&#8221; background_image=&#8221;&#8221; background_repeat=&#8221;no-repeat&#8221; padding_top=&#8221;&#8221; padding_right=&#8221;&#8221; padding_bottom=&#8221;&#8221; padding_left=&#8221;&#8221; margin_top=&#8221;0px&#8221; margin_bottom=&#8221;0px&#8221; class=&#8221;&#8221; id=&#8221;&#8221; animation_type=&#8221;&#8221; animation_speed=&#8221;0.3&#8243; animation_direction=&#8221;left&#8221; hide_on_mobile=&#8221;small-visibility,medium-visibility,large-visibility&#8221; center_content=&#8221;no&#8221; last=&#8221;no&#8221; min_height=&#8221;&#8221; hover_type=&#8221;none&#8221; link=&#8221;&#8221;][fusion_text]<\/p>\n<p>REDACCI\u00d3N<\/p>\n<p dir=\"ltr\">La ceremonia de premiaci\u00f3n se realizar\u00e1 el pr\u00f3ximo s\u00e1bado 30 de Octubre, en este oportunidad en forma virtual dada la situaci\u00f3n de resguardo de salud en Nueva York, se podr\u00e1 ver\u00a0 desde la plataforma\u00a0 <a href=\"https:\/\/mailtrack.io\/trace\/link\/6ad34fcf506e1251af5434b603aaf83c2bae3569?url=https%3A%2F%2Fwww.nyemmys.org%2F&amp;userId=491255&amp;signature=a2543b60f559fdd7\" target=\"_blank\" rel=\"noopener noreferrer\" data-auth=\"NotApplicable\" data-linkindex=\"0\">www.nyemmys.org <\/a>, <a href=\"https:\/\/mailtrack.io\/trace\/link\/de42066fca0e62e9ced85aef957d325739fef5c8?url=http%3A%2F%2Fwatch.theemmys.tv%2F&amp;userId=491255&amp;signature=f1c9002ec14308c4\" target=\"_blank\" rel=\"noopener noreferrer\" data-auth=\"NotApplicable\" data-linkindex=\"1\">Watch.TheEmmys.tv<\/a> y <a href=\"https:\/\/mailtrack.io\/trace\/link\/9aad77680348706fa255d9e47de3a8b1aaec310d?url=https%3A%2F%2Fwww.facebook.com%2FNewYorkEmmyAwards%2F&amp;userId=491255&amp;signature=5e6a369606ebe40d\" target=\"_blank\" rel=\"noopener noreferrer\" data-auth=\"NotApplicable\" data-linkindex=\"2\">www.facebook.com\/NewYorkEmmyAwards<\/a>.<\/p>\n<p dir=\"ltr\">El 3 veces triunfador del festival de Vi\u00f1a del Mar, grab\u00f3, compuso particip\u00f3 como rostro de la campa\u00f1a publicitaria de Navidad para una de las cadenas televisivas de mayor audiencia en Estados Unidos Telemundo, la cu\u00e1l tuvo una excelente acogida e incluso de distintas ciudades del pa\u00eds le pidieron hacer una versi\u00f3n personalizada ya que\u00a0 originalmente era para Nueva York, logrando cautivar distintos mercados por lo que se transmiti\u00f3 en las cadenas de\u00a0 Boston, Texas, Connecticut, Orlando, Tampa, Los \u00c1ngeles, Houston, entre otras ciudades.<\/p>\n<p dir=\"ltr\">Es tanto as\u00ed que este a\u00f1o la canci\u00f3n es nominada al Emmy como mejor composici\u00f3n musical Douglas como cantante y\u00a0 compositor;\u00a0 el arreglo musical a cargo de Andr\u00e9s SIlva y en cuanto a la producci\u00f3n ejecutiva,\u00a0 gerente de promoci\u00f3n de Telemundo Freddy Le\u00f3n y como coordinadora del proyecto la productora chilena Eva Serebrinsky. Esta es la \u00fanica categor\u00eda musical ya que principalmente los distinguidos premios Emmys son netamente\u00a0 de Televisi\u00f3n.<\/p>\n<p dir=\"ltr\">Para Douglas este reconocimiento lo llena de orgullo, m\u00e1s all\u00e1 de llevarse esta codiciada estatuilla el estar dentro de los nominado en este importante premio lo hace sentirse muy contento y emocionado.<\/p>\n<p dir=\"ltr\">Con respecto a la canci\u00f3n Douglas cuenta que est\u00e1 inspirada en la nostalgia que sentimos en estas fechas, todos quienes hemos emigrado de nuestros pa\u00edses de origen persiguiendo nuestros sue\u00f1os. Estados Unidos es un pa\u00eds que se caracteriza especialmente y desde hace muchos a\u00f1os, por la cantidad de inmigrantes que forman parte de su d\u00eda a d\u00eda, al igual que hoy Chile, hogar de muchos latinoamericanos vecinos. Esa nostalgia hoy se traduce en esta canci\u00f3n&#8221;.<\/p>\n<p>De esta manera el consagrado cantante y compositor chileno Douglas residente en Miami se prepara ya para volver a los escenarios tras la pandemia mundial que paraliz\u00f3 el mundo de los espect\u00e1culos en vivo.<\/p>\n<p dir=\"ltr\">Escucha la canci\u00f3n: \u201cSe Viene la Navidad\u201d <a href=\"https:\/\/mailtrack.io\/trace\/link\/e96b35915abb809b755c3f1a267f0ba3e462b0ea?url=https%3A%2F%2Fyoutu.be%2FcDbgae3fEX8&amp;userId=491255&amp;signature=4972777a87690b1b\" target=\"_blank\" rel=\"noopener noreferrer\" data-auth=\"NotApplicable\" data-linkindex=\"3\">https:\/\/youtu.be\/cDbgae3fEX8<\/a><\/p>\n<p>Lista Oficial Nominados Emmys New York <a href=\"https:\/\/mailtrack.io\/trace\/link\/6a23e67e4386dbe303738180c8f2bb23a0f0052a?url=https%3A%2F%2Fwww.nyemmys.org%2Fmedia%2Ffiles%2Ffiles%2F0f601108%2F2021-nominees-press-release-show-rundown-order-final-10-4-2021.pdf&amp;userId=491255&amp;signature=fd4a304ca524366f\" target=\"_blank\" rel=\"noopener noreferrer\" data-auth=\"NotApplicable\" data-linkindex=\"4\">https:\/\/www.nyemmys.org\/media\/files\/files\/0f601108\/2021-nominees-press-release-show-rundown-order-final-10-4-2021.pdf<\/a><\/p>\n<p><a href=\"https:\/\/mailtrack.io\/trace\/link\/7107c9fe6537f7466c766ca568e7a88129e26a75?url=https%3A%2F%2Fwww.nyemmys.org%2F&amp;userId=491255&amp;signature=43a4bbc06ec63192\" target=\"_blank\" rel=\"noopener noreferrer\" data-auth=\"NotApplicable\" data-linkindex=\"5\">https:\/\/www.nyemmys.org\/<\/a><\/p>\n<p>[\/fusion_text][fusion_imageframe image_id=&#8221;41899|medium&#8221; max_width=&#8221;&#8221; style_type=&#8221;&#8221; blur=&#8221;&#8221; stylecolor=&#8221;&#8221; hover_type=&#8221;none&#8221; bordersize=&#8221;&#8221; bordercolor=&#8221;&#8221; borderradius=&#8221;&#8221; align=&#8221;none&#8221; lightbox=&#8221;no&#8221; gallery_id=&#8221;&#8221; lightbox_image=&#8221;&#8221; lightbox_image_id=&#8221;&#8221; alt=&#8221;&#8221; link=&#8221;&#8221; linktarget=&#8221;_self&#8221; hide_on_mobile=&#8221;small-visibility,medium-visibility,large-visibility&#8221; class=&#8221;&#8221; id=&#8221;&#8221; animation_type=&#8221;&#8221; animation_direction=&#8221;left&#8221; animation_speed=&#8221;0.3&#8243; animation_offset=&#8221;&#8221;]https:\/\/www.bitacoracdmx.com\/wp-content\/uploads\/2021\/10\/WhatsApp-Image-2021-07-20-at-3.45.38-PM-300&#215;300.jpeg[\/fusion_imageframe][\/fusion_builder_column][\/fusion_builder_row][\/fusion_builder_container]<\/p>\n","protected":false},"excerpt":{"rendered":"<p>[fusion_builder_container hundred_percent=&#8221;no&#8221; equal_height_columns=&#8221;no&#8221; menu_anchor=&#8221;&#8221; hide_on_mobile=&#8221;small-visibility,medium-visibility,large-visibility&#8221; class=&#8221;&#8221; id=&#8221;&#8221; background_color=&#8221;&#8221; background_image=&#8221;&#8221; background_position=&#8221;center center&#8221; background_repeat=&#8221;no-repeat&#8221; fade=&#8221;no&#8221; background_parallax=&#8221;none&#8221; parallax_speed=&#8221;0.3&#8243; video_mp4=&#8221;&#8221; video_webm=&#8221;&#8221; video_ogv=&#8221;&#8221; video_url=&#8221;&#8221; video_aspect_ratio=&#8221;16:9&#8243; video_loop=&#8221;yes&#8221; video_mute=&#8221;yes&#8221; overlay_color=&#8221;&#8221; video_preview_image=&#8221;&#8221; border_size=&#8221;&#8221; border_color=&#8221;&#8221; border_style=&#8221;solid&#8221; padding_top=&#8221;&#8221; padding_bottom=&#8221;&#8221; padding_left=&#8221;&#8221; padding_right=&#8221;&#8221;][fusion_builder_row][fusion_builder_column type=&#8221;1_1&#8243; layout=&#8221;1_1&#8243; background_position=&#8221;left top&#8221; background_color=&#8221;&#8221; border_size=&#8221;&#8221; border_color=&#8221;&#8221; border_style=&#8221;solid&#8221; border_position=&#8221;all&#8221; spacing=&#8221;yes&#8221; background_image=&#8221;&#8221; background_repeat=&#8221;no-repeat&#8221; padding_top=&#8221;&#8221; padding_right=&#8221;&#8221; padding_bottom=&#8221;&#8221; padding_left=&#8221;&#8221; margin_top=&#8221;0px&#8221; margin_bottom=&#8221;0px&#8221; class=&#8221;&#8221; id=&#8221;&#8221; animation_type=&#8221;&#8221; animation_speed=&#8221;0.3&#8243; animation_direction=&#8221;left&#8221; hide_on_mobile=&#8221;small-visibility,medium-visibility,large-visibility&#8221; center_content=&#8221;no&#8221; last=&#8221;no&#8221; min_height=&#8221;&#8221; hover_type=&#8221;none&#8221; link=&#8221;&#8221;][fusion_text] REDACCI\u00d3N La ceremonia de premiaci\u00f3n se realizar\u00e1 el pr\u00f3ximo s\u00e1bado 30 de Octubre, en este oportunidad en forma virtual dada la situaci\u00f3n de resguardo de salud en Nueva York, se podr\u00e1 ver\u00a0 desde la plataforma\u00a0 www.nyemmys.org , Watch.TheEmmys.tv y www.facebook.com\/NewYorkEmmyAwards. [&hellip;]<\/p>\n","protected":false},"author":1,"featured_media":41899,"comment_status":"open","ping_status":"open","sticky":false,"template":"","format":"standard","meta":{"footnotes":""},"categories":[9,11],"tags":[],"_links":{"self":[{"href":"https:\/\/www.bitacoracdmx.com\/index.php?rest_route=\/wp\/v2\/posts\/41898"}],"collection":[{"href":"https:\/\/www.bitacoracdmx.com\/index.php?rest_route=\/wp\/v2\/posts"}],"about":[{"href":"https:\/\/www.bitacoracdmx.com\/index.php?rest_route=\/wp\/v2\/types\/post"}],"author":[{"embeddable":true,"href":"https:\/\/www.bitacoracdmx.com\/index.php?rest_route=\/wp\/v2\/users\/1"}],"replies":[{"embeddable":true,"href":"https:\/\/www.bitacoracdmx.com\/index.php?rest_route=%2Fwp%2Fv2%2Fcomments&post=41898"}],"version-history":[{"count":1,"href":"https:\/\/www.bitacoracdmx.com\/index.php?rest_route=\/wp\/v2\/posts\/41898\/revisions"}],"predecessor-version":[{"id":41900,"href":"https:\/\/www.bitacoracdmx.com\/index.php?rest_route=\/wp\/v2\/posts\/41898\/revisions\/41900"}],"wp:featuredmedia":[{"embeddable":true,"href":"https:\/\/www.bitacoracdmx.com\/index.php?rest_route=\/wp\/v2\/media\/41899"}],"wp:attachment":[{"href":"https:\/\/www.bitacoracdmx.com\/index.php?rest_route=%2Fwp%2Fv2%2Fmedia&parent=41898"}],"wp:term":[{"taxonomy":"category","embeddable":true,"href":"https:\/\/www.bitacoracdmx.com\/index.php?rest_route=%2Fwp%2Fv2%2Fcategories&post=41898"},{"taxonomy":"post_tag","embeddable":true,"href":"https:\/\/www.bitacoracdmx.com\/index.php?rest_route=%2Fwp%2Fv2%2Ftags&post=41898"}],"curies":[{"name":"wp","href":"https:\/\/api.w.org\/{rel}","templated":true}]}}