{"id":41913,"date":"2021-10-31T02:58:07","date_gmt":"2021-10-31T02:58:07","guid":{"rendered":"https:\/\/www.bitacoracdmx.com\/?p=41913"},"modified":"2021-10-31T02:58:07","modified_gmt":"2021-10-31T02:58:07","slug":"jose-emilio-hernandez-martin-recibio-el-premio-nacional-de-dramaturgia-joven-gerardo-mancebo-del-castillo-trejo-2021","status":"publish","type":"post","link":"https:\/\/www.bitacoracdmx.com\/?p=41913","title":{"rendered":"Jos\u00e9 Emilio Hern\u00e1ndez Mart\u00edn recibi\u00f3 el Premio Nacional de Dramaturgia Joven Gerardo Mancebo del Castillo Trejo 2021."},"content":{"rendered":"<p>[fusion_builder_container hundred_percent=&#8221;no&#8221; equal_height_columns=&#8221;no&#8221; menu_anchor=&#8221;&#8221; hide_on_mobile=&#8221;small-visibility,medium-visibility,large-visibility&#8221; class=&#8221;&#8221; id=&#8221;&#8221; background_color=&#8221;&#8221; background_image=&#8221;&#8221; background_position=&#8221;center center&#8221; background_repeat=&#8221;no-repeat&#8221; fade=&#8221;no&#8221; background_parallax=&#8221;none&#8221; parallax_speed=&#8221;0.3&#8243; video_mp4=&#8221;&#8221; video_webm=&#8221;&#8221; video_ogv=&#8221;&#8221; video_url=&#8221;&#8221; video_aspect_ratio=&#8221;16:9&#8243; video_loop=&#8221;yes&#8221; video_mute=&#8221;yes&#8221; overlay_color=&#8221;&#8221; video_preview_image=&#8221;&#8221; border_size=&#8221;&#8221; border_color=&#8221;&#8221; border_style=&#8221;solid&#8221; padding_top=&#8221;&#8221; padding_bottom=&#8221;&#8221; padding_left=&#8221;&#8221; padding_right=&#8221;&#8221;][fusion_builder_row][fusion_builder_column type=&#8221;1_1&#8243; layout=&#8221;1_1&#8243; background_position=&#8221;left top&#8221; background_color=&#8221;&#8221; border_size=&#8221;&#8221; border_color=&#8221;&#8221; border_style=&#8221;solid&#8221; border_position=&#8221;all&#8221; spacing=&#8221;yes&#8221; background_image=&#8221;&#8221; background_repeat=&#8221;no-repeat&#8221; padding_top=&#8221;&#8221; padding_right=&#8221;&#8221; padding_bottom=&#8221;&#8221; padding_left=&#8221;&#8221; margin_top=&#8221;0px&#8221; margin_bottom=&#8221;0px&#8221; class=&#8221;&#8221; id=&#8221;&#8221; animation_type=&#8221;&#8221; animation_speed=&#8221;0.3&#8243; animation_direction=&#8221;left&#8221; hide_on_mobile=&#8221;small-visibility,medium-visibility,large-visibility&#8221; center_content=&#8221;no&#8221; last=&#8221;no&#8221; min_height=&#8221;&#8221; hover_type=&#8221;none&#8221; link=&#8221;&#8221;][fusion_text]<\/p>\n<p>REDACCI\u00d3N<\/p>\n<p>\u2022 El premio consta de un monto econ\u00f3mico de $120,000 mil pesos, la publicaci\u00f3n de la obra por parte del Programa Cultural Tierra Adentro, adem\u00e1s de la producci\u00f3n y programaci\u00f3n del montaje en el Foro La Gruta en 2022.<\/p>\n<table class=\"x_mcnTextBlock\" border=\"0\" width=\"100%\" cellspacing=\"0\" cellpadding=\"0\">\n<tbody class=\"x_mcnTextBlockOuter\">\n<tr>\n<td class=\"x_mcnTextBlockInner\" valign=\"top\">\n<table class=\"x_mcnTextContentContainer\" border=\"0\" width=\"100%\" cellspacing=\"0\" cellpadding=\"0\" align=\"left\">\n<tbody>\n<tr>\n<td class=\"x_mcnTextContent\" valign=\"top\">\n<div>\n<p>En presencia de Ra\u00fal Uribe Carvajal, jefe de planeaci\u00f3n y proyectos del Centro Cultural Hel\u00e9nico; V\u00edctor Santana Peraza, director editorial del Programa Cultural Tierra Adentro y los finalistas del certamen, se llev\u00f3 a cabo la ceremonia virtual del Premio Nacional de Dramaturgia Joven Gerardo Mancebo del Castillo Trejo 2021, cuyo ganador fue Jos\u00e9 Emilio Hern\u00e1ndez Mart\u00edn, por su texto\u00a0<em>Las visiones.<\/em><\/p>\n<p><span style=\"font-family: inherit; font-size: inherit;\">Situada en uno de los puntos m\u00e1s \u00e1lgidos de la Revoluci\u00f3n Mexicana, <\/span><em style=\"font-family: inherit; font-size: inherit;\">Las visiones\u00a0<\/em><span style=\"font-family: inherit; font-size: inherit;\">narra las andanzas de Ram\u00f3n Llanes, un combatiente que abandona a Margarita Mac\u00edas \u2014el amor de su vida\u2014 para irse en b\u00fasqueda de Francisco Villa. En esta aventura, conoce a Atanasio Robles, su entra\u00f1able compa\u00f1ero con quien recorrer\u00e1 los caminos para encontrar al m\u00edtico l\u00edder de la Divisi\u00f3n del Norte. Margarita, por otro lado, en compa\u00f1\u00eda de su hermana Catalina Mac\u00edas, emprende otro tipo de b\u00fasqueda, quiz\u00e1 m\u00e1s importante que la primera.<\/span><\/p>\n<div>\n<p>En conferencia de prensa, Jos\u00e9 Emilio Hern\u00e1ndez Mart\u00edn se dijo muy honrado por recibir este reconocimiento: \u201cGanar este premio, por supuesto, es un gran logro en mi carrera como dramaturgo. Significa, entre otras cosas, m\u00e1s escritura. M\u00e1s tiempo para escribir, para pensar y repensar la dramaturgia en nuestro pa\u00eds. Y ese es un privilegio por el que estoy infinitamente agradecido. En el horizonte veo trabajo y muchas preguntas, sin embargo, se comienzan a materializar algunas certezas\u201d. Al mismo tiempo, anim\u00f3 a las y los j\u00f3venes dramaturgos a seguir llenando los teatros de talento y creatividad mexicana.<\/p>\n<p>Cabe destacar que fue el pasado viernes 30 de julio del a\u00f1o en curso, cuando se dio a conocer al ganador de la vigesimoprimera edici\u00f3n del certamen. El galard\u00f3n entregado consisti\u00f3 en un monto econ\u00f3mico de $120,000 mil pesos, la publicaci\u00f3n de la obra por parte del Programa Cultural Tierra Adentro, adem\u00e1s de la producci\u00f3n y programaci\u00f3n del montaje en el Foro La Gruta en 2022.<\/p>\n<p>El comit\u00e9 de selecci\u00f3n estuvo conformado por la especialista en artes esc\u00e9nicas, Isabel Quiroz, y por los dramaturgos Hugo Alfredo Hinojosa y David Gait\u00e1n, quienes aseguraron que la obra fue seleccionada por unanimidad dado que se trata de un texto con un aliento \u00e9pico, nada com\u00fan en la dramaturgia contempor\u00e1nea; asimismo, la riqueza literaria del texto es sobresaliente pues plantea un gran reto para la escena dado la estructura, el peso, la poes\u00eda y el contenido del universo que plantea.<\/p>\n<p>Sobre la relevancia que tiene el Premio Nacional de Dramaturgia Joven Gerardo Mancebo del Castillo Trejo, el doctor Santana Peraza mencion\u00f3: \u201cPara el Programa Cultural Tierra Adentro es de suma importancia mantener vivo este proyecto, pues se trata de una forma de apoyar el ingenio art\u00edstico y seguir generando espacios para la creaci\u00f3n y difusi\u00f3n de nuevas obras\u201d.<\/p>\n<\/div>\n<div>\n<p>Tras 21 emisiones de este certamen, se han recibido 1,738 postulaciones, se han publicado 91 textos de 79 autoras y autores, se han realizado 19 Antolog\u00edas de Teatro de La Gruta \u2014editadas por el Programa Cultural Tierra Adentro\u2014, as\u00ed como una primera edici\u00f3n del libro electr\u00f3nico de la emisi\u00f3n del 2021, realizada por el Centro Cultural Hel\u00e9nico. Hasta julio del 2021, esto daba un total de 27,100 libros producidos.<\/p>\n<p>En este sentido, se realizar\u00e1 una compilaci\u00f3n digitalizada de las Antolog\u00edas de Teatro de la Gruta y de un libro electr\u00f3nico editado por el Centro Cultural Hel\u00e9nico (el resultado podr\u00e1 consultarse pr\u00f3ximamente en: helenico.gob.mx).<\/p>\n<\/div>\n<div>De esta forma la Secretar\u00eda de Cultura, a trav\u00e9s del Centro Cultural Hel\u00e9nico y el Programa Cultural Tierra Adentro, refrenda su misi\u00f3n de apoyar al ejercicio creativo del talento joven mediante este premio y sus diversos programas, para as\u00ed construir condiciones favorables que alienten el desarrollo de las nuevas generaciones.<\/div>\n<\/div>\n<\/td>\n<\/tr>\n<\/tbody>\n<\/table>\n<\/td>\n<\/tr>\n<\/tbody>\n<\/table>\n<table class=\"x_mcnImageBlock\" border=\"0\" width=\"100%\" cellspacing=\"0\" cellpadding=\"0\">\n<tbody class=\"x_mcnImageBlockOuter\">\n<tr>\n<td class=\"x_mcnImageBlockInner\" valign=\"top\"><\/td>\n<\/tr>\n<\/tbody>\n<\/table>\n<p>[\/fusion_text][fusion_imageframe image_id=&#8221;41914|medium&#8221; max_width=&#8221;&#8221; style_type=&#8221;&#8221; blur=&#8221;&#8221; stylecolor=&#8221;&#8221; hover_type=&#8221;none&#8221; bordersize=&#8221;&#8221; bordercolor=&#8221;&#8221; borderradius=&#8221;&#8221; align=&#8221;none&#8221; lightbox=&#8221;no&#8221; gallery_id=&#8221;&#8221; lightbox_image=&#8221;&#8221; lightbox_image_id=&#8221;&#8221; alt=&#8221;&#8221; link=&#8221;&#8221; linktarget=&#8221;_self&#8221; hide_on_mobile=&#8221;small-visibility,medium-visibility,large-visibility&#8221; class=&#8221;&#8221; id=&#8221;&#8221; animation_type=&#8221;&#8221; animation_direction=&#8221;left&#8221; animation_speed=&#8221;0.3&#8243; animation_offset=&#8221;&#8221;]https:\/\/www.bitacoracdmx.com\/wp-content\/uploads\/2021\/10\/Fotografia_-Jose-Emilio-Hernandez-Martin-ganador-del-Premio-Nacional-de-Dramaturgia-Joven-Gerardo-Mancebo-del-Castillo-Trejo-2021-Fotografia_Cortesia_Centro_Cultural_Helenico-1-300&#215;200.jpeg[\/fusion_imageframe][\/fusion_builder_column][\/fusion_builder_row][\/fusion_builder_container]<\/p>\n","protected":false},"excerpt":{"rendered":"<p>[fusion_builder_container hundred_percent=&#8221;no&#8221; equal_height_columns=&#8221;no&#8221; menu_anchor=&#8221;&#8221; hide_on_mobile=&#8221;small-visibility,medium-visibility,large-visibility&#8221; class=&#8221;&#8221; id=&#8221;&#8221; background_color=&#8221;&#8221; background_image=&#8221;&#8221; background_position=&#8221;center center&#8221; background_repeat=&#8221;no-repeat&#8221; fade=&#8221;no&#8221; background_parallax=&#8221;none&#8221; parallax_speed=&#8221;0.3&#8243; video_mp4=&#8221;&#8221; video_webm=&#8221;&#8221; video_ogv=&#8221;&#8221; video_url=&#8221;&#8221; video_aspect_ratio=&#8221;16:9&#8243; video_loop=&#8221;yes&#8221; video_mute=&#8221;yes&#8221; overlay_color=&#8221;&#8221; video_preview_image=&#8221;&#8221; border_size=&#8221;&#8221; border_color=&#8221;&#8221; border_style=&#8221;solid&#8221; padding_top=&#8221;&#8221; padding_bottom=&#8221;&#8221; padding_left=&#8221;&#8221; padding_right=&#8221;&#8221;][fusion_builder_row][fusion_builder_column type=&#8221;1_1&#8243; layout=&#8221;1_1&#8243; background_position=&#8221;left top&#8221; background_color=&#8221;&#8221; border_size=&#8221;&#8221; border_color=&#8221;&#8221; border_style=&#8221;solid&#8221; border_position=&#8221;all&#8221; spacing=&#8221;yes&#8221; background_image=&#8221;&#8221; background_repeat=&#8221;no-repeat&#8221; padding_top=&#8221;&#8221; padding_right=&#8221;&#8221; padding_bottom=&#8221;&#8221; padding_left=&#8221;&#8221; margin_top=&#8221;0px&#8221; margin_bottom=&#8221;0px&#8221; class=&#8221;&#8221; id=&#8221;&#8221; animation_type=&#8221;&#8221; animation_speed=&#8221;0.3&#8243; animation_direction=&#8221;left&#8221; hide_on_mobile=&#8221;small-visibility,medium-visibility,large-visibility&#8221; center_content=&#8221;no&#8221; last=&#8221;no&#8221; min_height=&#8221;&#8221; hover_type=&#8221;none&#8221; link=&#8221;&#8221;][fusion_text] REDACCI\u00d3N \u2022 El premio consta de un monto econ\u00f3mico de $120,000 mil pesos, la publicaci\u00f3n de la obra por parte del Programa Cultural Tierra Adentro, adem\u00e1s de la producci\u00f3n y programaci\u00f3n del montaje en el Foro La Gruta en 2022. [&hellip;]<\/p>\n","protected":false},"author":1,"featured_media":41914,"comment_status":"open","ping_status":"open","sticky":false,"template":"","format":"standard","meta":{"footnotes":""},"categories":[9,14],"tags":[],"_links":{"self":[{"href":"https:\/\/www.bitacoracdmx.com\/index.php?rest_route=\/wp\/v2\/posts\/41913"}],"collection":[{"href":"https:\/\/www.bitacoracdmx.com\/index.php?rest_route=\/wp\/v2\/posts"}],"about":[{"href":"https:\/\/www.bitacoracdmx.com\/index.php?rest_route=\/wp\/v2\/types\/post"}],"author":[{"embeddable":true,"href":"https:\/\/www.bitacoracdmx.com\/index.php?rest_route=\/wp\/v2\/users\/1"}],"replies":[{"embeddable":true,"href":"https:\/\/www.bitacoracdmx.com\/index.php?rest_route=%2Fwp%2Fv2%2Fcomments&post=41913"}],"version-history":[{"count":1,"href":"https:\/\/www.bitacoracdmx.com\/index.php?rest_route=\/wp\/v2\/posts\/41913\/revisions"}],"predecessor-version":[{"id":41915,"href":"https:\/\/www.bitacoracdmx.com\/index.php?rest_route=\/wp\/v2\/posts\/41913\/revisions\/41915"}],"wp:featuredmedia":[{"embeddable":true,"href":"https:\/\/www.bitacoracdmx.com\/index.php?rest_route=\/wp\/v2\/media\/41914"}],"wp:attachment":[{"href":"https:\/\/www.bitacoracdmx.com\/index.php?rest_route=%2Fwp%2Fv2%2Fmedia&parent=41913"}],"wp:term":[{"taxonomy":"category","embeddable":true,"href":"https:\/\/www.bitacoracdmx.com\/index.php?rest_route=%2Fwp%2Fv2%2Fcategories&post=41913"},{"taxonomy":"post_tag","embeddable":true,"href":"https:\/\/www.bitacoracdmx.com\/index.php?rest_route=%2Fwp%2Fv2%2Ftags&post=41913"}],"curies":[{"name":"wp","href":"https:\/\/api.w.org\/{rel}","templated":true}]}}