{"id":41922,"date":"2021-10-31T03:26:17","date_gmt":"2021-10-31T03:26:17","guid":{"rendered":"https:\/\/www.bitacoracdmx.com\/?p=41922"},"modified":"2021-10-31T03:26:17","modified_gmt":"2021-10-31T03:26:17","slug":"ikuika-noyulo-el-canto-de-mi-corazon-una-obra-con-poesias-y-cantos-en-lengua-nahuatl-llega-al-teatro-el-granero%e2%80%afxavier-rojas","status":"publish","type":"post","link":"https:\/\/www.bitacoracdmx.com\/?p=41922","title":{"rendered":"Ikuika Noyulo. El canto de mi coraz\u00f3n, una obra con poes\u00edas y cantos en lengua n\u00e1huatl llega al Teatro El Granero\u202fXavier Rojas."},"content":{"rendered":"<p>[fusion_builder_container hundred_percent=&#8221;no&#8221; equal_height_columns=&#8221;no&#8221; menu_anchor=&#8221;&#8221; hide_on_mobile=&#8221;small-visibility,medium-visibility,large-visibility&#8221; class=&#8221;&#8221; id=&#8221;&#8221; background_color=&#8221;&#8221; background_image=&#8221;&#8221; background_position=&#8221;center center&#8221; background_repeat=&#8221;no-repeat&#8221; fade=&#8221;no&#8221; background_parallax=&#8221;none&#8221; parallax_speed=&#8221;0.3&#8243; video_mp4=&#8221;&#8221; video_webm=&#8221;&#8221; video_ogv=&#8221;&#8221; video_url=&#8221;&#8221; video_aspect_ratio=&#8221;16:9&#8243; video_loop=&#8221;yes&#8221; video_mute=&#8221;yes&#8221; overlay_color=&#8221;&#8221; video_preview_image=&#8221;&#8221; border_size=&#8221;&#8221; border_color=&#8221;&#8221; border_style=&#8221;solid&#8221; padding_top=&#8221;&#8221; padding_bottom=&#8221;&#8221; padding_left=&#8221;&#8221; padding_right=&#8221;&#8221;][fusion_builder_row][fusion_builder_column type=&#8221;1_1&#8243; layout=&#8221;1_1&#8243; background_position=&#8221;left top&#8221; background_color=&#8221;&#8221; border_size=&#8221;&#8221; border_color=&#8221;&#8221; border_style=&#8221;solid&#8221; border_position=&#8221;all&#8221; spacing=&#8221;yes&#8221; background_image=&#8221;&#8221; background_repeat=&#8221;no-repeat&#8221; padding_top=&#8221;&#8221; padding_right=&#8221;&#8221; padding_bottom=&#8221;&#8221; padding_left=&#8221;&#8221; margin_top=&#8221;0px&#8221; margin_bottom=&#8221;0px&#8221; class=&#8221;&#8221; id=&#8221;&#8221; animation_type=&#8221;&#8221; animation_speed=&#8221;0.3&#8243; animation_direction=&#8221;left&#8221; hide_on_mobile=&#8221;small-visibility,medium-visibility,large-visibility&#8221; center_content=&#8221;no&#8221; last=&#8221;no&#8221; min_height=&#8221;&#8221; hover_type=&#8221;none&#8221; link=&#8221;&#8221;][fusion_text]<\/p>\n<p>REDACCI\u00d3N<\/p>\n<p><b><span data-contrast=\"none\">La obra ofrecer\u00e1 temporada del 30 de octubre al 19 de diciembre, los s\u00e1bados y domingos a las 12:30 horas<\/span><\/b><span data-ccp-props=\"{&quot;134233117&quot;:true,&quot;134233118&quot;:true,&quot;201341983&quot;:0,&quot;335551550&quot;:6,&quot;335551620&quot;:6,&quot;335559740&quot;:240}\">\u00a0<\/span><\/p>\n<p><span data-contrast=\"none\">\u202f<\/span><span data-contrast=\"none\">Como parte del Programa de Teatro para Ni\u00f1as, Ni\u00f1os y J\u00f3venes de la Coordinaci\u00f3n Nacional de Teatro, la Secretar\u00eda de Cultura federal y el Instituto Nacional de Bellas Artes y Literatura (INBAL), en el marco de la campa\u00f1a #VolverAVerte, presentan la puesta en escena\u202f<\/span><i><span data-contrast=\"none\">Ikuika\u00a0Noyulo. El canto de mi coraz\u00f3n,\u202f<\/span><\/i><span data-contrast=\"none\">un montaje con poes\u00edas y cantos en lengua n\u00e1huatl.\u202f<\/span><span data-ccp-props=\"{&quot;134233117&quot;:true,&quot;134233118&quot;:true,&quot;201341983&quot;:0,&quot;335551550&quot;:6,&quot;335551620&quot;:6,&quot;335559740&quot;:240}\">\u00a0<\/span><\/p>\n<p><span data-contrast=\"none\">\u202f<\/span><span data-contrast=\"none\">La obra ofrecer\u00e1 temporada del 30 de octubre al 19 de diciembre, los s\u00e1bados y domingos a las 12:30 horas, en el Teatro El Granero\u202f<\/span><i><span data-contrast=\"none\">Xavier Rojas<\/span><\/i><span data-contrast=\"none\">\u202fdel Centro Cultural del Bosque, con suspensi\u00f3n de funciones los d\u00edas 27 y 28 de noviembre y 4, 5 y 12 de diciembre.\u202f<\/span><span data-ccp-props=\"{&quot;134233117&quot;:true,&quot;134233118&quot;:true,&quot;201341983&quot;:0,&quot;335551550&quot;:6,&quot;335551620&quot;:6,&quot;335559740&quot;:240}\">\u00a0<\/span><\/p>\n<p><span data-contrast=\"none\">\u202f<\/span><span data-contrast=\"none\">La obra escrita por Claudia Mar\u00edn\u202fIncl\u00e1n\u202ffue\u202fganadora de la Residencia Art\u00edstica Centro Cultural\u00a0Border\u00a0y del Programa de Est\u00edmulo a la Creaci\u00f3n y Desarrollo Art\u00edstico, ambos en\u202f2017.\u202fLa direcci\u00f3n esc\u00e9nica\u202festar\u00e1 a cargo del\u202ftambi\u00e9n\u202factor Mauricio Garc\u00eda con un elenco conformado por\u202f<\/span><span data-contrast=\"none\">Claudia Mar\u00edn Incl\u00e1n, Daniela de los R\u00edos,\u202fYollotl\u202fManzur y\u202fMaleny\u202fGarc\u00eda Miguel<\/span><span data-contrast=\"none\">.\u202f<\/span><span data-ccp-props=\"{&quot;134233117&quot;:true,&quot;134233118&quot;:true,&quot;201341983&quot;:0,&quot;335551550&quot;:6,&quot;335551620&quot;:6,&quot;335559740&quot;:240}\">\u00a0<\/span><\/p>\n<p><span data-contrast=\"none\">\u202f<\/span><b><span data-contrast=\"none\">Una obra que dignifica el origen y la historia de los pueblos ind\u00edgenas.<\/span><\/b><span data-ccp-props=\"{&quot;134233117&quot;:true,&quot;134233118&quot;:true,&quot;201341983&quot;:0,&quot;335551550&quot;:6,&quot;335551620&quot;:6,&quot;335559740&quot;:240}\">\u00a0<\/span><\/p>\n<p><span data-contrast=\"none\">\u202f<\/span><i><span data-contrast=\"none\">Ikuika\u00a0Noyulo. El canto de mi coraz\u00f3n<\/span><\/i><span data-contrast=\"none\">\u202fcuenta la historia de Juanita, una anciana nahua que conecta con su pasado y sus memorias en soledad. Juanita retrata a trav\u00e9s de relatos sus vivencias y la vida de muchas de las comunidades ind\u00edgenas en nuestro pa\u00eds, experiencias sobre la familia, el amor y la p\u00e9rdida de las tierras.<\/span><span data-ccp-props=\"{&quot;134233117&quot;:true,&quot;134233118&quot;:true,&quot;201341983&quot;:0,&quot;335551550&quot;:6,&quot;335551620&quot;:6,&quot;335559740&quot;:240}\">\u00a0<\/span><\/p>\n<p><span data-contrast=\"none\">\u202f<\/span><span data-contrast=\"none\">Esta propuesta esc\u00e9nica busca recuperar la historia de las abuelas, y a su vez persigue dignificar la memoria e historia personal en contraposici\u00f3n con la historia oficial de los ind\u00edgenas. La obra contiene poes\u00edas y cantos en lengua n\u00e1huatl.<\/span><span data-ccp-props=\"{&quot;134233117&quot;:true,&quot;134233118&quot;:true,&quot;201341983&quot;:0,&quot;335551550&quot;:6,&quot;335551620&quot;:6,&quot;335559740&quot;:240}\">\u00a0<\/span><\/p>\n<p><span data-contrast=\"none\">\u202f<\/span><span data-contrast=\"none\">Como parte del proceso de investigaci\u00f3n y creaci\u00f3n, los integrantes del colectivo Quir\u00f3fano Esc\u00e9nico realizaron visitas a la Casa del Arte\u00a0Tlaixco\u00a0en\u00a0Santa Ana\u00a0Tlacotenco, uno de los doce pueblos ubicados en la alcald\u00eda Milpa Alta. Ah\u00ed convivieron y aprendieron de las\u202f<\/span><i><span data-contrast=\"none\">Tlacualeras<\/span><\/i><span data-contrast=\"none\">, un grupo de personas que se encarga de preservar, salvaguardar y difundir tanto sus tradiciones como las de la cultura n\u00e1huatl.\u202f<\/span><span data-ccp-props=\"{&quot;134233117&quot;:true,&quot;134233118&quot;:true,&quot;201341983&quot;:0,&quot;335551550&quot;:6,&quot;335551620&quot;:6,&quot;335559740&quot;:240}\">\u00a0<\/span><\/p>\n<p><span data-contrast=\"none\">\u202f<\/span><span data-contrast=\"none\">La obra dramatiza la poes\u00eda, la tradici\u00f3n oral y la narrativa de la lengua n\u00e1huatl y contiene un extenso trabajo e investigaci\u00f3n de campo que documenta la antropolog\u00eda sistematizada de los pueblos ind\u00edgenas\u00a0nahuahablantes\u00a0de la Ciudad de M\u00e9xico, en espec\u00edfico de la poblaci\u00f3n de Santa Ana\u00a0Tlacotenco\u00a0y tambi\u00e9n de algunos pueblos originarios de Tlalpan.<\/span><span data-ccp-props=\"{&quot;134233117&quot;:true,&quot;134233118&quot;:true,&quot;201341983&quot;:0,&quot;335551550&quot;:6,&quot;335551620&quot;:6,&quot;335559740&quot;:240}\">\u00a0<\/span><\/p>\n<p><span data-contrast=\"none\">\u202f<\/span><span data-contrast=\"none\">La creaci\u00f3n de marionetas de la obra est\u00e1 a cargo de Carolina Pimentel. La creaci\u00f3n de proyecci\u00f3n de acetato es de Arturo L\u00f3pez Pio. En el dise\u00f1o del vestuario se encuentra\u00a0Mirel\u00a0Garc\u00eda, en el dise\u00f1o de escenograf\u00eda X\u00f3chitl Gonz\u00e1lez y, en la iluminaci\u00f3n, Abraham Rojas.\u202f<\/span><span data-ccp-props=\"{&quot;134233117&quot;:true,&quot;134233118&quot;:true,&quot;201341983&quot;:0,&quot;335551550&quot;:6,&quot;335551620&quot;:6,&quot;335559740&quot;:240}\">\u00a0<\/span><\/p>\n<p><span data-contrast=\"none\">\u202f<\/span><span data-contrast=\"none\">Para las y los asistentes a la obra habr\u00e1 un estricto apego a las medidas de protecci\u00f3n sanitaria, las cuales consisten en la instalaci\u00f3n de un filtro con tapete desinfectante, aplicaci\u00f3n de gel\u00a0antibacterial, revisi\u00f3n de la temperatura que no rebase los 37.5\u00baC, uso obligatorio de cubrebocas al ingreso y durante la funci\u00f3n, adem\u00e1s del respeto a la sana distancia.<\/span><span data-ccp-props=\"{&quot;134233117&quot;:true,&quot;134233118&quot;:true,&quot;201341983&quot;:0,&quot;335551550&quot;:6,&quot;335551620&quot;:6,&quot;335559740&quot;:240}\">\u00a0<\/span><\/p>\n<p><span data-contrast=\"none\">\u202f<\/span><span data-contrast=\"none\">Para m\u00e1s informaci\u00f3n, se pueden consultar las redes sociales de la Coordinaci\u00f3n Nacional de Teatro en Facebook (Coordinaci\u00f3n Nacional de Teatro), Twitter (@teatroinbal), Instagram (@teatroinbal) y el sitio web (<\/span><a href=\"https:\/\/teatro.inba.gob.mx\/\"><span data-contrast=\"none\">teatro.inba.gob.mx<\/span><\/a><span data-contrast=\"none\">).<\/span><span data-ccp-props=\"{&quot;134233117&quot;:true,&quot;134233118&quot;:true,&quot;201341983&quot;:0,&quot;335551550&quot;:6,&quot;335551620&quot;:6,&quot;335559740&quot;:240}\">\u00a0<\/span><\/p>\n<p><span data-ccp-props=\"{&quot;134233117&quot;:true,&quot;134233118&quot;:true,&quot;201341983&quot;:0,&quot;335551550&quot;:6,&quot;335551620&quot;:6,&quot;335559740&quot;:240}\">\u00a0<\/span><\/p>\n<p>[\/fusion_text][fusion_imageframe image_id=&#8221;41923|medium&#8221; max_width=&#8221;&#8221; style_type=&#8221;&#8221; blur=&#8221;&#8221; stylecolor=&#8221;&#8221; hover_type=&#8221;none&#8221; bordersize=&#8221;&#8221; bordercolor=&#8221;&#8221; borderradius=&#8221;&#8221; align=&#8221;none&#8221; lightbox=&#8221;no&#8221; gallery_id=&#8221;&#8221; lightbox_image=&#8221;&#8221; lightbox_image_id=&#8221;&#8221; alt=&#8221;&#8221; link=&#8221;&#8221; linktarget=&#8221;_self&#8221; hide_on_mobile=&#8221;small-visibility,medium-visibility,large-visibility&#8221; class=&#8221;&#8221; id=&#8221;&#8221; animation_type=&#8221;&#8221; animation_direction=&#8221;left&#8221; animation_speed=&#8221;0.3&#8243; animation_offset=&#8221;&#8221;]https:\/\/www.bitacoracdmx.com\/wp-content\/uploads\/2021\/10\/247630153_4363295160386186_8861821936202485416_n-300&#215;300.jpg[\/fusion_imageframe][\/fusion_builder_column][\/fusion_builder_row][\/fusion_builder_container]<\/p>\n","protected":false},"excerpt":{"rendered":"<p>[fusion_builder_container hundred_percent=&#8221;no&#8221; equal_height_columns=&#8221;no&#8221; menu_anchor=&#8221;&#8221; hide_on_mobile=&#8221;small-visibility,medium-visibility,large-visibility&#8221; class=&#8221;&#8221; id=&#8221;&#8221; background_color=&#8221;&#8221; background_image=&#8221;&#8221; background_position=&#8221;center center&#8221; background_repeat=&#8221;no-repeat&#8221; fade=&#8221;no&#8221; background_parallax=&#8221;none&#8221; parallax_speed=&#8221;0.3&#8243; video_mp4=&#8221;&#8221; video_webm=&#8221;&#8221; video_ogv=&#8221;&#8221; video_url=&#8221;&#8221; video_aspect_ratio=&#8221;16:9&#8243; video_loop=&#8221;yes&#8221; video_mute=&#8221;yes&#8221; overlay_color=&#8221;&#8221; video_preview_image=&#8221;&#8221; border_size=&#8221;&#8221; border_color=&#8221;&#8221; border_style=&#8221;solid&#8221; padding_top=&#8221;&#8221; padding_bottom=&#8221;&#8221; padding_left=&#8221;&#8221; padding_right=&#8221;&#8221;][fusion_builder_row][fusion_builder_column type=&#8221;1_1&#8243; layout=&#8221;1_1&#8243; background_position=&#8221;left top&#8221; background_color=&#8221;&#8221; border_size=&#8221;&#8221; border_color=&#8221;&#8221; border_style=&#8221;solid&#8221; border_position=&#8221;all&#8221; spacing=&#8221;yes&#8221; background_image=&#8221;&#8221; background_repeat=&#8221;no-repeat&#8221; padding_top=&#8221;&#8221; padding_right=&#8221;&#8221; padding_bottom=&#8221;&#8221; padding_left=&#8221;&#8221; margin_top=&#8221;0px&#8221; margin_bottom=&#8221;0px&#8221; class=&#8221;&#8221; id=&#8221;&#8221; animation_type=&#8221;&#8221; animation_speed=&#8221;0.3&#8243; animation_direction=&#8221;left&#8221; hide_on_mobile=&#8221;small-visibility,medium-visibility,large-visibility&#8221; center_content=&#8221;no&#8221; last=&#8221;no&#8221; min_height=&#8221;&#8221; hover_type=&#8221;none&#8221; link=&#8221;&#8221;][fusion_text] REDACCI\u00d3N La obra ofrecer\u00e1 temporada del 30 de octubre al 19 de diciembre, los s\u00e1bados y domingos a las 12:30 horas\u00a0 \u202fComo parte del Programa de Teatro para Ni\u00f1as, Ni\u00f1os y J\u00f3venes de la Coordinaci\u00f3n Nacional de Teatro, la Secretar\u00eda [&hellip;]<\/p>\n","protected":false},"author":1,"featured_media":41923,"comment_status":"open","ping_status":"open","sticky":false,"template":"","format":"standard","meta":{"footnotes":""},"categories":[9,14],"tags":[],"_links":{"self":[{"href":"https:\/\/www.bitacoracdmx.com\/index.php?rest_route=\/wp\/v2\/posts\/41922"}],"collection":[{"href":"https:\/\/www.bitacoracdmx.com\/index.php?rest_route=\/wp\/v2\/posts"}],"about":[{"href":"https:\/\/www.bitacoracdmx.com\/index.php?rest_route=\/wp\/v2\/types\/post"}],"author":[{"embeddable":true,"href":"https:\/\/www.bitacoracdmx.com\/index.php?rest_route=\/wp\/v2\/users\/1"}],"replies":[{"embeddable":true,"href":"https:\/\/www.bitacoracdmx.com\/index.php?rest_route=%2Fwp%2Fv2%2Fcomments&post=41922"}],"version-history":[{"count":1,"href":"https:\/\/www.bitacoracdmx.com\/index.php?rest_route=\/wp\/v2\/posts\/41922\/revisions"}],"predecessor-version":[{"id":41924,"href":"https:\/\/www.bitacoracdmx.com\/index.php?rest_route=\/wp\/v2\/posts\/41922\/revisions\/41924"}],"wp:featuredmedia":[{"embeddable":true,"href":"https:\/\/www.bitacoracdmx.com\/index.php?rest_route=\/wp\/v2\/media\/41923"}],"wp:attachment":[{"href":"https:\/\/www.bitacoracdmx.com\/index.php?rest_route=%2Fwp%2Fv2%2Fmedia&parent=41922"}],"wp:term":[{"taxonomy":"category","embeddable":true,"href":"https:\/\/www.bitacoracdmx.com\/index.php?rest_route=%2Fwp%2Fv2%2Fcategories&post=41922"},{"taxonomy":"post_tag","embeddable":true,"href":"https:\/\/www.bitacoracdmx.com\/index.php?rest_route=%2Fwp%2Fv2%2Ftags&post=41922"}],"curies":[{"name":"wp","href":"https:\/\/api.w.org\/{rel}","templated":true}]}}