{"id":41925,"date":"2021-10-31T03:35:33","date_gmt":"2021-10-31T03:35:33","guid":{"rendered":"https:\/\/www.bitacoracdmx.com\/?p=41925"},"modified":"2021-10-31T03:35:33","modified_gmt":"2021-10-31T03:35:33","slug":"raul-jimenez-me-siento-contento-con-lo-que-he-hecho-para-el-equipo","status":"publish","type":"post","link":"https:\/\/www.bitacoracdmx.com\/?p=41925","title":{"rendered":"Ra\u00fal Jim\u00e9nez: &#8220;Me siento contento con lo que he hecho para el equipo&#8221; ."},"content":{"rendered":"<p>[fusion_builder_container hundred_percent=&#8221;no&#8221; equal_height_columns=&#8221;no&#8221; menu_anchor=&#8221;&#8221; hide_on_mobile=&#8221;small-visibility,medium-visibility,large-visibility&#8221; class=&#8221;&#8221; id=&#8221;&#8221; background_color=&#8221;&#8221; background_image=&#8221;&#8221; background_position=&#8221;center center&#8221; background_repeat=&#8221;no-repeat&#8221; fade=&#8221;no&#8221; background_parallax=&#8221;none&#8221; parallax_speed=&#8221;0.3&#8243; video_mp4=&#8221;&#8221; video_webm=&#8221;&#8221; video_ogv=&#8221;&#8221; video_url=&#8221;&#8221; video_aspect_ratio=&#8221;16:9&#8243; video_loop=&#8221;yes&#8221; video_mute=&#8221;yes&#8221; overlay_color=&#8221;&#8221; video_preview_image=&#8221;&#8221; border_size=&#8221;&#8221; border_color=&#8221;&#8221; border_style=&#8221;solid&#8221; padding_top=&#8221;&#8221; padding_bottom=&#8221;&#8221; padding_left=&#8221;&#8221; padding_right=&#8221;&#8221;][fusion_builder_row][fusion_builder_column type=&#8221;1_1&#8243; layout=&#8221;1_1&#8243; background_position=&#8221;left top&#8221; background_color=&#8221;&#8221; border_size=&#8221;&#8221; border_color=&#8221;&#8221; border_style=&#8221;solid&#8221; border_position=&#8221;all&#8221; spacing=&#8221;yes&#8221; background_image=&#8221;&#8221; background_repeat=&#8221;no-repeat&#8221; padding_top=&#8221;&#8221; padding_right=&#8221;&#8221; padding_bottom=&#8221;&#8221; padding_left=&#8221;&#8221; margin_top=&#8221;0px&#8221; margin_bottom=&#8221;0px&#8221; class=&#8221;&#8221; id=&#8221;&#8221; animation_type=&#8221;&#8221; animation_speed=&#8221;0.3&#8243; animation_direction=&#8221;left&#8221; hide_on_mobile=&#8221;small-visibility,medium-visibility,large-visibility&#8221; center_content=&#8221;no&#8221; last=&#8221;no&#8221; min_height=&#8221;&#8221; hover_type=&#8221;none&#8221; link=&#8221;&#8221;][fusion_text]<\/p>\n<p>REDACCI\u00d3N<\/p>\n<table class=\"x_mcnTextBlock\" border=\"0\" width=\"100%\" cellspacing=\"0\" cellpadding=\"0\">\n<tbody class=\"x_mcnTextBlockOuter\">\n<tr>\n<td class=\"x_mcnTextBlockInner\" valign=\"top\">\n<table class=\"x_mcnTextContentContainer\" border=\"0\" width=\"100%\" cellspacing=\"0\" cellpadding=\"0\" align=\"left\">\n<tbody>\n<tr>\n<td class=\"x_mcnTextContent\" valign=\"top\">\n<div><strong>El delantero mexicano hizo un balance personal y grupal sobre la temporada hasta el momento. Su desempe\u00f1o con los Wolves y su regreso con la Selecci\u00f3n Mexicana.<\/strong><\/div>\n<\/td>\n<\/tr>\n<\/tbody>\n<\/table>\n<\/td>\n<\/tr>\n<\/tbody>\n<\/table>\n<table class=\"x_mcnTextBlock\" border=\"0\" width=\"100%\" cellspacing=\"0\" cellpadding=\"0\">\n<tbody class=\"x_mcnTextBlockOuter\">\n<tr>\n<td class=\"x_mcnTextBlockInner\" valign=\"top\">\n<table class=\"x_mcnTextContentContainer\" border=\"0\" width=\"100%\" cellspacing=\"0\" cellpadding=\"0\" align=\"left\">\n<tbody>\n<tr>\n<td class=\"x_mcnTextContent\" valign=\"top\">\n<div>\n<p><strong>Ra\u00fal Jim\u00e9nez<\/strong>\u00a0ha recuperado la regularidad y su mejor estado f\u00edsico desde que regres\u00f3 a las canchas al inicio de esta temporada. El mexicano destaca el buen momento que vive el equipo y la mejor\u00eda que ha mostrado las \u00faltimas semanas en Premier League.<\/p>\n<p>Sobre su regreso de la lesi\u00f3n<\/p>\n<p><em><strong>&#8220;Fue un proceso largo, una etapa dif\u00edcil, yo creo que para cualquier futbolista es dif\u00edcil, es complicado, pero supe salir adelante. El apoyo de mi familia, con Dani, pensar en mi hija Arya, todo el apoyo que me brind\u00f3 tambi\u00e9n la gente fue una motivaci\u00f3n extra para salir adelante.&#8221;<\/strong><\/em><\/p>\n<p>El balance de la temporada hasta ahora<\/p>\n<p><strong><em>&#8220;Un balance bueno con sabor un poco amargo en los primeros tres partidos donde creo que merec\u00edamos m\u00e1s, pero de ah\u00ed en fuera hemos ido mejorando, hemos ida haciendo mejor las cosas, marcando goles y eso es lo m\u00e1s importante para ayudar al equipo.&#8221;<\/em><\/strong><\/p>\n<p>Un balance personal tras su regreso<\/p>\n<p><strong><em>&#8220;Cada vez me siento mejor, ayudando cada vez m\u00e1s al equipo. Me siento bien, me siento contento con lo que he hecho para el equipo, para lo que he ayudado y quiero seguir as\u00ed y vamos empezando, apenas llevamos la primera parte de lo que va del torneo entonces falta mucho camino todav\u00eda.&#8221;<\/em><\/strong><\/p>\n<p>Sobre su primer gol de regreso<\/p>\n<p><strong><em>&#8220;Desde el momento en que inici\u00f3 la Premier League este a\u00f1o, el ya estar ah\u00ed jugando de nuevo ya era un logro incre\u00edble para m\u00ed, y luego meter gol en ese partido, que fue muy bonito, voy a recordarlo siempre por ser el primero despu\u00e9s de lo que pas\u00f3. Al final es algo que termin\u00f3 con lo del golpe en la cabeza.&#8221;<\/em><\/strong><\/p>\n<\/div>\n<div><\/div>\n<div>\n<p>Sobre la readaptaci\u00f3n con el equipo<\/p>\n<p><strong><em>&#8220;Jugando de a poco en los partidos de pretemporada, afortunadamente pude hacer la pretemporada completa y eso me ayud\u00f3. Iniciamos pr\u00e1cticamente al mismo nivel en cuanto a f\u00edsico porque ven\u00edamos de vacaciones entonces me toc\u00f3 hacer toda la pretemporada.<br \/>\nFui entrando de a poco los partidos de pretemporada, 30 minutos, 45 minutos, 60 y los 90, entonces es algo que me ayud\u00f3, el haber hecho la pretemporada completa me ayud\u00f3 al entendimiento con mis compa\u00f1eros y a agarrar el ritmo.&#8221;<\/em><\/strong><\/p>\n<p>Sobre el partido contra Everton<\/p>\n<p><strong><em>&#8220;Estamos trabajando, despu\u00e9s de dos d\u00edas libres para descansar del \u00faltimo partido, hemos estado trabajando a tope pensando que tenemos un partido dif\u00edcil enfrente que es Everton, que est\u00e1 peleando ah\u00ed con 14 puntos, que si ganamos los pasamos, si perdemos nos empiezan a dejar.<br \/>\nEntonces hay que pensar siempre en los tres puntos, en que va a ser un partido dif\u00edcil, ellos vienen de una derrota tambi\u00e9n importante y van a querer regresar en este partido, pero nosotros en casa tenemos que hacer valer esta condici\u00f3n y hacer lo mejor que podamos.&#8221;<\/em><\/strong><\/p>\n<p>Sobre el c\u00e1ntico de la afici\u00f3n<\/p>\n<p><strong><em>&#8220;Es algo incre\u00edble que cada vez que lo empiezan a cantar te da un extra, sabes que te est\u00e1n apoyando, est\u00e1n siempre en las buenas o en las malas, juegues contra el primer lugar o el \u00faltimo el estadio est\u00e1 lleno, vayas a donde vayas viajan contigo est\u00e1n ah\u00ed apoyando al equipo es algo muy bonito.<br \/>\nEl saber que cada fin de semana tienes estadios llenos y que tienes a tu gente apoy\u00e1ndote. Y a mi en lo personal que me cantan esa canci\u00f3n se siente incre\u00edble ese afecto que la afici\u00f3n me da.&#8221;<\/em><\/strong><\/p>\n<\/div>\n<div><\/div>\n<div>\n<p>Sobre su regreso a Selecci\u00f3n Mexicana<\/p>\n<p><em><strong>&#8220;Muy contento de regresar, creo que es algo que tambi\u00e9n me hac\u00eda falta, por una u otra cosa no se hab\u00eda podido. En septiembre por el COVID la Premier League no nos dej\u00f3 viajar. Ahora en octubre ya se pudo, pude regresar y jugar dos partidos.<br \/>\nMe sent\u00ed muy bien tambi\u00e9n de cambiar de aires porque hace falta, a pesar de que la paso muy bien ac\u00e1 y la paso muy bien con el equipo siempre es bueno cambiar de aires un poco para cambiar el chip.<br \/>\nEs bueno, tenemos 14 puntos y una jornada complicada en la pr\u00f3xima fecha FIFA, pero sabemos que haciendo puntos ah\u00ed tenemos un boleto pr\u00e1cticamente amarrado.&#8221;<\/strong><\/em><\/p>\n<p>Sobre la posibilidad de ser cabeza de serie en el Mundial<\/p>\n<p><strong><em>&#8220;Tambi\u00e9n hay que tener en cuenta que estamos en 9no lugar, que podemos todav\u00eda ser cabeza de serie para el Mundial es algo que tiene que ser una motivaci\u00f3n extra para todos nosotros, para seguir creciendo como equipo, como futbolistas.<br \/>\nTenemos la oportunidad de jugar contra Estados Unidos y Canad\u00e1 en sus casas que puede darnos todav\u00eda m\u00e1s.&#8221;<\/em><\/strong><\/p>\n<p>Sobre Qatar 2022<\/p>\n<p><strong><em>&#8220;He so\u00f1ado con estar ah\u00ed, con llegar al Mundial, con jugar s\u00ed lo he pensado, pero ya que se nos d\u00e9 so\u00f1ar\u00e9 con los goles ah\u00ed.&#8221;<\/em><\/strong><\/p>\n<\/div>\n<\/td>\n<\/tr>\n<\/tbody>\n<\/table>\n<\/td>\n<\/tr>\n<\/tbody>\n<\/table>\n<p>[\/fusion_text][fusion_imageframe image_id=&#8221;41926|medium&#8221; max_width=&#8221;&#8221; style_type=&#8221;&#8221; blur=&#8221;&#8221; stylecolor=&#8221;&#8221; hover_type=&#8221;none&#8221; bordersize=&#8221;&#8221; bordercolor=&#8221;&#8221; borderradius=&#8221;&#8221; align=&#8221;none&#8221; lightbox=&#8221;no&#8221; gallery_id=&#8221;&#8221; lightbox_image=&#8221;&#8221; lightbox_image_id=&#8221;&#8221; alt=&#8221;&#8221; link=&#8221;&#8221; linktarget=&#8221;_self&#8221; hide_on_mobile=&#8221;small-visibility,medium-visibility,large-visibility&#8221; class=&#8221;&#8221; id=&#8221;&#8221; animation_type=&#8221;&#8221; animation_direction=&#8221;left&#8221; animation_speed=&#8221;0.3&#8243; animation_offset=&#8221;&#8221;]https:\/\/www.bitacoracdmx.com\/wp-content\/uploads\/2021\/10\/4585629e-2bd7-9a6a-80c7-42513bd880b5-300&#215;169.jpeg[\/fusion_imageframe][\/fusion_builder_column][\/fusion_builder_row][\/fusion_builder_container]<\/p>\n","protected":false},"excerpt":{"rendered":"<p>[fusion_builder_container hundred_percent=&#8221;no&#8221; equal_height_columns=&#8221;no&#8221; menu_anchor=&#8221;&#8221; hide_on_mobile=&#8221;small-visibility,medium-visibility,large-visibility&#8221; class=&#8221;&#8221; id=&#8221;&#8221; background_color=&#8221;&#8221; background_image=&#8221;&#8221; background_position=&#8221;center center&#8221; background_repeat=&#8221;no-repeat&#8221; fade=&#8221;no&#8221; background_parallax=&#8221;none&#8221; parallax_speed=&#8221;0.3&#8243; video_mp4=&#8221;&#8221; video_webm=&#8221;&#8221; video_ogv=&#8221;&#8221; video_url=&#8221;&#8221; video_aspect_ratio=&#8221;16:9&#8243; video_loop=&#8221;yes&#8221; video_mute=&#8221;yes&#8221; overlay_color=&#8221;&#8221; video_preview_image=&#8221;&#8221; border_size=&#8221;&#8221; border_color=&#8221;&#8221; border_style=&#8221;solid&#8221; padding_top=&#8221;&#8221; padding_bottom=&#8221;&#8221; padding_left=&#8221;&#8221; padding_right=&#8221;&#8221;][fusion_builder_row][fusion_builder_column type=&#8221;1_1&#8243; layout=&#8221;1_1&#8243; background_position=&#8221;left top&#8221; background_color=&#8221;&#8221; border_size=&#8221;&#8221; border_color=&#8221;&#8221; border_style=&#8221;solid&#8221; border_position=&#8221;all&#8221; spacing=&#8221;yes&#8221; background_image=&#8221;&#8221; background_repeat=&#8221;no-repeat&#8221; padding_top=&#8221;&#8221; padding_right=&#8221;&#8221; padding_bottom=&#8221;&#8221; padding_left=&#8221;&#8221; margin_top=&#8221;0px&#8221; margin_bottom=&#8221;0px&#8221; class=&#8221;&#8221; id=&#8221;&#8221; animation_type=&#8221;&#8221; animation_speed=&#8221;0.3&#8243; animation_direction=&#8221;left&#8221; hide_on_mobile=&#8221;small-visibility,medium-visibility,large-visibility&#8221; center_content=&#8221;no&#8221; last=&#8221;no&#8221; min_height=&#8221;&#8221; hover_type=&#8221;none&#8221; link=&#8221;&#8221;][fusion_text] REDACCI\u00d3N El delantero mexicano hizo un balance personal y grupal sobre la temporada hasta el momento. Su desempe\u00f1o con los Wolves y su regreso con la Selecci\u00f3n Mexicana. Ra\u00fal Jim\u00e9nez\u00a0ha recuperado la regularidad y su mejor estado f\u00edsico desde que [&hellip;]<\/p>\n","protected":false},"author":1,"featured_media":41926,"comment_status":"open","ping_status":"open","sticky":false,"template":"","format":"standard","meta":{"footnotes":""},"categories":[6,9],"tags":[],"_links":{"self":[{"href":"https:\/\/www.bitacoracdmx.com\/index.php?rest_route=\/wp\/v2\/posts\/41925"}],"collection":[{"href":"https:\/\/www.bitacoracdmx.com\/index.php?rest_route=\/wp\/v2\/posts"}],"about":[{"href":"https:\/\/www.bitacoracdmx.com\/index.php?rest_route=\/wp\/v2\/types\/post"}],"author":[{"embeddable":true,"href":"https:\/\/www.bitacoracdmx.com\/index.php?rest_route=\/wp\/v2\/users\/1"}],"replies":[{"embeddable":true,"href":"https:\/\/www.bitacoracdmx.com\/index.php?rest_route=%2Fwp%2Fv2%2Fcomments&post=41925"}],"version-history":[{"count":1,"href":"https:\/\/www.bitacoracdmx.com\/index.php?rest_route=\/wp\/v2\/posts\/41925\/revisions"}],"predecessor-version":[{"id":41927,"href":"https:\/\/www.bitacoracdmx.com\/index.php?rest_route=\/wp\/v2\/posts\/41925\/revisions\/41927"}],"wp:featuredmedia":[{"embeddable":true,"href":"https:\/\/www.bitacoracdmx.com\/index.php?rest_route=\/wp\/v2\/media\/41926"}],"wp:attachment":[{"href":"https:\/\/www.bitacoracdmx.com\/index.php?rest_route=%2Fwp%2Fv2%2Fmedia&parent=41925"}],"wp:term":[{"taxonomy":"category","embeddable":true,"href":"https:\/\/www.bitacoracdmx.com\/index.php?rest_route=%2Fwp%2Fv2%2Fcategories&post=41925"},{"taxonomy":"post_tag","embeddable":true,"href":"https:\/\/www.bitacoracdmx.com\/index.php?rest_route=%2Fwp%2Fv2%2Ftags&post=41925"}],"curies":[{"name":"wp","href":"https:\/\/api.w.org\/{rel}","templated":true}]}}