{"id":41928,"date":"2021-10-31T03:44:10","date_gmt":"2021-10-31T03:44:10","guid":{"rendered":"https:\/\/www.bitacoracdmx.com\/?p=41928"},"modified":"2021-10-31T03:44:10","modified_gmt":"2021-10-31T03:44:10","slug":"cesar-vampiro-lopez-y-federico-fong-encabezan-homenaje-a-caifanes-y-a-jaguares","status":"publish","type":"post","link":"https:\/\/www.bitacoracdmx.com\/?p=41928","title":{"rendered":"CESAR \u201cVAMPIRO\u201d LOPEZ y FEDERICO FONG encabezan homenaje a  CAIFANES y a JAGUARES."},"content":{"rendered":"<p>[fusion_builder_container hundred_percent=&#8221;no&#8221; equal_height_columns=&#8221;no&#8221; menu_anchor=&#8221;&#8221; hide_on_mobile=&#8221;small-visibility,medium-visibility,large-visibility&#8221; class=&#8221;&#8221; id=&#8221;&#8221; background_color=&#8221;&#8221; background_image=&#8221;&#8221; background_position=&#8221;center center&#8221; background_repeat=&#8221;no-repeat&#8221; fade=&#8221;no&#8221; background_parallax=&#8221;none&#8221; parallax_speed=&#8221;0.3&#8243; video_mp4=&#8221;&#8221; video_webm=&#8221;&#8221; video_ogv=&#8221;&#8221; video_url=&#8221;&#8221; video_aspect_ratio=&#8221;16:9&#8243; video_loop=&#8221;yes&#8221; video_mute=&#8221;yes&#8221; overlay_color=&#8221;&#8221; video_preview_image=&#8221;&#8221; border_size=&#8221;&#8221; border_color=&#8221;&#8221; border_style=&#8221;solid&#8221; padding_top=&#8221;&#8221; padding_bottom=&#8221;&#8221; padding_left=&#8221;&#8221; padding_right=&#8221;&#8221;][fusion_builder_row][fusion_builder_column type=&#8221;1_1&#8243; layout=&#8221;1_1&#8243; background_position=&#8221;left top&#8221; background_color=&#8221;&#8221; border_size=&#8221;&#8221; border_color=&#8221;&#8221; border_style=&#8221;solid&#8221; border_position=&#8221;all&#8221; spacing=&#8221;yes&#8221; background_image=&#8221;&#8221; background_repeat=&#8221;no-repeat&#8221; padding_top=&#8221;&#8221; padding_right=&#8221;&#8221; padding_bottom=&#8221;&#8221; padding_left=&#8221;&#8221; margin_top=&#8221;0px&#8221; margin_bottom=&#8221;0px&#8221; class=&#8221;&#8221; id=&#8221;&#8221; animation_type=&#8221;&#8221; animation_speed=&#8221;0.3&#8243; animation_direction=&#8221;left&#8221; hide_on_mobile=&#8221;small-visibility,medium-visibility,large-visibility&#8221; center_content=&#8221;no&#8221; last=&#8221;no&#8221; min_height=&#8221;&#8221; hover_type=&#8221;none&#8221; link=&#8221;&#8221;][fusion_text]<\/p>\n<p>REDACCI\u00d3N<\/p>\n<p><i>*Este concierto se llevar\u00e1 a cabo el pr\u00f3ximo Jueves 04 de Noviembre en el Foro Puebla, ubicado en Boulevard Norte No. 1023, Colonia Villas de San Alejandro, en la Ciudad de Puebla<\/i><\/p>\n<p><i>*Boletos a la venta exclusivamente en taquillas del Foro Puebla<\/i><\/p>\n<p>Encabezados por Cesar \u201cVampiro L\u00f3pez\u201d y por Federico Fong -que por su lado han sido integrantes de las agrupaciones de rock mas hist\u00f3ricas e ic\u00f3nicas desde los a\u00f1os ochenta en el pa\u00eds, como es el caso de Caifanes, Jaguares, Man\u00e1 y La Barranca-, un grupo de talentosos m\u00fasicos que se complementan con Iv\u00e1n \u201cBanacho\u201d Garc\u00eda en la voz y Mart\u00edn Alvarado en la bater\u00eda har\u00e1n sonar un merecido homenaje a Caifanes y Jaguares el pr\u00f3ximo Jueves 04 de Noviembre en el Foro Puebla, ubicado en Boulevard Norte No. 1023, Colonia Villas de San Alejandro, en la Ciudad de Puebla, como parte de una gira nacional que han emprendido y que los llevar\u00e1 con este homenaje a pisar escenarios de todo el pa\u00eds.<\/p>\n<p>En este concepto que se ha dado en llamar \u201cMetamorfeame, tributo a Caifanes y a Jaguares\u201d, ambos artistas har\u00e1n sonar los mejores \u00e9xitos de cada etapa de Caifanes y Jaguares en lo que promete ser una gran oportunidad para que el p\u00fablico mexicano tanto de Puebla como del resto del pa\u00eds conozca estas versiones de manos de quienes le dieron vida en una sonoridad m\u00e1s madura y completa y en un ambiente \u00edntimo, de cercan\u00eda, que da \u00e9se plus especial para gozarlos de una forma diferente.<\/p>\n<p>C\u00e9sar \u201cVampiro\u201d L\u00f3pez es uno de los guitarristas de rock m\u00e1s reconocidos en M\u00e9xico. Ha pertenecido a bandas como Man\u00e1, Azul Violeta y Jaguares. Como miembro de Man\u00e1 entre 1991 y 1994 grab\u00f3 el \u00e1lbum \u201c\u00bfD\u00f3nde Jugar\u00e1n Los Ni\u00f1os?\u201d (1992) y muchas personas conocen su seud\u00f3nimo por la canci\u00f3n \u201cMe vale\u201d que comienza con la frase \u201c\u00c9chale Vampiro\u201d. Posteriormente dej\u00f3 Man\u00e1 y comenz\u00f3 a tocar en Azul Violeta, con canciones como Solo por hoy y Tu luz entre otras. L\u00f3pez inici\u00f3 a tocar con Jaguares en 1998 y puede escucharse en los \u00e1lbumes \u201cBajo el azul de tu misterio\u201d (1999), \u201cCuando la sangre galopa\u201d (2001), \u201cEl primer instinto\u201d (2002), \u201cCr\u00f3nicas de un laberinto\u201d (2005) y \u201c45\u201d (2008).<\/p>\n<p>Por \u201c45\u201d, el grupo gan\u00f3 un premio Grammy como \u201cMejor \u00e1lbum latino alternativo\/rock\u201d y dos Grammy Latinos como \u201cMejor \u00e1lbum rock\u201d (por 45) y \u201cMejor canci\u00f3n de rock\u201d (por \u201cEntre tus Jardines\u201d). Tras el reencuentro de Caifanes en 2010 y ante el deseo de Sa\u00fal Hern\u00e1ndez de proseguir con su carrera solista, Jaguares entra en receso. Tambi\u00e9n estuvo en la banda de Gerardo Enciso y Rostros Ocultos. L\u00f3pez ha participado en varios proyectos musicales, grabando y tocando en conciertos como invitado. Ha participado con Belanova y Los Concorde. L\u00f3pez adem\u00e1s es vegetariano y ha aparecido en campa\u00f1as para PETA.<\/p>\n<p>En 2014 C\u00e9sar L\u00f3pez se sum\u00f3 al proyecto rock de Cristian Castro (La Esfinge). En el mismo a\u00f1o da seguimiento a su proyecto Dopamina junto a Victor Monroy (l\u00edder, guitarrista y vocalista de Pastilla); para 2015, el proyecto decide cambiar de nombre a Monoplasma. En agosto de 2015, se publica el primer \u00e1lbum del d\u00fao \u201cS.O.S.\u201d, con sonidos de pop-rock indie. En 2017, se cambia el cantante de Monoplasma tras la salida de Monroy, para editarse su segunda placa \u201c1\u201d, en 2017. A partir del mitad de 2017, Monoplasma ya se presenta junto la voz del frontman H\u00e9ctor Geronimo, cantante espa\u00f1ol de la banda de rock &#8220;Moebio&#8221;, de gran \u00e9xito en Europa.<\/p>\n<p>Despu\u00e9s de presentar su primer \u00e1lbum llamado &#8220;1&#8221;, cual fue grabado en Los \u00c1ngeles, bajo la direcci\u00f3n de Rafa Sardina (Elvis Costello, Lady Gaga, Michael Jackson, Sheryl Crow, Juan Gabriel) ganador de 12 premios Grammy, y masterizado por Alfonso Rodenas ganador de 4 Grammy\u00b4s en Malibu, CA. Se han presentado en escenarios peque\u00f1os y grandes y desarroll\u00e1ndose en festivales como el SXSW 2018, y al lado de bandas como Enanitos Verdes, Enjambre y La Oreja de Van Gogh, y muchos m\u00e1s. Su \u00faltimo video para su single &#8220;Te Llevo&#8221; ya ha logrado una gran aceptaci\u00f3n en las plataformas digitales y televisi\u00f3n internacional.<\/p>\n<p>Federico Vicente Fong Pharris conocido simplemente como Federico Fong es un bajista, compositor y productor que ha participado en bandas de rock mexicano tales como Sangre Asteka, Caifanes, La Barranca y Jaguares, Fobia entre otras. En Estados Unidos tambi\u00e9n form\u00f3 parte del grupo Hip Hop Hood\u00edos. Adem\u00e1s de tocar el bajo, Federico se ha desarrollado tambi\u00e9n como pianista, lo que puede constatarse en los \u00faltimos discos de su grupo La Barranca. Fong tambi\u00e9n form\u00f3 parte del m\u00edtico y ef\u00edmero proyecto La Suciedad de Las Sirvientas Puercas, ideado por el Dr. Fanatik, al lado de Alfonso Andr\u00e9, Jos\u00e9 Manuel Aguilera y Sa\u00fal Hern\u00e1ndez. Luego de esto, particip\u00f3 como m\u00fasico invitado en la grabaci\u00f3n y la gira del cuarto y \u00faltimo disco de Caifanes, \u201cEl nervio del volc\u00e1n\u201d (1994).<\/p>\n<p>A finales de 1994 y principios de 1995 junto a Jos\u00e9 Manuel Aguilera y Alfonso Andr\u00e9 dan vida a La Barranca, banda que a la larga se convertir\u00eda en su proyecto principal. Con ellos graba inicialmente los tres primeros discos del grupo: \u201cEl fuego de la noche\u201d (1996), \u201cTempestad\u201d (1997) y \u201cRueda de los tiempos\u201d (2000). Paralelamente es invitado por Sa\u00fal Hern\u00e1ndez para grabar \u201cEl equilibrio de los jaguares\u201d (1996), primer disco de su nuevo proyecto Jaguares.<\/p>\n<p>Posterior a la grabaci\u00f3n de \u201cRueda de los tiempos\u201d, Federico decide regresar a vivir a Estados Unidos, se instala en Nueva York y contin\u00faa su trabajo y formaci\u00f3n como m\u00fasico. En esos a\u00f1os (2001 a 2006) su participaci\u00f3n en La Barranca es pr\u00e1cticamente nula, sin embargo, siempre mantiene la comunicaci\u00f3n y el contacto con sus antiguos compa\u00f1eros. Durante su estancia neoyorquina se integra a Hip Hop Hood\u00edos, un grupo de rock y hip hop con el que graba el EP \u201cRaza Hood\u00eda\u201d (2002) y el LP \u201cAgua pa&#8217; la gente\u201d (2005), primeras producciones discogr\u00e1ficas del grupo.<\/p>\n<p>Luego de unos a\u00f1os se muda a Miami y es durante ese tiempo que retoma el trabajo (a larga distancia) con Jos\u00e9 Manuel Aguilera y Alfonso Andr\u00e9, trabajo que a la postre significar\u00eda el regreso de la alineaci\u00f3n original de La Barranca, la grabaci\u00f3n de un nuevo disco (\u201cProvidencia\u201d, 2008) y tiempo despu\u00e9s el regreso de Federico a radicar a la Ciudad de M\u00e9xico.<\/p>\n<p>Reubicado de nuevo en el DF, Federico contin\u00faa su trabajo en La Barranca. En 2010 graban y editan \u201cPiedad ciudad\u201d, octavo disco del grupo y hacen presentaciones en diversas ciudades tanto de M\u00e9xico como de Estados Unidos. En 2011 co-produce el primer disco solista de Alfonso Andr\u00e9, \u201cCerro del aire\u201d y tambi\u00e9n participa en las presentaciones en vivo del mismo. A principios de 2012 fue invitado a formar parte de Fobia, grupo al cual se integr\u00f3 sin dejar de lado su trabajo y compromisos con La Barranca. Con Fobia sal\u00eda de gira y adem\u00e1s participo en la grabaci\u00f3n del disco \u201cDestruye Hogares\u201d (2012). Durante gran parte del 2012 y principios del 2013 graba con La Barranca el noveno disco del grupo, \u201cEclipse de memoria\u201d, a la par que ha seguido sumando numerosos trabajos y colaboraciones manteni\u00e9ndose activo a la fecha.<\/p>\n<p><b>Encabezados por Cesar \u201cVampiro L\u00f3pez\u201d y por Federico Fong -que por su lado han sido integrantes de las agrupaciones de rock mas hist\u00f3ricas e ic\u00f3nicas desde los a\u00f1os ochenta en el pa\u00eds, como es el caso de Caifanes, Jaguares, Man\u00e1 y La Barranca-, un grupo de talentosos m\u00fasicos que se complementan con Iv\u00e1n \u201cBanacho\u201d Garc\u00eda en la voz y Mart\u00edn Alvarado en la bater\u00eda har\u00e1n sonar un merecido homenaje a Caifanes y Jaguares el pr\u00f3ximo Jueves 04 de Noviembre en el Foro Puebla, ubicado en Boulevard Norte No. 1023, Colonia Villas de San Alejandro, en la Ciudad de Puebla, como parte de una gira nacional que han emprendido y que los llevar\u00e1 con este homenaje a pisar escenarios de todo el pa\u00eds. Boletos a la venta exclusivamente en taquillas del Foro Puebla.<\/b><\/p>\n<p>[\/fusion_text][fusion_imageframe image_id=&#8221;41929|medium&#8221; max_width=&#8221;&#8221; style_type=&#8221;&#8221; blur=&#8221;&#8221; stylecolor=&#8221;&#8221; hover_type=&#8221;none&#8221; bordersize=&#8221;&#8221; bordercolor=&#8221;&#8221; borderradius=&#8221;&#8221; align=&#8221;none&#8221; lightbox=&#8221;no&#8221; gallery_id=&#8221;&#8221; lightbox_image=&#8221;&#8221; lightbox_image_id=&#8221;&#8221; alt=&#8221;&#8221; link=&#8221;&#8221; linktarget=&#8221;_self&#8221; hide_on_mobile=&#8221;small-visibility,medium-visibility,large-visibility&#8221; class=&#8221;&#8221; id=&#8221;&#8221; animation_type=&#8221;&#8221; animation_direction=&#8221;left&#8221; animation_speed=&#8221;0.3&#8243; animation_offset=&#8221;&#8221;]https:\/\/www.bitacoracdmx.com\/wp-content\/uploads\/2021\/10\/METAMORFEAME-CARTEL-CONCIERTO-NOV-2021-194&#215;300.jpeg[\/fusion_imageframe][\/fusion_builder_column][\/fusion_builder_row][\/fusion_builder_container]<\/p>\n","protected":false},"excerpt":{"rendered":"<p>[fusion_builder_container hundred_percent=&#8221;no&#8221; equal_height_columns=&#8221;no&#8221; menu_anchor=&#8221;&#8221; hide_on_mobile=&#8221;small-visibility,medium-visibility,large-visibility&#8221; class=&#8221;&#8221; id=&#8221;&#8221; background_color=&#8221;&#8221; background_image=&#8221;&#8221; background_position=&#8221;center center&#8221; background_repeat=&#8221;no-repeat&#8221; fade=&#8221;no&#8221; background_parallax=&#8221;none&#8221; parallax_speed=&#8221;0.3&#8243; video_mp4=&#8221;&#8221; video_webm=&#8221;&#8221; video_ogv=&#8221;&#8221; video_url=&#8221;&#8221; video_aspect_ratio=&#8221;16:9&#8243; video_loop=&#8221;yes&#8221; video_mute=&#8221;yes&#8221; overlay_color=&#8221;&#8221; video_preview_image=&#8221;&#8221; border_size=&#8221;&#8221; border_color=&#8221;&#8221; border_style=&#8221;solid&#8221; padding_top=&#8221;&#8221; padding_bottom=&#8221;&#8221; padding_left=&#8221;&#8221; padding_right=&#8221;&#8221;][fusion_builder_row][fusion_builder_column type=&#8221;1_1&#8243; layout=&#8221;1_1&#8243; background_position=&#8221;left top&#8221; background_color=&#8221;&#8221; border_size=&#8221;&#8221; border_color=&#8221;&#8221; border_style=&#8221;solid&#8221; border_position=&#8221;all&#8221; spacing=&#8221;yes&#8221; background_image=&#8221;&#8221; background_repeat=&#8221;no-repeat&#8221; padding_top=&#8221;&#8221; padding_right=&#8221;&#8221; padding_bottom=&#8221;&#8221; padding_left=&#8221;&#8221; margin_top=&#8221;0px&#8221; margin_bottom=&#8221;0px&#8221; class=&#8221;&#8221; id=&#8221;&#8221; animation_type=&#8221;&#8221; animation_speed=&#8221;0.3&#8243; animation_direction=&#8221;left&#8221; hide_on_mobile=&#8221;small-visibility,medium-visibility,large-visibility&#8221; center_content=&#8221;no&#8221; last=&#8221;no&#8221; min_height=&#8221;&#8221; hover_type=&#8221;none&#8221; link=&#8221;&#8221;][fusion_text] REDACCI\u00d3N *Este concierto se llevar\u00e1 a cabo el pr\u00f3ximo Jueves 04 de Noviembre en el Foro Puebla, ubicado en Boulevard Norte No. 1023, Colonia Villas de San Alejandro, en la Ciudad de Puebla *Boletos a la venta exclusivamente en taquillas [&hellip;]<\/p>\n","protected":false},"author":1,"featured_media":41929,"comment_status":"open","ping_status":"open","sticky":false,"template":"","format":"standard","meta":{"footnotes":""},"categories":[9,11],"tags":[],"_links":{"self":[{"href":"https:\/\/www.bitacoracdmx.com\/index.php?rest_route=\/wp\/v2\/posts\/41928"}],"collection":[{"href":"https:\/\/www.bitacoracdmx.com\/index.php?rest_route=\/wp\/v2\/posts"}],"about":[{"href":"https:\/\/www.bitacoracdmx.com\/index.php?rest_route=\/wp\/v2\/types\/post"}],"author":[{"embeddable":true,"href":"https:\/\/www.bitacoracdmx.com\/index.php?rest_route=\/wp\/v2\/users\/1"}],"replies":[{"embeddable":true,"href":"https:\/\/www.bitacoracdmx.com\/index.php?rest_route=%2Fwp%2Fv2%2Fcomments&post=41928"}],"version-history":[{"count":1,"href":"https:\/\/www.bitacoracdmx.com\/index.php?rest_route=\/wp\/v2\/posts\/41928\/revisions"}],"predecessor-version":[{"id":41930,"href":"https:\/\/www.bitacoracdmx.com\/index.php?rest_route=\/wp\/v2\/posts\/41928\/revisions\/41930"}],"wp:featuredmedia":[{"embeddable":true,"href":"https:\/\/www.bitacoracdmx.com\/index.php?rest_route=\/wp\/v2\/media\/41929"}],"wp:attachment":[{"href":"https:\/\/www.bitacoracdmx.com\/index.php?rest_route=%2Fwp%2Fv2%2Fmedia&parent=41928"}],"wp:term":[{"taxonomy":"category","embeddable":true,"href":"https:\/\/www.bitacoracdmx.com\/index.php?rest_route=%2Fwp%2Fv2%2Fcategories&post=41928"},{"taxonomy":"post_tag","embeddable":true,"href":"https:\/\/www.bitacoracdmx.com\/index.php?rest_route=%2Fwp%2Fv2%2Ftags&post=41928"}],"curies":[{"name":"wp","href":"https:\/\/api.w.org\/{rel}","templated":true}]}}