{"id":41944,"date":"2021-10-31T17:30:04","date_gmt":"2021-10-31T17:30:04","guid":{"rendered":"https:\/\/www.bitacoracdmx.com\/?p=41944"},"modified":"2021-10-31T17:30:04","modified_gmt":"2021-10-31T17:30:04","slug":"raquel-bigorra-presenta-su-show-la-noche-es-mia-que-estara-en-breve-temporada-en-el-salon-las-tertulias","status":"publish","type":"post","link":"https:\/\/www.bitacoracdmx.com\/?p=41944","title":{"rendered":"Raquel Bigorra presenta su show &#8220;La Noche es m\u00eda&#8221; que estar\u00e1 en breve temporada en el Sal\u00f3n Las Tertulias."},"content":{"rendered":"<p>[fusion_builder_container hundred_percent=&#8221;no&#8221; equal_height_columns=&#8221;no&#8221; menu_anchor=&#8221;&#8221; hide_on_mobile=&#8221;small-visibility,medium-visibility,large-visibility&#8221; class=&#8221;&#8221; id=&#8221;&#8221; background_color=&#8221;&#8221; background_image=&#8221;&#8221; background_position=&#8221;center center&#8221; background_repeat=&#8221;no-repeat&#8221; fade=&#8221;no&#8221; background_parallax=&#8221;none&#8221; parallax_speed=&#8221;0.3&#8243; video_mp4=&#8221;&#8221; video_webm=&#8221;&#8221; video_ogv=&#8221;&#8221; video_url=&#8221;&#8221; video_aspect_ratio=&#8221;16:9&#8243; video_loop=&#8221;yes&#8221; video_mute=&#8221;yes&#8221; overlay_color=&#8221;&#8221; video_preview_image=&#8221;&#8221; border_size=&#8221;&#8221; border_color=&#8221;&#8221; border_style=&#8221;solid&#8221; padding_top=&#8221;&#8221; padding_bottom=&#8221;&#8221; padding_left=&#8221;&#8221; padding_right=&#8221;&#8221;][fusion_builder_row][fusion_builder_column type=&#8221;1_1&#8243; layout=&#8221;1_1&#8243; background_position=&#8221;left top&#8221; background_color=&#8221;&#8221; border_size=&#8221;&#8221; border_color=&#8221;&#8221; border_style=&#8221;solid&#8221; border_position=&#8221;all&#8221; spacing=&#8221;yes&#8221; background_image=&#8221;&#8221; background_repeat=&#8221;no-repeat&#8221; padding_top=&#8221;&#8221; padding_right=&#8221;&#8221; padding_bottom=&#8221;&#8221; padding_left=&#8221;&#8221; margin_top=&#8221;0px&#8221; margin_bottom=&#8221;0px&#8221; class=&#8221;&#8221; id=&#8221;&#8221; animation_type=&#8221;&#8221; animation_speed=&#8221;0.3&#8243; animation_direction=&#8221;left&#8221; hide_on_mobile=&#8221;small-visibility,medium-visibility,large-visibility&#8221; center_content=&#8221;no&#8221; last=&#8221;no&#8221; min_height=&#8221;&#8221; hover_type=&#8221;none&#8221; link=&#8221;&#8221;][fusion_text]<\/p>\n<p>REDACCI\u00d3N<\/p>\n<p>Foto: Lobo Cesar<\/p>\n<p>Dicen que las lunas de octubre son las mejores y la tarde del 26 fue la elegida por Raquel Bigorra para presentar su nuevo espect\u00e1culo musical titulado &#8220;La Noche es m\u00eda&#8221;, mismo con en que anuncia su retorno a los escenarios despu\u00e9s de una ausencia voluntaria.<\/p>\n<p>La cubana tuvo en esta tardeada de gala a\u00a0 su compatriota Francisco Gattorno\u00a0 como padrino de honor, quien le deseo la mejor de las suertes en el inicio de su faceta como cantante, la tambi\u00e9n conductora y presentadora de televisi\u00f3n se mostr\u00f3 sumamente feliz y entusiasmada por la presencia de algunos invitados especiales entre los que se encontraba la actriz Elizabeth \u00c1lvarez quien no perdi\u00f3 la oportunidad de darle la cl\u00e1sica patadita de la buena suerte a su amiga.<\/p>\n<p>En un breve show de 3 canciones, Bigorra dio muestra de sus avances en el canto poniendo a bailar a todos los asistentes con su ritmo y sabor latino haciendo de esta presentaci\u00f3n m\u00e1gica y \u00fanica pre\u00e1mbulo de lo que se espera ver pr\u00f3ximamente en el Sal\u00f3n Las Tertulias.<\/p>\n<p>&#8220;La Noche es m\u00eda&#8221; es un espect\u00e1culo que se presentar\u00e1 en breve temporada todos los jueves de octubre y noviembre a las 9 de la noche en el Sal\u00f3n Las Tertulias.<\/p>\n<p><b>Lugar<\/b><\/p>\n<p class=\"contenedor-direccion\"><span data-bind=\"if: direccion() &amp;&amp; lugar()\">SAL\u00d3N LAS TERTULIAS<br \/>\nAV. CUAUHT\u00c9MOC NO. 19 , COL. ROMA NTE. ALCALDIA CUAUHT\u00c9MOC, CP: 06700 CDMX<\/span><\/p>\n<p>Boletos<\/p>\n<p>Boletos disponibles desde\u00a0<b>$<span data-bind=\"text:parseFloat(rango_precios.minimo).toFixed(2)\">350.00<\/span><\/b>\u00a0hasta\u00a0<b>$<span data-bind=\"text:parseFloat(rango_precios.maximo).toFixed(2)\">600.00<\/span><\/b><\/p>\n<p>[\/fusion_text][fusion_gallery layout=&#8221;&#8221; picture_size=&#8221;&#8221; columns=&#8221;&#8221; column_spacing=&#8221;10&#8243; gallery_masonry_grid_ratio=&#8221;&#8221; gallery_masonry_width_double=&#8221;&#8221; hover_type=&#8221;&#8221; lightbox=&#8221;yes&#8221; lightbox_content=&#8221;&#8221; bordersize=&#8221;&#8221; bordercolor=&#8221;&#8221; border_radius=&#8221;&#8221; hide_on_mobile=&#8221;small-visibility,medium-visibility,large-visibility&#8221; class=&#8221;&#8221; id=&#8221;&#8221;][fusion_gallery_image image=&#8221;https:\/\/www.bitacoracdmx.com\/wp-content\/uploads\/2021\/10\/WhatsApp-Image-2021-10-26-at-8.16.15-PM-300&#215;235.jpeg&#8221; image_id=&#8221;41945|medium&#8221; link=&#8221;&#8221; linktarget=&#8221;_self&#8221; \/][fusion_gallery_image image=&#8221;https:\/\/www.bitacoracdmx.com\/wp-content\/uploads\/2021\/10\/WhatsApp-Image-2021-10-26-at-8.17.59-PM-169&#215;300.jpeg&#8221; image_id=&#8221;41946|medium&#8221; link=&#8221;&#8221; linktarget=&#8221;_self&#8221; \/][fusion_gallery_image image=&#8221;https:\/\/www.bitacoracdmx.com\/wp-content\/uploads\/2021\/10\/WhatsApp-Image-2021-10-26-at-8.15.34-PM-300&#215;169.jpeg&#8221; image_id=&#8221;41947|medium&#8221; link=&#8221;&#8221; linktarget=&#8221;_self&#8221; \/][fusion_gallery_image image=&#8221;https:\/\/www.bitacoracdmx.com\/wp-content\/uploads\/2021\/10\/WhatsApp-Image-2021-10-26-at-8.11.23-PM-169&#215;300.jpeg&#8221; image_id=&#8221;41948|medium&#8221; link=&#8221;&#8221; linktarget=&#8221;_self&#8221; \/][\/fusion_gallery][\/fusion_builder_column][\/fusion_builder_row][\/fusion_builder_container]<\/p>\n","protected":false},"excerpt":{"rendered":"<p>[fusion_builder_container hundred_percent=&#8221;no&#8221; equal_height_columns=&#8221;no&#8221; menu_anchor=&#8221;&#8221; hide_on_mobile=&#8221;small-visibility,medium-visibility,large-visibility&#8221; class=&#8221;&#8221; id=&#8221;&#8221; background_color=&#8221;&#8221; background_image=&#8221;&#8221; background_position=&#8221;center center&#8221; background_repeat=&#8221;no-repeat&#8221; fade=&#8221;no&#8221; background_parallax=&#8221;none&#8221; parallax_speed=&#8221;0.3&#8243; video_mp4=&#8221;&#8221; video_webm=&#8221;&#8221; video_ogv=&#8221;&#8221; video_url=&#8221;&#8221; video_aspect_ratio=&#8221;16:9&#8243; video_loop=&#8221;yes&#8221; video_mute=&#8221;yes&#8221; overlay_color=&#8221;&#8221; video_preview_image=&#8221;&#8221; border_size=&#8221;&#8221; border_color=&#8221;&#8221; border_style=&#8221;solid&#8221; padding_top=&#8221;&#8221; padding_bottom=&#8221;&#8221; padding_left=&#8221;&#8221; padding_right=&#8221;&#8221;][fusion_builder_row][fusion_builder_column type=&#8221;1_1&#8243; layout=&#8221;1_1&#8243; background_position=&#8221;left top&#8221; background_color=&#8221;&#8221; border_size=&#8221;&#8221; border_color=&#8221;&#8221; border_style=&#8221;solid&#8221; border_position=&#8221;all&#8221; spacing=&#8221;yes&#8221; background_image=&#8221;&#8221; background_repeat=&#8221;no-repeat&#8221; padding_top=&#8221;&#8221; padding_right=&#8221;&#8221; padding_bottom=&#8221;&#8221; padding_left=&#8221;&#8221; margin_top=&#8221;0px&#8221; margin_bottom=&#8221;0px&#8221; class=&#8221;&#8221; id=&#8221;&#8221; animation_type=&#8221;&#8221; animation_speed=&#8221;0.3&#8243; animation_direction=&#8221;left&#8221; hide_on_mobile=&#8221;small-visibility,medium-visibility,large-visibility&#8221; center_content=&#8221;no&#8221; last=&#8221;no&#8221; min_height=&#8221;&#8221; hover_type=&#8221;none&#8221; link=&#8221;&#8221;][fusion_text] REDACCI\u00d3N Foto: Lobo Cesar Dicen que las lunas de octubre son las mejores y la tarde del 26 fue la elegida por Raquel Bigorra para presentar su nuevo espect\u00e1culo musical titulado &#8220;La Noche es m\u00eda&#8221;, mismo con en que anuncia [&hellip;]<\/p>\n","protected":false},"author":1,"featured_media":41945,"comment_status":"open","ping_status":"open","sticky":false,"template":"","format":"standard","meta":{"footnotes":""},"categories":[7,9,11],"tags":[],"_links":{"self":[{"href":"https:\/\/www.bitacoracdmx.com\/index.php?rest_route=\/wp\/v2\/posts\/41944"}],"collection":[{"href":"https:\/\/www.bitacoracdmx.com\/index.php?rest_route=\/wp\/v2\/posts"}],"about":[{"href":"https:\/\/www.bitacoracdmx.com\/index.php?rest_route=\/wp\/v2\/types\/post"}],"author":[{"embeddable":true,"href":"https:\/\/www.bitacoracdmx.com\/index.php?rest_route=\/wp\/v2\/users\/1"}],"replies":[{"embeddable":true,"href":"https:\/\/www.bitacoracdmx.com\/index.php?rest_route=%2Fwp%2Fv2%2Fcomments&post=41944"}],"version-history":[{"count":1,"href":"https:\/\/www.bitacoracdmx.com\/index.php?rest_route=\/wp\/v2\/posts\/41944\/revisions"}],"predecessor-version":[{"id":41949,"href":"https:\/\/www.bitacoracdmx.com\/index.php?rest_route=\/wp\/v2\/posts\/41944\/revisions\/41949"}],"wp:featuredmedia":[{"embeddable":true,"href":"https:\/\/www.bitacoracdmx.com\/index.php?rest_route=\/wp\/v2\/media\/41945"}],"wp:attachment":[{"href":"https:\/\/www.bitacoracdmx.com\/index.php?rest_route=%2Fwp%2Fv2%2Fmedia&parent=41944"}],"wp:term":[{"taxonomy":"category","embeddable":true,"href":"https:\/\/www.bitacoracdmx.com\/index.php?rest_route=%2Fwp%2Fv2%2Fcategories&post=41944"},{"taxonomy":"post_tag","embeddable":true,"href":"https:\/\/www.bitacoracdmx.com\/index.php?rest_route=%2Fwp%2Fv2%2Ftags&post=41944"}],"curies":[{"name":"wp","href":"https:\/\/api.w.org\/{rel}","templated":true}]}}