{"id":42186,"date":"2021-11-19T03:28:24","date_gmt":"2021-11-19T03:28:24","guid":{"rendered":"https:\/\/www.bitacoracdmx.com\/?p=42186"},"modified":"2021-11-19T03:28:24","modified_gmt":"2021-11-19T03:28:24","slug":"jazz-arte-conversatorios-y-circo-forman-parte-del-segundo-festival-academia-jartzz-en-cuernavaca","status":"publish","type":"post","link":"https:\/\/www.bitacoracdmx.com\/?p=42186","title":{"rendered":"Jazz, arte, conversatorios y circo forman parte del Segundo Festival Academia Jartzz en Cuernavaca."},"content":{"rendered":"<p>[fusion_builder_container hundred_percent=&#8221;no&#8221; equal_height_columns=&#8221;no&#8221; menu_anchor=&#8221;&#8221; hide_on_mobile=&#8221;small-visibility,medium-visibility,large-visibility&#8221; class=&#8221;&#8221; id=&#8221;&#8221; background_color=&#8221;&#8221; background_image=&#8221;&#8221; background_position=&#8221;center center&#8221; background_repeat=&#8221;no-repeat&#8221; fade=&#8221;no&#8221; background_parallax=&#8221;none&#8221; parallax_speed=&#8221;0.3&#8243; video_mp4=&#8221;&#8221; video_webm=&#8221;&#8221; video_ogv=&#8221;&#8221; video_url=&#8221;&#8221; video_aspect_ratio=&#8221;16:9&#8243; video_loop=&#8221;yes&#8221; video_mute=&#8221;yes&#8221; overlay_color=&#8221;&#8221; video_preview_image=&#8221;&#8221; border_size=&#8221;&#8221; border_color=&#8221;&#8221; border_style=&#8221;solid&#8221; padding_top=&#8221;&#8221; padding_bottom=&#8221;&#8221; padding_left=&#8221;&#8221; padding_right=&#8221;&#8221;][fusion_builder_row][fusion_builder_column type=&#8221;1_1&#8243; layout=&#8221;1_1&#8243; background_position=&#8221;left top&#8221; background_color=&#8221;&#8221; border_size=&#8221;&#8221; border_color=&#8221;&#8221; border_style=&#8221;solid&#8221; border_position=&#8221;all&#8221; spacing=&#8221;yes&#8221; background_image=&#8221;&#8221; background_repeat=&#8221;no-repeat&#8221; padding_top=&#8221;&#8221; padding_right=&#8221;&#8221; padding_bottom=&#8221;&#8221; padding_left=&#8221;&#8221; margin_top=&#8221;0px&#8221; margin_bottom=&#8221;0px&#8221; class=&#8221;&#8221; id=&#8221;&#8221; animation_type=&#8221;&#8221; animation_speed=&#8221;0.3&#8243; animation_direction=&#8221;left&#8221; hide_on_mobile=&#8221;small-visibility,medium-visibility,large-visibility&#8221; center_content=&#8221;no&#8221; last=&#8221;no&#8221; min_height=&#8221;&#8221; hover_type=&#8221;none&#8221; link=&#8221;&#8221;][fusion_text]<\/p>\n<p>REDACCI\u00d3N<\/p>\n<p class=\"x_gmail-MsoListParagraph\"><span class=\"x_gmail-Ninguno\"><span lang=\"ES-TRAD\">\u00b7 <\/span><\/span><span class=\"x_gmail-Ninguno\"><b><span lang=\"ES-TRAD\">En conferencia de prensa fueron presentadas las actividades de Jartzz como parte de Los Pinos en Morelos; el encuentro ser\u00e1 los d\u00edas 19, 20 y 21 de noviembre en el Museo Morelense de Arte Contempor\u00e1neo y en el Centro Cultural Teopanzolco.<\/span><\/b><\/span><\/p>\n<p class=\"x_gmail-MsoListParagraph\">\u00b7 <span class=\"x_gmail-Ninguno\"><b><span lang=\"ES-TRAD\">Tres l\u00edneas tem\u00e1ticas marcar\u00e1n los 11 conciertos: \u201cMujeres en el jazz\u201d, el \u201cjazz mexicano\u201d y la \u00faltima jornada \u201dEl jam\u201d, estar\u00e1 dedicada a las juventudes.<\/span><\/b><\/span><\/p>\n<p><span class=\"x_gmail-Ninguno\"><span lang=\"ES-TRAD\">La Secretar\u00eda de Cultura del Gobierno de M\u00e9<\/span><\/span><span class=\"x_gmail-Ninguno\"><span lang=\"PT\">xico, a trav<\/span><\/span><span class=\"x_gmail-Ninguno\"><span lang=\"ES-TRAD\">\u00e9s del Complejo Cultural Los Pinos, en coordinaci\u00f3n con la Secretar\u00eda de Turismo y Cultura de Morelos (STyC), presentaron la \u201c<\/span><\/span><span class=\"x_gmail-Ninguno\"><span lang=\"PT\">Segunda Edici<\/span><\/span><span class=\"x_gmail-Ninguno\"><span lang=\"ES-TRAD\">\u00f3<\/span><\/span><span class=\"x_gmail-Ninguno\"><span lang=\"IT\">n del Festival Academia Jartzz<\/span><\/span><span class=\"x_gmail-Ninguno\"><span lang=\"ES-TRAD\">\u201d,\u00a0<a name=\"x__Hlk86921678\" data-linkindex=\"1\"><\/a>el cual se llevar\u00e1 a cabo los d\u00edas 19, 20 y 21 de noviembre, en la ciudad de Cuernavaca, Morelos, en el Museo Morelense de Arte Contempor\u00e1neo (MMAC) y en el Centro Cultural Teopanzolco (CCT).<\/span><\/span><\/p>\n<p class=\"x_gmail-Cuerpo\"><span class=\"x_gmail-Ninguno\"><span lang=\"ES-TRAD\">Se contar\u00e1 con la colaboraci\u00f3n de la Escuela Superior de M\u00fasica -del Instituto Nacional de Bellas Artes y Literatura-, la Fonoteca Nacional y el Sistema Nacional de Fomento Musical (SNFM)<\/span><\/span><span class=\"x_gmail-Ninguno\"><span lang=\"ES-TRAD\">.<\/span><\/span><\/p>\n<p class=\"x_gmail-Cuerpo\"><span class=\"x_gmail-Ninguno\"><span lang=\"ES-TRAD\">Las actividades del festival forman parte del proyecto Los Pinos en Morelos, el cual se encuentra en l\u00ednea con los ejes de trabajo de la Secretar\u00eda de Cultura del Gobierno de M\u00e9xico por descentralizar la oferta cultural.<\/span><\/span><\/p>\n<p class=\"x_gmail-Cuerpo\"><span class=\"x_gmail-Ninguno\"><span lang=\"ES-TRAD\">La presentaci\u00f3n del festival se llev\u00f3 a cabo en conferencia de prensa, donde se cont\u00f3 con la presencia de la directora de Vinculaci\u00f3n Interinstitucional del Complejo Cultural Los Pinos, Amalia Galv\u00e1n Trejo; el secretario t\u00e9cnico de la STyC del estado de Morelos, Hugo Ju\u00e1rez; y el director general de M\u00fasica y Festivales del STyC; Antonio Lestrade, ah\u00ed, se dio a conocer que los once conciertos estar\u00e1n divididos en tres l\u00edneas tem\u00e1ticas:<\/span><\/span><\/p>\n<p class=\"x_gmail-Cuerpo\"><span class=\"x_gmail-Ninguno\"><span lang=\"ES-TRAD\">\u00b7\u00a0\u00a0\u00a0\u00a0\u00a0\u00a0\u00a0\u00a0\u00a0<\/span><\/span><span class=\"x_gmail-Ninguno\"><span lang=\"ES-TRAD\"><b>Viernes 19 de noviembre.<\/b>\u00a0Este d\u00eda estar\u00e1 dedicado a las grandes mujeres del jazz con una sesi\u00f3n de escucha a cargo de Ingrid y Jenny Beaujean, as\u00ed como los conciertos del Ensamble Maestro, Ensamble Cihuatl, Las Billies y Big Band de la Escuela Superior de M\u00fasica.<\/span><\/span><\/p>\n<p class=\"x_gmail-Cuerpo\"><span class=\"x_gmail-Ninguno\"><span lang=\"ES-TRAD\">\u00b7\u00a0\u00a0\u00a0\u00a0\u00a0\u00a0\u00a0<b>\u00a0\u00a0<\/b><\/span><\/span><span class=\"x_gmail-Ninguno\"><span lang=\"ES-TRAD\"><b>S\u00e1bado 20 de noviembre.<\/b>\u00a0Los recitales sonar\u00e1n en torno al jazz mexicano, con una c\u00e1tedra que impartir\u00e1 el saxofonista Alain Derbez, adem\u00e1s de las presentaciones de Los Vecinos Latin Jazz Quartet, El C\u00f3digo Postal y Big Band Cuernavaca.<\/span><\/span><\/p>\n<p class=\"x_gmail-Cuerpo\"><span class=\"x_gmail-Ninguno\"><span lang=\"ES-TRAD\">\u00b7\u00a0\u00a0\u00a0\u00a0\u00a0\u00a0\u00a0\u00a0\u00a0<\/span><\/span><span class=\"x_gmail-Ninguno\"><span lang=\"ES-TRAD\"><b>Domingo 21 de noviembre.<\/b>\u00a0La jornada de clausura estar\u00e1 dedicada a las juventudes con un conversatorio sobre la fotograf\u00eda en el jazz que impartir\u00e1 Salvador Bonilla -fot\u00f3grafo de conciertos para Rolling Stone M\u00e9xico y OCESA-. Mientras que la parte musical correr\u00e1 a cargo de Constantino Monarca Jazz Tr\u00edo, Cuarteto Magatama y la \u201cLa variet\u00e9 circopada\u201d con Mula Brass Band, Calacas Jazz Band y la compa\u00f1\u00eda de circo Cracovia 32.<\/span><\/span><\/p>\n<p class=\"x_gmail-Cuerpo\"><span class=\"x_gmail-Ninguno\"><span lang=\"ES-TRAD\">Adem\u00e1s se\u00a0<\/span><\/span><span class=\"x_gmail-Ninguno\"><span lang=\"ES-TRAD\">contar\u00e1 con dos exposiciones, \u201cLas imprescindibles del jazz mexicano\u201d, curado por la Fonoteca Nacional, as\u00ed como la exposici\u00f3n fotogr\u00e1fica multimedia \u201cPhoto live music: Jazzistas\u201d de Salvador Bonilla, las cuales ser\u00e1n exhibidas ese fin de semana en el Centro Cultural Teopanzolco.<\/span><\/span><\/p>\n<p class=\"x_gmail-Cuerpo\"><span class=\"x_gmail-Ninguno\"><span lang=\"ES-TRAD\">En su intervenci\u00f3n, la directora de Vinculaci\u00f3n Interinstitucional del Complejo Cultural Los Pinos declar\u00f3 que: \u201cEstamos muy contentos por esta alianza con el Gobierno de Morelos (\u2026) Ahora con \u2018Los Pinos en Morelos\u2019, a trav\u00e9s del festival de jazz, se permite que la pol\u00edtica p\u00fablica de descentralizar los servicios y los bienes culturales se lleve a cabo, as\u00ed es como nos presentamos en Morelos\u201d.<\/span><\/span><\/p>\n<p class=\"x_gmail-Cuerpo\"><span class=\"x_gmail-Ninguno\"><span lang=\"ES-TRAD\">Es fundamental mencionar que las actividades de la Segunda Edici\u00f3n del Festival Academia Jartzz son totalmente gratuitas. Para asistir se deben seguir los protocolos para el cuidado de la salud establecidos por las autoridades, entre las que se encuentran respetar la sana distancia, usar cubrebocas y gel antibacterial.<\/span><\/span><\/p>\n<p class=\"x_gmail-Cuerpo\"><a name=\"x__Hlk87978980\" data-linkindex=\"2\"><\/a><span class=\"x_gmail-Ninguno\"><span lang=\"ES-TRAD\">Para conocer la programaci\u00f3n completa de la Segunda Edici\u00f3n del Festival Academia Jartzz, consulta las redes Complejo Cultural Los Pinos en Twitter (@CC_LosPinos), Facebook (\/LosPinos.Cultura) e Instagram (@cc_lospinos).<\/span><\/span><\/p>\n<p>[\/fusion_text][fusion_imageframe image_id=&#8221;42189|medium&#8221; max_width=&#8221;&#8221; style_type=&#8221;&#8221; blur=&#8221;&#8221; stylecolor=&#8221;&#8221; hover_type=&#8221;none&#8221; bordersize=&#8221;&#8221; bordercolor=&#8221;&#8221; borderradius=&#8221;&#8221; align=&#8221;none&#8221; lightbox=&#8221;no&#8221; gallery_id=&#8221;&#8221; lightbox_image=&#8221;&#8221; lightbox_image_id=&#8221;&#8221; alt=&#8221;&#8221; link=&#8221;&#8221; linktarget=&#8221;_self&#8221; hide_on_mobile=&#8221;small-visibility,medium-visibility,large-visibility&#8221; class=&#8221;&#8221; id=&#8221;&#8221; animation_type=&#8221;&#8221; animation_direction=&#8221;left&#8221; animation_speed=&#8221;0.3&#8243; animation_offset=&#8221;&#8221;]https:\/\/www.bitacoracdmx.com\/wp-content\/uploads\/2021\/11\/254482201_2007551966070837_4111329138800462133_n-240&#215;300.jpg[\/fusion_imageframe][\/fusion_builder_column][\/fusion_builder_row][\/fusion_builder_container]<\/p>\n","protected":false},"excerpt":{"rendered":"<p>[fusion_builder_container hundred_percent=&#8221;no&#8221; equal_height_columns=&#8221;no&#8221; menu_anchor=&#8221;&#8221; hide_on_mobile=&#8221;small-visibility,medium-visibility,large-visibility&#8221; class=&#8221;&#8221; id=&#8221;&#8221; background_color=&#8221;&#8221; background_image=&#8221;&#8221; background_position=&#8221;center center&#8221; background_repeat=&#8221;no-repeat&#8221; fade=&#8221;no&#8221; background_parallax=&#8221;none&#8221; parallax_speed=&#8221;0.3&#8243; video_mp4=&#8221;&#8221; video_webm=&#8221;&#8221; video_ogv=&#8221;&#8221; video_url=&#8221;&#8221; video_aspect_ratio=&#8221;16:9&#8243; video_loop=&#8221;yes&#8221; video_mute=&#8221;yes&#8221; overlay_color=&#8221;&#8221; video_preview_image=&#8221;&#8221; border_size=&#8221;&#8221; border_color=&#8221;&#8221; border_style=&#8221;solid&#8221; padding_top=&#8221;&#8221; padding_bottom=&#8221;&#8221; padding_left=&#8221;&#8221; padding_right=&#8221;&#8221;][fusion_builder_row][fusion_builder_column type=&#8221;1_1&#8243; layout=&#8221;1_1&#8243; background_position=&#8221;left top&#8221; background_color=&#8221;&#8221; border_size=&#8221;&#8221; border_color=&#8221;&#8221; border_style=&#8221;solid&#8221; border_position=&#8221;all&#8221; spacing=&#8221;yes&#8221; background_image=&#8221;&#8221; background_repeat=&#8221;no-repeat&#8221; padding_top=&#8221;&#8221; padding_right=&#8221;&#8221; padding_bottom=&#8221;&#8221; padding_left=&#8221;&#8221; margin_top=&#8221;0px&#8221; margin_bottom=&#8221;0px&#8221; class=&#8221;&#8221; id=&#8221;&#8221; animation_type=&#8221;&#8221; animation_speed=&#8221;0.3&#8243; animation_direction=&#8221;left&#8221; hide_on_mobile=&#8221;small-visibility,medium-visibility,large-visibility&#8221; center_content=&#8221;no&#8221; last=&#8221;no&#8221; min_height=&#8221;&#8221; hover_type=&#8221;none&#8221; link=&#8221;&#8221;][fusion_text] REDACCI\u00d3N \u00b7 En conferencia de prensa fueron presentadas las actividades de Jartzz como parte de Los Pinos en Morelos; el encuentro ser\u00e1 los d\u00edas 19, 20 y 21 de noviembre en el Museo Morelense de Arte Contempor\u00e1neo y en el [&hellip;]<\/p>\n","protected":false},"author":1,"featured_media":42189,"comment_status":"open","ping_status":"open","sticky":false,"template":"","format":"standard","meta":{"footnotes":""},"categories":[9,14],"tags":[],"_links":{"self":[{"href":"https:\/\/www.bitacoracdmx.com\/index.php?rest_route=\/wp\/v2\/posts\/42186"}],"collection":[{"href":"https:\/\/www.bitacoracdmx.com\/index.php?rest_route=\/wp\/v2\/posts"}],"about":[{"href":"https:\/\/www.bitacoracdmx.com\/index.php?rest_route=\/wp\/v2\/types\/post"}],"author":[{"embeddable":true,"href":"https:\/\/www.bitacoracdmx.com\/index.php?rest_route=\/wp\/v2\/users\/1"}],"replies":[{"embeddable":true,"href":"https:\/\/www.bitacoracdmx.com\/index.php?rest_route=%2Fwp%2Fv2%2Fcomments&post=42186"}],"version-history":[{"count":1,"href":"https:\/\/www.bitacoracdmx.com\/index.php?rest_route=\/wp\/v2\/posts\/42186\/revisions"}],"predecessor-version":[{"id":42190,"href":"https:\/\/www.bitacoracdmx.com\/index.php?rest_route=\/wp\/v2\/posts\/42186\/revisions\/42190"}],"wp:featuredmedia":[{"embeddable":true,"href":"https:\/\/www.bitacoracdmx.com\/index.php?rest_route=\/wp\/v2\/media\/42189"}],"wp:attachment":[{"href":"https:\/\/www.bitacoracdmx.com\/index.php?rest_route=%2Fwp%2Fv2%2Fmedia&parent=42186"}],"wp:term":[{"taxonomy":"category","embeddable":true,"href":"https:\/\/www.bitacoracdmx.com\/index.php?rest_route=%2Fwp%2Fv2%2Fcategories&post=42186"},{"taxonomy":"post_tag","embeddable":true,"href":"https:\/\/www.bitacoracdmx.com\/index.php?rest_route=%2Fwp%2Fv2%2Ftags&post=42186"}],"curies":[{"name":"wp","href":"https:\/\/api.w.org\/{rel}","templated":true}]}}