{"id":42191,"date":"2021-11-19T03:37:36","date_gmt":"2021-11-19T03:37:36","guid":{"rendered":"https:\/\/www.bitacoracdmx.com\/?p=42191"},"modified":"2021-11-19T03:37:36","modified_gmt":"2021-11-19T03:37:36","slug":"feria-nacional-del-arbol-y-la-esfera-una-tradicion-de-puebla-y-de-mexico-lorenzo-rivera","status":"publish","type":"post","link":"https:\/\/www.bitacoracdmx.com\/?p=42191","title":{"rendered":"Feria Nacional del \u00c1rbol y la Esfera, una tradici\u00f3n de Puebla y de M\u00e9xico: Lorenzo Rivera."},"content":{"rendered":"<p>[fusion_builder_container hundred_percent=&#8221;no&#8221; equal_height_columns=&#8221;no&#8221; menu_anchor=&#8221;&#8221; hide_on_mobile=&#8221;small-visibility,medium-visibility,large-visibility&#8221; class=&#8221;&#8221; id=&#8221;&#8221; background_color=&#8221;&#8221; background_image=&#8221;&#8221; background_position=&#8221;center center&#8221; background_repeat=&#8221;no-repeat&#8221; fade=&#8221;no&#8221; background_parallax=&#8221;none&#8221; parallax_speed=&#8221;0.3&#8243; video_mp4=&#8221;&#8221; video_webm=&#8221;&#8221; video_ogv=&#8221;&#8221; video_url=&#8221;&#8221; video_aspect_ratio=&#8221;16:9&#8243; video_loop=&#8221;yes&#8221; video_mute=&#8221;yes&#8221; overlay_color=&#8221;&#8221; video_preview_image=&#8221;&#8221; border_size=&#8221;&#8221; border_color=&#8221;&#8221; border_style=&#8221;solid&#8221; padding_top=&#8221;&#8221; padding_bottom=&#8221;&#8221; padding_left=&#8221;&#8221; padding_right=&#8221;&#8221;][fusion_builder_row][fusion_builder_column type=&#8221;1_1&#8243; layout=&#8221;1_1&#8243; background_position=&#8221;left top&#8221; background_color=&#8221;&#8221; border_size=&#8221;&#8221; border_color=&#8221;&#8221; border_style=&#8221;solid&#8221; border_position=&#8221;all&#8221; spacing=&#8221;yes&#8221; background_image=&#8221;&#8221; background_repeat=&#8221;no-repeat&#8221; padding_top=&#8221;&#8221; padding_right=&#8221;&#8221; padding_bottom=&#8221;&#8221; padding_left=&#8221;&#8221; margin_top=&#8221;0px&#8221; margin_bottom=&#8221;0px&#8221; class=&#8221;&#8221; id=&#8221;&#8221; animation_type=&#8221;&#8221; animation_speed=&#8221;0.3&#8243; animation_direction=&#8221;left&#8221; hide_on_mobile=&#8221;small-visibility,medium-visibility,large-visibility&#8221; center_content=&#8221;no&#8221; last=&#8221;no&#8221; min_height=&#8221;&#8221; hover_type=&#8221;none&#8221; link=&#8221;&#8221;][fusion_text]<\/p>\n<p>REDACCI\u00d3N<\/p>\n<ul>\n<li><em>Se espera la visita de m\u00e1s de 250 mil turistas.<\/em><\/li>\n<li><em>La derrama econ\u00f3mica superar\u00e1 los 200 mdp.<\/em><\/li>\n<\/ul>\n<p><strong>Desde 2012, el municipio serrano de Chignahuapan\u00a0<\/strong>recibi\u00f3 la denominaci\u00f3n de\u00a0<strong>Pueblo M\u00e1gico\u00a0<\/strong>y es el \u00fanico municipio del pa\u00eds que durante todo el a\u00f1o se vive la magia de la Navidad a trav\u00e9s de las esferas y los pinos.<\/p>\n<p><strong>Ante la imponente Virgen de la Inmaculada Concepci\u00f3n<\/strong>, la imagen religiosa bajo techo m\u00e1s grande de Latinoam\u00e9rica, el kiosco estilo Mud\u00e9jar y su Laguna formada por 9 ojos de agua; los chignahuapenses\u00a0<strong>se preparan para recibir a m\u00e1s de 250 mil visitantes nacionales e internacionales<\/strong> que en una semana estar\u00e1n dejando una derrama econ\u00f3mica superior a los 200 millones de pesos, adelant\u00f3 el Presidente Municipal, Lorenzo Rivera Nava ante diversos medios de comunicaci\u00f3n.<\/p>\n<p><strong>El edil, hizo hincapi\u00e9 en la importancia de potenciar las diversas actividades econ\u00f3micas fundamentales para Chignahuapan\u00a0<\/strong>como lo es la producci\u00f3n de esferas y \u00e1rboles de navidad que con esta feria, se inaugura la temporada m\u00e1s importante de comercializaci\u00f3n.<\/p>\n<p><strong>En m\u00e1s de 400 talleres, los artesanos fabrican anualmente m\u00e1s de 100 millones de esferas<\/strong> y el municipio cuenta con un territorio aproximadamente de 150 hect\u00e1reas de bosque donde se producen \u00e1rboles de navidad listos ya para su venta.<\/p>\n<p>En conferencia de prensa y teniendo como sede el Museo de Arte Popular en la Ciudad de M\u00e9xico, los funcionarios chignahuapenses explicaron que diversos prestadores de servicios en ramas como la hoteler\u00eda, gastronom\u00eda, artesan\u00eda, productores forestales, entre otros, est\u00e1n preparados para recibir a los visitantes que despu\u00e9s de casi dos a\u00f1os de pandemia esperan llegar al m\u00e1gico lugar de la eterna navidad.pa\u00eds.<\/p>\n<p><strong>Lorenzo Rivera coment\u00f3 que el objetivo principal de esta feria es que la pr\u00f3xima celebraci\u00f3n, que se llevar\u00e1 a cabo del 26 de noviembre al 05 de diciembre, cuente con diversas actividades como espect\u00e1culos musicales donde participar\u00e1n la Arrolladora Banda Lim\u00f3n, Los \u00c1ngeles Azules, Yuridia, Moenia, Matisse entre otros,\u00a0<\/strong>as\u00ed como presentaciones gastron\u00f3micas y culturales, para posicionar esta feria como una de las m\u00e1s importantes no solo de Puebla sino de todo el pa\u00eds, a fin de que Chignahuapan est\u00e9 en los ojos del mundo.<\/p>\n<p><strong>Las principales v\u00edas de acceso al pueblo m\u00e1gico son a trav\u00e9s de la autopista Huachinango- Zacatl\u00e1n y por la carretera federal 119 Tlaxco-Chignahuapan.<\/strong><\/p>\n<p>[\/fusion_text][fusion_imageframe image_id=&#8221;42192|medium&#8221; max_width=&#8221;&#8221; style_type=&#8221;&#8221; blur=&#8221;&#8221; stylecolor=&#8221;&#8221; hover_type=&#8221;none&#8221; bordersize=&#8221;&#8221; bordercolor=&#8221;&#8221; borderradius=&#8221;&#8221; align=&#8221;none&#8221; lightbox=&#8221;no&#8221; gallery_id=&#8221;&#8221; lightbox_image=&#8221;&#8221; lightbox_image_id=&#8221;&#8221; alt=&#8221;&#8221; link=&#8221;&#8221; linktarget=&#8221;_self&#8221; hide_on_mobile=&#8221;small-visibility,medium-visibility,large-visibility&#8221; class=&#8221;&#8221; id=&#8221;&#8221; animation_type=&#8221;&#8221; animation_direction=&#8221;left&#8221; animation_speed=&#8221;0.3&#8243; animation_offset=&#8221;&#8221;]https:\/\/www.bitacoracdmx.com\/wp-content\/uploads\/2021\/11\/238d007d8be023ac347ebb3cf1d9f8fe81aa0aa5-300&#215;200.jpeg[\/fusion_imageframe][\/fusion_builder_column][\/fusion_builder_row][\/fusion_builder_container]<\/p>\n","protected":false},"excerpt":{"rendered":"<p>[fusion_builder_container hundred_percent=&#8221;no&#8221; equal_height_columns=&#8221;no&#8221; menu_anchor=&#8221;&#8221; hide_on_mobile=&#8221;small-visibility,medium-visibility,large-visibility&#8221; class=&#8221;&#8221; id=&#8221;&#8221; background_color=&#8221;&#8221; background_image=&#8221;&#8221; background_position=&#8221;center center&#8221; background_repeat=&#8221;no-repeat&#8221; fade=&#8221;no&#8221; background_parallax=&#8221;none&#8221; parallax_speed=&#8221;0.3&#8243; video_mp4=&#8221;&#8221; video_webm=&#8221;&#8221; video_ogv=&#8221;&#8221; video_url=&#8221;&#8221; video_aspect_ratio=&#8221;16:9&#8243; video_loop=&#8221;yes&#8221; video_mute=&#8221;yes&#8221; overlay_color=&#8221;&#8221; video_preview_image=&#8221;&#8221; border_size=&#8221;&#8221; border_color=&#8221;&#8221; border_style=&#8221;solid&#8221; padding_top=&#8221;&#8221; padding_bottom=&#8221;&#8221; padding_left=&#8221;&#8221; padding_right=&#8221;&#8221;][fusion_builder_row][fusion_builder_column type=&#8221;1_1&#8243; layout=&#8221;1_1&#8243; background_position=&#8221;left top&#8221; background_color=&#8221;&#8221; border_size=&#8221;&#8221; border_color=&#8221;&#8221; border_style=&#8221;solid&#8221; border_position=&#8221;all&#8221; spacing=&#8221;yes&#8221; background_image=&#8221;&#8221; background_repeat=&#8221;no-repeat&#8221; padding_top=&#8221;&#8221; padding_right=&#8221;&#8221; padding_bottom=&#8221;&#8221; padding_left=&#8221;&#8221; margin_top=&#8221;0px&#8221; margin_bottom=&#8221;0px&#8221; class=&#8221;&#8221; id=&#8221;&#8221; animation_type=&#8221;&#8221; animation_speed=&#8221;0.3&#8243; animation_direction=&#8221;left&#8221; hide_on_mobile=&#8221;small-visibility,medium-visibility,large-visibility&#8221; center_content=&#8221;no&#8221; last=&#8221;no&#8221; min_height=&#8221;&#8221; hover_type=&#8221;none&#8221; link=&#8221;&#8221;][fusion_text] REDACCI\u00d3N Se espera la visita de m\u00e1s de 250 mil turistas. La derrama econ\u00f3mica superar\u00e1 los 200 mdp. Desde 2012, el municipio serrano de Chignahuapan\u00a0recibi\u00f3 la denominaci\u00f3n de\u00a0Pueblo M\u00e1gico\u00a0y es el \u00fanico municipio del pa\u00eds que durante todo el a\u00f1o [&hellip;]<\/p>\n","protected":false},"author":1,"featured_media":42192,"comment_status":"open","ping_status":"open","sticky":false,"template":"","format":"standard","meta":{"footnotes":""},"categories":[8,9,16],"tags":[],"_links":{"self":[{"href":"https:\/\/www.bitacoracdmx.com\/index.php?rest_route=\/wp\/v2\/posts\/42191"}],"collection":[{"href":"https:\/\/www.bitacoracdmx.com\/index.php?rest_route=\/wp\/v2\/posts"}],"about":[{"href":"https:\/\/www.bitacoracdmx.com\/index.php?rest_route=\/wp\/v2\/types\/post"}],"author":[{"embeddable":true,"href":"https:\/\/www.bitacoracdmx.com\/index.php?rest_route=\/wp\/v2\/users\/1"}],"replies":[{"embeddable":true,"href":"https:\/\/www.bitacoracdmx.com\/index.php?rest_route=%2Fwp%2Fv2%2Fcomments&post=42191"}],"version-history":[{"count":1,"href":"https:\/\/www.bitacoracdmx.com\/index.php?rest_route=\/wp\/v2\/posts\/42191\/revisions"}],"predecessor-version":[{"id":42193,"href":"https:\/\/www.bitacoracdmx.com\/index.php?rest_route=\/wp\/v2\/posts\/42191\/revisions\/42193"}],"wp:featuredmedia":[{"embeddable":true,"href":"https:\/\/www.bitacoracdmx.com\/index.php?rest_route=\/wp\/v2\/media\/42192"}],"wp:attachment":[{"href":"https:\/\/www.bitacoracdmx.com\/index.php?rest_route=%2Fwp%2Fv2%2Fmedia&parent=42191"}],"wp:term":[{"taxonomy":"category","embeddable":true,"href":"https:\/\/www.bitacoracdmx.com\/index.php?rest_route=%2Fwp%2Fv2%2Fcategories&post=42191"},{"taxonomy":"post_tag","embeddable":true,"href":"https:\/\/www.bitacoracdmx.com\/index.php?rest_route=%2Fwp%2Fv2%2Ftags&post=42191"}],"curies":[{"name":"wp","href":"https:\/\/api.w.org\/{rel}","templated":true}]}}