{"id":42212,"date":"2021-11-21T05:44:53","date_gmt":"2021-11-21T05:44:53","guid":{"rendered":"https:\/\/www.bitacoracdmx.com\/?p=42212"},"modified":"2021-11-21T05:44:53","modified_gmt":"2021-11-21T05:44:53","slug":"la-hilarante-fiesta-anual-del-helenico-regresa-con-el-8-o-encuentro-internacional-de-clown-2021","status":"publish","type":"post","link":"https:\/\/www.bitacoracdmx.com\/?p=42212","title":{"rendered":"La hilarante fiesta anual del Hel\u00e9nico regresa con el 8.\u00ba Encuentro Internacional de Clown 2021."},"content":{"rendered":"<p>[fusion_builder_container hundred_percent=&#8221;no&#8221; equal_height_columns=&#8221;no&#8221; menu_anchor=&#8221;&#8221; hide_on_mobile=&#8221;small-visibility,medium-visibility,large-visibility&#8221; class=&#8221;&#8221; id=&#8221;&#8221; background_color=&#8221;&#8221; background_image=&#8221;&#8221; background_position=&#8221;center center&#8221; background_repeat=&#8221;no-repeat&#8221; fade=&#8221;no&#8221; background_parallax=&#8221;none&#8221; parallax_speed=&#8221;0.3&#8243; video_mp4=&#8221;&#8221; video_webm=&#8221;&#8221; video_ogv=&#8221;&#8221; video_url=&#8221;&#8221; video_aspect_ratio=&#8221;16:9&#8243; video_loop=&#8221;yes&#8221; video_mute=&#8221;yes&#8221; overlay_color=&#8221;&#8221; video_preview_image=&#8221;&#8221; border_size=&#8221;&#8221; border_color=&#8221;&#8221; border_style=&#8221;solid&#8221; padding_top=&#8221;&#8221; padding_bottom=&#8221;&#8221; padding_left=&#8221;&#8221; padding_right=&#8221;&#8221;][fusion_builder_row][fusion_builder_column type=&#8221;1_1&#8243; layout=&#8221;1_1&#8243; background_position=&#8221;left top&#8221; background_color=&#8221;&#8221; border_size=&#8221;&#8221; border_color=&#8221;&#8221; border_style=&#8221;solid&#8221; border_position=&#8221;all&#8221; spacing=&#8221;yes&#8221; background_image=&#8221;&#8221; background_repeat=&#8221;no-repeat&#8221; padding_top=&#8221;&#8221; padding_right=&#8221;&#8221; padding_bottom=&#8221;&#8221; padding_left=&#8221;&#8221; margin_top=&#8221;0px&#8221; margin_bottom=&#8221;0px&#8221; class=&#8221;&#8221; id=&#8221;&#8221; animation_type=&#8221;&#8221; animation_speed=&#8221;0.3&#8243; animation_direction=&#8221;left&#8221; hide_on_mobile=&#8221;small-visibility,medium-visibility,large-visibility&#8221; center_content=&#8221;no&#8221; last=&#8221;no&#8221; min_height=&#8221;&#8221; hover_type=&#8221;none&#8221; link=&#8221;&#8221;][fusion_text]<\/p>\n<p>REDACCI\u00d3N<\/p>\n<div>\u2022 El p\u00fablico podr\u00e1 disfrutar de 6 espect\u00e1culos teatrales, 2 clases magistrales y una presentaci\u00f3n editorial.<br aria-hidden=\"true\" \/>\u2022 Del 30 de noviembre al 5 de diciembre.<\/div>\n<div>\u2022 Los espect\u00e1culos tendr\u00e1n un costo de $205 y las clases magistrales de $155.<\/div>\n<div><\/div>\n<div>Se cree que la risa es una de las mejores medicinas, es por ello que el Centro Cultural Hel\u00e9nico se congratula con la presentaci\u00f3n del 8.\u00b0 Encuentro Internacional de Clown 2021, que tiene por tradici\u00f3n reunir a reconocidos\u00a0<em>clowns\u00a0<\/em>de diversas latitudes.<br aria-hidden=\"true\" \/><\/div>\n<div>\n<p>Esta edici\u00f3n comenz\u00f3 en el mes de junio, a trav\u00e9s de tres talleres virtuales y gratuitos impartidos por especialistas en <em>clown<\/em>, provenientes \u00a0de Brasil, Colombia y Argentina; sin embargo, la alegr\u00eda y el gozo se dar\u00e1n cita de forma presencial en el Teatro Hel\u00e9nico, del 30 de noviembre al 5 de diciembre, con artistas como el espa\u00f1ol Tortell Poltrona, cofundador de Payasos sin fronteras Espa\u00f1a; Chacovachi, un payaso argentino con 30 a\u00f1os de experiencia a nivel internacional; Izmir Gallardo Oliva y Jorge A. Caballero Vega, dos de los artistas mexicanos m\u00e1s reconocidos en este \u00e1mbito; as\u00ed como Comparsa La Bulla y los Estrouberry Clowns, un par de compa\u00f1\u00edas nacionales con una gran trayectoria en el circo y el jolgorio.<\/p>\n<div>\n<p><br aria-hidden=\"true\" \/>Bajo el lema: <em>Porque nada nos quita la sonrisa<\/em>, se apuesta por el humor como una forma resiliente para afrontar los tiempos actuales. Y es que es bien sabido que una sincera carcajada reconforta el esp\u00edritu y sana el alma. As\u00ed, desde el j\u00fabilo, se extiende el llamado para habitar los teatros y dar pie a las complicidades que se tejen en los escenarios.<br aria-hidden=\"true\" \/><br aria-hidden=\"true\" \/>Charles Chaplin, el afamado comediante brit\u00e1nico, cre\u00eda que <em>un d\u00eda sin re\u00edr es un d\u00eda perdido<\/em>. El Hel\u00e9nico concuerda con esta idea y se esfuerza constantemente para que, mediante las artes esc\u00e9nicas, la existencia sea m\u00e1s llevadera. Para cumplir con esta meta, el 8.\u00b0 Encuentro Internacional de Clown presentar\u00e1 una hilarante programaci\u00f3n, apta para todas las edades.<br aria-hidden=\"true\" \/><br aria-hidden=\"true\" \/><strong>Los espect\u00e1culos tendr\u00e1n un costo de $205 y las clases magistrales de $155. El Centro Cultural Hel\u00e9nico tambi\u00e9n pone a disposici\u00f3n del p\u00fablico varios paquetes \u2014llamados \u201cClownbopromociones\u201d\u2014 con atractivos descuentos:<\/strong><\/p>\n<ul>\n<li><strong>Clownbo clown:\u00a0<\/strong>4 espect\u00e1culos diferentes por $620 (hasta agotar localidades)<\/li>\n<li><strong>Clownbo familiar<\/strong>: 5 personas por $775 (aplica solo para una funci\u00f3n)<\/li>\n<li><strong>Clownbo pareja<\/strong>: 2 personas por $310 (aplica solo para una funci\u00f3n)<\/li>\n<li><strong>Clownbo love<\/strong>: 2&#215;1 para gente de la tercera edad en compa\u00f1\u00eda de su nieta o nieto (es v\u00e1lido si las dos personas se presentan en la taquilla)<\/li>\n<li><strong>Estudiantes de teatro<\/strong>: una entrada con un costo de $105 (al mostrar su credencial vigente en la taquilla)<\/li>\n<\/ul>\n<p>A continuaci\u00f3n, se enlistan las actividades que formar\u00e1n parte de esta verbena:<br aria-hidden=\"true\" \/><\/p>\n<ul>\n<li><strong><em>El payaso de la calle del Relox<\/em><\/strong>\u00a0<strong>(inauguraci\u00f3n)<\/strong><\/li>\n<\/ul>\n<p><br aria-hidden=\"true\" \/><strong>Horario:<\/strong>\u00a0martes 30 de noviembre, 20:00 horas.<br aria-hidden=\"true\" \/>\u00a0<br aria-hidden=\"true\" \/>Se trata de un divertido homenaje por los 200 a\u00f1os del nacimiento de Jos\u00e9 Soledad Aycardo, \u201cDon Chole\u201d, considerado como el primer payaso mexicano, quien nos llevar\u00e1 a un emocionante viaje para conocer el origen de la carpa mexicana y de los artistas callejeros que pululaban en las vecindades capitalinas.<br aria-hidden=\"true\" \/><\/p>\n<ul>\n<li><strong><em>Jambo<\/em><\/strong><\/li>\n<\/ul>\n<p><br aria-hidden=\"true\" \/><strong>Horario:<\/strong>\u00a0mi\u00e9rcoles 1 de diciembre, 20:00 horas.<br aria-hidden=\"true\" \/>\u00a0<br aria-hidden=\"true\" \/>El reconocido histri\u00f3n Tortell Poltrona regresa al Hel\u00e9nico con\u00a0<em>Jambo<\/em>, una pieza que se ha presentado exitosamente en pa\u00edses como: Etiop\u00eda, Sierra Leona, Colombia, Sri Lanka, L\u00edbano y Hait\u00ed, entre otros. Con esta puesta se vuelve evidente que los payasos consiguen saltar todas las barreras con un lenguaje com\u00fan y universal: el humor.<br aria-hidden=\"true\" \/><\/p>\n<ul>\n<li><strong><em>R\u00e9quiem por un payacho<\/em><\/strong><\/li>\n<\/ul>\n<p><br aria-hidden=\"true\" \/><strong>Horario:<\/strong>\u00a0viernes 3 de diciembre, 20:00 horas.<br aria-hidden=\"true\" \/>\u00a0<br aria-hidden=\"true\" \/>Esta obra narra la representaci\u00f3n final de un payaso, su funeral y la peculiar manera de su\u00a0<em>crew<\/em>\u00a0de rendirle honores para despedirlo. Este espect\u00e1culo de Comparsa la Bulla demuestra que la risa salva hasta de los peores momentos.<br aria-hidden=\"true\" \/><\/p>\n<ul>\n<li><strong><em>\u00a1Cuidado! Un payaso malo puede arruinar tu vida<\/em><\/strong><\/li>\n<\/ul>\n<p><br aria-hidden=\"true\" \/><strong>Horario:<\/strong>\u00a0s\u00e1bado 4 de diciembre, 19:00 horas.<br aria-hidden=\"true\" \/>\u00a0<br aria-hidden=\"true\" \/>Desde Argentina llega Chacovachi con un espect\u00e1culo que lucha por entretener sin \u201cestupidizar\u201d, y sobrevivir en el intento. Se trata de una puesta en escena que emociona y transforma.<br aria-hidden=\"true\" \/><\/p>\n<ul>\n<li><strong><em>Entre m\u00fasica y risas<\/em><\/strong><\/li>\n<\/ul>\n<p><br aria-hidden=\"true\" \/><strong>Horario:<\/strong>\u00a0domingo 5 de diciembre, 13:00 horas.<br aria-hidden=\"true\" \/>\u00a0<br aria-hidden=\"true\" \/>Considerado como uno de los mejores<em>\u00a0clowns<\/em>\u00a0del pa\u00eds, Izmir Gallardo regresa al Hel\u00e9nico con una obra que fomenta el juego como valor primordial de la infancia. Mediante malabares, monociclos, instrumentos musicales y parodias m\u00edmicas de artistas, esta puesta en escena conmover\u00e1 a chicos y grandes. \u00a0<br aria-hidden=\"true\" \/><\/p>\n<ul>\n<li><strong><em>\u00a1Qu\u00e9 bestia!<\/em><\/strong><strong>\u00a0(clausura)<\/strong><\/li>\n<\/ul>\n<p><br aria-hidden=\"true\" \/><strong>Horario:<\/strong>\u00a0domingo 5 de diciembre, 19:00 horas.<br aria-hidden=\"true\" \/>\u00a0<br aria-hidden=\"true\" \/>Tortell Poltrona, Montserrat Trias y Boris Ribas presentan\u00a0<em>\u00a1Qu\u00e9 bestia!<\/em>\u00a0El objetivo de la puesta es provocar sensaciones con la risa como veh\u00edculo. Es una bomba c\u00f3mica que reflexiona sobre la conciencia c\u00f3smica que denominamos vida.<br aria-hidden=\"true\" \/><br aria-hidden=\"true\" \/>\u00a0 \u00a0 \u00a0Todas las funciones se presentar\u00e1n en el Teatro Hel\u00e9nico con un aforo m\u00e1ximo de 280 personas.<br aria-hidden=\"true\" \/><br aria-hidden=\"true\" \/><strong>Presentaci\u00f3n editorial<\/strong><br aria-hidden=\"true\" \/><\/p>\n<ul>\n<li><strong><em>Los dramas del clown: Un acercamiento te\u00f3rico a la dramaturgia del clown<\/em><\/strong><\/li>\n<\/ul>\n<p><br aria-hidden=\"true\" \/><strong>Horario:<\/strong>\u00a0jueves 2 de diciembre a las 18:00 horas, en el Foro La Gruta.<br aria-hidden=\"true\" \/>\u00a0<br aria-hidden=\"true\" \/>El autor Jorge A. Caballero Vega ofrece un estudio dedicado a la dramaturgia de las representaciones\u00a0<em>clown<\/em>. La revisi\u00f3n de estas estructuras dram\u00e1ticas permitir\u00e1 conocer \u2014en t\u00e9rminos generales\u2014 el imaginario y la concepci\u00f3n del mundo de los payasos de todos los tiempos.<br aria-hidden=\"true\" \/><br aria-hidden=\"true\" \/><strong>Clases magistrales y taller<\/strong><br aria-hidden=\"true\" \/><\/p>\n<ul>\n<li><strong><em>Manual y gu\u00eda del payaso callejero (paso a paso): street clown show business,\u00a0<\/em><\/strong><strong>con<\/strong>\u00a0<strong>Chacovachi<\/strong><\/li>\n<\/ul>\n<p><br aria-hidden=\"true\" \/>Este taller busca que las personas inscritas conozcan la filosof\u00eda del\u00a0<em>clown<\/em>\u00a0y las dramaturgias de la calle. Con un cupo de 15 participantes, se llevar\u00e1 a cabo el mi\u00e9rcoles 1 y el viernes 3 de diciembre, de 15:00 a 19:00 horas, en el Sal\u00f3n de ensayos del Centro Cultural Hel\u00e9nico y tendr\u00e1 un costo de $1,050.<br aria-hidden=\"true\" \/><\/p>\n<ul>\n<li><strong><em>Manual y gu\u00eda del payaso callejero,\u00a0<\/em><\/strong><strong>con<\/strong>\u00a0<strong>Chacovachi<\/strong><\/li>\n<\/ul>\n<p><br aria-hidden=\"true\" \/>Esta clase tiene como objetivo desarrollar los instrumentos b\u00e1sicos para ser un payaso callejero. Se podr\u00e1 disfrutar el jueves 2 de diciembre, a las 19:30 horas.<br aria-hidden=\"true\" \/><\/p>\n<ul>\n<li><strong><em>Payaso, \u00bfinsulto o poes\u00eda?,<\/em><\/strong>\u00a0<strong>con<\/strong>\u00a0<strong>Tortell Poltrona<\/strong><\/li>\n<\/ul>\n<p><br aria-hidden=\"true\" \/>En este espacio Tortell Poltrona reflexionar\u00e1 sobre el\u00a0<em>clown\u00a0<\/em>como un elemento po\u00e9tico, el lenguaje de las emociones y las herramientas de transformaci\u00f3n que tiene un payaso. Se llevar\u00e1 a cabo el s\u00e1bado 4 de diciembre, a las 12:00 horas.<br aria-hidden=\"true\" \/>\u00a0<br aria-hidden=\"true\" \/>Ambas clases magistrales se impartir\u00e1n en el Teatro Hel\u00e9nico \u2014con un aforo m\u00e1ximo de 280 participantes\u2014, y est\u00e1n dirigidas a profesionales del <em>clown<\/em>\u00a0o personas interesadas en el tema. Es necesario llevar ropa c\u00f3moda y usar cubrebocas todo el tiempo. \u00a0Aunque su costo individual es de $155, es posible adquirir las dos clases por $260.<br aria-hidden=\"true\" \/><br aria-hidden=\"true\" \/>\u00a0Para el Centro Cultural Hel\u00e9nico la celebraci\u00f3n del 8.\u00ba Encuentro Internacional de Clown tiene un significado muy especial: es una forma de agradecerle al p\u00fablico por su compa\u00f1\u00eda a lo largo del 2021. Esta fiesta internacional muestra el sinf\u00edn de posibilidades que ofrece la t\u00e9cnica del <em>clown<\/em>\u00a0y, en un momento hist\u00f3rico tan complejo, se presenta como una forma de abrazar al p\u00fablico y as\u00ed, desde la ternura y la comicidad, dejar una huella que reanime el deseo de sonre\u00edr.<br aria-hidden=\"true\" \/>Para m\u00e1s informaci\u00f3n consulta la p\u00e1gina: <strong>helenico.gob.mx<\/strong>.<\/p>\n<\/div>\n<\/div>\n<p>[\/fusion_text][fusion_imageframe image_id=&#8221;42213|medium&#8221; max_width=&#8221;&#8221; style_type=&#8221;&#8221; blur=&#8221;&#8221; stylecolor=&#8221;&#8221; hover_type=&#8221;none&#8221; bordersize=&#8221;&#8221; bordercolor=&#8221;&#8221; borderradius=&#8221;&#8221; align=&#8221;none&#8221; lightbox=&#8221;no&#8221; gallery_id=&#8221;&#8221; lightbox_image=&#8221;&#8221; lightbox_image_id=&#8221;&#8221; alt=&#8221;&#8221; link=&#8221;&#8221; linktarget=&#8221;_self&#8221; hide_on_mobile=&#8221;small-visibility,medium-visibility,large-visibility&#8221; class=&#8221;&#8221; id=&#8221;&#8221; animation_type=&#8221;&#8221; animation_direction=&#8221;left&#8221; animation_speed=&#8221;0.3&#8243; animation_offset=&#8221;&#8221;]https:\/\/www.bitacoracdmx.com\/wp-content\/uploads\/2021\/11\/8-encuentro-internacional-de-Clown-1-300&#215;300.jpg[\/fusion_imageframe][\/fusion_builder_column][\/fusion_builder_row][\/fusion_builder_container]<\/p>\n","protected":false},"excerpt":{"rendered":"<p>[fusion_builder_container hundred_percent=&#8221;no&#8221; equal_height_columns=&#8221;no&#8221; menu_anchor=&#8221;&#8221; hide_on_mobile=&#8221;small-visibility,medium-visibility,large-visibility&#8221; class=&#8221;&#8221; id=&#8221;&#8221; background_color=&#8221;&#8221; background_image=&#8221;&#8221; background_position=&#8221;center center&#8221; background_repeat=&#8221;no-repeat&#8221; fade=&#8221;no&#8221; background_parallax=&#8221;none&#8221; parallax_speed=&#8221;0.3&#8243; video_mp4=&#8221;&#8221; video_webm=&#8221;&#8221; video_ogv=&#8221;&#8221; video_url=&#8221;&#8221; video_aspect_ratio=&#8221;16:9&#8243; video_loop=&#8221;yes&#8221; video_mute=&#8221;yes&#8221; overlay_color=&#8221;&#8221; video_preview_image=&#8221;&#8221; border_size=&#8221;&#8221; border_color=&#8221;&#8221; border_style=&#8221;solid&#8221; padding_top=&#8221;&#8221; padding_bottom=&#8221;&#8221; padding_left=&#8221;&#8221; padding_right=&#8221;&#8221;][fusion_builder_row][fusion_builder_column type=&#8221;1_1&#8243; layout=&#8221;1_1&#8243; background_position=&#8221;left top&#8221; background_color=&#8221;&#8221; border_size=&#8221;&#8221; border_color=&#8221;&#8221; border_style=&#8221;solid&#8221; border_position=&#8221;all&#8221; spacing=&#8221;yes&#8221; background_image=&#8221;&#8221; background_repeat=&#8221;no-repeat&#8221; padding_top=&#8221;&#8221; padding_right=&#8221;&#8221; padding_bottom=&#8221;&#8221; padding_left=&#8221;&#8221; margin_top=&#8221;0px&#8221; margin_bottom=&#8221;0px&#8221; class=&#8221;&#8221; id=&#8221;&#8221; animation_type=&#8221;&#8221; animation_speed=&#8221;0.3&#8243; animation_direction=&#8221;left&#8221; hide_on_mobile=&#8221;small-visibility,medium-visibility,large-visibility&#8221; center_content=&#8221;no&#8221; last=&#8221;no&#8221; min_height=&#8221;&#8221; hover_type=&#8221;none&#8221; link=&#8221;&#8221;][fusion_text] REDACCI\u00d3N \u2022 El p\u00fablico podr\u00e1 disfrutar de 6 espect\u00e1culos teatrales, 2 clases magistrales y una presentaci\u00f3n editorial.\u2022 Del 30 de noviembre al 5 de diciembre. \u2022 Los espect\u00e1culos tendr\u00e1n un costo de $205 y las clases magistrales de $155. Se [&hellip;]<\/p>\n","protected":false},"author":1,"featured_media":42213,"comment_status":"open","ping_status":"open","sticky":false,"template":"","format":"standard","meta":{"footnotes":""},"categories":[9,14],"tags":[],"_links":{"self":[{"href":"https:\/\/www.bitacoracdmx.com\/index.php?rest_route=\/wp\/v2\/posts\/42212"}],"collection":[{"href":"https:\/\/www.bitacoracdmx.com\/index.php?rest_route=\/wp\/v2\/posts"}],"about":[{"href":"https:\/\/www.bitacoracdmx.com\/index.php?rest_route=\/wp\/v2\/types\/post"}],"author":[{"embeddable":true,"href":"https:\/\/www.bitacoracdmx.com\/index.php?rest_route=\/wp\/v2\/users\/1"}],"replies":[{"embeddable":true,"href":"https:\/\/www.bitacoracdmx.com\/index.php?rest_route=%2Fwp%2Fv2%2Fcomments&post=42212"}],"version-history":[{"count":1,"href":"https:\/\/www.bitacoracdmx.com\/index.php?rest_route=\/wp\/v2\/posts\/42212\/revisions"}],"predecessor-version":[{"id":42214,"href":"https:\/\/www.bitacoracdmx.com\/index.php?rest_route=\/wp\/v2\/posts\/42212\/revisions\/42214"}],"wp:featuredmedia":[{"embeddable":true,"href":"https:\/\/www.bitacoracdmx.com\/index.php?rest_route=\/wp\/v2\/media\/42213"}],"wp:attachment":[{"href":"https:\/\/www.bitacoracdmx.com\/index.php?rest_route=%2Fwp%2Fv2%2Fmedia&parent=42212"}],"wp:term":[{"taxonomy":"category","embeddable":true,"href":"https:\/\/www.bitacoracdmx.com\/index.php?rest_route=%2Fwp%2Fv2%2Fcategories&post=42212"},{"taxonomy":"post_tag","embeddable":true,"href":"https:\/\/www.bitacoracdmx.com\/index.php?rest_route=%2Fwp%2Fv2%2Ftags&post=42212"}],"curies":[{"name":"wp","href":"https:\/\/api.w.org\/{rel}","templated":true}]}}