{"id":42221,"date":"2021-11-24T01:57:02","date_gmt":"2021-11-24T01:57:02","guid":{"rendered":"https:\/\/www.bitacoracdmx.com\/?p=42221"},"modified":"2021-11-24T01:57:02","modified_gmt":"2021-11-24T01:57:02","slug":"junio-en-el-93-una-obra-sobre-el-vih-y-el-teatro-como-un-arma-de-sobrevivencia","status":"publish","type":"post","link":"https:\/\/www.bitacoracdmx.com\/?p=42221","title":{"rendered":"Junio en el 93\u00b4 una obra sobre el VIH y el teatro como un arma de sobrevivencia."},"content":{"rendered":"<p>[fusion_builder_container hundred_percent=&#8221;no&#8221; equal_height_columns=&#8221;no&#8221; menu_anchor=&#8221;&#8221; hide_on_mobile=&#8221;small-visibility,medium-visibility,large-visibility&#8221; class=&#8221;&#8221; id=&#8221;&#8221; background_color=&#8221;&#8221; background_image=&#8221;&#8221; background_position=&#8221;center center&#8221; background_repeat=&#8221;no-repeat&#8221; fade=&#8221;no&#8221; background_parallax=&#8221;none&#8221; parallax_speed=&#8221;0.3&#8243; video_mp4=&#8221;&#8221; video_webm=&#8221;&#8221; video_ogv=&#8221;&#8221; video_url=&#8221;&#8221; video_aspect_ratio=&#8221;16:9&#8243; video_loop=&#8221;yes&#8221; video_mute=&#8221;yes&#8221; overlay_color=&#8221;&#8221; video_preview_image=&#8221;&#8221; border_size=&#8221;&#8221; border_color=&#8221;&#8221; border_style=&#8221;solid&#8221; padding_top=&#8221;&#8221; padding_bottom=&#8221;&#8221; padding_left=&#8221;&#8221; padding_right=&#8221;&#8221;][fusion_builder_row][fusion_builder_column type=&#8221;1_1&#8243; layout=&#8221;1_1&#8243; background_position=&#8221;left top&#8221; background_color=&#8221;&#8221; border_size=&#8221;&#8221; border_color=&#8221;&#8221; border_style=&#8221;solid&#8221; border_position=&#8221;all&#8221; spacing=&#8221;yes&#8221; background_image=&#8221;&#8221; background_repeat=&#8221;no-repeat&#8221; padding_top=&#8221;&#8221; padding_right=&#8221;&#8221; padding_bottom=&#8221;&#8221; padding_left=&#8221;&#8221; margin_top=&#8221;0px&#8221; margin_bottom=&#8221;0px&#8221; class=&#8221;&#8221; id=&#8221;&#8221; animation_type=&#8221;&#8221; animation_speed=&#8221;0.3&#8243; animation_direction=&#8221;left&#8221; hide_on_mobile=&#8221;small-visibility,medium-visibility,large-visibility&#8221; center_content=&#8221;no&#8221; last=&#8221;no&#8221; min_height=&#8221;&#8221; hover_type=&#8221;none&#8221; link=&#8221;&#8221;][fusion_text]<\/p>\n<p>REDACCI\u00d3N<\/p>\n<p>\u2022 A 25 a\u00f1os de la muerte de Alejandro Reyes, Teatro de Arena crea una versi\u00f3n teatral de sus memorias.<br aria-hidden=\"true\" \/>\u2022Un proyecto de Luis Mario Moncada y Mart\u00edn Acosta.<br aria-hidden=\"true\" \/>\u2022 Del 26 de noviembre al 19 de diciembre.<\/p>\n<div><em>Es 1993: Junio es un actor. Fue diagnosticado con VIH. Algunos medicamentos los toma. Otros no<\/em><br aria-hidden=\"true\" \/><\/div>\n<div>En el marco de las Residencias Art\u00edsticas del Centro Cultural Hel\u00e9nico, la compa\u00f1\u00eda Teatro de Arena presenta\u00a0<em>Junio en el 93<\/em>, un montaje escrito por Luis Mario Moncada, dirigido por Mart\u00edn Acosta y representado por Mel Fuentes, Miguel Jim\u00e9nez, Baruch Vald\u00e9s y Med\u00edn Villatoro. La puesta se realizar\u00e1 del 26 de noviembre al 19 de diciembre \u2014los viernes a las 20:00 horas; los s\u00e1bados a las 19:00 horas; y los domingos a las 18:00 horas\u2014, en el Foro La Gruta.<\/div>\n<div><\/div>\n<div><em>\u00a0Junio en el 93<\/em>\u00a0es una obra construida a partir de la autobiograf\u00eda de Alejandro Reyes, uno de los actores m\u00e1s importantes de su generaci\u00f3n, quien enfrent\u00f3 los estereotipos f\u00edsicos del teatro mexicano de esa \u00e9poca; adem\u00e1s de su abierta postura en relaci\u00f3n con su preferencia sexual, logr\u00f3 cimentar un culto alrededor de s\u00ed mismo y un respeto entre sus colegas actores y actrices. \u00c9l muri\u00f3 en 1996, pero fue seropositivo desde 1993. En sus \u00faltimas etapas de vida escribi\u00f3 una novela jam\u00e1s publicada sobre su experiencia durante el proceso de montaje de\u00a0<em>Mishima<\/em>. Culmin\u00f3 este texto el mismo a\u00f1o de su fallecimiento y ahora, a trav\u00e9s de esta puesta, sus palabras y su legado renacen.<br aria-hidden=\"true\" \/><br aria-hidden=\"true\" \/>Esta pieza discurre entorno a los cuerpos marginados debido a su cualidad de ruptura; a trav\u00e9s de una narrativa contempor\u00e1nea, la pieza se adentra en las profundidades humanas para expresarse con el lenguaje de aquello que habita en los bordes. As\u00ed es como, mediante una sensibilidad inusitada, el escenario se poblar\u00e1 de relatos sobre el amor, el sufrimiento, el gozo y el arte como herramienta de sobrevivencia.<br aria-hidden=\"true\" \/><br aria-hidden=\"true\" \/>De igual manera, <em>Junio en el 93<\/em>\u00a0es un ejercicio de memoria acerca de una serie de sucesos relacionados con el teatro y la pandemia del VIH. A estas alturas de la historia queda claro que no solamente se trat\u00f3 de un virus que acab\u00f3 con miles de personas, pues al mismo tiempo se extendi\u00f3 otra enfermedad, una relacionada con la ignorancia, el prejuicio y el odio. As\u00ed, en la d\u00e9cada de los noventa, un sinf\u00edn de grupos y colectivos nacieron para dignificar a las disidencias sexuales. Es por ello que Teatro de Arena recupera esta historia para honrar la vida de Alejandro Reyes y de todas aquellas personas que hablan por su diferencia.<br aria-hidden=\"true\" \/><br aria-hidden=\"true\" \/>El equipo creativo est\u00e1 conformado por Mat\u00edas Gorlero en el dise\u00f1o de iluminaci\u00f3n; Isay Ram\u00edrez en el dise\u00f1o sonoro; Eva Agui\u00f1aga en el dise\u00f1o de escenograf\u00eda y vestuario; Michelle Men\u00e9ndez en la producci\u00f3n general; Paulina Montiel en la producci\u00f3n ejecutiva; y Pablo Villegas en la asistencia de producci\u00f3n y de direcci\u00f3n.<br aria-hidden=\"true\" \/><br aria-hidden=\"true\" \/>Cabe recordar que la pieza se presentar\u00e1 del 26 de noviembre al 19 de diciembre \u2014los viernes a las 20:00 horas; los s\u00e1bados a las 19:00 horas; y los domingos a las 18:00 horas\u2014, en el Foro La Gruta. El costo del boleto es de $205. Actualmente hay una preventa del 30% de descuento, hasta el 26 de noviembre. Las entradas pueden adquirirse en la taquilla del Centro Cultural Hel\u00e9nico, ubicado en Av. Revoluci\u00f3n 1500, o en la p\u00e1gina:\u00a0 <strong>helenico.gob.mx<\/strong>.<br aria-hidden=\"true\" \/><br aria-hidden=\"true\" \/>Se exhorta al p\u00fablico a asistir con las medidas de sanidad necesarias para prevenir contagios del COVID-19, por lo que ser\u00e1 obligatorio el uso de cubrebocas, la aplicaci\u00f3n continua de gel desinfectante y atender las instrucciones del personal de seguridad. En caso de presentar alg\u00fan s\u00edntoma (dolor de cabeza, garganta o temperatura superior a 37.5 grados), es preferible quedarse en casa.<\/div>\n<p>[\/fusion_text][fusion_imageframe image_id=&#8221;42222|medium&#8221; max_width=&#8221;&#8221; style_type=&#8221;&#8221; blur=&#8221;&#8221; stylecolor=&#8221;&#8221; hover_type=&#8221;none&#8221; bordersize=&#8221;&#8221; bordercolor=&#8221;&#8221; borderradius=&#8221;&#8221; align=&#8221;none&#8221; lightbox=&#8221;no&#8221; gallery_id=&#8221;&#8221; lightbox_image=&#8221;&#8221; lightbox_image_id=&#8221;&#8221; alt=&#8221;&#8221; link=&#8221;&#8221; linktarget=&#8221;_self&#8221; hide_on_mobile=&#8221;small-visibility,medium-visibility,large-visibility&#8221; class=&#8221;&#8221; id=&#8221;&#8221; animation_type=&#8221;&#8221; animation_direction=&#8221;left&#8221; animation_speed=&#8221;0.3&#8243; animation_offset=&#8221;&#8221;]https:\/\/www.bitacoracdmx.com\/wp-content\/uploads\/2021\/11\/Junio-en-el-93-1-300&#215;300.jpeg[\/fusion_imageframe][\/fusion_builder_column][\/fusion_builder_row][\/fusion_builder_container]<\/p>\n","protected":false},"excerpt":{"rendered":"<p>[fusion_builder_container hundred_percent=&#8221;no&#8221; equal_height_columns=&#8221;no&#8221; menu_anchor=&#8221;&#8221; hide_on_mobile=&#8221;small-visibility,medium-visibility,large-visibility&#8221; class=&#8221;&#8221; id=&#8221;&#8221; background_color=&#8221;&#8221; background_image=&#8221;&#8221; background_position=&#8221;center center&#8221; background_repeat=&#8221;no-repeat&#8221; fade=&#8221;no&#8221; background_parallax=&#8221;none&#8221; parallax_speed=&#8221;0.3&#8243; video_mp4=&#8221;&#8221; video_webm=&#8221;&#8221; video_ogv=&#8221;&#8221; video_url=&#8221;&#8221; video_aspect_ratio=&#8221;16:9&#8243; video_loop=&#8221;yes&#8221; video_mute=&#8221;yes&#8221; overlay_color=&#8221;&#8221; video_preview_image=&#8221;&#8221; border_size=&#8221;&#8221; border_color=&#8221;&#8221; border_style=&#8221;solid&#8221; padding_top=&#8221;&#8221; padding_bottom=&#8221;&#8221; padding_left=&#8221;&#8221; padding_right=&#8221;&#8221;][fusion_builder_row][fusion_builder_column type=&#8221;1_1&#8243; layout=&#8221;1_1&#8243; background_position=&#8221;left top&#8221; background_color=&#8221;&#8221; border_size=&#8221;&#8221; border_color=&#8221;&#8221; border_style=&#8221;solid&#8221; border_position=&#8221;all&#8221; spacing=&#8221;yes&#8221; background_image=&#8221;&#8221; background_repeat=&#8221;no-repeat&#8221; padding_top=&#8221;&#8221; padding_right=&#8221;&#8221; padding_bottom=&#8221;&#8221; padding_left=&#8221;&#8221; margin_top=&#8221;0px&#8221; margin_bottom=&#8221;0px&#8221; class=&#8221;&#8221; id=&#8221;&#8221; animation_type=&#8221;&#8221; animation_speed=&#8221;0.3&#8243; animation_direction=&#8221;left&#8221; hide_on_mobile=&#8221;small-visibility,medium-visibility,large-visibility&#8221; center_content=&#8221;no&#8221; last=&#8221;no&#8221; min_height=&#8221;&#8221; hover_type=&#8221;none&#8221; link=&#8221;&#8221;][fusion_text] REDACCI\u00d3N \u2022 A 25 a\u00f1os de la muerte de Alejandro Reyes, Teatro de Arena crea una versi\u00f3n teatral de sus memorias.\u2022Un proyecto de Luis Mario Moncada y Mart\u00edn Acosta.\u2022 Del 26 de noviembre al 19 de diciembre. Es 1993: Junio [&hellip;]<\/p>\n","protected":false},"author":1,"featured_media":42222,"comment_status":"open","ping_status":"open","sticky":false,"template":"","format":"standard","meta":{"footnotes":""},"categories":[9,14],"tags":[],"_links":{"self":[{"href":"https:\/\/www.bitacoracdmx.com\/index.php?rest_route=\/wp\/v2\/posts\/42221"}],"collection":[{"href":"https:\/\/www.bitacoracdmx.com\/index.php?rest_route=\/wp\/v2\/posts"}],"about":[{"href":"https:\/\/www.bitacoracdmx.com\/index.php?rest_route=\/wp\/v2\/types\/post"}],"author":[{"embeddable":true,"href":"https:\/\/www.bitacoracdmx.com\/index.php?rest_route=\/wp\/v2\/users\/1"}],"replies":[{"embeddable":true,"href":"https:\/\/www.bitacoracdmx.com\/index.php?rest_route=%2Fwp%2Fv2%2Fcomments&post=42221"}],"version-history":[{"count":1,"href":"https:\/\/www.bitacoracdmx.com\/index.php?rest_route=\/wp\/v2\/posts\/42221\/revisions"}],"predecessor-version":[{"id":42223,"href":"https:\/\/www.bitacoracdmx.com\/index.php?rest_route=\/wp\/v2\/posts\/42221\/revisions\/42223"}],"wp:featuredmedia":[{"embeddable":true,"href":"https:\/\/www.bitacoracdmx.com\/index.php?rest_route=\/wp\/v2\/media\/42222"}],"wp:attachment":[{"href":"https:\/\/www.bitacoracdmx.com\/index.php?rest_route=%2Fwp%2Fv2%2Fmedia&parent=42221"}],"wp:term":[{"taxonomy":"category","embeddable":true,"href":"https:\/\/www.bitacoracdmx.com\/index.php?rest_route=%2Fwp%2Fv2%2Fcategories&post=42221"},{"taxonomy":"post_tag","embeddable":true,"href":"https:\/\/www.bitacoracdmx.com\/index.php?rest_route=%2Fwp%2Fv2%2Ftags&post=42221"}],"curies":[{"name":"wp","href":"https:\/\/api.w.org\/{rel}","templated":true}]}}