{"id":42234,"date":"2021-11-25T03:24:08","date_gmt":"2021-11-25T03:24:08","guid":{"rendered":"https:\/\/www.bitacoracdmx.com\/?p=42234"},"modified":"2021-11-25T03:24:08","modified_gmt":"2021-11-25T03:24:08","slug":"llega-los-independientes-a-los-pinos-un-festival-para-dar-a-conocer-algunas-de-las-mejores-propuestas-contemporaneas-de-artes-escenicas","status":"publish","type":"post","link":"https:\/\/www.bitacoracdmx.com\/?p=42234","title":{"rendered":"Llega Los Independientes a Los Pinos, un festival para dar a conocer algunas de las mejores propuestas contempor\u00e1neas de artes esc\u00e9nicas."},"content":{"rendered":"<p>[fusion_builder_container hundred_percent=&#8221;no&#8221; equal_height_columns=&#8221;no&#8221; menu_anchor=&#8221;&#8221; hide_on_mobile=&#8221;small-visibility,medium-visibility,large-visibility&#8221; class=&#8221;&#8221; id=&#8221;&#8221; background_color=&#8221;&#8221; background_image=&#8221;&#8221; background_position=&#8221;center center&#8221; background_repeat=&#8221;no-repeat&#8221; fade=&#8221;no&#8221; background_parallax=&#8221;none&#8221; parallax_speed=&#8221;0.3&#8243; video_mp4=&#8221;&#8221; video_webm=&#8221;&#8221; video_ogv=&#8221;&#8221; video_url=&#8221;&#8221; video_aspect_ratio=&#8221;16:9&#8243; video_loop=&#8221;yes&#8221; video_mute=&#8221;yes&#8221; overlay_color=&#8221;&#8221; video_preview_image=&#8221;&#8221; border_size=&#8221;&#8221; border_color=&#8221;&#8221; border_style=&#8221;solid&#8221; padding_top=&#8221;&#8221; padding_bottom=&#8221;&#8221; padding_left=&#8221;&#8221; padding_right=&#8221;&#8221;][fusion_builder_row][fusion_builder_column type=&#8221;1_1&#8243; layout=&#8221;1_1&#8243; background_position=&#8221;left top&#8221; background_color=&#8221;&#8221; border_size=&#8221;&#8221; border_color=&#8221;&#8221; border_style=&#8221;solid&#8221; border_position=&#8221;all&#8221; spacing=&#8221;yes&#8221; background_image=&#8221;&#8221; background_repeat=&#8221;no-repeat&#8221; padding_top=&#8221;&#8221; padding_right=&#8221;&#8221; padding_bottom=&#8221;&#8221; padding_left=&#8221;&#8221; margin_top=&#8221;0px&#8221; margin_bottom=&#8221;0px&#8221; class=&#8221;&#8221; id=&#8221;&#8221; animation_type=&#8221;&#8221; animation_speed=&#8221;0.3&#8243; animation_direction=&#8221;left&#8221; hide_on_mobile=&#8221;small-visibility,medium-visibility,large-visibility&#8221; center_content=&#8221;no&#8221; last=&#8221;no&#8221; min_height=&#8221;&#8221; hover_type=&#8221;none&#8221; link=&#8221;&#8221;][fusion_text]<\/p>\n<p>REDACCI\u00d3N<\/p>\n<div>\u2022 Conformado por nueve espect\u00e1culos teatrales que se llevar\u00e1n a cabo el 27 y 28 de noviembre en el Complejo Cultural Los Pinos.<\/div>\n<div>\u2022 Derivado del Circuito Nacional de Artes Esc\u00e9nicas en Espacios Independientes, como parte del proyecto Chapultepec, Naturaleza y Cultura.<\/div>\n<div><\/div>\n<div>\n<p>La Secretar\u00eda de Cultura del Gobierno de M\u00e9xico, a trav\u00e9s del Centro Cultural Hel\u00e9nico \u2014en el marco de la convocatoria: Circuito Nacional de Artes Esc\u00e9nicas en Espacios Independientes, creada como parte del proyecto Chapultepec, Naturaleza y Cultura\u2014, presenta el festival Los Independientes a Los Pinos, conformado por nueve puestas en escena que se presentar\u00e1n el 27 y 28 de noviembre en el Complejo Cultural Los Pinos.<\/p>\n<div>\n<p><br aria-hidden=\"true\" \/>\u00a0 \u00a0 \u00a0Se trata de un festival que desarrolla nuevas rutas de circulaci\u00f3n de los bienes culturales y promueve la vinculaci\u00f3n art\u00edstica interestatal, al tiempo que diversifica la oferta teatral en un momento donde es imprescindible el resurgimiento de nuevas actividades colectivas.<br aria-hidden=\"true\" \/><br aria-hidden=\"true\" \/>\u00a0 \u00a0 \u00a0Para celebrar la materializaci\u00f3n de proyectos tan ambiciosos como este, Antonio Z\u00fa\u00f1iga Chaparro, director del Centro Cultural Hel\u00e9nico, expres\u00f3: \u201cLos Independientes a Los Pinos es la culminaci\u00f3n de un despliegue sin precedentes de las acciones afirmativas a favor de las artes esc\u00e9nicas que se han desarrollado, a lo largo del a\u00f1o, por la Secretar\u00eda de Cultura del Gobierno de M\u00e9xico, mediante el Centro Cultural Hel\u00e9nico. Claramente, me refiero a la convocatoria: Circuito Nacional de Artes Esc\u00e9nicas en Espacios Independientes, gestada como parte del proyecto Chapultepec, Naturaleza y Cultura, una iniciativa que benefici\u00f3 a 140 proyectos, y aproximadamente a 2,000 artistas de todo el pa\u00eds; se trat\u00f3 de un esfuerzo in\u00e9dito de alcance nacional donde los grupos y las compa\u00f1\u00edas presentaron 1,400 funciones, en 176 espacios esc\u00e9nicos. No hay duda: tenemos muchas razones para aplaudir y festejar\u201d.<br aria-hidden=\"true\" \/><br aria-hidden=\"true\" \/>A continuaci\u00f3n, enlistamos las obras que conformar\u00e1n esta fiesta esc\u00e9nica:<br aria-hidden=\"true\" \/><\/p>\n<ul>\n<li><strong><em>Contrapeso<\/em><\/strong>\u00a0(Mermejita Circus, Oaxaca)<\/li>\n<\/ul>\n<p><br aria-hidden=\"true\" \/><strong>Horario:<\/strong>\u00a0s\u00e1bado 27 de noviembre, 12:00 horas.<br aria-hidden=\"true\" \/>\u00a0<br aria-hidden=\"true\" \/>La puesta permite experimentar el movimiento permanente, la interconexi\u00f3n y la acci\u00f3n como posibilidad de nuevas realidades, para as\u00ed nombrar de otra forma lo que se estanca y transformarlo.<br aria-hidden=\"true\" \/><\/p>\n<ul>\n<li><strong><em>Bubble Gum\u00a0<\/em><\/strong>(Detestable Teatro, Coahuila)<\/li>\n<\/ul>\n<p><br aria-hidden=\"true\" \/><strong>Horario:<\/strong>\u00a0s\u00e1bado 27 de noviembre, 14:00 horas.<br aria-hidden=\"true\" \/>\u00a0<br aria-hidden=\"true\" \/>Dos j\u00f3venes v\u00edctimas de hostigamiento nos revelan su dolor, amor e incomprensi\u00f3n, en un momento donde las cosas no pueden volver atr\u00e1s. Desde el ba\u00f1o de una secundaria, seremos testigos de un desgarrador relato que nos har\u00e1 preguntarnos: \u00bfQu\u00e9 tanto estamos haciendo para frenar el acoso escolar?<br aria-hidden=\"true\" \/><\/p>\n<ul>\n<li><strong><em>Universo inverso\u00a0<\/em><\/strong>(Lib\u00e9lula compa\u00f1\u00eda de danza, Ciudad de M\u00e9xico)<\/li>\n<\/ul>\n<p><br aria-hidden=\"true\" \/><strong>Horario:<\/strong>\u00a0s\u00e1bado 27 de noviembre, 16:00 horas.<br aria-hidden=\"true\" \/>\u00a0<br aria-hidden=\"true\" \/>En este espect\u00e1culo la danza neocl\u00e1sica y contempor\u00e1nea, as\u00ed como la m\u00fasica y la poes\u00eda, se entretejen para recordarnos la conexi\u00f3n que tenemos con el cosmos.<br aria-hidden=\"true\" \/><\/p>\n<ul>\n<li><strong><em>Bonito<\/em><\/strong>\u00a0(Compa\u00f1\u00eda Cabaret Capricho, Jalisco)<\/li>\n<\/ul>\n<p><br aria-hidden=\"true\" \/><strong>Horario:<\/strong>\u00a0s\u00e1bado 27 de noviembre, 18:00 horas.<br aria-hidden=\"true\" \/>\u00a0<br aria-hidden=\"true\" \/>Es un espect\u00e1culo de danza c\u00f3mica que, a trav\u00e9s de diversas t\u00e9cnicas de movimiento, explora el uso extremo del cuerpo y la arritmia, para abordar las extensas gamas de emociones que existen.<br aria-hidden=\"true\" \/><\/p>\n<ul>\n<li><strong><em>Arrullos para Benjam\u00edn\u00a0<\/em><\/strong>(Colectivo Trueque, Tamaulipas)<\/li>\n<\/ul>\n<p><br aria-hidden=\"true\" \/><strong>Horario:<\/strong>\u00a0domingo 28 de noviembre, 12:00 horas.<br aria-hidden=\"true\" \/>\u00a0<br aria-hidden=\"true\" \/>Esta obra habla sobre la melancol\u00eda de extra\u00f1ar a alguien que quiz\u00e1 siempre ha estado ausente. Mediante un lenguaje sencillo y tierno a la vez, esta puesta en escena acerca al p\u00fablico a la poes\u00eda que se esconde en el teatro.<br aria-hidden=\"true\" \/><\/p>\n<ul>\n<li><strong><em>La horda\u00a0<\/em><\/strong>(Colectivo enNing\u00fanlugar, Quer\u00e9taro)<\/li>\n<\/ul>\n<p><br aria-hidden=\"true\" \/><strong>Horario:<\/strong>\u00a0domingo 28 de noviembre, 14:00 horas.<br aria-hidden=\"true\" \/>\u00a0<br aria-hidden=\"true\" \/>Esta propuesta esc\u00e9nica es un puente que nos invita a pensar en nuestros cuerpos de forma distinta, a trav\u00e9s de un viaje ecl\u00e9ctico que nos sumerge en la dimensi\u00f3n pol\u00edtica, emotiva y espiritual de movernos.<br aria-hidden=\"true\" \/><\/p>\n<ul>\n<li><strong><em>Wireframe\u00a0<\/em><\/strong>(m\u00e1kinadT, Yucat\u00e1n)<\/li>\n<\/ul>\n<p><br aria-hidden=\"true\" \/><strong>Horario:<\/strong>\u00a0domingo 28 de noviembre, 15:00 horas.<br aria-hidden=\"true\" \/>\u00a0<br aria-hidden=\"true\" \/>Es un espect\u00e1culo que apela por visibilizar las peque\u00f1as coreograf\u00edas dom\u00e9sticas que se gestan en las casas, y los movimientos que surgen en las peque\u00f1as viviendas donde el d\u00eda a d\u00eda agota sus formas en un espacio irreductible.<br aria-hidden=\"true\" \/><\/p>\n<ul>\n<li><strong><em>La descolocaci\u00f3n de las cosas\u00a0<\/em><\/strong>(Colectivo Otro Suelo, Nayarit)<\/li>\n<\/ul>\n<p><br aria-hidden=\"true\" \/><strong>Horario:<\/strong>\u00a0domingo 28 de noviembre, 16:00 horas.<br aria-hidden=\"true\" \/>\u00a0<br aria-hidden=\"true\" \/>Es una pieza breve que investiga lo que le ocurre a las cosas cuando las personas se van. No es un texto dram\u00e1tico, sino un cruce de lenguajes que decantan en una sorprendente reflexi\u00f3n.<br aria-hidden=\"true\" \/><\/p>\n<ul>\n<li><strong><em>La raz\u00f3n blindada\u00a0<\/em><\/strong>(24th Street Theatre y el Proyecto TLAUAS, Sinaloa)<\/li>\n<\/ul>\n<p><br aria-hidden=\"true\" \/><strong>Horario:<\/strong>\u00a0domingo 28 de noviembre, 18:00 horas.<br aria-hidden=\"true\" \/>\u00a0<br aria-hidden=\"true\" \/>Dos presos pol\u00edticos se juntan todos los domingos para contarse la historia de Don Quijote y Sancho Panza; lo hacen desde las limitaciones de una c\u00e1rcel de alta seguridad, pero tambi\u00e9n desde la necesidad vital de contarse un relato que los salve y transporte a una aventura situada en su imaginaci\u00f3n.<br aria-hidden=\"true\" \/><br aria-hidden=\"true\" \/><em>\u00a0 \u00a0 \u00a0Wireframe<\/em>\u00a0se presentar\u00e1 en la explanada de la casa Miguel Alem\u00e1n, mientras que el resto de las funciones tendr\u00e1n lugar en el Auditorio C, ambas locaciones dentro del Complejo Cultural Los Pinos. El aforo m\u00e1ximo de este recinto es de 40 personas, con el fin de mantener las medidas de sanidad necesarias para prevenir contagios del Covid-19. Cabe recordar que todas las presentaciones ser\u00e1n de entrada libre; sin embargo, para acceder a ellas es necesario el uso continuo de cubrebocas y gel desinfectante.<br aria-hidden=\"true\" \/><br aria-hidden=\"true\" \/>\u00a0 \u00a0 \u00a0En conferencia de prensa, Arnulfo Reveles, el director de\u00a0<em>Bubble Gum<\/em>, asegur\u00f3 que se siente profundamente agradecido por formar parte de este festejo, \u201cpues ha significado un gran apoyo y una labor muy loable que beneficia a muchos de los artistas que fuimos gravemente afectados a causa de la pandemia, por ello esta oportunidad es muy representativa para las y los creadores esc\u00e9nicos que resultamos seleccionados\u201d.<br aria-hidden=\"true\" \/><br aria-hidden=\"true\" \/>\u00a0 \u00a0 \u00a0As\u00ed, el Centro Cultural Hel\u00e9nico hace una cordial invitaci\u00f3n a las familias y p\u00fablico en general a asistir al festival Los Independientes a Los Pinos, donde tambi\u00e9n converger\u00e1n disciplinas como la danza, el\u00a0<em>performance<\/em>\u00a0y la m\u00fasica, entre otras.<br aria-hidden=\"true\" \/><br aria-hidden=\"true\" \/>Para m\u00e1s informaci\u00f3n visita las p\u00e1ginas:\u00a0<strong><a href=\"http:\/\/contigoenladistancia.cultura.gob.mx\/\" target=\"_blank\" rel=\"noopener noreferrer\" data-auth=\"NotApplicable\" data-linkindex=\"1\">contigoenladistancia.cultura.gob.mx<\/a>\u00a0<\/strong>y<strong>\u00a0<a href=\"http:\/\/helenico.gob.mx\/\" target=\"_blank\" rel=\"noopener noreferrer\" data-auth=\"NotApplicable\" data-linkindex=\"2\">helenico.gob.mx<\/a><\/strong>.<\/p>\n<\/div>\n<div><\/div>\n<\/div>\n<p>[\/fusion_text][fusion_imageframe image_id=&#8221;42152|medium&#8221; max_width=&#8221;&#8221; style_type=&#8221;&#8221; blur=&#8221;&#8221; stylecolor=&#8221;&#8221; hover_type=&#8221;none&#8221; bordersize=&#8221;&#8221; bordercolor=&#8221;&#8221; borderradius=&#8221;&#8221; align=&#8221;none&#8221; lightbox=&#8221;no&#8221; gallery_id=&#8221;&#8221; lightbox_image=&#8221;&#8221; lightbox_image_id=&#8221;&#8221; alt=&#8221;&#8221; link=&#8221;&#8221; linktarget=&#8221;_self&#8221; hide_on_mobile=&#8221;small-visibility,medium-visibility,large-visibility&#8221; class=&#8221;&#8221; id=&#8221;&#8221; animation_type=&#8221;&#8221; animation_direction=&#8221;left&#8221; animation_speed=&#8221;0.3&#8243; animation_offset=&#8221;&#8221;]https:\/\/www.bitacoracdmx.com\/wp-content\/uploads\/2021\/11\/256512876_2005876902905010_6937887472507808414_n-1-300&#215;300.jpg[\/fusion_imageframe][\/fusion_builder_column][\/fusion_builder_row][\/fusion_builder_container]<\/p>\n","protected":false},"excerpt":{"rendered":"<p>[fusion_builder_container hundred_percent=&#8221;no&#8221; equal_height_columns=&#8221;no&#8221; menu_anchor=&#8221;&#8221; hide_on_mobile=&#8221;small-visibility,medium-visibility,large-visibility&#8221; class=&#8221;&#8221; id=&#8221;&#8221; background_color=&#8221;&#8221; background_image=&#8221;&#8221; background_position=&#8221;center center&#8221; background_repeat=&#8221;no-repeat&#8221; fade=&#8221;no&#8221; background_parallax=&#8221;none&#8221; parallax_speed=&#8221;0.3&#8243; video_mp4=&#8221;&#8221; video_webm=&#8221;&#8221; video_ogv=&#8221;&#8221; video_url=&#8221;&#8221; video_aspect_ratio=&#8221;16:9&#8243; video_loop=&#8221;yes&#8221; video_mute=&#8221;yes&#8221; overlay_color=&#8221;&#8221; video_preview_image=&#8221;&#8221; border_size=&#8221;&#8221; border_color=&#8221;&#8221; border_style=&#8221;solid&#8221; padding_top=&#8221;&#8221; padding_bottom=&#8221;&#8221; padding_left=&#8221;&#8221; padding_right=&#8221;&#8221;][fusion_builder_row][fusion_builder_column type=&#8221;1_1&#8243; layout=&#8221;1_1&#8243; background_position=&#8221;left top&#8221; background_color=&#8221;&#8221; border_size=&#8221;&#8221; border_color=&#8221;&#8221; border_style=&#8221;solid&#8221; border_position=&#8221;all&#8221; spacing=&#8221;yes&#8221; background_image=&#8221;&#8221; background_repeat=&#8221;no-repeat&#8221; padding_top=&#8221;&#8221; padding_right=&#8221;&#8221; padding_bottom=&#8221;&#8221; padding_left=&#8221;&#8221; margin_top=&#8221;0px&#8221; margin_bottom=&#8221;0px&#8221; class=&#8221;&#8221; id=&#8221;&#8221; animation_type=&#8221;&#8221; animation_speed=&#8221;0.3&#8243; animation_direction=&#8221;left&#8221; hide_on_mobile=&#8221;small-visibility,medium-visibility,large-visibility&#8221; center_content=&#8221;no&#8221; last=&#8221;no&#8221; min_height=&#8221;&#8221; hover_type=&#8221;none&#8221; link=&#8221;&#8221;][fusion_text] REDACCI\u00d3N \u2022 Conformado por nueve espect\u00e1culos teatrales que se llevar\u00e1n a cabo el 27 y 28 de noviembre en el Complejo Cultural Los Pinos. \u2022 Derivado del Circuito Nacional de Artes Esc\u00e9nicas en Espacios Independientes, como parte del proyecto Chapultepec, [&hellip;]<\/p>\n","protected":false},"author":1,"featured_media":42151,"comment_status":"open","ping_status":"open","sticky":false,"template":"","format":"standard","meta":{"footnotes":""},"categories":[5,9],"tags":[],"_links":{"self":[{"href":"https:\/\/www.bitacoracdmx.com\/index.php?rest_route=\/wp\/v2\/posts\/42234"}],"collection":[{"href":"https:\/\/www.bitacoracdmx.com\/index.php?rest_route=\/wp\/v2\/posts"}],"about":[{"href":"https:\/\/www.bitacoracdmx.com\/index.php?rest_route=\/wp\/v2\/types\/post"}],"author":[{"embeddable":true,"href":"https:\/\/www.bitacoracdmx.com\/index.php?rest_route=\/wp\/v2\/users\/1"}],"replies":[{"embeddable":true,"href":"https:\/\/www.bitacoracdmx.com\/index.php?rest_route=%2Fwp%2Fv2%2Fcomments&post=42234"}],"version-history":[{"count":1,"href":"https:\/\/www.bitacoracdmx.com\/index.php?rest_route=\/wp\/v2\/posts\/42234\/revisions"}],"predecessor-version":[{"id":42235,"href":"https:\/\/www.bitacoracdmx.com\/index.php?rest_route=\/wp\/v2\/posts\/42234\/revisions\/42235"}],"wp:featuredmedia":[{"embeddable":true,"href":"https:\/\/www.bitacoracdmx.com\/index.php?rest_route=\/wp\/v2\/media\/42151"}],"wp:attachment":[{"href":"https:\/\/www.bitacoracdmx.com\/index.php?rest_route=%2Fwp%2Fv2%2Fmedia&parent=42234"}],"wp:term":[{"taxonomy":"category","embeddable":true,"href":"https:\/\/www.bitacoracdmx.com\/index.php?rest_route=%2Fwp%2Fv2%2Fcategories&post=42234"},{"taxonomy":"post_tag","embeddable":true,"href":"https:\/\/www.bitacoracdmx.com\/index.php?rest_route=%2Fwp%2Fv2%2Ftags&post=42234"}],"curies":[{"name":"wp","href":"https:\/\/api.w.org\/{rel}","templated":true}]}}