{"id":42236,"date":"2021-11-25T03:32:34","date_gmt":"2021-11-25T03:32:34","guid":{"rendered":"https:\/\/www.bitacoracdmx.com\/?p=42236"},"modified":"2021-11-25T03:32:34","modified_gmt":"2021-11-25T03:32:34","slug":"los-dandys-celebran-su-65-aniversario-junto-a-manuel-jose-en-cdmx","status":"publish","type":"post","link":"https:\/\/www.bitacoracdmx.com\/?p=42236","title":{"rendered":"LOS DANDYS celebran su 65 ANIVERSARIO junto a MANUEL JOSE en CDMX."},"content":{"rendered":"<p>[fusion_builder_container hundred_percent=&#8221;no&#8221; equal_height_columns=&#8221;no&#8221; menu_anchor=&#8221;&#8221; hide_on_mobile=&#8221;small-visibility,medium-visibility,large-visibility&#8221; class=&#8221;&#8221; id=&#8221;&#8221; background_color=&#8221;&#8221; background_image=&#8221;&#8221; background_position=&#8221;center center&#8221; background_repeat=&#8221;no-repeat&#8221; fade=&#8221;no&#8221; background_parallax=&#8221;none&#8221; parallax_speed=&#8221;0.3&#8243; video_mp4=&#8221;&#8221; video_webm=&#8221;&#8221; video_ogv=&#8221;&#8221; video_url=&#8221;&#8221; video_aspect_ratio=&#8221;16:9&#8243; video_loop=&#8221;yes&#8221; video_mute=&#8221;yes&#8221; overlay_color=&#8221;&#8221; video_preview_image=&#8221;&#8221; border_size=&#8221;&#8221; border_color=&#8221;&#8221; border_style=&#8221;solid&#8221; padding_top=&#8221;&#8221; padding_bottom=&#8221;&#8221; padding_left=&#8221;&#8221; padding_right=&#8221;&#8221;][fusion_builder_row][fusion_builder_column type=&#8221;1_1&#8243; layout=&#8221;1_1&#8243; background_position=&#8221;left top&#8221; background_color=&#8221;&#8221; border_size=&#8221;&#8221; border_color=&#8221;&#8221; border_style=&#8221;solid&#8221; border_position=&#8221;all&#8221; spacing=&#8221;yes&#8221; background_image=&#8221;&#8221; background_repeat=&#8221;no-repeat&#8221; padding_top=&#8221;&#8221; padding_right=&#8221;&#8221; padding_bottom=&#8221;&#8221; padding_left=&#8221;&#8221; margin_top=&#8221;0px&#8221; margin_bottom=&#8221;0px&#8221; class=&#8221;&#8221; id=&#8221;&#8221; animation_type=&#8221;&#8221; animation_speed=&#8221;0.3&#8243; animation_direction=&#8221;left&#8221; hide_on_mobile=&#8221;small-visibility,medium-visibility,large-visibility&#8221; center_content=&#8221;no&#8221; last=&#8221;no&#8221; min_height=&#8221;&#8221; hover_type=&#8221;none&#8221; link=&#8221;&#8221;][fusion_text]<\/p>\n<p>REDACCI\u00d3N<\/p>\n<p><b><i>*El concierto se llevar\u00e1 a cabo el Viernes 10 de Diciembre en el Sal\u00f3n Las Tertulias en la Colonia Roma Norte<\/i><\/b><\/p>\n<p><b><i>*Boletos y reservaciones en el Sal\u00f3n Las Tertulias<\/i><\/b><\/p>\n<p><b>Como parte del festejo por el 65 Aniversario de Los Dandys, la licenciada Ana Mar\u00eda Navarro, representante y titular de los derechos de Los Dandy\u2019s de Armando Navarro inicia una serie de conciertos por el festejo de m\u00e1s de seis d\u00e9cadas ininterrumpidas cant\u00e1ndole al amor con canciones como \u201cGema\u201d, \u201cPor fin\u201d, \u201cComo un duende\u201d, \u201cTres Regalos\u201d, entre otros \u00e9xitos, ahora acompa\u00f1ados en este magno concierto con grandes artistas invitados como son Manuel Jos\u00e9, Aranza, Los Terricolas, Los Pasteles Verdes, Jacqueline Goldsmith y una estela de estrellas que se ir\u00e1n confirmando y que adem\u00e1s cantar\u00e1n con \u00e9l Mariachi Internacional Los Dorados. Este concierto se llevar\u00e1 a cabo el Viernes 10 de Diciembre en el Sal\u00f3n Las Tertulias, ubicado en Avenida Cuauht\u00e9moc 19, Colonia Roma Norte, en la Ciudad de M\u00e9xico.<\/b><\/p>\n<p><b>La juventud de\u00a0Manuel\u00a0Jos\u00e9\u00a0parece mentirle al gran nivel de su canto. Son muchos m\u00e1s a\u00f1os de trabajo los que la fuerza de su voz pareciera haber recorrido en el tiempo para alcanzar un timbre que embriaga y hace alarde de \u00e9pocas doradas donde la balada mov\u00eda los corazones. En \u00e9l habita una nueva joya de la m\u00fasica, un grato regalo para el alma a trav\u00e9s de melod\u00edas que se deslizan suaves por los o\u00eddos. Todo est\u00e1 por comenzar en esta carrera que augura grandes \u00e9xitos y que tras su excelente disco \u201dEl Legado\u201d, ha despuntado el sonido de una voz m\u00e1gica, que eclipsa al oyente en un mundo musical llamado &#8220;Manuel\u00a0Jos\u00e9&#8221;.<\/b><\/p>\n<p><b>A la espera de lanzar un nuevo disco que promete, como todo lo que Manuel Jos\u00e9 emprende, reci\u00e9n acaba de presentar \u201cGente con alma\u201d, un \u00e1lbum que cont\u00f3 con la direcci\u00f3n del maestro Jos\u00e9 Aguirre y el sonido de la Cali Big Band y en el cual se podr\u00e1 escuchar lo mejor del bolero en el que intervienen artistas de la talla de Gilberto Santa Rosa, Diego \u201cEl Cigala\u201d, Rey Ruiz, Yan Collazo y Ayme\u00e9 y Lourdes Nuviola, condensados en esta producci\u00f3n art\u00edstica que naci\u00f3 en pandemia y que paulatinamente se estar\u00e1 lanzando al mercado. Manuel Jos\u00e9 interviene en esta obra con la canci\u00f3n \u201cUno Mismo\u201d. Su gran momento y su extraordinaria voz sonar\u00e1 inc\u00f3lume en esta velada del Domingo 09 de Mayo en la Quinta San Jos\u00e9 de Magdalena, Jalisco a partir de las 7pm, en la que compartir\u00e1 cr\u00e9ditos con Los Dandys y La Sonora Dinamita.<\/b><\/p>\n<p><b>Manuel<\/b><b>\u00a0Jos\u00e9\u00a0desde muy ni\u00f1o sinti\u00f3 en su sangre el don del canto, pues a los cinco a\u00f1os ya interpretaba las canciones de \u00eddolos populares como Pedrito Fern\u00e1ndez, Gardel y\u00a0Jos\u00e9\u00a0Jos\u00e9, este \u00faltimo referencia innegable de su posterior estilo como cantautor. Un cantante nace, pero tambi\u00e9n se hace. Muy pronto\u00a0Manuel\u00a0Jos\u00e9\u00a0entendi\u00f3 el poder de esta idea. A\u00fan no entraba a la primaria y ya viv\u00eda detr\u00e1s de su profesora en busca de un solo prop\u00f3sito: cantarle a todo su colegio. Con la insistencia inocente de un ni\u00f1o inquieto, pero seguro de su objetivo, logr\u00f3 convencer a su maestra. As\u00ed, desde aquella izada de bandera frente a cientos de estudiantes, se consolid\u00f3 en \u00e9l una semilla que dar\u00eda como fruto un canto que hoy enamora a millones de personas. Pronto la ni\u00f1ez qued\u00f3 atr\u00e1s y un joven entusiasta crec\u00eda \u00e1vido de tarimas y reflectores, influenciado por el mundo rom\u00e1ntico de los boleros, el tango y las baladas (g\u00e9neros musicales donde explor\u00f3 el poder de su canto).<\/b><\/p>\n<p><b>La disciplina y el trabajo formaron un car\u00e1cter profesional desde tiempos del colegio, esta perseverancia le llev\u00f3 a ocupar el primer lugar en el Festival Nacional de Int\u00e9rpretes del Bolero en Caicedonia, Valle del Cauca en el 2009, y el segundo lugar en el Concurso Nacional de Int\u00e9rpretes del Bolero en Riohacha, Guajira en el a\u00f1o 2010. La m\u00fasica le empez\u00f3 a cumplir sus sue\u00f1os: viajar y conocer el mundo. As\u00ed empez\u00f3 por su pa\u00eds, recorriendo una geograf\u00eda que pronto sabr\u00eda entera del talento que se fraguaba. El andar de una nueva voz llam\u00f3 la atenci\u00f3n de expertos y reconocidos artistas, entre ellos Fruko, quien se interes\u00f3 en el canto de\u00a0Manuel\u00a0Jos\u00e9\u00a0para emprender un nuevo proyecto musical, en un contexto que result\u00f3 para nuestro artista una gran aventura sonora, al verse cantando salsa de la mano de uno de los mejores compositores de este g\u00e9nero. Esta combinaci\u00f3n genial signific\u00f3 para\u00a0Manuel\u00a0Jos\u00e9\u00a0que su sencillo \u201cY qu\u00e9\u201d sonora en todo Colombia, M\u00e9xico y los Estados Unidos. \u201cCanto desde que tengo memoria\u201d, ha dicho\u00a0Manuel\u00a0Jos\u00e9\u00a0en repetidas ocasiones y lo seguir\u00e1 haciendo, a\u00fan m\u00e1s, luego de que su voz pisara el escenario del concurso \u201cYo me llamo\u201d, el cual le permiti\u00f3 llegar y enamorar a millones de hogares, quienes lo vieron noche a noche brillar y no dudaron del aut\u00e9ntico reflejo de lo que corre por su sangre, hasta coronarlo como el gran ganador de un concurso que partir\u00eda su carrera en dos, pues demostr\u00f3 de manera magistral su poder como cantante, interpretando los mayores \u00e9xitos de su maestro e \u00eddolo\u00a0Jos\u00e9\u00a0Jos\u00e9.<\/b><\/p>\n<p><b>El cartel est\u00e1 creado para celebrar los 65 a\u00f1os de Los Dandys de Armando Navarro, la cual est\u00e1 integrada actualmente por Ricardo Armando Navarro, nieto del fundador original y requinto; en la primera voz participa Salvador Ram\u00edrez, la segunda voz y guitarra es Javier Nader; tercera voz y bajo Juan Ruiz y finalmente en el requinto Carlos Ruiz, los cuales est\u00e1n listos para confirmar este homenaje a su trayectoria, encabezados por Ana Mar\u00eda Navarro, representante y propietaria de los derechos del nombre. Ellos tuvieron sus inicios exitosos con \u201cGema\u201d, un himno indispensable para casi cualquier momento. Formados en 1957 grabaron el tema de Gema y a partir de \u00e9se momento comenz\u00f3 la leyenda, cuando al dejarlo en las radios del D.F. y emprender una gira por el norte del pa\u00eds, regresaron convertidos en aut\u00e9nticos \u00eddolos. A partir de ese momento, un vendaval de reconocimientos y \u00e9xitos siguieron a este tr\u00edo que se ha sabido mantener en el gusto del p\u00fablico por sesenta a\u00f1os. Ellos complementar\u00e1n la velada en lo que representa la uni\u00f3n de dos generaciones hermanadas por el mismo sentimiento.<\/b><\/p>\n<p><b>Manuel Jos\u00e9, Aranza, Los Terricolas, Los Pasteles Verdes, Jacqueline Goldsmith y una estela de estrellas que se ir\u00e1n confirmando estar\u00e1n acompa\u00f1ando a los Dandys en el festejo por su 65 Aniversario. Este concierto se llevar\u00e1 a cabo el Viernes 10 de Diciembre en el Sal\u00f3n Las Tertulias, ubicado en Avenida Cuauht\u00e9moc 19, Colonia Roma Norte, en la Ciudad de M\u00e9xico.\u00a0<\/b><\/p>\n<p>[\/fusion_text][fusion_imageframe image_id=&#8221;42237|medium&#8221; max_width=&#8221;&#8221; style_type=&#8221;&#8221; blur=&#8221;&#8221; stylecolor=&#8221;&#8221; hover_type=&#8221;none&#8221; bordersize=&#8221;&#8221; bordercolor=&#8221;&#8221; borderradius=&#8221;&#8221; align=&#8221;none&#8221; lightbox=&#8221;no&#8221; gallery_id=&#8221;&#8221; lightbox_image=&#8221;&#8221; lightbox_image_id=&#8221;&#8221; alt=&#8221;&#8221; link=&#8221;&#8221; linktarget=&#8221;_self&#8221; hide_on_mobile=&#8221;small-visibility,medium-visibility,large-visibility&#8221; class=&#8221;&#8221; id=&#8221;&#8221; animation_type=&#8221;&#8221; animation_direction=&#8221;left&#8221; animation_speed=&#8221;0.3&#8243; animation_offset=&#8221;&#8221;]https:\/\/www.bitacoracdmx.com\/wp-content\/uploads\/2021\/11\/MANUEL-JOSE-DIC-2021-DANDYS-CARTEL-300&#215;204.jpeg[\/fusion_imageframe][\/fusion_builder_column][\/fusion_builder_row][\/fusion_builder_container]<\/p>\n","protected":false},"excerpt":{"rendered":"<p>[fusion_builder_container hundred_percent=&#8221;no&#8221; equal_height_columns=&#8221;no&#8221; menu_anchor=&#8221;&#8221; hide_on_mobile=&#8221;small-visibility,medium-visibility,large-visibility&#8221; class=&#8221;&#8221; id=&#8221;&#8221; background_color=&#8221;&#8221; background_image=&#8221;&#8221; background_position=&#8221;center center&#8221; background_repeat=&#8221;no-repeat&#8221; fade=&#8221;no&#8221; background_parallax=&#8221;none&#8221; parallax_speed=&#8221;0.3&#8243; video_mp4=&#8221;&#8221; video_webm=&#8221;&#8221; video_ogv=&#8221;&#8221; video_url=&#8221;&#8221; video_aspect_ratio=&#8221;16:9&#8243; video_loop=&#8221;yes&#8221; video_mute=&#8221;yes&#8221; overlay_color=&#8221;&#8221; video_preview_image=&#8221;&#8221; border_size=&#8221;&#8221; border_color=&#8221;&#8221; border_style=&#8221;solid&#8221; padding_top=&#8221;&#8221; padding_bottom=&#8221;&#8221; padding_left=&#8221;&#8221; padding_right=&#8221;&#8221;][fusion_builder_row][fusion_builder_column type=&#8221;1_1&#8243; layout=&#8221;1_1&#8243; background_position=&#8221;left top&#8221; background_color=&#8221;&#8221; border_size=&#8221;&#8221; border_color=&#8221;&#8221; border_style=&#8221;solid&#8221; border_position=&#8221;all&#8221; spacing=&#8221;yes&#8221; background_image=&#8221;&#8221; background_repeat=&#8221;no-repeat&#8221; padding_top=&#8221;&#8221; padding_right=&#8221;&#8221; padding_bottom=&#8221;&#8221; padding_left=&#8221;&#8221; margin_top=&#8221;0px&#8221; margin_bottom=&#8221;0px&#8221; class=&#8221;&#8221; id=&#8221;&#8221; animation_type=&#8221;&#8221; animation_speed=&#8221;0.3&#8243; animation_direction=&#8221;left&#8221; hide_on_mobile=&#8221;small-visibility,medium-visibility,large-visibility&#8221; center_content=&#8221;no&#8221; last=&#8221;no&#8221; min_height=&#8221;&#8221; hover_type=&#8221;none&#8221; link=&#8221;&#8221;][fusion_text] REDACCI\u00d3N *El concierto se llevar\u00e1 a cabo el Viernes 10 de Diciembre en el Sal\u00f3n Las Tertulias en la Colonia Roma Norte *Boletos y reservaciones en el Sal\u00f3n Las Tertulias Como parte del festejo por el 65 Aniversario de Los [&hellip;]<\/p>\n","protected":false},"author":1,"featured_media":42237,"comment_status":"open","ping_status":"open","sticky":false,"template":"","format":"standard","meta":{"footnotes":""},"categories":[9,11],"tags":[],"_links":{"self":[{"href":"https:\/\/www.bitacoracdmx.com\/index.php?rest_route=\/wp\/v2\/posts\/42236"}],"collection":[{"href":"https:\/\/www.bitacoracdmx.com\/index.php?rest_route=\/wp\/v2\/posts"}],"about":[{"href":"https:\/\/www.bitacoracdmx.com\/index.php?rest_route=\/wp\/v2\/types\/post"}],"author":[{"embeddable":true,"href":"https:\/\/www.bitacoracdmx.com\/index.php?rest_route=\/wp\/v2\/users\/1"}],"replies":[{"embeddable":true,"href":"https:\/\/www.bitacoracdmx.com\/index.php?rest_route=%2Fwp%2Fv2%2Fcomments&post=42236"}],"version-history":[{"count":1,"href":"https:\/\/www.bitacoracdmx.com\/index.php?rest_route=\/wp\/v2\/posts\/42236\/revisions"}],"predecessor-version":[{"id":42238,"href":"https:\/\/www.bitacoracdmx.com\/index.php?rest_route=\/wp\/v2\/posts\/42236\/revisions\/42238"}],"wp:featuredmedia":[{"embeddable":true,"href":"https:\/\/www.bitacoracdmx.com\/index.php?rest_route=\/wp\/v2\/media\/42237"}],"wp:attachment":[{"href":"https:\/\/www.bitacoracdmx.com\/index.php?rest_route=%2Fwp%2Fv2%2Fmedia&parent=42236"}],"wp:term":[{"taxonomy":"category","embeddable":true,"href":"https:\/\/www.bitacoracdmx.com\/index.php?rest_route=%2Fwp%2Fv2%2Fcategories&post=42236"},{"taxonomy":"post_tag","embeddable":true,"href":"https:\/\/www.bitacoracdmx.com\/index.php?rest_route=%2Fwp%2Fv2%2Ftags&post=42236"}],"curies":[{"name":"wp","href":"https:\/\/api.w.org\/{rel}","templated":true}]}}