{"id":42273,"date":"2021-11-29T01:24:12","date_gmt":"2021-11-29T01:24:12","guid":{"rendered":"https:\/\/www.bitacoracdmx.com\/?p=42273"},"modified":"2021-11-29T01:24:12","modified_gmt":"2021-11-29T01:24:12","slug":"el-helenico-estara-en-la-celebracion-del-gran-festival-chapultepec","status":"publish","type":"post","link":"https:\/\/www.bitacoracdmx.com\/?p=42273","title":{"rendered":"El Hel\u00e9nico estar\u00e1 en la celebraci\u00f3n del  Gran Festival Chapultepec."},"content":{"rendered":"<p>[fusion_builder_container hundred_percent=&#8221;no&#8221; equal_height_columns=&#8221;no&#8221; menu_anchor=&#8221;&#8221; hide_on_mobile=&#8221;small-visibility,medium-visibility,large-visibility&#8221; class=&#8221;&#8221; id=&#8221;&#8221; background_color=&#8221;&#8221; background_image=&#8221;&#8221; background_position=&#8221;center center&#8221; background_repeat=&#8221;no-repeat&#8221; fade=&#8221;no&#8221; background_parallax=&#8221;none&#8221; parallax_speed=&#8221;0.3&#8243; video_mp4=&#8221;&#8221; video_webm=&#8221;&#8221; video_ogv=&#8221;&#8221; video_url=&#8221;&#8221; video_aspect_ratio=&#8221;16:9&#8243; video_loop=&#8221;yes&#8221; video_mute=&#8221;yes&#8221; overlay_color=&#8221;&#8221; video_preview_image=&#8221;&#8221; border_size=&#8221;&#8221; border_color=&#8221;&#8221; border_style=&#8221;solid&#8221; padding_top=&#8221;&#8221; padding_bottom=&#8221;&#8221; padding_left=&#8221;&#8221; padding_right=&#8221;&#8221;][fusion_builder_row][fusion_builder_column type=&#8221;1_1&#8243; layout=&#8221;1_1&#8243; background_position=&#8221;left top&#8221; background_color=&#8221;&#8221; border_size=&#8221;&#8221; border_color=&#8221;&#8221; border_style=&#8221;solid&#8221; border_position=&#8221;all&#8221; spacing=&#8221;yes&#8221; background_image=&#8221;&#8221; background_repeat=&#8221;no-repeat&#8221; padding_top=&#8221;&#8221; padding_right=&#8221;&#8221; padding_bottom=&#8221;&#8221; padding_left=&#8221;&#8221; margin_top=&#8221;0px&#8221; margin_bottom=&#8221;0px&#8221; class=&#8221;&#8221; id=&#8221;&#8221; animation_type=&#8221;&#8221; animation_speed=&#8221;0.3&#8243; animation_direction=&#8221;left&#8221; hide_on_mobile=&#8221;small-visibility,medium-visibility,large-visibility&#8221; center_content=&#8221;no&#8221; last=&#8221;no&#8221; min_height=&#8221;&#8221; hover_type=&#8221;none&#8221; link=&#8221;&#8221;][fusion_text]<\/p>\n<p>REDACCI\u00d3N<\/p>\n<div>\u2022 Un festival derivado del Proyecto Chapultepec, Naturaleza y Cultura.<\/div>\n<div>\u2022 Siete puestas en escena de entrada gratuita y al aire libre.<br aria-hidden=\"true\" \/>\u2022 Del 3 al 5 de diciembre, en el Complejo Cultural Los Pinos.<\/div>\n<div><\/div>\n<div>\n<p>La Secretar\u00eda\u00a0de Cultura del Gobierno de M\u00e9xico, a trav\u00e9s del Centro Cultural Hel\u00e9nico \u2014en el marco de la convocatoria Circuito Nacional de Artes Esc\u00e9nicas en Espacios Independientes, creada como parte del Proyecto Chapultepec, Naturaleza y Cultura\u2014, anuncia las actividades \u00a0que tendr\u00e1 el Hel\u00e9nico dentro del Gran Festival Chapultepec, un evento gratuito que, entre otros espect\u00e1culos\u00a0 al aire libre, ofrecer\u00e1 siete puestas en escena que se llevar\u00e1n a cabo del 3 al 5 de diciembre, en el Complejo Cultural Los Pinos.<\/p>\n<div>\n<p><br aria-hidden=\"true\" \/>Es de suma importancia recordar que el Circuito Nacional de Artes Esc\u00e9nicas en Espacios Independientes recorri\u00f3 el pa\u00eds y logr\u00f3 realizar 1,400 funciones, de 140 compa\u00f1\u00edas de teatro y danza, en 176 foros independientes. Es as\u00ed como m\u00e1s de 2, 000 artistas inundaron con su magia teatral todo el territorio mexicano. Posteriormente, se seleccionaron a 16 de estos proyectos para presentarse en el Complejo Cultural Los Pinos. De todos ellos, siete formar\u00e1n parte del Gran Festival Chapultepec, una verbena que consiste en tres d\u00edas contiguos para la celebraci\u00f3n de las expresiones creativas, la naturaleza y la comunidad.<br aria-hidden=\"true\" \/><br aria-hidden=\"true\" \/>Por ello, la Secretar\u00eda de Cultura, en confabulaci\u00f3n con el Centro Cultural Hel\u00e9nico y el Complejo Cultural Los Pinos, pondr\u00e1 a disposici\u00f3n de las y los espectadores la siguiente programaci\u00f3n: \u00a0<br aria-hidden=\"true\" \/><\/p>\n<ul>\n<li><strong><em>Un tren para la luna<\/em><\/strong>\u00a0(viernes 3 de diciembre, 12:00 horas)<\/li>\n<\/ul>\n<p><br aria-hidden=\"true\" \/>Es una obra sobre la nostalgia, la infancia, los abuelos que alunizan en sillas de ruedas y sobre ni\u00f1os que navegan en las estrellas. Sin duda, es un homenaje a los tiempos de infancia que ya no volver\u00e1n.<br aria-hidden=\"true\" \/><\/p>\n<ul>\n<li><strong><em>Lo que estalla eterniza<\/em><\/strong>\u00a0(viernes 3 de diciembre, 18:00 horas)<\/li>\n<\/ul>\n<p><br aria-hidden=\"true\" \/>Es una pieza de danza contempor\u00e1nea que roza en los l\u00edmites de la teatralidad. Se configura a partir de un trabajo f\u00edsico y emotivo creado para moldear una adivinanza del mundo en la que el cuerpo es una met\u00e1fora de la vida misma.<br aria-hidden=\"true\" \/><\/p>\n<ul>\n<li><strong><em>Kiwi\u00a0<\/em><\/strong>(s\u00e1bado 4 de diciembre, 11:00 horas)<\/li>\n<\/ul>\n<p>Despu\u00e9s de ser abandonada por sus t\u00edos, la peque\u00f1a Kiwi encuentra una nueva familia junto a Litchi; ambas recorren un camino donde el desplazamiento urbano y los j\u00f3venes en situaci\u00f3n de calle contrastan con su anhelo por vivir.<br aria-hidden=\"true\" \/><\/p>\n<ul>\n<li><strong><em>Desconexiones<\/em><\/strong>\u00a0(s\u00e1bado 4 de diciembre, 15:00 horas)<\/li>\n<\/ul>\n<p><br aria-hidden=\"true\" \/>Puesta en escena que retrata la realidad actual de las relaciones afectivas, confrontadas con distractores como las redes sociales y los dispositivos tecnol\u00f3gicos, mostrando as\u00ed el impacto de estos en la vida cotidiana.<br aria-hidden=\"true\" \/><\/p>\n<ul>\n<li><strong><em>Se\u00f1oras<\/em><\/strong>\u00a0(s\u00e1bado 4 de diciembre, 18:00 horas)<\/li>\n<\/ul>\n<p><br aria-hidden=\"true\" \/>Mary, Irma y Josefina son tres mujeres que, despu\u00e9s de dar mucha vida a otros, han tenido el valor para darse vida a s\u00ed mismas y compartir su intimidad en el escenario.<br aria-hidden=\"true\" \/><\/p>\n<ul>\n<li><strong><em>Cartas para Nicol\u00e1s<\/em><\/strong>\u00a0(domingo 5 de diciembre, 15:00 horas)<\/li>\n<\/ul>\n<p><br aria-hidden=\"true\" \/>Esta pieza narra la vida de un padre que recorre su camino en contra del machismo, la tradici\u00f3n y sus m\u00e1s profundos miedos, todo con tal de recuperar el amor de su hijo.<br aria-hidden=\"true\" \/><\/p>\n<ul>\n<li><strong><em>Cuttin\u00b4it<\/em><\/strong>\u00a0(domingo 5 de diciembre, 17:00 horas)<\/li>\n<\/ul>\n<p><br aria-hidden=\"true\" \/>A trav\u00e9s de la historia de Muna e Iqra, dos chicas de familias migrantes, este entra\u00f1able montaje discurre entorno al dolor, las traves\u00edas y los refugiados, al tiempo que profundiza en la fragilidad de los anhelos por una vida mejor.<br aria-hidden=\"true\" \/><br aria-hidden=\"true\" \/>De esta manera se invita al p\u00fablico interesado a formar parte de la potencia ficcional que ofrecen las artes esc\u00e9nicas, para as\u00ed viajar a la luna, recorrer desiertos, explorar otros mundos y reconocer los viejos anhelos en colectividad. Todas las obras se presentar\u00e1n en el escenario 2, colocado en el Helipuerto del Complejo Cultural Los Pinos.<br aria-hidden=\"true\" \/><br aria-hidden=\"true\" \/>Por otro lado, el Gran Festival Chapultepec ser\u00e1 el espacio para el cierre de la celebraci\u00f3n por el 25 aniversario del grupo Los Cojolites \u2014originarios de Veracruz\u2014, donde se contar\u00e1 con la presencia de Eugenia Le\u00f3n y Natalia Lafourcade. Los eventos son gratuitos y abiertos para todas las audiencias, \u00fanicamente se pide el uso obligatorio de cubrebocas y gel antibacterial. Adem\u00e1s, la gente que asista tendr\u00e1 la oportunidad de disfrutar de bebidas y alimentos a base de ma\u00edz, cacao, amaranto y otros ingredientes que las y los productores locales ofrecer\u00e1n en la Plaza de la Cultura Alimentaria en el Mercado Solar.<br aria-hidden=\"true\" \/><br aria-hidden=\"true\" \/>Finalmente, se invita al p\u00fablico a donar un juguete (que no use bater\u00edas), una cobija o chamarra, para contribuir a la campa\u00f1a de acopio en favor de las comunidades de Guerrero, iniciativa que lleva el nombre \u201cNavidad en las monta\u00f1as\u201d. Sin m\u00e1s, el Gran Festival Chapultepec comparte la riqueza esc\u00e9nica que habita en el pa\u00eds y, porque la cultura es un derecho humano, se presenta como un regalo para las y los espectadores.<\/p>\n<\/div>\n<\/div>\n<p>[\/fusion_text][fusion_imageframe image_id=&#8221;42274|medium&#8221; max_width=&#8221;&#8221; style_type=&#8221;&#8221; blur=&#8221;&#8221; stylecolor=&#8221;&#8221; hover_type=&#8221;none&#8221; bordersize=&#8221;&#8221; bordercolor=&#8221;&#8221; borderradius=&#8221;&#8221; align=&#8221;none&#8221; lightbox=&#8221;no&#8221; gallery_id=&#8221;&#8221; lightbox_image=&#8221;&#8221; lightbox_image_id=&#8221;&#8221; alt=&#8221;&#8221; link=&#8221;&#8221; linktarget=&#8221;_self&#8221; hide_on_mobile=&#8221;small-visibility,medium-visibility,large-visibility&#8221; class=&#8221;&#8221; id=&#8221;&#8221; animation_type=&#8221;&#8221; animation_direction=&#8221;left&#8221; animation_speed=&#8221;0.3&#8243; animation_offset=&#8221;&#8221;]https:\/\/www.bitacoracdmx.com\/wp-content\/uploads\/2021\/11\/GranFestivalChapultepec-300&#215;300.jpeg[\/fusion_imageframe][\/fusion_builder_column][\/fusion_builder_row][\/fusion_builder_container]<\/p>\n","protected":false},"excerpt":{"rendered":"<p>[fusion_builder_container hundred_percent=&#8221;no&#8221; equal_height_columns=&#8221;no&#8221; menu_anchor=&#8221;&#8221; hide_on_mobile=&#8221;small-visibility,medium-visibility,large-visibility&#8221; class=&#8221;&#8221; id=&#8221;&#8221; background_color=&#8221;&#8221; background_image=&#8221;&#8221; background_position=&#8221;center center&#8221; background_repeat=&#8221;no-repeat&#8221; fade=&#8221;no&#8221; background_parallax=&#8221;none&#8221; parallax_speed=&#8221;0.3&#8243; video_mp4=&#8221;&#8221; video_webm=&#8221;&#8221; video_ogv=&#8221;&#8221; video_url=&#8221;&#8221; video_aspect_ratio=&#8221;16:9&#8243; video_loop=&#8221;yes&#8221; video_mute=&#8221;yes&#8221; overlay_color=&#8221;&#8221; video_preview_image=&#8221;&#8221; border_size=&#8221;&#8221; border_color=&#8221;&#8221; border_style=&#8221;solid&#8221; padding_top=&#8221;&#8221; padding_bottom=&#8221;&#8221; padding_left=&#8221;&#8221; padding_right=&#8221;&#8221;][fusion_builder_row][fusion_builder_column type=&#8221;1_1&#8243; layout=&#8221;1_1&#8243; background_position=&#8221;left top&#8221; background_color=&#8221;&#8221; border_size=&#8221;&#8221; border_color=&#8221;&#8221; border_style=&#8221;solid&#8221; border_position=&#8221;all&#8221; spacing=&#8221;yes&#8221; background_image=&#8221;&#8221; background_repeat=&#8221;no-repeat&#8221; padding_top=&#8221;&#8221; padding_right=&#8221;&#8221; padding_bottom=&#8221;&#8221; padding_left=&#8221;&#8221; margin_top=&#8221;0px&#8221; margin_bottom=&#8221;0px&#8221; class=&#8221;&#8221; id=&#8221;&#8221; animation_type=&#8221;&#8221; animation_speed=&#8221;0.3&#8243; animation_direction=&#8221;left&#8221; hide_on_mobile=&#8221;small-visibility,medium-visibility,large-visibility&#8221; center_content=&#8221;no&#8221; last=&#8221;no&#8221; min_height=&#8221;&#8221; hover_type=&#8221;none&#8221; link=&#8221;&#8221;][fusion_text] REDACCI\u00d3N \u2022 Un festival derivado del Proyecto Chapultepec, Naturaleza y Cultura. \u2022 Siete puestas en escena de entrada gratuita y al aire libre.\u2022 Del 3 al 5 de diciembre, en el Complejo Cultural Los Pinos. La Secretar\u00eda\u00a0de Cultura del Gobierno [&hellip;]<\/p>\n","protected":false},"author":1,"featured_media":42274,"comment_status":"open","ping_status":"open","sticky":false,"template":"","format":"standard","meta":{"footnotes":""},"categories":[5,9,14],"tags":[],"_links":{"self":[{"href":"https:\/\/www.bitacoracdmx.com\/index.php?rest_route=\/wp\/v2\/posts\/42273"}],"collection":[{"href":"https:\/\/www.bitacoracdmx.com\/index.php?rest_route=\/wp\/v2\/posts"}],"about":[{"href":"https:\/\/www.bitacoracdmx.com\/index.php?rest_route=\/wp\/v2\/types\/post"}],"author":[{"embeddable":true,"href":"https:\/\/www.bitacoracdmx.com\/index.php?rest_route=\/wp\/v2\/users\/1"}],"replies":[{"embeddable":true,"href":"https:\/\/www.bitacoracdmx.com\/index.php?rest_route=%2Fwp%2Fv2%2Fcomments&post=42273"}],"version-history":[{"count":1,"href":"https:\/\/www.bitacoracdmx.com\/index.php?rest_route=\/wp\/v2\/posts\/42273\/revisions"}],"predecessor-version":[{"id":42275,"href":"https:\/\/www.bitacoracdmx.com\/index.php?rest_route=\/wp\/v2\/posts\/42273\/revisions\/42275"}],"wp:featuredmedia":[{"embeddable":true,"href":"https:\/\/www.bitacoracdmx.com\/index.php?rest_route=\/wp\/v2\/media\/42274"}],"wp:attachment":[{"href":"https:\/\/www.bitacoracdmx.com\/index.php?rest_route=%2Fwp%2Fv2%2Fmedia&parent=42273"}],"wp:term":[{"taxonomy":"category","embeddable":true,"href":"https:\/\/www.bitacoracdmx.com\/index.php?rest_route=%2Fwp%2Fv2%2Fcategories&post=42273"},{"taxonomy":"post_tag","embeddable":true,"href":"https:\/\/www.bitacoracdmx.com\/index.php?rest_route=%2Fwp%2Fv2%2Ftags&post=42273"}],"curies":[{"name":"wp","href":"https:\/\/api.w.org\/{rel}","templated":true}]}}