{"id":42306,"date":"2021-12-02T04:28:58","date_gmt":"2021-12-02T04:28:58","guid":{"rendered":"https:\/\/www.bitacoracdmx.com\/?p=42306"},"modified":"2021-12-02T04:28:58","modified_gmt":"2021-12-02T04:28:58","slug":"vuelve-pate-de-fua-al-teatro-de-la-ciudad-esperanza-iris-para-presentar-su-nuevo-disco-amores-ajenos","status":"publish","type":"post","link":"https:\/\/www.bitacoracdmx.com\/?p=42306","title":{"rendered":"Vuelve Pat\u00e9 de Fu\u00e1 al Teatro de la Ciudad Esperanza Iris para presentar su nuevo disco Amores ajenos."},"content":{"rendered":"<p>[fusion_builder_container hundred_percent=&#8221;no&#8221; equal_height_columns=&#8221;no&#8221; menu_anchor=&#8221;&#8221; hide_on_mobile=&#8221;small-visibility,medium-visibility,large-visibility&#8221; class=&#8221;&#8221; id=&#8221;&#8221; background_color=&#8221;&#8221; background_image=&#8221;&#8221; background_position=&#8221;center center&#8221; background_repeat=&#8221;no-repeat&#8221; fade=&#8221;no&#8221; background_parallax=&#8221;none&#8221; parallax_speed=&#8221;0.3&#8243; video_mp4=&#8221;&#8221; video_webm=&#8221;&#8221; video_ogv=&#8221;&#8221; video_url=&#8221;&#8221; video_aspect_ratio=&#8221;16:9&#8243; video_loop=&#8221;yes&#8221; video_mute=&#8221;yes&#8221; overlay_color=&#8221;&#8221; video_preview_image=&#8221;&#8221; border_size=&#8221;&#8221; border_color=&#8221;&#8221; border_style=&#8221;solid&#8221; padding_top=&#8221;&#8221; padding_bottom=&#8221;&#8221; padding_left=&#8221;&#8221; padding_right=&#8221;&#8221;][fusion_builder_row][fusion_builder_column type=&#8221;1_1&#8243; layout=&#8221;1_1&#8243; background_position=&#8221;left top&#8221; background_color=&#8221;&#8221; border_size=&#8221;&#8221; border_color=&#8221;&#8221; border_style=&#8221;solid&#8221; border_position=&#8221;all&#8221; spacing=&#8221;yes&#8221; background_image=&#8221;&#8221; background_repeat=&#8221;no-repeat&#8221; padding_top=&#8221;&#8221; padding_right=&#8221;&#8221; padding_bottom=&#8221;&#8221; padding_left=&#8221;&#8221; margin_top=&#8221;0px&#8221; margin_bottom=&#8221;0px&#8221; class=&#8221;&#8221; id=&#8221;&#8221; animation_type=&#8221;&#8221; animation_speed=&#8221;0.3&#8243; animation_direction=&#8221;left&#8221; hide_on_mobile=&#8221;small-visibility,medium-visibility,large-visibility&#8221; center_content=&#8221;no&#8221; last=&#8221;no&#8221; min_height=&#8221;&#8221; hover_type=&#8221;none&#8221; link=&#8221;&#8221;][fusion_text]<\/p>\n<p>REDACCI\u00d3N<\/p>\n<ul>\n<li style=\"list-style-type: none;\">\n<ul>\n<li style=\"font-weight: 400;\" aria-level=\"1\"><b>El \u00e1lbum hace homenaje al amor y a la mujer con canciones de Agust\u00edn Lara, Armando Manzanero y Juan Gabriel, entre otros<\/b><\/li>\n<\/ul>\n<\/li>\n<\/ul>\n<ul>\n<li aria-level=\"1\"><b>\u00a0 \u00a0 \u00a0 \u00a0 \u00a0 \u00danicos dos conciertos los d\u00edas 11 y 12 de diciembre en el recinto de Donceles 36<\/b><\/li>\n<\/ul>\n<p><span style=\"font-weight: 400;\">El septeto argentino-mexicano <\/span><b>Pat\u00e9 de Fu\u00e1<\/b><span style=\"font-weight: 400;\"> regresa de manera presencial al <\/span><b>Teatro de la Ciudad Esperanza Iris<\/b><span style=\"font-weight: 400;\"> para dar a conocer el material que contiene su s\u00e9ptimo disco titulado <\/span><b><i>Amores ajenos<\/i><\/b><span style=\"font-weight: 400;\">, el cual re\u00fane temas cl\u00e1sicos del romanticismo popular escritos por compositores mexicanos y latinoamericanos.<\/span><\/p>\n<p><span style=\"font-weight: 400;\">Adem\u00e1s de ello, la banda har\u00e1 el estreno de canciones de su propia autor\u00eda como <\/span><i><span style=\"font-weight: 400;\">No s\u00e9 por qu\u00e9<\/span><\/i><span style=\"font-weight: 400;\"> e interpretar\u00e1 \u00e9xitos de los cinco discos anteriores que forman parte de su cat\u00e1logo. La presentaci\u00f3n se llevar\u00e1 a cabo los d\u00edas <\/span><b>s\u00e1bado 11 de diciembre<\/b><span style=\"font-weight: 400;\"> a las <\/span><b>19:00 horas<\/b><span style=\"font-weight: 400;\"> y el <\/span><b>domingo 12 <\/b><span style=\"font-weight: 400;\">a las <\/span><b>18:00<\/b> <b>horas <\/b><span style=\"font-weight: 400;\">en el <\/span><b>Teatro de la Ciudad Esperanza Iris<\/b><span style=\"font-weight: 400;\">.<\/span><\/p>\n<p><span style=\"font-weight: 400;\">El disco y el concierto <\/span><b><i>Amores ajenos<\/i><\/b><span style=\"font-weight: 400;\"> se forj\u00f3 arduamente durante los meses de confinamiento y re\u00fane temas de compositores como Armando Manzanero, Agust\u00edn Lara, Juan Gabriel y Joan Sebastian, entre otros, reinterpretados muy al estilo del ensamble.<\/span><\/p>\n<p><span style=\"font-weight: 400;\">La agrupaci\u00f3n, fundada en 2005, est\u00e1 formada en la actualidad por los argentinos Yayo Gonz\u00e1lez (composici\u00f3n, voz y guitarra) y Guillermo Peralta (composici\u00f3n, corneta y banjo); los mexicanos Jorge \u201cLuri\u201d Molina (contrabajo y bajo el\u00e9ctrico), Roberto Ver\u00e1stegui (teclado y acorde\u00f3n), Jorge Serv\u00edn (bater\u00eda) y Diego Franco (saxo y clarinete), adem\u00e1s del israel\u00ed Dan Mazor (saxof\u00f3n).<\/span><\/p>\n<p><span style=\"font-weight: 400;\">Luego de casi dos a\u00f1os de mantenerse alejados de los escenarios, la agrupaci\u00f3n regresa con mucho entusiasmo para dar conciertos presenciales y cerrar las actividades de un a\u00f1o qua sido dif\u00edcil para la m\u00fasica en el mundo, anunciaron en las redes sociales los integrantes de la banda.\u00a0<\/span><\/p>\n<p><span style=\"font-weight: 400;\">\u201cDespu\u00e9s de pasar cerca de dos a\u00f1os como leones enjaulados, caminado en c\u00edrculos, nos emociona regresar, esperando que de a poco, el mundo recupere sus espacios. Tomando todas las medidas sanitarias necesarias y con aforo restringido, regresamos con una gran sonrisa bajo el tapabocas a nuestro querido <\/span><b>Teatro de la Ciudad Esperanza Iris<\/b><span style=\"font-weight: 400;\">.\u00a0<\/span><\/p>\n<p><span style=\"font-weight: 400;\">\u201cPresentaremos nuestro \u00faltimo disco <\/span><i><span style=\"font-weight: 400;\">Amores ajenos<\/span><\/i><span style=\"font-weight: 400;\">, salido en el transcurso de esta larga pandemia, y por supuesto tambi\u00e9n, todas esas canciones que ustedes han vuelto suyas, infaltables en un <\/span><i><span style=\"font-weight: 400;\">show<\/span><\/i><span style=\"font-weight: 400;\"> de Pat\u00e9 de Fu\u00e1. Los d\u00edas 11 y 12 de diciembre volveremos a pisar los tablones de un escenario para compartir nuestra m\u00fasica en vivo y en directo, sucediendo para ustedes. Los esperamos con much\u00edsimo cari\u00f1o\u201d, dice la agrupaci\u00f3n musical.<\/span><\/p>\n<p><span style=\"font-weight: 400;\">Pat\u00e9 de Fu\u00e1 es una destacada banda que se form\u00f3 en la capital mexicana en 2005. Tiene siete discos en su haber y se caracteriza por fusionar g\u00e9neros como el dixieland, jazz tradicional, tango, pasodoble y mussette, entre otros. Su m\u00fasica se desarrolla bajo influencias que la actualidad ha olvidado, mezclando estilos que remontan a los tiempos en que la diversidad a\u00fan exist\u00eda.<\/span><\/p>\n<p><span style=\"font-weight: 400;\">En <\/span><i><span style=\"font-weight: 400;\">Amores ajenos<\/span><\/i><span style=\"font-weight: 400;\">, la banda para hace un homenaje al amor, a trav\u00e9s de la reinterpretaci\u00f3n de cl\u00e1sicos de la m\u00fasica popular mexicana y latinoamericana como <\/span><i><span style=\"font-weight: 400;\">Piensa en m\u00ed, Adoro, Cien a\u00f1os, H\u00e1blame de ti, C\u00f3mo fue, Nena, Lo mismo que a usted, Se me olvid\u00f3 otra vez <\/span><\/i><span style=\"font-weight: 400;\">y<\/span><i><span style=\"font-weight: 400;\"> Estos celos<\/span><\/i><span style=\"font-weight: 400;\">.<\/span><\/p>\n<p><span style=\"font-weight: 400;\">\u201cEste disco est\u00e1 lleno de canciones que nos gustar\u00eda haber escrito y han sido cuidadosamente seleccionadas por sus hermosas melod\u00edas y sobre todo por sus mensajes de respeto y equidad\u201d, dice Pat\u00e9 de Fu\u00e1, agrupaci\u00f3n que cuenta ya con tres lustros de actividad, convertida en una de las m\u00e1s originales y representativas de la m\u00fasica latinoamericana.<\/span><\/p>\n<p><span style=\"font-weight: 400;\">Pat\u00e9 de Fu\u00e1 experimenta con la m\u00fasica de M\u00e9xico, junto con el jazz, tango y otros g\u00e9neros e influencias, dando como resultado una de las m\u00fasicas m\u00e1s personales y \u00fanicas que pueden escucharse hoy en d\u00eda. Resultado de ello son su nominaci\u00f3n al Latin Grammy en 2014 y la obtenci\u00f3n de tres Lunas del Auditorio Nacional como mejor espect\u00e1culo de jazz y blues.<\/span><\/p>\n<p><span style=\"font-weight: 400;\">Ha realizado giras por Estados Unidos, Inglaterra, Irlanda, Italia, Espa\u00f1a, Francia, India, Rusia, Colombia y Argentina y ha grabado siete discos de estudio, un compilado de \u00e9xitos y uno m\u00e1s en vivo desde el Teatro Metropolitan. Ha dado m\u00e1s de 400 conciertos en M\u00e9xico y el extranjero en festivales y foros como el Vive Latino, el Teatro Metropolitan, el Kennedy Center de Washington D.C., Estados Unidos, y el Festival Internacional de Nueva Dehli, India, entre otros, adem\u00e1s de hacer duetos con artistas como Armando Manzanero, Lila Downs y Natalia Lafourcade.<\/span><\/p>\n<p><b>Pat\u00e9 de Fua \u2013 <\/b><b><i>Amores ajenos<\/i><\/b><span style=\"font-weight: 400;\"> se presentar\u00e1 los d\u00edas <\/span><b>s\u00e1bado 11 de diciembre<\/b><span style=\"font-weight: 400;\"> a las <\/span><b>19:00 horas<\/b><span style=\"font-weight: 400;\"> y el <\/span><b>domingo 12 <\/b><span style=\"font-weight: 400;\">a las <\/span><b>18:00 horas<\/b><span style=\"font-weight: 400;\"> en el <\/span><b>Teatro de la Ciudad Esperanza Iris<\/b><span style=\"font-weight: 400;\"> (Donceles 36, Centro Hist\u00f3rico), con las disposiciones del sem\u00e1foro epidemiol\u00f3gico vigente: cupo limitado al 75 por ciento de la capacidad del recinto y uso permanente de cubre-bocas, gel anti-bacterial y registro de c\u00f3digo QR por parte tanto del personal del teatro como de los espectadores.\u00a0<\/span><\/p>\n<p><b>Admisi\u00f3n<\/b><span style=\"font-weight: 400;\">: Luneta, $820; Primer Piso Plus, $750; Primer Piso, $620; Anfiteatro, $420; Galer\u00eda, $320. Los boletos se pueden adquirir en la taquilla del teatro y en <\/span><span style=\"font-weight: 400;\">las plataformas digitales de Ticketmaster.<\/span><\/p>\n<p><span style=\"font-weight: 400;\">Para conocer la programaci\u00f3n de la <\/span><b>Direcci\u00f3n del Sistema de Teatros de la Ciudad de M\u00e9xico<\/b><span style=\"font-weight: 400;\"> visite las <\/span><span style=\"font-weight: 400;\">redes sociales: Facebook @TeatrosCdMexico, Twitter @TeatrosCdMexico e Instagram @teatroscdmexico.<\/span><\/p>\n<p><span style=\"font-weight: 400;\">\u00a0<\/span><span style=\"font-weight: 400;\">Siga a la\u00a0<\/span><b>Secretar\u00eda de Cultura de la Ciudad de M\u00e9xico<\/b><span style=\"font-weight: 400;\">\u00a0a trav\u00e9s de su p\u00e1gina oficial (<\/span><a href=\"https:\/\/cultura.cdmx.gob.mx\/\"><span style=\"font-weight: 400;\">https:\/\/cultura.cdmx.gob.mx\/<\/span><\/a><span style=\"font-weight: 400;\">), sus redes sociales (<\/span><a href=\"https:\/\/www.facebook.com\/Cultura.Ciudad.de.Mexico\"><span style=\"font-weight: 400;\">Facebook<\/span><\/a><span style=\"font-weight: 400;\">,\u00a0<\/span><a href=\"https:\/\/twitter.com\/CulturaCiudadMx\"><span style=\"font-weight: 400;\">Twitter<\/span><\/a><span style=\"font-weight: 400;\">,\u00a0<\/span><a href=\"https:\/\/www.instagram.com\/culturaciudadmx\/?hl=es-la\"><span style=\"font-weight: 400;\">Instagram<\/span><\/a><span style=\"font-weight: 400;\">\u00a0y\u00a0<\/span><a href=\"https:\/\/www.youtube.com\/user\/culturamadf\"><span style=\"font-weight: 400;\">YouTube<\/span><\/a><span style=\"font-weight: 400;\">) y en la plataforma digital\u00a0<\/span><a href=\"http:\/\/www.capitalculturalennuestracasa.cdmx.gob.mx\/\"><i><span style=\"font-weight: 400;\">Capital Cultural en Nuestra Casa<\/span><\/i><\/a><span style=\"font-weight: 400;\">.<\/span><\/p>\n<p>[\/fusion_text][fusion_imageframe image_id=&#8221;42307|medium&#8221; max_width=&#8221;&#8221; style_type=&#8221;&#8221; blur=&#8221;&#8221; stylecolor=&#8221;&#8221; hover_type=&#8221;none&#8221; bordersize=&#8221;&#8221; bordercolor=&#8221;&#8221; borderradius=&#8221;&#8221; align=&#8221;none&#8221; lightbox=&#8221;no&#8221; gallery_id=&#8221;&#8221; lightbox_image=&#8221;&#8221; lightbox_image_id=&#8221;&#8221; alt=&#8221;&#8221; link=&#8221;&#8221; linktarget=&#8221;_self&#8221; hide_on_mobile=&#8221;small-visibility,medium-visibility,large-visibility&#8221; class=&#8221;&#8221; id=&#8221;&#8221; animation_type=&#8221;&#8221; animation_direction=&#8221;left&#8221; animation_speed=&#8221;0.3&#8243; animation_offset=&#8221;&#8221;]https:\/\/www.bitacoracdmx.com\/wp-content\/uploads\/2021\/12\/2-6-300&#215;140.jpg[\/fusion_imageframe][\/fusion_builder_column][\/fusion_builder_row][\/fusion_builder_container]<\/p>\n","protected":false},"excerpt":{"rendered":"<p>[fusion_builder_container hundred_percent=&#8221;no&#8221; equal_height_columns=&#8221;no&#8221; menu_anchor=&#8221;&#8221; hide_on_mobile=&#8221;small-visibility,medium-visibility,large-visibility&#8221; class=&#8221;&#8221; id=&#8221;&#8221; background_color=&#8221;&#8221; background_image=&#8221;&#8221; background_position=&#8221;center center&#8221; background_repeat=&#8221;no-repeat&#8221; fade=&#8221;no&#8221; background_parallax=&#8221;none&#8221; parallax_speed=&#8221;0.3&#8243; video_mp4=&#8221;&#8221; video_webm=&#8221;&#8221; video_ogv=&#8221;&#8221; video_url=&#8221;&#8221; video_aspect_ratio=&#8221;16:9&#8243; video_loop=&#8221;yes&#8221; video_mute=&#8221;yes&#8221; overlay_color=&#8221;&#8221; video_preview_image=&#8221;&#8221; border_size=&#8221;&#8221; border_color=&#8221;&#8221; border_style=&#8221;solid&#8221; padding_top=&#8221;&#8221; padding_bottom=&#8221;&#8221; padding_left=&#8221;&#8221; padding_right=&#8221;&#8221;][fusion_builder_row][fusion_builder_column type=&#8221;1_1&#8243; layout=&#8221;1_1&#8243; background_position=&#8221;left top&#8221; background_color=&#8221;&#8221; border_size=&#8221;&#8221; border_color=&#8221;&#8221; border_style=&#8221;solid&#8221; border_position=&#8221;all&#8221; spacing=&#8221;yes&#8221; background_image=&#8221;&#8221; background_repeat=&#8221;no-repeat&#8221; padding_top=&#8221;&#8221; padding_right=&#8221;&#8221; padding_bottom=&#8221;&#8221; padding_left=&#8221;&#8221; margin_top=&#8221;0px&#8221; margin_bottom=&#8221;0px&#8221; class=&#8221;&#8221; id=&#8221;&#8221; animation_type=&#8221;&#8221; animation_speed=&#8221;0.3&#8243; animation_direction=&#8221;left&#8221; hide_on_mobile=&#8221;small-visibility,medium-visibility,large-visibility&#8221; center_content=&#8221;no&#8221; last=&#8221;no&#8221; min_height=&#8221;&#8221; hover_type=&#8221;none&#8221; link=&#8221;&#8221;][fusion_text] REDACCI\u00d3N El \u00e1lbum hace homenaje al amor y a la mujer con canciones de Agust\u00edn Lara, Armando Manzanero y Juan Gabriel, entre otros \u00a0 \u00a0 \u00a0 \u00a0 \u00a0 \u00danicos dos conciertos los d\u00edas 11 y 12 de diciembre en el [&hellip;]<\/p>\n","protected":false},"author":1,"featured_media":42307,"comment_status":"open","ping_status":"open","sticky":false,"template":"","format":"standard","meta":{"footnotes":""},"categories":[9,11],"tags":[],"_links":{"self":[{"href":"https:\/\/www.bitacoracdmx.com\/index.php?rest_route=\/wp\/v2\/posts\/42306"}],"collection":[{"href":"https:\/\/www.bitacoracdmx.com\/index.php?rest_route=\/wp\/v2\/posts"}],"about":[{"href":"https:\/\/www.bitacoracdmx.com\/index.php?rest_route=\/wp\/v2\/types\/post"}],"author":[{"embeddable":true,"href":"https:\/\/www.bitacoracdmx.com\/index.php?rest_route=\/wp\/v2\/users\/1"}],"replies":[{"embeddable":true,"href":"https:\/\/www.bitacoracdmx.com\/index.php?rest_route=%2Fwp%2Fv2%2Fcomments&post=42306"}],"version-history":[{"count":1,"href":"https:\/\/www.bitacoracdmx.com\/index.php?rest_route=\/wp\/v2\/posts\/42306\/revisions"}],"predecessor-version":[{"id":42308,"href":"https:\/\/www.bitacoracdmx.com\/index.php?rest_route=\/wp\/v2\/posts\/42306\/revisions\/42308"}],"wp:featuredmedia":[{"embeddable":true,"href":"https:\/\/www.bitacoracdmx.com\/index.php?rest_route=\/wp\/v2\/media\/42307"}],"wp:attachment":[{"href":"https:\/\/www.bitacoracdmx.com\/index.php?rest_route=%2Fwp%2Fv2%2Fmedia&parent=42306"}],"wp:term":[{"taxonomy":"category","embeddable":true,"href":"https:\/\/www.bitacoracdmx.com\/index.php?rest_route=%2Fwp%2Fv2%2Fcategories&post=42306"},{"taxonomy":"post_tag","embeddable":true,"href":"https:\/\/www.bitacoracdmx.com\/index.php?rest_route=%2Fwp%2Fv2%2Ftags&post=42306"}],"curies":[{"name":"wp","href":"https:\/\/api.w.org\/{rel}","templated":true}]}}