{"id":42468,"date":"2021-12-19T04:33:09","date_gmt":"2021-12-19T04:33:09","guid":{"rendered":"https:\/\/www.bitacoracdmx.com\/?p=42468"},"modified":"2021-12-19T04:33:09","modified_gmt":"2021-12-19T04:33:09","slug":"tony-succar-celebra-nueva-nominacion-al-grammy-con-live-from-peru","status":"publish","type":"post","link":"https:\/\/www.bitacoracdmx.com\/?p=42468","title":{"rendered":"TONY SUCCAR celebra nueva nominaci\u00f3n al GRAMMY con \u201cLIVE FROM PERU\u201d."},"content":{"rendered":"<p>[fusion_builder_container hundred_percent=&#8221;no&#8221; equal_height_columns=&#8221;no&#8221; menu_anchor=&#8221;&#8221; hide_on_mobile=&#8221;small-visibility,medium-visibility,large-visibility&#8221; class=&#8221;&#8221; id=&#8221;&#8221; background_color=&#8221;&#8221; background_image=&#8221;&#8221; background_position=&#8221;center center&#8221; background_repeat=&#8221;no-repeat&#8221; fade=&#8221;no&#8221; background_parallax=&#8221;none&#8221; parallax_speed=&#8221;0.3&#8243; video_mp4=&#8221;&#8221; video_webm=&#8221;&#8221; video_ogv=&#8221;&#8221; video_url=&#8221;&#8221; video_aspect_ratio=&#8221;16:9&#8243; video_loop=&#8221;yes&#8221; video_mute=&#8221;yes&#8221; overlay_color=&#8221;&#8221; video_preview_image=&#8221;&#8221; border_size=&#8221;&#8221; border_color=&#8221;&#8221; border_style=&#8221;solid&#8221; padding_top=&#8221;&#8221; padding_bottom=&#8221;&#8221; padding_left=&#8221;&#8221; padding_right=&#8221;&#8221;][fusion_builder_row][fusion_builder_column type=&#8221;1_1&#8243; layout=&#8221;1_1&#8243; background_position=&#8221;left top&#8221; background_color=&#8221;&#8221; border_size=&#8221;&#8221; border_color=&#8221;&#8221; border_style=&#8221;solid&#8221; border_position=&#8221;all&#8221; spacing=&#8221;yes&#8221; background_image=&#8221;&#8221; background_repeat=&#8221;no-repeat&#8221; padding_top=&#8221;&#8221; padding_right=&#8221;&#8221; padding_bottom=&#8221;&#8221; padding_left=&#8221;&#8221; margin_top=&#8221;0px&#8221; margin_bottom=&#8221;0px&#8221; class=&#8221;&#8221; id=&#8221;&#8221; animation_type=&#8221;&#8221; animation_speed=&#8221;0.3&#8243; animation_direction=&#8221;left&#8221; hide_on_mobile=&#8221;small-visibility,medium-visibility,large-visibility&#8221; center_content=&#8221;no&#8221; last=&#8221;no&#8221; min_height=&#8221;&#8221; hover_type=&#8221;none&#8221; link=&#8221;&#8221;][fusion_text]<\/p>\n<p>REDACCI\u00d3N<\/p>\n<p><b>La Academia para la grabaci\u00f3n anunci\u00f3 los nominados a la 64a ceremonia de entrega de premios Grammy, donde el productor, percusionista y compositor peruano-japon\u00e9s, Tony Succar, conocido por su trabajo en \u201cUnity: The Latin Tribute to Michael Jackson\u201d recibi\u00f3 su primera nominaci\u00f3n a un premio GRAMMY por Mejor \u00c1lbum Latino Tropical por \u201cLive From Per\u00fa\u201d.<\/b><\/p>\n<p><b>\u201cLive in Per\u00fa\u201d fue grabado durante un concierto m\u00e1gico completamente vendido en el Teatro Nacional de Lima, Per\u00fa en febrero del 2020. Tony fue acompa\u00f1ado por una lista de reconocidos artistas como Jean Rodr\u00edguez, \u00c1ngel L\u00f3pez, Debi Nova, Gianmarco, Grupo 5, Daniela Darcourt y C\u00e9sar Vega, acompa\u00f1ados por una orquesta de 35-piezas. \u201cLive in Peru\u201d cuenta con 19 canciones y fue grabado 100% en vivo. El \u00e1lbum re\u00fane los \u00e9xitos de Tony desde temas como \u201cM\u00e1s de M\u00ed\u201d, hasta los arreglos pop latino para Billie Jean, Smooth Criminal y Man in the Mirror que se encuentran en Unity: A Latin Tribute to Michael Jackson\u201d, un proyecto que alcanz\u00f3 la posici\u00f3n n\u00famero 1 en las listas de Latinas Tropicales de Billboard.<\/b><\/p>\n<p><b>\u201cLive in Per\u00fa\u201d estren\u00f3 simult\u00e1neamente &#8220;M\u00e1s de m\u00ed&#8221; (\u201cMore of me\u201d), un documental musical que relata las cr\u00f3nicas de la vida de Tony Succar desde su humilde comienzo como un artista desconocido grabando desde el garaje de sus padres, hasta convertirse en un ganador de un Grammy. Grabado durante un periodo de dos a\u00f1os, el documental cuenta con incre\u00edbles presentaciones y entrevistas por parte de artistas latinos y compositores que se reunieron para grabar \u201cMas de M\u00ed\u201d, \u00e1lbum que pas\u00f3 a recibir cuatro nominaciones a los Grammy Latinos en el 2019, ganando dos de las cuatro nominaciones por Productor del A\u00f1o y Mejor \u00c1lbum de Salsa. Tony es el artista m\u00e1s joven en recibir este reconocimiento. \u201cMas de M\u00ed\u201d se encuentra disponible en OnDemand.<\/b><\/p>\n<p><b>Tony Succar, naci\u00f3 en Lima, Per\u00fa y se relocaliz\u00f3 a Miami con tan solo dos a\u00f1os de edad, creciendo rodeado de influencias musicales desde compositores mexicanos hasta bailes de flamenco, pianistas y su madre, una cantante peruana-americana de ascendencia japonesa. Desde sus 3 a\u00f1os, Tony comenz\u00f3 a tocar el caj\u00f3n peruano y luego cuando ten\u00eda 13 comenz\u00f3 con la percusi\u00f3n en la banda de sus padres tocando en bodas y otras ceremonias privadas y corporativas mayormente en Miami.<\/b><\/p>\n<p><b>Luego de muchos a\u00f1os tocando canciones de Michael Jackson con ritmos latinos, en el 2015 finalmente estren\u00f3 el \u00e1lbum titulado \u201cUnity: The Latin Tribute to Michael Jackson\u201d. El \u00e1lbum incluye colaboraciones con una lista extensa de figuras reconocidas de la Salsa de Puerto Rico, entre ellas: La India, Tito Nieves, Obie Berm\u00fadez, Michael Stuart, Jon Secada de Miami y Jean Rodr\u00edguez, Kevin Ceballo y Jennifer Pe\u00f1a. Tambi\u00e9n tuvieron la oportunidad de mezclar el disco con el co-productor e ingeniero de Michael Jackson, Bruce Swedien (1934-2020).<\/b><\/p>\n<p><b>Ahora, luego de casi una d\u00e9cada desde el estreno de su primer \u00e1lbum y de crear campa\u00f1as de recolecta de dinero para poder grabar sus producciones, se encuentra celebrando con su pa\u00eds, Per\u00fa y la comunidad de salsa, su primera nominaci\u00f3n a un premio Grammy por \u201cLive In Peru\u201d, dentro una categor\u00eda s\u00f3lida junto con grandes nombres de la salsa como Rub\u00e9n Blades, Gilberto Santa Rosa, El Gran Combo y Aym\u00e9e Nuviola.<\/b><\/p>\n<p><b>La ceremonia de premios Grammy 2022 se llevar\u00e1 a cabo el lunes 31 de enero a trav\u00e9s de CBS Television Network y transmitida en vivo por Paramount+ desde las 8:00pm hasta las 11:30 p.m. ET \/ 5\u20138:30 p.m.\u00a0<\/b><\/p>\n<p>[\/fusion_text][fusion_imageframe image_id=&#8221;42469|medium&#8221; max_width=&#8221;&#8221; style_type=&#8221;&#8221; blur=&#8221;&#8221; stylecolor=&#8221;&#8221; hover_type=&#8221;none&#8221; bordersize=&#8221;&#8221; bordercolor=&#8221;&#8221; borderradius=&#8221;&#8221; align=&#8221;none&#8221; lightbox=&#8221;no&#8221; gallery_id=&#8221;&#8221; lightbox_image=&#8221;&#8221; lightbox_image_id=&#8221;&#8221; alt=&#8221;&#8221; link=&#8221;&#8221; linktarget=&#8221;_self&#8221; hide_on_mobile=&#8221;small-visibility,medium-visibility,large-visibility&#8221; class=&#8221;&#8221; id=&#8221;&#8221; animation_type=&#8221;&#8221; animation_direction=&#8221;left&#8221; animation_speed=&#8221;0.3&#8243; animation_offset=&#8221;&#8221;]https:\/\/www.bitacoracdmx.com\/wp-content\/uploads\/2021\/12\/TONY-SUCCAR-LIVE-IN-PERU-COVER-300&#215;300.jpg[\/fusion_imageframe][\/fusion_builder_column][\/fusion_builder_row][\/fusion_builder_container]<\/p>\n","protected":false},"excerpt":{"rendered":"<p>[fusion_builder_container hundred_percent=&#8221;no&#8221; equal_height_columns=&#8221;no&#8221; menu_anchor=&#8221;&#8221; hide_on_mobile=&#8221;small-visibility,medium-visibility,large-visibility&#8221; class=&#8221;&#8221; id=&#8221;&#8221; background_color=&#8221;&#8221; background_image=&#8221;&#8221; background_position=&#8221;center center&#8221; background_repeat=&#8221;no-repeat&#8221; fade=&#8221;no&#8221; background_parallax=&#8221;none&#8221; parallax_speed=&#8221;0.3&#8243; video_mp4=&#8221;&#8221; video_webm=&#8221;&#8221; video_ogv=&#8221;&#8221; video_url=&#8221;&#8221; video_aspect_ratio=&#8221;16:9&#8243; video_loop=&#8221;yes&#8221; video_mute=&#8221;yes&#8221; overlay_color=&#8221;&#8221; video_preview_image=&#8221;&#8221; border_size=&#8221;&#8221; border_color=&#8221;&#8221; border_style=&#8221;solid&#8221; padding_top=&#8221;&#8221; padding_bottom=&#8221;&#8221; padding_left=&#8221;&#8221; padding_right=&#8221;&#8221;][fusion_builder_row][fusion_builder_column type=&#8221;1_1&#8243; layout=&#8221;1_1&#8243; background_position=&#8221;left top&#8221; background_color=&#8221;&#8221; border_size=&#8221;&#8221; border_color=&#8221;&#8221; border_style=&#8221;solid&#8221; border_position=&#8221;all&#8221; spacing=&#8221;yes&#8221; background_image=&#8221;&#8221; background_repeat=&#8221;no-repeat&#8221; padding_top=&#8221;&#8221; padding_right=&#8221;&#8221; padding_bottom=&#8221;&#8221; padding_left=&#8221;&#8221; margin_top=&#8221;0px&#8221; margin_bottom=&#8221;0px&#8221; class=&#8221;&#8221; id=&#8221;&#8221; animation_type=&#8221;&#8221; animation_speed=&#8221;0.3&#8243; animation_direction=&#8221;left&#8221; hide_on_mobile=&#8221;small-visibility,medium-visibility,large-visibility&#8221; center_content=&#8221;no&#8221; last=&#8221;no&#8221; min_height=&#8221;&#8221; hover_type=&#8221;none&#8221; link=&#8221;&#8221;][fusion_text] REDACCI\u00d3N La Academia para la grabaci\u00f3n anunci\u00f3 los nominados a la 64a ceremonia de entrega de premios Grammy, donde el productor, percusionista y compositor peruano-japon\u00e9s, Tony Succar, conocido por su trabajo en \u201cUnity: The Latin Tribute to Michael Jackson\u201d recibi\u00f3 [&hellip;]<\/p>\n","protected":false},"author":1,"featured_media":42469,"comment_status":"open","ping_status":"open","sticky":false,"template":"","format":"standard","meta":{"footnotes":""},"categories":[9,11],"tags":[],"_links":{"self":[{"href":"https:\/\/www.bitacoracdmx.com\/index.php?rest_route=\/wp\/v2\/posts\/42468"}],"collection":[{"href":"https:\/\/www.bitacoracdmx.com\/index.php?rest_route=\/wp\/v2\/posts"}],"about":[{"href":"https:\/\/www.bitacoracdmx.com\/index.php?rest_route=\/wp\/v2\/types\/post"}],"author":[{"embeddable":true,"href":"https:\/\/www.bitacoracdmx.com\/index.php?rest_route=\/wp\/v2\/users\/1"}],"replies":[{"embeddable":true,"href":"https:\/\/www.bitacoracdmx.com\/index.php?rest_route=%2Fwp%2Fv2%2Fcomments&post=42468"}],"version-history":[{"count":1,"href":"https:\/\/www.bitacoracdmx.com\/index.php?rest_route=\/wp\/v2\/posts\/42468\/revisions"}],"predecessor-version":[{"id":42470,"href":"https:\/\/www.bitacoracdmx.com\/index.php?rest_route=\/wp\/v2\/posts\/42468\/revisions\/42470"}],"wp:featuredmedia":[{"embeddable":true,"href":"https:\/\/www.bitacoracdmx.com\/index.php?rest_route=\/wp\/v2\/media\/42469"}],"wp:attachment":[{"href":"https:\/\/www.bitacoracdmx.com\/index.php?rest_route=%2Fwp%2Fv2%2Fmedia&parent=42468"}],"wp:term":[{"taxonomy":"category","embeddable":true,"href":"https:\/\/www.bitacoracdmx.com\/index.php?rest_route=%2Fwp%2Fv2%2Fcategories&post=42468"},{"taxonomy":"post_tag","embeddable":true,"href":"https:\/\/www.bitacoracdmx.com\/index.php?rest_route=%2Fwp%2Fv2%2Ftags&post=42468"}],"curies":[{"name":"wp","href":"https:\/\/api.w.org\/{rel}","templated":true}]}}